{"id":83141,"date":"2025-12-03T11:28:35","date_gmt":"2025-12-03T10:28:35","guid":{"rendered":"https:\/\/canfali.com\/xabia-tindra-un-torneig-internacional-de-tenis-master-15\/"},"modified":"2025-12-03T11:59:54","modified_gmt":"2025-12-03T10:59:54","slug":"xabia-tindra-un-torneig-internacional-de-tenis-master-15","status":"publish","type":"post","link":"https:\/\/canfali.com\/ca-es\/xabia-tindra-un-torneig-internacional-de-tenis-master-15\/","title":{"rendered":"X\u00e0bia tindr\u00e0 un Torneig Internacional de Tenis M\u00e0ster 15"},"content":{"rendered":"\n<p>X\u00e0bia tindr\u00e0 un Torneig Internacional de Tenis M\u00e0ster 15<\/p>\n\n<p>X\u00e0bia comptar\u00e0 amb un torneig de prestigi dins del circuit internacional. Es tracta del Torneig Internacional M\u00e0ster 15, que tindr\u00e0 com a seu el Club de Tenis X\u00e0bia. El president de la Federaci\u00f3 de Tenis de la Comunitat Valenciana (FTCV), Francisco Vicent, i el gerent de l\u2019entitat, Riki Garc\u00eda, han visitat esta setmana l\u2019Ajuntament de X\u00e0bia per a avan\u00e7ar en l\u2019organitzaci\u00f3 d\u2019este torneig.<br\/><\/p>\n\n<p>En la reuni\u00f3 han participat l\u2019alcaldessa, Rosa Cardona; el regidor d\u2019Esports, Toni Molina; el president del CT X\u00e0bia, Vicent Andr\u00e9s; la vicepresidenta, Amparo Mar\u00ed; i el gerent del club, Javier Bautista. Durant l\u2019encontre, es va acordar la celebraci\u00f3 del torneig i la col\u00b7laboraci\u00f3 institucional de l\u2019Ajuntament en el seu desenvolupament.<br\/><\/p>\n\n<p>L\u2019esdeveniment tindr\u00e0 lloc durant la primera setmana de febrer de 2026 i formar\u00e0 part del Circuit d\u2019Internacionals de la Comunitat Valenciana.<br\/><\/p>\n\n<p>En les pr\u00f2ximes setmanes, la FTCV confirmar\u00e0 les dates definitives d\u2019este torneig i de la resta de competicions internacionals \u2014tant masculines com femenines\u2014 previstes a la Comunitat Valenciana per a 2026.<br\/><\/p>\n","protected":false},"excerpt":{"rendered":"L\u2019esdeveniment tindr\u00e0 lloc durant la primera setmana de febrer de 2026 i formar\u00e0 part del Circuit d\u2019Internacionals de la Comunitat Valenciana.","protected":false},"author":11,"featured_media":83133,"comment_status":"closed","ping_status":"closed","sticky":false,"template":"","format":"standard","meta":{"csco_display_header_overlay":false,"csco_singular_sidebar":"","csco_page_header_type":"","csco_page_load_nextpost":"","csco_post_video_location":[],"csco_post_video_location_hash":"","csco_post_video_url":"","csco_post_video_bg_start_time":0,"csco_post_video_bg_end_time":0,"footnotes":""},"categories":[598,604],"tags":[5478,5476,5477],"class_list":{"0":"post-83141","1":"post","2":"type-post","3":"status-publish","4":"format-standard","5":"has-post-thumbnail","7":"category-esports","8":"category-mes-esports","9":"tag-circuit-internacional-de-la-comunitat-valenciana-de-tenis","10":"tag-club-de-tenis-javea-ca-es","11":"tag-torneig-internacional-masculi-m15-de-tenis","12":"cs-entry","13":"cs-video-wrap"},"yoast_head":"<!-- This site is optimized with the Yoast SEO Premium plugin v26.6 (Yoast SEO v27.3) - https:\/\/yoast.com\/product\/yoast-seo-premium-wordpress\/ -->\n<title>X\u00e0bia tindr\u00e0 un Torneig Internacional de Tenis M\u00e0ster 15 - Canfali<\/title>\n<meta name=\"robots\" content=\"index, follow, max-snippet:-1, max-image-preview:large, max-video-preview:-1\" \/>\n<link rel=\"canonical\" href=\"https:\/\/canfali.com\/ca-es\/xabia-tindra-un-torneig-internacional-de-tenis-master-15\/\" \/>\n<meta property=\"og:locale\" content=\"en_US\" \/>\n<meta property=\"og:type\" content=\"article\" \/>\n<meta property=\"og:title\" content=\"X\u00e0bia tindr\u00e0 un Torneig Internacional de Tenis M\u00e0ster 15\" \/>\n<meta property=\"og:description\" content=\"L\u2019esdeveniment tindr\u00e0 lloc durant la primera setmana de febrer de 2026 i formar\u00e0 part del Circuit d\u2019Internacionals de la Comunitat Valenciana.\" \/>\n<meta property=\"og:url\" content=\"https:\/\/canfali.com\/ca-es\/xabia-tindra-un-torneig-internacional-de-tenis-master-15\/\" \/>\n<meta property=\"og:site_name\" content=\"Canfali\" \/>\n<meta property=\"article:publisher\" content=\"https:\/\/es-es.facebook.com\/CANFALIMarinaAlta\" \/>\n<meta property=\"article:published_time\" content=\"2025-12-03T10:28:35+00:00\" \/>\n<meta property=\"article:modified_time\" content=\"2025-12-03T10:59:54+00:00\" \/>\n<meta property=\"og:image\" content=\"https:\/\/canfali.com\/app\/uploads\/2025\/12\/ayuntamiento-de-javea-2-e1764691744655.jpeg\" \/>\n\t<meta property=\"og:image:width\" content=\"1536\" \/>\n\t<meta property=\"og:image:height\" content=\"1340\" \/>\n\t<meta property=\"og:image:type\" content=\"image\/jpeg\" \/>\n<meta name=\"author\" content=\"Javi Zamora\" \/>\n<meta name=\"twitter:card\" content=\"summary_large_image\" \/>\n<meta name=\"twitter:creator\" content=\"@canfalima\" \/>\n<meta name=\"twitter:site\" content=\"@canfalima\" \/>\n<meta name=\"twitter:label1\" content=\"Written by\" \/>\n\t<meta name=\"twitter:data1\" content=\"Javi Zamora\" \/>\n\t<meta name=\"twitter:label2\" content=\"Est. reading time\" \/>\n\t<meta name=\"twitter:data2\" content=\"1 minute\" \/>\n<script type=\"application\/ld+json\" class=\"yoast-schema-graph\">{\"@context\":\"https:\\\/\\\/schema.org\",\"@graph\":[{\"@type\":\"NewsArticle\",\"@id\":\"https:\\\/\\\/canfali.com\\\/ca-es\\\/xabia-tindra-un-torneig-internacional-de-tenis-master-15\\\/#article\",\"isPartOf\":{\"@id\":\"https:\\\/\\\/canfali.com\\\/ca-es\\\/xabia-tindra-un-torneig-internacional-de-tenis-master-15\\\/\"},\"author\":{\"name\":\"Javi Zamora\",\"@id\":\"https:\\\/\\\/canfali.com\\\/ca-es\\\/#\\\/schema\\\/person\\\/bc6b2ea3832471f570ed5d554b5dd6fb\"},\"headline\":\"X\u00e0bia tindr\u00e0 un Torneig Internacional de Tenis M\u00e0ster 15\",\"datePublished\":\"2025-12-03T10:28:35+00:00\",\"dateModified\":\"2025-12-03T10:59:54+00:00\",\"mainEntityOfPage\":{\"@id\":\"https:\\\/\\\/canfali.com\\\/ca-es\\\/xabia-tindra-un-torneig-internacional-de-tenis-master-15\\\/\"},\"wordCount\":203,\"publisher\":{\"@id\":\"https:\\\/\\\/canfali.com\\\/ca-es\\\/#organization\"},\"image\":{\"@id\":\"https:\\\/\\\/canfali.com\\\/ca-es\\\/xabia-tindra-un-torneig-internacional-de-tenis-master-15\\\/#primaryimage\"},\"thumbnailUrl\":\"https:\\\/\\\/canfali.com\\\/app\\\/uploads\\\/2025\\\/12\\\/ayuntamiento-de-javea-2-e1764691744655.jpeg\",\"keywords\":[\"Circuit Internacional de la Comunitat Valenciana de Tenis\",\"Club de Tenis J\u00e1vea\",\"Torneig Internacional Mascul\u00ed M15 de tenis\"],\"articleSection\":[\"Esports\",\"M\u00e9s esports\"],\"inLanguage\":\"va-ES\",\"copyrightYear\":\"2025\",\"copyrightHolder\":{\"@id\":\"https:\\\/\\\/canfali.com\\\/#organization\"}},{\"@type\":\"WebPage\",\"@id\":\"https:\\\/\\\/canfali.com\\\/ca-es\\\/xabia-tindra-un-torneig-internacional-de-tenis-master-15\\\/\",\"url\":\"https:\\\/\\\/canfali.com\\\/ca-es\\\/xabia-tindra-un-torneig-internacional-de-tenis-master-15\\\/\",\"name\":\"X\u00e0bia tindr\u00e0 un Torneig Internacional de Tenis M\u00e0ster 15 - Canfali\",\"isPartOf\":{\"@id\":\"https:\\\/\\\/canfali.com\\\/ca-es\\\/#website\"},\"primaryImageOfPage\":{\"@id\":\"https:\\\/\\\/canfali.com\\\/ca-es\\\/xabia-tindra-un-torneig-internacional-de-tenis-master-15\\\/#primaryimage\"},\"image\":{\"@id\":\"https:\\\/\\\/canfali.com\\\/ca-es\\\/xabia-tindra-un-torneig-internacional-de-tenis-master-15\\\/#primaryimage\"},\"thumbnailUrl\":\"https:\\\/\\\/canfali.com\\\/app\\\/uploads\\\/2025\\\/12\\\/ayuntamiento-de-javea-2-e1764691744655.jpeg\",\"datePublished\":\"2025-12-03T10:28:35+00:00\",\"dateModified\":\"2025-12-03T10:59:54+00:00\",\"breadcrumb\":{\"@id\":\"https:\\\/\\\/canfali.com\\\/ca-es\\\/xabia-tindra-un-torneig-internacional-de-tenis-master-15\\\/#breadcrumb\"},\"inLanguage\":\"va-ES\",\"potentialAction\":[{\"@type\":\"ReadAction\",\"target\":[\"https:\\\/\\\/canfali.com\\\/ca-es\\\/xabia-tindra-un-torneig-internacional-de-tenis-master-15\\\/\"]}]},{\"@type\":\"ImageObject\",\"inLanguage\":\"va-ES\",\"@id\":\"https:\\\/\\\/canfali.com\\\/ca-es\\\/xabia-tindra-un-torneig-internacional-de-tenis-master-15\\\/#primaryimage\",\"url\":\"https:\\\/\\\/canfali.com\\\/app\\\/uploads\\\/2025\\\/12\\\/ayuntamiento-de-javea-2-e1764691744655.jpeg\",\"contentUrl\":\"https:\\\/\\\/canfali.com\\\/app\\\/uploads\\\/2025\\\/12\\\/ayuntamiento-de-javea-2-e1764691744655.jpeg\",\"width\":1536,\"height\":1340},{\"@type\":\"BreadcrumbList\",\"@id\":\"https:\\\/\\\/canfali.com\\\/ca-es\\\/xabia-tindra-un-torneig-internacional-de-tenis-master-15\\\/#breadcrumb\",\"itemListElement\":[{\"@type\":\"ListItem\",\"position\":1,\"name\":\"Portada\",\"item\":\"https:\\\/\\\/canfali.com\\\/ca-es\\\/\"},{\"@type\":\"ListItem\",\"position\":2,\"name\":\"X\u00e0bia tindr\u00e0 un Torneig Internacional de Tenis M\u00e0ster 15\"}]},{\"@type\":\"WebSite\",\"@id\":\"https:\\\/\\\/canfali.com\\\/ca-es\\\/#website\",\"url\":\"https:\\\/\\\/canfali.com\\\/ca-es\\\/\",\"name\":\"Canfali\",\"description\":\"\",\"publisher\":{\"@id\":\"https:\\\/\\\/canfali.com\\\/ca-es\\\/#organization\"},\"potentialAction\":[{\"@type\":\"SearchAction\",\"target\":{\"@type\":\"EntryPoint\",\"urlTemplate\":\"https:\\\/\\\/canfali.com\\\/ca-es\\\/?s={search_term_string}\"},\"query-input\":{\"@type\":\"PropertyValueSpecification\",\"valueRequired\":true,\"valueName\":\"search_term_string\"}}],\"inLanguage\":\"va-ES\"},{\"@type\":\"Organization\",\"@id\":\"https:\\\/\\\/canfali.com\\\/ca-es\\\/#organization\",\"name\":\"Canfali\",\"url\":\"https:\\\/\\\/canfali.com\\\/ca-es\\\/\",\"logo\":{\"@type\":\"ImageObject\",\"inLanguage\":\"va-ES\",\"@id\":\"https:\\\/\\\/canfali.com\\\/ca-es\\\/#\\\/schema\\\/logo\\\/image\\\/\",\"url\":\"https:\\\/\\\/canfali.com\\\/app\\\/uploads\\\/2025\\\/12\\\/canfali_marina_alta_logo.png\",\"contentUrl\":\"https:\\\/\\\/canfali.com\\\/app\\\/uploads\\\/2025\\\/12\\\/canfali_marina_alta_logo.png\",\"width\":225,\"height\":225,\"caption\":\"Canfali\"},\"image\":{\"@id\":\"https:\\\/\\\/canfali.com\\\/ca-es\\\/#\\\/schema\\\/logo\\\/image\\\/\"},\"sameAs\":[\"https:\\\/\\\/es-es.facebook.com\\\/CANFALIMarinaAlta\",\"https:\\\/\\\/x.com\\\/canfalima\",\"https:\\\/\\\/www.instagram.com\\\/canfalimarinaalta\\\/\"]},{\"@type\":\"Person\",\"@id\":\"https:\\\/\\\/canfali.com\\\/ca-es\\\/#\\\/schema\\\/person\\\/bc6b2ea3832471f570ed5d554b5dd6fb\",\"name\":\"Javi Zamora\",\"image\":{\"@type\":\"ImageObject\",\"inLanguage\":\"va-ES\",\"@id\":\"https:\\\/\\\/secure.gravatar.com\\\/avatar\\\/467a11f6918c7d619c4043fc6fa2d3853053107973f05b6e9c04ea6c4e3a7b3f?s=96&d=mm&r=g\",\"url\":\"https:\\\/\\\/secure.gravatar.com\\\/avatar\\\/467a11f6918c7d619c4043fc6fa2d3853053107973f05b6e9c04ea6c4e3a7b3f?s=96&d=mm&r=g\",\"contentUrl\":\"https:\\\/\\\/secure.gravatar.com\\\/avatar\\\/467a11f6918c7d619c4043fc6fa2d3853053107973f05b6e9c04ea6c4e3a7b3f?s=96&d=mm&r=g\",\"caption\":\"Javi Zamora\"},\"url\":\"https:\\\/\\\/canfali.com\\\/ca-es\\\/author\\\/javi\\\/\"}]}<\/script>\n<!-- \/ Yoast SEO Premium plugin. -->","yoast_head_json":{"title":"X\u00e0bia tindr\u00e0 un Torneig Internacional de Tenis M\u00e0ster 15 - Canfali","robots":{"index":"index","follow":"follow","max-snippet":"max-snippet:-1","max-image-preview":"max-image-preview:large","max-video-preview":"max-video-preview:-1"},"canonical":"https:\/\/canfali.com\/ca-es\/xabia-tindra-un-torneig-internacional-de-tenis-master-15\/","og_locale":"en_US","og_type":"article","og_title":"X\u00e0bia tindr\u00e0 un Torneig Internacional de Tenis M\u00e0ster 15","og_description":"L\u2019esdeveniment tindr\u00e0 lloc durant la primera setmana de febrer de 2026 i formar\u00e0 part del Circuit d\u2019Internacionals de la Comunitat Valenciana.","og_url":"https:\/\/canfali.com\/ca-es\/xabia-tindra-un-torneig-internacional-de-tenis-master-15\/","og_site_name":"Canfali","article_publisher":"https:\/\/es-es.facebook.com\/CANFALIMarinaAlta","article_published_time":"2025-12-03T10:28:35+00:00","article_modified_time":"2025-12-03T10:59:54+00:00","og_image":[{"width":1536,"height":1340,"url":"https:\/\/canfali.com\/app\/uploads\/2025\/12\/ayuntamiento-de-javea-2-e1764691744655.jpeg","type":"image\/jpeg"}],"author":"Javi Zamora","twitter_card":"summary_large_image","twitter_creator":"@canfalima","twitter_site":"@canfalima","twitter_misc":{"Written by":"Javi Zamora","Est. reading time":"1 minute"},"schema":{"@context":"https:\/\/schema.org","@graph":[{"@type":"NewsArticle","@id":"https:\/\/canfali.com\/ca-es\/xabia-tindra-un-torneig-internacional-de-tenis-master-15\/#article","isPartOf":{"@id":"https:\/\/canfali.com\/ca-es\/xabia-tindra-un-torneig-internacional-de-tenis-master-15\/"},"author":{"name":"Javi Zamora","@id":"https:\/\/canfali.com\/ca-es\/#\/schema\/person\/bc6b2ea3832471f570ed5d554b5dd6fb"},"headline":"X\u00e0bia tindr\u00e0 un Torneig Internacional de Tenis M\u00e0ster 15","datePublished":"2025-12-03T10:28:35+00:00","dateModified":"2025-12-03T10:59:54+00:00","mainEntityOfPage":{"@id":"https:\/\/canfali.com\/ca-es\/xabia-tindra-un-torneig-internacional-de-tenis-master-15\/"},"wordCount":203,"publisher":{"@id":"https:\/\/canfali.com\/ca-es\/#organization"},"image":{"@id":"https:\/\/canfali.com\/ca-es\/xabia-tindra-un-torneig-internacional-de-tenis-master-15\/#primaryimage"},"thumbnailUrl":"https:\/\/canfali.com\/app\/uploads\/2025\/12\/ayuntamiento-de-javea-2-e1764691744655.jpeg","keywords":["Circuit Internacional de la Comunitat Valenciana de Tenis","Club de Tenis J\u00e1vea","Torneig Internacional Mascul\u00ed M15 de tenis"],"articleSection":["Esports","M\u00e9s esports"],"inLanguage":"va-ES","copyrightYear":"2025","copyrightHolder":{"@id":"https:\/\/canfali.com\/#organization"}},{"@type":"WebPage","@id":"https:\/\/canfali.com\/ca-es\/xabia-tindra-un-torneig-internacional-de-tenis-master-15\/","url":"https:\/\/canfali.com\/ca-es\/xabia-tindra-un-torneig-internacional-de-tenis-master-15\/","name":"X\u00e0bia tindr\u00e0 un Torneig Internacional de Tenis M\u00e0ster 15 - Canfali","isPartOf":{"@id":"https:\/\/canfali.com\/ca-es\/#website"},"primaryImageOfPage":{"@id":"https:\/\/canfali.com\/ca-es\/xabia-tindra-un-torneig-internacional-de-tenis-master-15\/#primaryimage"},"image":{"@id":"https:\/\/canfali.com\/ca-es\/xabia-tindra-un-torneig-internacional-de-tenis-master-15\/#primaryimage"},"thumbnailUrl":"https:\/\/canfali.com\/app\/uploads\/2025\/12\/ayuntamiento-de-javea-2-e1764691744655.jpeg","datePublished":"2025-12-03T10:28:35+00:00","dateModified":"2025-12-03T10:59:54+00:00","breadcrumb":{"@id":"https:\/\/canfali.com\/ca-es\/xabia-tindra-un-torneig-internacional-de-tenis-master-15\/#breadcrumb"},"inLanguage":"va-ES","potentialAction":[{"@type":"ReadAction","target":["https:\/\/canfali.com\/ca-es\/xabia-tindra-un-torneig-internacional-de-tenis-master-15\/"]}]},{"@type":"ImageObject","inLanguage":"va-ES","@id":"https:\/\/canfali.com\/ca-es\/xabia-tindra-un-torneig-internacional-de-tenis-master-15\/#primaryimage","url":"https:\/\/canfali.com\/app\/uploads\/2025\/12\/ayuntamiento-de-javea-2-e1764691744655.jpeg","contentUrl":"https:\/\/canfali.com\/app\/uploads\/2025\/12\/ayuntamiento-de-javea-2-e1764691744655.jpeg","width":1536,"height":1340},{"@type":"BreadcrumbList","@id":"https:\/\/canfali.com\/ca-es\/xabia-tindra-un-torneig-internacional-de-tenis-master-15\/#breadcrumb","itemListElement":[{"@type":"ListItem","position":1,"name":"Portada","item":"https:\/\/canfali.com\/ca-es\/"},{"@type":"ListItem","position":2,"name":"X\u00e0bia tindr\u00e0 un Torneig Internacional de Tenis M\u00e0ster 15"}]},{"@type":"WebSite","@id":"https:\/\/canfali.com\/ca-es\/#website","url":"https:\/\/canfali.com\/ca-es\/","name":"Canfali","description":"","publisher":{"@id":"https:\/\/canfali.com\/ca-es\/#organization"},"potentialAction":[{"@type":"SearchAction","target":{"@type":"EntryPoint","urlTemplate":"https:\/\/canfali.com\/ca-es\/?s={search_term_string}"},"query-input":{"@type":"PropertyValueSpecification","valueRequired":true,"valueName":"search_term_string"}}],"inLanguage":"va-ES"},{"@type":"Organization","@id":"https:\/\/canfali.com\/ca-es\/#organization","name":"Canfali","url":"https:\/\/canfali.com\/ca-es\/","logo":{"@type":"ImageObject","inLanguage":"va-ES","@id":"https:\/\/canfali.com\/ca-es\/#\/schema\/logo\/image\/","url":"https:\/\/canfali.com\/app\/uploads\/2025\/12\/canfali_marina_alta_logo.png","contentUrl":"https:\/\/canfali.com\/app\/uploads\/2025\/12\/canfali_marina_alta_logo.png","width":225,"height":225,"caption":"Canfali"},"image":{"@id":"https:\/\/canfali.com\/ca-es\/#\/schema\/logo\/image\/"},"sameAs":["https:\/\/es-es.facebook.com\/CANFALIMarinaAlta","https:\/\/x.com\/canfalima","https:\/\/www.instagram.com\/canfalimarinaalta\/"]},{"@type":"Person","@id":"https:\/\/canfali.com\/ca-es\/#\/schema\/person\/bc6b2ea3832471f570ed5d554b5dd6fb","name":"Javi Zamora","image":{"@type":"ImageObject","inLanguage":"va-ES","@id":"https:\/\/secure.gravatar.com\/avatar\/467a11f6918c7d619c4043fc6fa2d3853053107973f05b6e9c04ea6c4e3a7b3f?s=96&d=mm&r=g","url":"https:\/\/secure.gravatar.com\/avatar\/467a11f6918c7d619c4043fc6fa2d3853053107973f05b6e9c04ea6c4e3a7b3f?s=96&d=mm&r=g","contentUrl":"https:\/\/secure.gravatar.com\/avatar\/467a11f6918c7d619c4043fc6fa2d3853053107973f05b6e9c04ea6c4e3a7b3f?s=96&d=mm&r=g","caption":"Javi Zamora"},"url":"https:\/\/canfali.com\/ca-es\/author\/javi\/"}]}},"_links":{"self":[{"href":"https:\/\/canfali.com\/ca-es\/wp-json\/wp\/v2\/posts\/83141","targetHints":{"allow":["GET"]}}],"collection":[{"href":"https:\/\/canfali.com\/ca-es\/wp-json\/wp\/v2\/posts"}],"about":[{"href":"https:\/\/canfali.com\/ca-es\/wp-json\/wp\/v2\/types\/post"}],"author":[{"embeddable":true,"href":"https:\/\/canfali.com\/ca-es\/wp-json\/wp\/v2\/users\/11"}],"replies":[{"embeddable":true,"href":"https:\/\/canfali.com\/ca-es\/wp-json\/wp\/v2\/comments?post=83141"}],"version-history":[{"count":1,"href":"https:\/\/canfali.com\/ca-es\/wp-json\/wp\/v2\/posts\/83141\/revisions"}],"predecessor-version":[{"id":83142,"href":"https:\/\/canfali.com\/ca-es\/wp-json\/wp\/v2\/posts\/83141\/revisions\/83142"}],"wp:featuredmedia":[{"embeddable":true,"href":"https:\/\/canfali.com\/ca-es\/wp-json\/wp\/v2\/media\/83133"}],"wp:attachment":[{"href":"https:\/\/canfali.com\/ca-es\/wp-json\/wp\/v2\/media?parent=83141"}],"wp:term":[{"taxonomy":"category","embeddable":true,"href":"https:\/\/canfali.com\/ca-es\/wp-json\/wp\/v2\/categories?post=83141"},{"taxonomy":"post_tag","embeddable":true,"href":"https:\/\/canfali.com\/ca-es\/wp-json\/wp\/v2\/tags?post=83141"}],"curies":[{"name":"wp","href":"https:\/\/api.w.org\/{rel}","templated":true}]}}