{"id":83107,"date":"2025-12-02T22:52:23","date_gmt":"2025-12-02T21:52:23","guid":{"rendered":"https:\/\/canfali.com\/una-altra-lliga-de-nacions-per-a-fiamma-benitez\/"},"modified":"2025-12-02T22:55:24","modified_gmt":"2025-12-02T21:55:24","slug":"una-altra-lliga-de-nacions-per-a-fiamma-benitez","status":"publish","type":"post","link":"https:\/\/canfali.com\/ca-es\/una-altra-lliga-de-nacions-per-a-fiamma-benitez\/","title":{"rendered":"Una altra Lliga de Nacions per a Fiamma Ben\u00edtez"},"content":{"rendered":"\n<p>La jugadora dianenca Fiamma Ben\u00edtez va poder finalment participar amb la selecci\u00f3 femenina a la final de la UEFA Women\u2019s Nations League, en la qual Espanya va v\u00e9ncer en el partit de tornada a Alemanya per 3-0. Fiamma va saltar al camp de l\u2019Estadi Metropolit\u00e0 de Madrid per disputar els \u00faltims minuts, amb el partit ja decidit. Tot un gest de l\u2019entrenadora, Sonia Berm\u00fadez, que premia el comprom\u00eds i la feina de la dianenca amb la selecci\u00f3 femenina, a la qual va tornar per disputar les finals.<br\/><\/p>\n\n<p>Fiamma, jugadora actual de l\u2019Atl\u00e9tico de Madrid, compta al seu palmar\u00e9s amb dos europeus Sub-19, un Mundial Sub-20 i, des d\u2019ara, dos t\u00edtols de la Lliga de Nacions.<br\/><\/p>\n","protected":false},"excerpt":{"rendered":"La jugadora dianenca Fiamma Ben\u00edtez va poder finalment participar amb la selecci\u00f3 femenina a la final de la UEFA Women\u2019s Nations League","protected":false},"author":8,"featured_media":83103,"comment_status":"closed","ping_status":"closed","sticky":false,"template":"","format":"standard","meta":{"csco_display_header_overlay":false,"csco_singular_sidebar":"","csco_page_header_type":"","csco_page_load_nextpost":"","csco_post_video_location":[],"csco_post_video_location_hash":"","csco_post_video_url":"","csco_post_video_bg_start_time":0,"csco_post_video_bg_end_time":0,"footnotes":""},"categories":[573,598,601],"tags":[],"class_list":{"0":"post-83107","1":"post","2":"type-post","3":"status-publish","4":"format-standard","5":"has-post-thumbnail","7":"category-deportes-2","8":"category-esports","9":"category-futbol-ca-es","10":"cs-entry","11":"cs-video-wrap"},"yoast_head":"<!-- This site is optimized with the Yoast SEO Premium plugin v26.6 (Yoast SEO v27.3) - https:\/\/yoast.com\/product\/yoast-seo-premium-wordpress\/ -->\n<title>Una altra Lliga de Nacions per a Fiamma Ben\u00edtez - Canfali<\/title>\n<meta name=\"robots\" content=\"index, follow, max-snippet:-1, max-image-preview:large, max-video-preview:-1\" \/>\n<link rel=\"canonical\" href=\"https:\/\/canfali.com\/ca-es\/una-altra-lliga-de-nacions-per-a-fiamma-benitez\/\" \/>\n<meta property=\"og:locale\" content=\"en_US\" \/>\n<meta property=\"og:type\" content=\"article\" \/>\n<meta property=\"og:title\" content=\"Una altra Lliga de Nacions per a Fiamma Ben\u00edtez\" \/>\n<meta property=\"og:description\" content=\"La jugadora dianenca Fiamma Ben\u00edtez va poder finalment participar amb la selecci\u00f3 femenina a la final de la UEFA Women\u2019s Nations League\" \/>\n<meta property=\"og:url\" content=\"https:\/\/canfali.com\/ca-es\/una-altra-lliga-de-nacions-per-a-fiamma-benitez\/\" \/>\n<meta property=\"og:site_name\" content=\"Canfali\" \/>\n<meta property=\"article:publisher\" content=\"https:\/\/es-es.facebook.com\/CANFALIMarinaAlta\" \/>\n<meta property=\"article:published_time\" content=\"2025-12-02T21:52:23+00:00\" \/>\n<meta property=\"article:modified_time\" content=\"2025-12-02T21:55:24+00:00\" \/>\n<meta property=\"og:image\" content=\"https:\/\/canfali.com\/app\/uploads\/2025\/12\/Captura-de-pantalla-2025-12-02-a-las-22.40.57.png\" \/>\n\t<meta property=\"og:image:width\" content=\"771\" \/>\n\t<meta property=\"og:image:height\" content=\"431\" \/>\n\t<meta property=\"og:image:type\" content=\"image\/png\" \/>\n<meta name=\"author\" content=\"Lluis\" \/>\n<meta name=\"twitter:card\" content=\"summary_large_image\" \/>\n<meta name=\"twitter:creator\" content=\"@canfalima\" \/>\n<meta name=\"twitter:site\" content=\"@canfalima\" \/>\n<meta name=\"twitter:label1\" content=\"Written by\" \/>\n\t<meta name=\"twitter:data1\" content=\"Lluis\" \/>\n\t<meta name=\"twitter:label2\" content=\"Est. reading time\" \/>\n\t<meta name=\"twitter:data2\" content=\"1 minute\" \/>\n<script type=\"application\/ld+json\" class=\"yoast-schema-graph\">{\"@context\":\"https:\\\/\\\/schema.org\",\"@graph\":[{\"@type\":\"NewsArticle\",\"@id\":\"https:\\\/\\\/canfali.com\\\/ca-es\\\/una-altra-lliga-de-nacions-per-a-fiamma-benitez\\\/#article\",\"isPartOf\":{\"@id\":\"https:\\\/\\\/canfali.com\\\/ca-es\\\/una-altra-lliga-de-nacions-per-a-fiamma-benitez\\\/\"},\"author\":{\"name\":\"Lluis\",\"@id\":\"https:\\\/\\\/canfali.com\\\/ca-es\\\/#\\\/schema\\\/person\\\/f540a86fb33e10daaae53c59ceaa1194\"},\"headline\":\"Una altra Lliga de Nacions per a Fiamma Ben\u00edtez\",\"datePublished\":\"2025-12-02T21:52:23+00:00\",\"dateModified\":\"2025-12-02T21:55:24+00:00\",\"mainEntityOfPage\":{\"@id\":\"https:\\\/\\\/canfali.com\\\/ca-es\\\/una-altra-lliga-de-nacions-per-a-fiamma-benitez\\\/\"},\"wordCount\":137,\"publisher\":{\"@id\":\"https:\\\/\\\/canfali.com\\\/ca-es\\\/#organization\"},\"image\":{\"@id\":\"https:\\\/\\\/canfali.com\\\/ca-es\\\/una-altra-lliga-de-nacions-per-a-fiamma-benitez\\\/#primaryimage\"},\"thumbnailUrl\":\"https:\\\/\\\/canfali.com\\\/app\\\/uploads\\\/2025\\\/12\\\/Captura-de-pantalla-2025-12-02-a-las-22.40.57.png\",\"articleSection\":[\"Deportes\",\"Esports\",\"Futbol\"],\"inLanguage\":\"va-ES\",\"copyrightYear\":\"2025\",\"copyrightHolder\":{\"@id\":\"https:\\\/\\\/canfali.com\\\/#organization\"}},{\"@type\":\"WebPage\",\"@id\":\"https:\\\/\\\/canfali.com\\\/ca-es\\\/una-altra-lliga-de-nacions-per-a-fiamma-benitez\\\/\",\"url\":\"https:\\\/\\\/canfali.com\\\/ca-es\\\/una-altra-lliga-de-nacions-per-a-fiamma-benitez\\\/\",\"name\":\"Una altra Lliga de Nacions per a Fiamma Ben\u00edtez - Canfali\",\"isPartOf\":{\"@id\":\"https:\\\/\\\/canfali.com\\\/ca-es\\\/#website\"},\"primaryImageOfPage\":{\"@id\":\"https:\\\/\\\/canfali.com\\\/ca-es\\\/una-altra-lliga-de-nacions-per-a-fiamma-benitez\\\/#primaryimage\"},\"image\":{\"@id\":\"https:\\\/\\\/canfali.com\\\/ca-es\\\/una-altra-lliga-de-nacions-per-a-fiamma-benitez\\\/#primaryimage\"},\"thumbnailUrl\":\"https:\\\/\\\/canfali.com\\\/app\\\/uploads\\\/2025\\\/12\\\/Captura-de-pantalla-2025-12-02-a-las-22.40.57.png\",\"datePublished\":\"2025-12-02T21:52:23+00:00\",\"dateModified\":\"2025-12-02T21:55:24+00:00\",\"breadcrumb\":{\"@id\":\"https:\\\/\\\/canfali.com\\\/ca-es\\\/una-altra-lliga-de-nacions-per-a-fiamma-benitez\\\/#breadcrumb\"},\"inLanguage\":\"va-ES\",\"potentialAction\":[{\"@type\":\"ReadAction\",\"target\":[\"https:\\\/\\\/canfali.com\\\/ca-es\\\/una-altra-lliga-de-nacions-per-a-fiamma-benitez\\\/\"]}]},{\"@type\":\"ImageObject\",\"inLanguage\":\"va-ES\",\"@id\":\"https:\\\/\\\/canfali.com\\\/ca-es\\\/una-altra-lliga-de-nacions-per-a-fiamma-benitez\\\/#primaryimage\",\"url\":\"https:\\\/\\\/canfali.com\\\/app\\\/uploads\\\/2025\\\/12\\\/Captura-de-pantalla-2025-12-02-a-las-22.40.57.png\",\"contentUrl\":\"https:\\\/\\\/canfali.com\\\/app\\\/uploads\\\/2025\\\/12\\\/Captura-de-pantalla-2025-12-02-a-las-22.40.57.png\",\"width\":771,\"height\":431},{\"@type\":\"BreadcrumbList\",\"@id\":\"https:\\\/\\\/canfali.com\\\/ca-es\\\/una-altra-lliga-de-nacions-per-a-fiamma-benitez\\\/#breadcrumb\",\"itemListElement\":[{\"@type\":\"ListItem\",\"position\":1,\"name\":\"Portada\",\"item\":\"https:\\\/\\\/canfali.com\\\/ca-es\\\/\"},{\"@type\":\"ListItem\",\"position\":2,\"name\":\"Una altra Lliga de Nacions per a Fiamma Ben\u00edtez\"}]},{\"@type\":\"WebSite\",\"@id\":\"https:\\\/\\\/canfali.com\\\/ca-es\\\/#website\",\"url\":\"https:\\\/\\\/canfali.com\\\/ca-es\\\/\",\"name\":\"Canfali\",\"description\":\"\",\"publisher\":{\"@id\":\"https:\\\/\\\/canfali.com\\\/ca-es\\\/#organization\"},\"potentialAction\":[{\"@type\":\"SearchAction\",\"target\":{\"@type\":\"EntryPoint\",\"urlTemplate\":\"https:\\\/\\\/canfali.com\\\/ca-es\\\/?s={search_term_string}\"},\"query-input\":{\"@type\":\"PropertyValueSpecification\",\"valueRequired\":true,\"valueName\":\"search_term_string\"}}],\"inLanguage\":\"va-ES\"},{\"@type\":\"Organization\",\"@id\":\"https:\\\/\\\/canfali.com\\\/ca-es\\\/#organization\",\"name\":\"Canfali\",\"url\":\"https:\\\/\\\/canfali.com\\\/ca-es\\\/\",\"logo\":{\"@type\":\"ImageObject\",\"inLanguage\":\"va-ES\",\"@id\":\"https:\\\/\\\/canfali.com\\\/ca-es\\\/#\\\/schema\\\/logo\\\/image\\\/\",\"url\":\"https:\\\/\\\/canfali.com\\\/app\\\/uploads\\\/2025\\\/12\\\/canfali_marina_alta_logo.png\",\"contentUrl\":\"https:\\\/\\\/canfali.com\\\/app\\\/uploads\\\/2025\\\/12\\\/canfali_marina_alta_logo.png\",\"width\":225,\"height\":225,\"caption\":\"Canfali\"},\"image\":{\"@id\":\"https:\\\/\\\/canfali.com\\\/ca-es\\\/#\\\/schema\\\/logo\\\/image\\\/\"},\"sameAs\":[\"https:\\\/\\\/es-es.facebook.com\\\/CANFALIMarinaAlta\",\"https:\\\/\\\/x.com\\\/canfalima\",\"https:\\\/\\\/www.instagram.com\\\/canfalimarinaalta\\\/\"]},{\"@type\":\"Person\",\"@id\":\"https:\\\/\\\/canfali.com\\\/ca-es\\\/#\\\/schema\\\/person\\\/f540a86fb33e10daaae53c59ceaa1194\",\"name\":\"Lluis\",\"image\":{\"@type\":\"ImageObject\",\"inLanguage\":\"va-ES\",\"@id\":\"https:\\\/\\\/secure.gravatar.com\\\/avatar\\\/a21ec8835290e4e02ed0886b8cb327d807d0eb6ec8ccf25d4c2a0a415f506c0d?s=96&d=mm&r=g\",\"url\":\"https:\\\/\\\/secure.gravatar.com\\\/avatar\\\/a21ec8835290e4e02ed0886b8cb327d807d0eb6ec8ccf25d4c2a0a415f506c0d?s=96&d=mm&r=g\",\"contentUrl\":\"https:\\\/\\\/secure.gravatar.com\\\/avatar\\\/a21ec8835290e4e02ed0886b8cb327d807d0eb6ec8ccf25d4c2a0a415f506c0d?s=96&d=mm&r=g\",\"caption\":\"Lluis\"},\"url\":\"https:\\\/\\\/canfali.com\\\/ca-es\\\/author\\\/lluis\\\/\"}]}<\/script>\n<!-- \/ Yoast SEO Premium plugin. -->","yoast_head_json":{"title":"Una altra Lliga de Nacions per a Fiamma Ben\u00edtez - Canfali","robots":{"index":"index","follow":"follow","max-snippet":"max-snippet:-1","max-image-preview":"max-image-preview:large","max-video-preview":"max-video-preview:-1"},"canonical":"https:\/\/canfali.com\/ca-es\/una-altra-lliga-de-nacions-per-a-fiamma-benitez\/","og_locale":"en_US","og_type":"article","og_title":"Una altra Lliga de Nacions per a Fiamma Ben\u00edtez","og_description":"La jugadora dianenca Fiamma Ben\u00edtez va poder finalment participar amb la selecci\u00f3 femenina a la final de la UEFA Women\u2019s Nations League","og_url":"https:\/\/canfali.com\/ca-es\/una-altra-lliga-de-nacions-per-a-fiamma-benitez\/","og_site_name":"Canfali","article_publisher":"https:\/\/es-es.facebook.com\/CANFALIMarinaAlta","article_published_time":"2025-12-02T21:52:23+00:00","article_modified_time":"2025-12-02T21:55:24+00:00","og_image":[{"width":771,"height":431,"url":"https:\/\/canfali.com\/app\/uploads\/2025\/12\/Captura-de-pantalla-2025-12-02-a-las-22.40.57.png","type":"image\/png"}],"author":"Lluis","twitter_card":"summary_large_image","twitter_creator":"@canfalima","twitter_site":"@canfalima","twitter_misc":{"Written by":"Lluis","Est. reading time":"1 minute"},"schema":{"@context":"https:\/\/schema.org","@graph":[{"@type":"NewsArticle","@id":"https:\/\/canfali.com\/ca-es\/una-altra-lliga-de-nacions-per-a-fiamma-benitez\/#article","isPartOf":{"@id":"https:\/\/canfali.com\/ca-es\/una-altra-lliga-de-nacions-per-a-fiamma-benitez\/"},"author":{"name":"Lluis","@id":"https:\/\/canfali.com\/ca-es\/#\/schema\/person\/f540a86fb33e10daaae53c59ceaa1194"},"headline":"Una altra Lliga de Nacions per a Fiamma Ben\u00edtez","datePublished":"2025-12-02T21:52:23+00:00","dateModified":"2025-12-02T21:55:24+00:00","mainEntityOfPage":{"@id":"https:\/\/canfali.com\/ca-es\/una-altra-lliga-de-nacions-per-a-fiamma-benitez\/"},"wordCount":137,"publisher":{"@id":"https:\/\/canfali.com\/ca-es\/#organization"},"image":{"@id":"https:\/\/canfali.com\/ca-es\/una-altra-lliga-de-nacions-per-a-fiamma-benitez\/#primaryimage"},"thumbnailUrl":"https:\/\/canfali.com\/app\/uploads\/2025\/12\/Captura-de-pantalla-2025-12-02-a-las-22.40.57.png","articleSection":["Deportes","Esports","Futbol"],"inLanguage":"va-ES","copyrightYear":"2025","copyrightHolder":{"@id":"https:\/\/canfali.com\/#organization"}},{"@type":"WebPage","@id":"https:\/\/canfali.com\/ca-es\/una-altra-lliga-de-nacions-per-a-fiamma-benitez\/","url":"https:\/\/canfali.com\/ca-es\/una-altra-lliga-de-nacions-per-a-fiamma-benitez\/","name":"Una altra Lliga de Nacions per a Fiamma Ben\u00edtez - Canfali","isPartOf":{"@id":"https:\/\/canfali.com\/ca-es\/#website"},"primaryImageOfPage":{"@id":"https:\/\/canfali.com\/ca-es\/una-altra-lliga-de-nacions-per-a-fiamma-benitez\/#primaryimage"},"image":{"@id":"https:\/\/canfali.com\/ca-es\/una-altra-lliga-de-nacions-per-a-fiamma-benitez\/#primaryimage"},"thumbnailUrl":"https:\/\/canfali.com\/app\/uploads\/2025\/12\/Captura-de-pantalla-2025-12-02-a-las-22.40.57.png","datePublished":"2025-12-02T21:52:23+00:00","dateModified":"2025-12-02T21:55:24+00:00","breadcrumb":{"@id":"https:\/\/canfali.com\/ca-es\/una-altra-lliga-de-nacions-per-a-fiamma-benitez\/#breadcrumb"},"inLanguage":"va-ES","potentialAction":[{"@type":"ReadAction","target":["https:\/\/canfali.com\/ca-es\/una-altra-lliga-de-nacions-per-a-fiamma-benitez\/"]}]},{"@type":"ImageObject","inLanguage":"va-ES","@id":"https:\/\/canfali.com\/ca-es\/una-altra-lliga-de-nacions-per-a-fiamma-benitez\/#primaryimage","url":"https:\/\/canfali.com\/app\/uploads\/2025\/12\/Captura-de-pantalla-2025-12-02-a-las-22.40.57.png","contentUrl":"https:\/\/canfali.com\/app\/uploads\/2025\/12\/Captura-de-pantalla-2025-12-02-a-las-22.40.57.png","width":771,"height":431},{"@type":"BreadcrumbList","@id":"https:\/\/canfali.com\/ca-es\/una-altra-lliga-de-nacions-per-a-fiamma-benitez\/#breadcrumb","itemListElement":[{"@type":"ListItem","position":1,"name":"Portada","item":"https:\/\/canfali.com\/ca-es\/"},{"@type":"ListItem","position":2,"name":"Una altra Lliga de Nacions per a Fiamma Ben\u00edtez"}]},{"@type":"WebSite","@id":"https:\/\/canfali.com\/ca-es\/#website","url":"https:\/\/canfali.com\/ca-es\/","name":"Canfali","description":"","publisher":{"@id":"https:\/\/canfali.com\/ca-es\/#organization"},"potentialAction":[{"@type":"SearchAction","target":{"@type":"EntryPoint","urlTemplate":"https:\/\/canfali.com\/ca-es\/?s={search_term_string}"},"query-input":{"@type":"PropertyValueSpecification","valueRequired":true,"valueName":"search_term_string"}}],"inLanguage":"va-ES"},{"@type":"Organization","@id":"https:\/\/canfali.com\/ca-es\/#organization","name":"Canfali","url":"https:\/\/canfali.com\/ca-es\/","logo":{"@type":"ImageObject","inLanguage":"va-ES","@id":"https:\/\/canfali.com\/ca-es\/#\/schema\/logo\/image\/","url":"https:\/\/canfali.com\/app\/uploads\/2025\/12\/canfali_marina_alta_logo.png","contentUrl":"https:\/\/canfali.com\/app\/uploads\/2025\/12\/canfali_marina_alta_logo.png","width":225,"height":225,"caption":"Canfali"},"image":{"@id":"https:\/\/canfali.com\/ca-es\/#\/schema\/logo\/image\/"},"sameAs":["https:\/\/es-es.facebook.com\/CANFALIMarinaAlta","https:\/\/x.com\/canfalima","https:\/\/www.instagram.com\/canfalimarinaalta\/"]},{"@type":"Person","@id":"https:\/\/canfali.com\/ca-es\/#\/schema\/person\/f540a86fb33e10daaae53c59ceaa1194","name":"Lluis","image":{"@type":"ImageObject","inLanguage":"va-ES","@id":"https:\/\/secure.gravatar.com\/avatar\/a21ec8835290e4e02ed0886b8cb327d807d0eb6ec8ccf25d4c2a0a415f506c0d?s=96&d=mm&r=g","url":"https:\/\/secure.gravatar.com\/avatar\/a21ec8835290e4e02ed0886b8cb327d807d0eb6ec8ccf25d4c2a0a415f506c0d?s=96&d=mm&r=g","contentUrl":"https:\/\/secure.gravatar.com\/avatar\/a21ec8835290e4e02ed0886b8cb327d807d0eb6ec8ccf25d4c2a0a415f506c0d?s=96&d=mm&r=g","caption":"Lluis"},"url":"https:\/\/canfali.com\/ca-es\/author\/lluis\/"}]}},"_links":{"self":[{"href":"https:\/\/canfali.com\/ca-es\/wp-json\/wp\/v2\/posts\/83107","targetHints":{"allow":["GET"]}}],"collection":[{"href":"https:\/\/canfali.com\/ca-es\/wp-json\/wp\/v2\/posts"}],"about":[{"href":"https:\/\/canfali.com\/ca-es\/wp-json\/wp\/v2\/types\/post"}],"author":[{"embeddable":true,"href":"https:\/\/canfali.com\/ca-es\/wp-json\/wp\/v2\/users\/8"}],"replies":[{"embeddable":true,"href":"https:\/\/canfali.com\/ca-es\/wp-json\/wp\/v2\/comments?post=83107"}],"version-history":[{"count":3,"href":"https:\/\/canfali.com\/ca-es\/wp-json\/wp\/v2\/posts\/83107\/revisions"}],"predecessor-version":[{"id":83110,"href":"https:\/\/canfali.com\/ca-es\/wp-json\/wp\/v2\/posts\/83107\/revisions\/83110"}],"wp:featuredmedia":[{"embeddable":true,"href":"https:\/\/canfali.com\/ca-es\/wp-json\/wp\/v2\/media\/83103"}],"wp:attachment":[{"href":"https:\/\/canfali.com\/ca-es\/wp-json\/wp\/v2\/media?parent=83107"}],"wp:term":[{"taxonomy":"category","embeddable":true,"href":"https:\/\/canfali.com\/ca-es\/wp-json\/wp\/v2\/categories?post=83107"},{"taxonomy":"post_tag","embeddable":true,"href":"https:\/\/canfali.com\/ca-es\/wp-json\/wp\/v2\/tags?post=83107"}],"curies":[{"name":"wp","href":"https:\/\/api.w.org\/{rel}","templated":true}]}}