{"id":82912,"date":"2025-12-01T12:19:44","date_gmt":"2025-12-01T11:19:44","guid":{"rendered":"https:\/\/canfali.com\/redada-a-denia-cauen-un-traficant-i-un-maltractador\/"},"modified":"2025-12-01T12:23:14","modified_gmt":"2025-12-01T11:23:14","slug":"redada-a-denia-cauen-un-traficant-i-un-maltractador","status":"publish","type":"post","link":"https:\/\/canfali.com\/ca-es\/redada-a-denia-cauen-un-traficant-i-un-maltractador\/","title":{"rendered":"Redada a D\u00e9nia: Cauen un traficant i un maltractador"},"content":{"rendered":"\n<p><\/p>\n\n<p>Un operatiu nocturn conjunt entre la Policia Local de D\u00e9nia, a trav\u00e9s de la Unitat de Prevenci\u00f3 i Seguretat Ciutadana (UPSC), i la Policia Nacional es va desenrotllar dissabte passat. Va haver-hi controls d&#8217;alcohol\u00e8mia i drogues, a m\u00e9s de labors de prevenci\u00f3 delictiva a la ciutat.<br\/><br\/><\/p>\n\n<p>El balan\u00e7 de l&#8217;actuaci\u00f3 policial, dif\u00f3s per la Policia Local en les seues xarxes socials oficials, reflectix diversos resultats. Un total de 37 vehicles van ser controlats, resultant en deu sancions per motius com la falta d&#8217;Inspecci\u00f3 T\u00e8cnica de Vehicles (ITV), l&#8217;Asseguran\u00e7a Obligat\u00f2ria d&#8217;Autom\u00f2bils (SOA) o diverses irregularitats administratives.<br\/><br\/><\/p>\n\n<p>Quant a la prevenci\u00f3 delictiva i el compliment d&#8217;ordenances, el dispositiu es va saldar amb un detingut per un presumpte delicte contra la salut p\u00fablica, espec\u00edficament tr\u00e0fic de drogues. A m\u00e9s, es van imposar tres sancions per tinen\u00e7a d&#8217;estupefaents i una sanci\u00f3 a un establiment p\u00fablic per permetre el consum de drogues en el seu interior. Es va registrar un altre detingut per infringir una orde d&#8217;allunyament en un cas de viol\u00e8ncia de g\u00e8nere.<br\/><br\/><\/p>\n\n<p>Entre altres intervencions, es va procedir al decom\u00eds i sanci\u00f3 per portar una arma prohibida, concretament un ganivet, i es van comptabilitzar sis sancions per orinar en la via p\u00fablica. L&#8217;operatiu tamb\u00e9 va incloure la inspecci\u00f3 d&#8217;un establiment p\u00fablic. Finalment, una persona va ser sancionada per alertar a tercers sobre la pres\u00e8ncia dels controls policials. Esta actuaci\u00f3 conjunta s&#8217;emmarca dins de les mesures cont\u00ednues que es duen a terme per a garantir la seguretat i refor\u00e7ar la conviv\u00e8ncia ciutadana a D\u00e9nia. Una nit mogudeta.<\/p>\n","protected":false},"excerpt":{"rendered":"Un operatiu nocturn conjunt entre la Policia Local de D\u00e9nia, a trav\u00e9s de la Unitat de Prevenci\u00f3 i&hellip;","protected":false},"author":7,"featured_media":82910,"comment_status":"closed","ping_status":"closed","sticky":false,"template":"","format":"standard","meta":{"csco_display_header_overlay":false,"csco_singular_sidebar":"","csco_page_header_type":"","csco_page_load_nextpost":"","csco_post_video_location":[],"csco_post_video_location_hash":"","csco_post_video_url":"","csco_post_video_bg_start_time":0,"csco_post_video_bg_end_time":0,"footnotes":""},"categories":[578],"tags":[5407,1106,5406,5405],"class_list":{"0":"post-82912","1":"post","2":"type-post","3":"status-publish","4":"format-standard","5":"has-post-thumbnail","7":"category-sucesos-2","8":"tag-controls","9":"tag-droga-ca-es","10":"tag-maltractador","11":"tag-policia-ca-es-2","12":"cs-entry","13":"cs-video-wrap"},"yoast_head":"<!-- This site is optimized with the Yoast SEO Premium plugin v26.6 (Yoast SEO v27.3) - https:\/\/yoast.com\/product\/yoast-seo-premium-wordpress\/ -->\n<title>Redada a D\u00e9nia: Cauen un traficant i un maltractador - Canfali<\/title>\n<meta name=\"robots\" content=\"index, follow, max-snippet:-1, max-image-preview:large, max-video-preview:-1\" \/>\n<link rel=\"canonical\" href=\"https:\/\/canfali.com\/ca-es\/redada-a-denia-cauen-un-traficant-i-un-maltractador\/\" \/>\n<meta property=\"og:locale\" content=\"en_US\" \/>\n<meta property=\"og:type\" content=\"article\" \/>\n<meta property=\"og:title\" content=\"Redada a D\u00e9nia: Cauen un traficant i un maltractador\" \/>\n<meta property=\"og:description\" content=\"Un operatiu nocturn conjunt entre la Policia Local de D\u00e9nia, a trav\u00e9s de la Unitat de Prevenci\u00f3 i&hellip;\" \/>\n<meta property=\"og:url\" content=\"https:\/\/canfali.com\/ca-es\/redada-a-denia-cauen-un-traficant-i-un-maltractador\/\" \/>\n<meta property=\"og:site_name\" content=\"Canfali\" \/>\n<meta property=\"article:publisher\" content=\"https:\/\/es-es.facebook.com\/CANFALIMarinaAlta\" \/>\n<meta property=\"article:published_time\" content=\"2025-12-01T11:19:44+00:00\" \/>\n<meta property=\"article:modified_time\" content=\"2025-12-01T11:23:14+00:00\" \/>\n<meta property=\"og:image\" content=\"https:\/\/canfali.com\/app\/uploads\/2025\/12\/590730629_1242360681270831_7653962256678115690_n.jpg\" \/>\n\t<meta property=\"og:image:width\" content=\"1600\" \/>\n\t<meta property=\"og:image:height\" content=\"1200\" \/>\n\t<meta property=\"og:image:type\" content=\"image\/jpeg\" \/>\n<meta name=\"author\" content=\"Bolta\" \/>\n<meta name=\"twitter:card\" content=\"summary_large_image\" \/>\n<meta name=\"twitter:creator\" content=\"@canfalima\" \/>\n<meta name=\"twitter:site\" content=\"@canfalima\" \/>\n<meta name=\"twitter:label1\" content=\"Written by\" \/>\n\t<meta name=\"twitter:data1\" content=\"Bolta\" \/>\n\t<meta name=\"twitter:label2\" content=\"Est. reading time\" \/>\n\t<meta name=\"twitter:data2\" content=\"1 minute\" \/>\n<script type=\"application\/ld+json\" class=\"yoast-schema-graph\">{\"@context\":\"https:\\\/\\\/schema.org\",\"@graph\":[{\"@type\":\"NewsArticle\",\"@id\":\"https:\\\/\\\/canfali.com\\\/ca-es\\\/redada-a-denia-cauen-un-traficant-i-un-maltractador\\\/#article\",\"isPartOf\":{\"@id\":\"https:\\\/\\\/canfali.com\\\/ca-es\\\/redada-a-denia-cauen-un-traficant-i-un-maltractador\\\/\"},\"author\":{\"name\":\"Bolta\",\"@id\":\"https:\\\/\\\/canfali.com\\\/ca-es\\\/#\\\/schema\\\/person\\\/9c651adc904f3c4e0243f54407751557\"},\"headline\":\"Redada a D\u00e9nia: Cauen un traficant i un maltractador\",\"datePublished\":\"2025-12-01T11:19:44+00:00\",\"dateModified\":\"2025-12-01T11:23:14+00:00\",\"mainEntityOfPage\":{\"@id\":\"https:\\\/\\\/canfali.com\\\/ca-es\\\/redada-a-denia-cauen-un-traficant-i-un-maltractador\\\/\"},\"wordCount\":298,\"publisher\":{\"@id\":\"https:\\\/\\\/canfali.com\\\/ca-es\\\/#organization\"},\"image\":{\"@id\":\"https:\\\/\\\/canfali.com\\\/ca-es\\\/redada-a-denia-cauen-un-traficant-i-un-maltractador\\\/#primaryimage\"},\"thumbnailUrl\":\"https:\\\/\\\/canfali.com\\\/app\\\/uploads\\\/2025\\\/12\\\/590730629_1242360681270831_7653962256678115690_n.jpg\",\"keywords\":[\"controls\",\"droga\",\"maltractador\",\"Policia\"],\"articleSection\":[\"Sucesos\"],\"inLanguage\":\"va-ES\",\"copyrightYear\":\"2025\",\"copyrightHolder\":{\"@id\":\"https:\\\/\\\/canfali.com\\\/#organization\"}},{\"@type\":\"WebPage\",\"@id\":\"https:\\\/\\\/canfali.com\\\/ca-es\\\/redada-a-denia-cauen-un-traficant-i-un-maltractador\\\/\",\"url\":\"https:\\\/\\\/canfali.com\\\/ca-es\\\/redada-a-denia-cauen-un-traficant-i-un-maltractador\\\/\",\"name\":\"Redada a D\u00e9nia: Cauen un traficant i un maltractador - Canfali\",\"isPartOf\":{\"@id\":\"https:\\\/\\\/canfali.com\\\/ca-es\\\/#website\"},\"primaryImageOfPage\":{\"@id\":\"https:\\\/\\\/canfali.com\\\/ca-es\\\/redada-a-denia-cauen-un-traficant-i-un-maltractador\\\/#primaryimage\"},\"image\":{\"@id\":\"https:\\\/\\\/canfali.com\\\/ca-es\\\/redada-a-denia-cauen-un-traficant-i-un-maltractador\\\/#primaryimage\"},\"thumbnailUrl\":\"https:\\\/\\\/canfali.com\\\/app\\\/uploads\\\/2025\\\/12\\\/590730629_1242360681270831_7653962256678115690_n.jpg\",\"datePublished\":\"2025-12-01T11:19:44+00:00\",\"dateModified\":\"2025-12-01T11:23:14+00:00\",\"breadcrumb\":{\"@id\":\"https:\\\/\\\/canfali.com\\\/ca-es\\\/redada-a-denia-cauen-un-traficant-i-un-maltractador\\\/#breadcrumb\"},\"inLanguage\":\"va-ES\",\"potentialAction\":[{\"@type\":\"ReadAction\",\"target\":[\"https:\\\/\\\/canfali.com\\\/ca-es\\\/redada-a-denia-cauen-un-traficant-i-un-maltractador\\\/\"]}]},{\"@type\":\"ImageObject\",\"inLanguage\":\"va-ES\",\"@id\":\"https:\\\/\\\/canfali.com\\\/ca-es\\\/redada-a-denia-cauen-un-traficant-i-un-maltractador\\\/#primaryimage\",\"url\":\"https:\\\/\\\/canfali.com\\\/app\\\/uploads\\\/2025\\\/12\\\/590730629_1242360681270831_7653962256678115690_n.jpg\",\"contentUrl\":\"https:\\\/\\\/canfali.com\\\/app\\\/uploads\\\/2025\\\/12\\\/590730629_1242360681270831_7653962256678115690_n.jpg\",\"width\":1600,\"height\":1200},{\"@type\":\"BreadcrumbList\",\"@id\":\"https:\\\/\\\/canfali.com\\\/ca-es\\\/redada-a-denia-cauen-un-traficant-i-un-maltractador\\\/#breadcrumb\",\"itemListElement\":[{\"@type\":\"ListItem\",\"position\":1,\"name\":\"Portada\",\"item\":\"https:\\\/\\\/canfali.com\\\/ca-es\\\/\"},{\"@type\":\"ListItem\",\"position\":2,\"name\":\"Redada a D\u00e9nia: Cauen un traficant i un maltractador\"}]},{\"@type\":\"WebSite\",\"@id\":\"https:\\\/\\\/canfali.com\\\/ca-es\\\/#website\",\"url\":\"https:\\\/\\\/canfali.com\\\/ca-es\\\/\",\"name\":\"Canfali\",\"description\":\"\",\"publisher\":{\"@id\":\"https:\\\/\\\/canfali.com\\\/ca-es\\\/#organization\"},\"potentialAction\":[{\"@type\":\"SearchAction\",\"target\":{\"@type\":\"EntryPoint\",\"urlTemplate\":\"https:\\\/\\\/canfali.com\\\/ca-es\\\/?s={search_term_string}\"},\"query-input\":{\"@type\":\"PropertyValueSpecification\",\"valueRequired\":true,\"valueName\":\"search_term_string\"}}],\"inLanguage\":\"va-ES\"},{\"@type\":\"Organization\",\"@id\":\"https:\\\/\\\/canfali.com\\\/ca-es\\\/#organization\",\"name\":\"Canfali\",\"url\":\"https:\\\/\\\/canfali.com\\\/ca-es\\\/\",\"logo\":{\"@type\":\"ImageObject\",\"inLanguage\":\"va-ES\",\"@id\":\"https:\\\/\\\/canfali.com\\\/ca-es\\\/#\\\/schema\\\/logo\\\/image\\\/\",\"url\":\"https:\\\/\\\/canfali.com\\\/app\\\/uploads\\\/2025\\\/12\\\/canfali_marina_alta_logo.png\",\"contentUrl\":\"https:\\\/\\\/canfali.com\\\/app\\\/uploads\\\/2025\\\/12\\\/canfali_marina_alta_logo.png\",\"width\":225,\"height\":225,\"caption\":\"Canfali\"},\"image\":{\"@id\":\"https:\\\/\\\/canfali.com\\\/ca-es\\\/#\\\/schema\\\/logo\\\/image\\\/\"},\"sameAs\":[\"https:\\\/\\\/es-es.facebook.com\\\/CANFALIMarinaAlta\",\"https:\\\/\\\/x.com\\\/canfalima\",\"https:\\\/\\\/www.instagram.com\\\/canfalimarinaalta\\\/\"]},{\"@type\":\"Person\",\"@id\":\"https:\\\/\\\/canfali.com\\\/ca-es\\\/#\\\/schema\\\/person\\\/9c651adc904f3c4e0243f54407751557\",\"name\":\"Bolta\",\"image\":{\"@type\":\"ImageObject\",\"inLanguage\":\"va-ES\",\"@id\":\"https:\\\/\\\/secure.gravatar.com\\\/avatar\\\/550a5d97fe3cfba5caf077b9600e46529e1977e9d14396836e775d6d9d895a81?s=96&d=mm&r=g\",\"url\":\"https:\\\/\\\/secure.gravatar.com\\\/avatar\\\/550a5d97fe3cfba5caf077b9600e46529e1977e9d14396836e775d6d9d895a81?s=96&d=mm&r=g\",\"contentUrl\":\"https:\\\/\\\/secure.gravatar.com\\\/avatar\\\/550a5d97fe3cfba5caf077b9600e46529e1977e9d14396836e775d6d9d895a81?s=96&d=mm&r=g\",\"caption\":\"Bolta\"},\"url\":\"https:\\\/\\\/canfali.com\\\/ca-es\\\/author\\\/bolta\\\/\"}]}<\/script>\n<!-- \/ Yoast SEO Premium plugin. -->","yoast_head_json":{"title":"Redada a D\u00e9nia: Cauen un traficant i un maltractador - Canfali","robots":{"index":"index","follow":"follow","max-snippet":"max-snippet:-1","max-image-preview":"max-image-preview:large","max-video-preview":"max-video-preview:-1"},"canonical":"https:\/\/canfali.com\/ca-es\/redada-a-denia-cauen-un-traficant-i-un-maltractador\/","og_locale":"en_US","og_type":"article","og_title":"Redada a D\u00e9nia: Cauen un traficant i un maltractador","og_description":"Un operatiu nocturn conjunt entre la Policia Local de D\u00e9nia, a trav\u00e9s de la Unitat de Prevenci\u00f3 i&hellip;","og_url":"https:\/\/canfali.com\/ca-es\/redada-a-denia-cauen-un-traficant-i-un-maltractador\/","og_site_name":"Canfali","article_publisher":"https:\/\/es-es.facebook.com\/CANFALIMarinaAlta","article_published_time":"2025-12-01T11:19:44+00:00","article_modified_time":"2025-12-01T11:23:14+00:00","og_image":[{"width":1600,"height":1200,"url":"https:\/\/canfali.com\/app\/uploads\/2025\/12\/590730629_1242360681270831_7653962256678115690_n.jpg","type":"image\/jpeg"}],"author":"Bolta","twitter_card":"summary_large_image","twitter_creator":"@canfalima","twitter_site":"@canfalima","twitter_misc":{"Written by":"Bolta","Est. reading time":"1 minute"},"schema":{"@context":"https:\/\/schema.org","@graph":[{"@type":"NewsArticle","@id":"https:\/\/canfali.com\/ca-es\/redada-a-denia-cauen-un-traficant-i-un-maltractador\/#article","isPartOf":{"@id":"https:\/\/canfali.com\/ca-es\/redada-a-denia-cauen-un-traficant-i-un-maltractador\/"},"author":{"name":"Bolta","@id":"https:\/\/canfali.com\/ca-es\/#\/schema\/person\/9c651adc904f3c4e0243f54407751557"},"headline":"Redada a D\u00e9nia: Cauen un traficant i un maltractador","datePublished":"2025-12-01T11:19:44+00:00","dateModified":"2025-12-01T11:23:14+00:00","mainEntityOfPage":{"@id":"https:\/\/canfali.com\/ca-es\/redada-a-denia-cauen-un-traficant-i-un-maltractador\/"},"wordCount":298,"publisher":{"@id":"https:\/\/canfali.com\/ca-es\/#organization"},"image":{"@id":"https:\/\/canfali.com\/ca-es\/redada-a-denia-cauen-un-traficant-i-un-maltractador\/#primaryimage"},"thumbnailUrl":"https:\/\/canfali.com\/app\/uploads\/2025\/12\/590730629_1242360681270831_7653962256678115690_n.jpg","keywords":["controls","droga","maltractador","Policia"],"articleSection":["Sucesos"],"inLanguage":"va-ES","copyrightYear":"2025","copyrightHolder":{"@id":"https:\/\/canfali.com\/#organization"}},{"@type":"WebPage","@id":"https:\/\/canfali.com\/ca-es\/redada-a-denia-cauen-un-traficant-i-un-maltractador\/","url":"https:\/\/canfali.com\/ca-es\/redada-a-denia-cauen-un-traficant-i-un-maltractador\/","name":"Redada a D\u00e9nia: Cauen un traficant i un maltractador - Canfali","isPartOf":{"@id":"https:\/\/canfali.com\/ca-es\/#website"},"primaryImageOfPage":{"@id":"https:\/\/canfali.com\/ca-es\/redada-a-denia-cauen-un-traficant-i-un-maltractador\/#primaryimage"},"image":{"@id":"https:\/\/canfali.com\/ca-es\/redada-a-denia-cauen-un-traficant-i-un-maltractador\/#primaryimage"},"thumbnailUrl":"https:\/\/canfali.com\/app\/uploads\/2025\/12\/590730629_1242360681270831_7653962256678115690_n.jpg","datePublished":"2025-12-01T11:19:44+00:00","dateModified":"2025-12-01T11:23:14+00:00","breadcrumb":{"@id":"https:\/\/canfali.com\/ca-es\/redada-a-denia-cauen-un-traficant-i-un-maltractador\/#breadcrumb"},"inLanguage":"va-ES","potentialAction":[{"@type":"ReadAction","target":["https:\/\/canfali.com\/ca-es\/redada-a-denia-cauen-un-traficant-i-un-maltractador\/"]}]},{"@type":"ImageObject","inLanguage":"va-ES","@id":"https:\/\/canfali.com\/ca-es\/redada-a-denia-cauen-un-traficant-i-un-maltractador\/#primaryimage","url":"https:\/\/canfali.com\/app\/uploads\/2025\/12\/590730629_1242360681270831_7653962256678115690_n.jpg","contentUrl":"https:\/\/canfali.com\/app\/uploads\/2025\/12\/590730629_1242360681270831_7653962256678115690_n.jpg","width":1600,"height":1200},{"@type":"BreadcrumbList","@id":"https:\/\/canfali.com\/ca-es\/redada-a-denia-cauen-un-traficant-i-un-maltractador\/#breadcrumb","itemListElement":[{"@type":"ListItem","position":1,"name":"Portada","item":"https:\/\/canfali.com\/ca-es\/"},{"@type":"ListItem","position":2,"name":"Redada a D\u00e9nia: Cauen un traficant i un maltractador"}]},{"@type":"WebSite","@id":"https:\/\/canfali.com\/ca-es\/#website","url":"https:\/\/canfali.com\/ca-es\/","name":"Canfali","description":"","publisher":{"@id":"https:\/\/canfali.com\/ca-es\/#organization"},"potentialAction":[{"@type":"SearchAction","target":{"@type":"EntryPoint","urlTemplate":"https:\/\/canfali.com\/ca-es\/?s={search_term_string}"},"query-input":{"@type":"PropertyValueSpecification","valueRequired":true,"valueName":"search_term_string"}}],"inLanguage":"va-ES"},{"@type":"Organization","@id":"https:\/\/canfali.com\/ca-es\/#organization","name":"Canfali","url":"https:\/\/canfali.com\/ca-es\/","logo":{"@type":"ImageObject","inLanguage":"va-ES","@id":"https:\/\/canfali.com\/ca-es\/#\/schema\/logo\/image\/","url":"https:\/\/canfali.com\/app\/uploads\/2025\/12\/canfali_marina_alta_logo.png","contentUrl":"https:\/\/canfali.com\/app\/uploads\/2025\/12\/canfali_marina_alta_logo.png","width":225,"height":225,"caption":"Canfali"},"image":{"@id":"https:\/\/canfali.com\/ca-es\/#\/schema\/logo\/image\/"},"sameAs":["https:\/\/es-es.facebook.com\/CANFALIMarinaAlta","https:\/\/x.com\/canfalima","https:\/\/www.instagram.com\/canfalimarinaalta\/"]},{"@type":"Person","@id":"https:\/\/canfali.com\/ca-es\/#\/schema\/person\/9c651adc904f3c4e0243f54407751557","name":"Bolta","image":{"@type":"ImageObject","inLanguage":"va-ES","@id":"https:\/\/secure.gravatar.com\/avatar\/550a5d97fe3cfba5caf077b9600e46529e1977e9d14396836e775d6d9d895a81?s=96&d=mm&r=g","url":"https:\/\/secure.gravatar.com\/avatar\/550a5d97fe3cfba5caf077b9600e46529e1977e9d14396836e775d6d9d895a81?s=96&d=mm&r=g","contentUrl":"https:\/\/secure.gravatar.com\/avatar\/550a5d97fe3cfba5caf077b9600e46529e1977e9d14396836e775d6d9d895a81?s=96&d=mm&r=g","caption":"Bolta"},"url":"https:\/\/canfali.com\/ca-es\/author\/bolta\/"}]}},"_links":{"self":[{"href":"https:\/\/canfali.com\/ca-es\/wp-json\/wp\/v2\/posts\/82912","targetHints":{"allow":["GET"]}}],"collection":[{"href":"https:\/\/canfali.com\/ca-es\/wp-json\/wp\/v2\/posts"}],"about":[{"href":"https:\/\/canfali.com\/ca-es\/wp-json\/wp\/v2\/types\/post"}],"author":[{"embeddable":true,"href":"https:\/\/canfali.com\/ca-es\/wp-json\/wp\/v2\/users\/7"}],"replies":[{"embeddable":true,"href":"https:\/\/canfali.com\/ca-es\/wp-json\/wp\/v2\/comments?post=82912"}],"version-history":[{"count":1,"href":"https:\/\/canfali.com\/ca-es\/wp-json\/wp\/v2\/posts\/82912\/revisions"}],"predecessor-version":[{"id":82913,"href":"https:\/\/canfali.com\/ca-es\/wp-json\/wp\/v2\/posts\/82912\/revisions\/82913"}],"wp:featuredmedia":[{"embeddable":true,"href":"https:\/\/canfali.com\/ca-es\/wp-json\/wp\/v2\/media\/82910"}],"wp:attachment":[{"href":"https:\/\/canfali.com\/ca-es\/wp-json\/wp\/v2\/media?parent=82912"}],"wp:term":[{"taxonomy":"category","embeddable":true,"href":"https:\/\/canfali.com\/ca-es\/wp-json\/wp\/v2\/categories?post=82912"},{"taxonomy":"post_tag","embeddable":true,"href":"https:\/\/canfali.com\/ca-es\/wp-json\/wp\/v2\/tags?post=82912"}],"curies":[{"name":"wp","href":"https:\/\/api.w.org\/{rel}","templated":true}]}}