{"id":82874,"date":"2025-12-01T09:07:41","date_gmt":"2025-12-01T08:07:41","guid":{"rendered":"https:\/\/canfali.com\/els-magazinos-encen-el-nadal\/"},"modified":"2025-12-01T09:10:23","modified_gmt":"2025-12-01T08:10:23","slug":"els-magazinos-encen-el-nadal","status":"publish","type":"post","link":"https:\/\/canfali.com\/ca-es\/els-magazinos-encen-el-nadal\/","title":{"rendered":"Els Magazinos encen el Nadal"},"content":{"rendered":"\n<p><\/p>\n\n<p>Els Magazinos, el mercat gastron\u00f2mic i cultural de D\u00e9nia, dona la benvinguda a Nadal amb el seu tradicional i extensa programaci\u00f3 sota el lema &#8220;Motius per a celebrar&#8221;. Esta temporada festiva, que abasta des de la inclusi\u00f3 i la gastronomia fins a la cultura i l&#8217;art jove, busca consolidar l&#8217;espai com l&#8217;epicentre de les celebracions de la Marina Alta. Amb la col\u00b7laboraci\u00f3 de Cervesa T\u00faria i una decoraci\u00f3 especial realitzada per APROSDECO, la pla\u00e7a D\u00e9nia \u00e9s Vida promet ser un punt de trobada m\u00e0gica durant el sol de l&#8217;hivern i les nits de Nadal.<br\/><br\/>\u00a0\u00a0\u00a0\u00a0\u00a0\u00a0\u00a0\u00a0\u00a0\u00a0\u00a0 <\/p>\n\n<p>La temporada nadalenca arranca oficialment el dimecres 3 de desembre, coincidint amb el Dia Internacional de les Persones amb Diversitat Funcional. A les 17 h es realitzar\u00e0 la primera encesa de llums al voltant de l&#8217;arbre de Nadal, decorat per Inspira Garden, simbolitzant &#8220;l&#8217;arbre amb m\u00e9s amor de D\u00e9nia&#8221;. Este acte inaugural anir\u00e0 acompanyat d&#8217;una &#8216;chocolat\u00e0&#8217; amb Coca Mar\u00eda en el restaurant A la Fresca, marcant l&#8217;inici d&#8217;un mes ple de trobades. A partir d&#8217;eixa data, l&#8217;encesa di\u00e0ria es mantindr\u00e0 a les 17 h. Un segon gran encesa tindr\u00e0 lloc el divendres 5 de desembre a les 18 h acompanyat per la m\u00fasica nadalenca del cor de Lady Elizabeth School. A la Fresca oferir\u00e0 diverses propostes de berenar nadalenc, incloent-hi el seu xocolate calent amb Coca Mar\u00eda de carabassa, va vindre calenta, galetes de gingebre amb Chai latte i altres elaboracions festives.<br\/><br\/>\u00a0\u00a0\u00a0\u00a0\u00a0\u00a0<\/p>\n\n<p>\u00a0\u00a0\u00a0\u00a0\u00a0 Una de les grans novetats \u00e9s l&#8217;alian\u00e7a entre Els Magazinos i l&#8217;alumnat de Lady Elizabeth School. Este acord convertix el mercat en un escenari viu on j\u00f3vens fot\u00f2grafs, m\u00fasics, actors i artistes exposaran el seu talent. La col\u00b7laboraci\u00f3 ja ha comen\u00e7at amb una jornada de fotografia a l&#8217;aire lliure amb estudiants de Batxillerat, el treball del qual culminar\u00e0 en una exposici\u00f3 fotogr\u00e0fica a la sala d&#8217;Els Magatzinos, oferint una visi\u00f3 moderna de l&#8217;entorn. La cultura es refor\u00e7a amb la Fundaci\u00f3 Bale\u00e0ria, que portar\u00e0 l&#8217;exposici\u00f3 \u201cL\u00ednia d&#8217;aigua\u201d de Fanny Galera a la Sala El Taller T\u00faria del 5 de desembre al 4 de gener. Aix\u00ed mateix, la m\u00fasica ser\u00e0 protagonista amb \u2018Nadal Sona\u2019 al desembre, una s\u00e8rie de concerts programats a la Terrassa Rosa i la pla\u00e7a D\u00e9nia \u00e9s vida per a promocionar grups de la Marina Alta.<br\/><br\/>\u00a0\u00a0\u00a0\u00a0\u00a0\u00a0\u00a0\u00a0\u00a0\u00a0<\/p>\n\n<p>\u00a0 Des del 3 de desembre fins al 6 de gener, el mercat ambulant nadalenc ser\u00e0 el cor de l&#8217;espai, funcionant tots els dies de 12 h a 19 h. Este mercat sostenible oferir\u00e0 productes de moda, artesania i gastronomia de proximitat, consolidant-se com un punt de trobada per a les compres responsables. Durant el pont de desembre, el dia 6 es realitzaran els tradicionals brindis amb Cervesa T\u00faria. A m\u00e9s, Els Magazinos convida a celebrar amb amics els Brindis de Nadal del 12 al 15 i del 19 al 21 de desembre, amb m\u00fasica i DJ\u2019s a la Terrassa Rosa.<br\/><br\/>\u00a0\u00a0\u00a0\u00a0\u00a0\u00a0\u00a0\u00a0\u00a0\u00a0\u00a0 <\/p>\n\n<p>El Carrer dels Sabors, amb les seues 23 propostes gastron\u00f2miques, convida als visitants a viatjar pel m\u00f3n sense eixir de D\u00e9nia. A trav\u00e9s del projecte Cuina de Territori, es destacaran plats elaborats amb productes de temporada i de proximitat. La celebraci\u00f3 de cap d&#8217;any tindr\u00e0 lloc el dimecres 31 de desembre en la pla\u00e7a D\u00e9nia \u00e9s vida, amb esmorzars, menjars, berenars, tardeos i sopar a la carta a &#8220;El Carrer dels sabors&#8221;, Els Cuinetes i A la Fresca. La pla\u00e7a ser\u00e0 l&#8217;epicentre per a veure les campanades en directe i donar la benvinguda al 2026.<br\/><br\/>\u00a0\u00a0\u00a0\u00a0\u00a0\u00a0\u00a0\u00a0\u00a0<\/p>\n\n<p>\u00a0\u00a0 Els m\u00e9s xicotets de la casa tindran el seu espai en el Rac\u00f3 dels Desitjos, on podran depositar les seues cartes. Pap\u00e0 Noel visitar\u00e0 Els Magazinos el diumenge 21 de desembre, de 12 h a 14 h. Eixe mateix dia, hi haur\u00e0 tallers de pintura i cer\u00e0mica (d&#8217;11 h a 12 h) i un taller de galetes i dol\u00e7os nadalencs (de 17 h a 19 h) a c\u00e0rrec d&#8217;Olga L\u00f3pez de Pepa Teresa i Diana Cervera de la Fresca. Finalment, els Reis Mags visitaran l&#8217;espai el 4 de gener, comptant amb una b\u00fastia especial realitzada per APROSDECO per a arreplegar les \u00faltimes cartes.<\/p>\n","protected":false},"excerpt":{"rendered":"Els Magazinos, el mercat gastron\u00f2mic i cultural de D\u00e9nia, dona la benvinguda a Nadal amb el seu tradicional&hellip;","protected":false},"author":7,"featured_media":82872,"comment_status":"closed","ping_status":"closed","sticky":false,"template":"","format":"standard","meta":{"csco_display_header_overlay":false,"csco_singular_sidebar":"","csco_page_header_type":"","csco_page_load_nextpost":"","csco_post_video_location":[],"csco_post_video_location_hash":"","csco_post_video_url":"","csco_post_video_bg_start_time":0,"csco_post_video_bg_end_time":0,"footnotes":""},"categories":[579],"tags":[5391,5392,4996],"class_list":{"0":"post-82874","1":"post","2":"type-post","3":"status-publish","4":"format-standard","5":"has-post-thumbnail","7":"category-cultura-2","8":"tag-els-magazinos-gastronomia","9":"tag-luces","10":"tag-nadal","11":"cs-entry","12":"cs-video-wrap"},"yoast_head":"<!-- This site is optimized with the Yoast SEO Premium plugin v26.6 (Yoast SEO v27.3) - https:\/\/yoast.com\/product\/yoast-seo-premium-wordpress\/ -->\n<title>Els Magazinos encen el Nadal - Canfali<\/title>\n<meta name=\"robots\" content=\"index, follow, max-snippet:-1, max-image-preview:large, max-video-preview:-1\" \/>\n<link rel=\"canonical\" href=\"https:\/\/canfali.com\/ca-es\/els-magazinos-encen-el-nadal\/\" \/>\n<meta property=\"og:locale\" content=\"en_US\" \/>\n<meta property=\"og:type\" content=\"article\" \/>\n<meta property=\"og:title\" content=\"Els Magazinos encen el Nadal\" \/>\n<meta property=\"og:description\" content=\"Els Magazinos, el mercat gastron\u00f2mic i cultural de D\u00e9nia, dona la benvinguda a Nadal amb el seu tradicional&hellip;\" \/>\n<meta property=\"og:url\" content=\"https:\/\/canfali.com\/ca-es\/els-magazinos-encen-el-nadal\/\" \/>\n<meta property=\"og:site_name\" content=\"Canfali\" \/>\n<meta property=\"article:publisher\" content=\"https:\/\/es-es.facebook.com\/CANFALIMarinaAlta\" \/>\n<meta property=\"article:published_time\" content=\"2025-12-01T08:07:41+00:00\" \/>\n<meta property=\"article:modified_time\" content=\"2025-12-01T08:10:23+00:00\" \/>\n<meta property=\"og:image\" content=\"https:\/\/canfali.com\/app\/uploads\/2025\/12\/magazinos-scaled.jpg\" \/>\n\t<meta property=\"og:image:width\" content=\"2560\" \/>\n\t<meta property=\"og:image:height\" content=\"1703\" \/>\n\t<meta property=\"og:image:type\" content=\"image\/jpeg\" \/>\n<meta name=\"author\" content=\"Bolta\" \/>\n<meta name=\"twitter:card\" content=\"summary_large_image\" \/>\n<meta name=\"twitter:creator\" content=\"@canfalima\" \/>\n<meta name=\"twitter:site\" content=\"@canfalima\" \/>\n<meta name=\"twitter:label1\" content=\"Written by\" \/>\n\t<meta name=\"twitter:data1\" content=\"Bolta\" \/>\n\t<meta name=\"twitter:label2\" content=\"Est. reading time\" \/>\n\t<meta name=\"twitter:data2\" content=\"3 minutes\" \/>\n<script type=\"application\/ld+json\" class=\"yoast-schema-graph\">{\"@context\":\"https:\\\/\\\/schema.org\",\"@graph\":[{\"@type\":\"NewsArticle\",\"@id\":\"https:\\\/\\\/canfali.com\\\/ca-es\\\/els-magazinos-encen-el-nadal\\\/#article\",\"isPartOf\":{\"@id\":\"https:\\\/\\\/canfali.com\\\/ca-es\\\/els-magazinos-encen-el-nadal\\\/\"},\"author\":{\"name\":\"Bolta\",\"@id\":\"https:\\\/\\\/canfali.com\\\/ca-es\\\/#\\\/schema\\\/person\\\/9c651adc904f3c4e0243f54407751557\"},\"headline\":\"Els Magazinos encen el Nadal\",\"datePublished\":\"2025-12-01T08:07:41+00:00\",\"dateModified\":\"2025-12-01T08:10:23+00:00\",\"mainEntityOfPage\":{\"@id\":\"https:\\\/\\\/canfali.com\\\/ca-es\\\/els-magazinos-encen-el-nadal\\\/\"},\"wordCount\":718,\"publisher\":{\"@id\":\"https:\\\/\\\/canfali.com\\\/ca-es\\\/#organization\"},\"image\":{\"@id\":\"https:\\\/\\\/canfali.com\\\/ca-es\\\/els-magazinos-encen-el-nadal\\\/#primaryimage\"},\"thumbnailUrl\":\"https:\\\/\\\/canfali.com\\\/app\\\/uploads\\\/2025\\\/12\\\/magazinos-scaled.jpg\",\"keywords\":[\"Els Magazinos Gastronomia\",\"luces\",\"Nadal\"],\"articleSection\":[\"Cultura\"],\"inLanguage\":\"va-ES\",\"copyrightYear\":\"2025\",\"copyrightHolder\":{\"@id\":\"https:\\\/\\\/canfali.com\\\/#organization\"}},{\"@type\":\"WebPage\",\"@id\":\"https:\\\/\\\/canfali.com\\\/ca-es\\\/els-magazinos-encen-el-nadal\\\/\",\"url\":\"https:\\\/\\\/canfali.com\\\/ca-es\\\/els-magazinos-encen-el-nadal\\\/\",\"name\":\"Els Magazinos encen el Nadal - Canfali\",\"isPartOf\":{\"@id\":\"https:\\\/\\\/canfali.com\\\/ca-es\\\/#website\"},\"primaryImageOfPage\":{\"@id\":\"https:\\\/\\\/canfali.com\\\/ca-es\\\/els-magazinos-encen-el-nadal\\\/#primaryimage\"},\"image\":{\"@id\":\"https:\\\/\\\/canfali.com\\\/ca-es\\\/els-magazinos-encen-el-nadal\\\/#primaryimage\"},\"thumbnailUrl\":\"https:\\\/\\\/canfali.com\\\/app\\\/uploads\\\/2025\\\/12\\\/magazinos-scaled.jpg\",\"datePublished\":\"2025-12-01T08:07:41+00:00\",\"dateModified\":\"2025-12-01T08:10:23+00:00\",\"breadcrumb\":{\"@id\":\"https:\\\/\\\/canfali.com\\\/ca-es\\\/els-magazinos-encen-el-nadal\\\/#breadcrumb\"},\"inLanguage\":\"va-ES\",\"potentialAction\":[{\"@type\":\"ReadAction\",\"target\":[\"https:\\\/\\\/canfali.com\\\/ca-es\\\/els-magazinos-encen-el-nadal\\\/\"]}]},{\"@type\":\"ImageObject\",\"inLanguage\":\"va-ES\",\"@id\":\"https:\\\/\\\/canfali.com\\\/ca-es\\\/els-magazinos-encen-el-nadal\\\/#primaryimage\",\"url\":\"https:\\\/\\\/canfali.com\\\/app\\\/uploads\\\/2025\\\/12\\\/magazinos-scaled.jpg\",\"contentUrl\":\"https:\\\/\\\/canfali.com\\\/app\\\/uploads\\\/2025\\\/12\\\/magazinos-scaled.jpg\",\"width\":2560,\"height\":1703},{\"@type\":\"BreadcrumbList\",\"@id\":\"https:\\\/\\\/canfali.com\\\/ca-es\\\/els-magazinos-encen-el-nadal\\\/#breadcrumb\",\"itemListElement\":[{\"@type\":\"ListItem\",\"position\":1,\"name\":\"Portada\",\"item\":\"https:\\\/\\\/canfali.com\\\/ca-es\\\/\"},{\"@type\":\"ListItem\",\"position\":2,\"name\":\"Els Magazinos encen el Nadal\"}]},{\"@type\":\"WebSite\",\"@id\":\"https:\\\/\\\/canfali.com\\\/ca-es\\\/#website\",\"url\":\"https:\\\/\\\/canfali.com\\\/ca-es\\\/\",\"name\":\"Canfali\",\"description\":\"\",\"publisher\":{\"@id\":\"https:\\\/\\\/canfali.com\\\/ca-es\\\/#organization\"},\"potentialAction\":[{\"@type\":\"SearchAction\",\"target\":{\"@type\":\"EntryPoint\",\"urlTemplate\":\"https:\\\/\\\/canfali.com\\\/ca-es\\\/?s={search_term_string}\"},\"query-input\":{\"@type\":\"PropertyValueSpecification\",\"valueRequired\":true,\"valueName\":\"search_term_string\"}}],\"inLanguage\":\"va-ES\"},{\"@type\":\"Organization\",\"@id\":\"https:\\\/\\\/canfali.com\\\/ca-es\\\/#organization\",\"name\":\"Canfali\",\"url\":\"https:\\\/\\\/canfali.com\\\/ca-es\\\/\",\"logo\":{\"@type\":\"ImageObject\",\"inLanguage\":\"va-ES\",\"@id\":\"https:\\\/\\\/canfali.com\\\/ca-es\\\/#\\\/schema\\\/logo\\\/image\\\/\",\"url\":\"https:\\\/\\\/canfali.com\\\/app\\\/uploads\\\/2025\\\/12\\\/canfali_marina_alta_logo.png\",\"contentUrl\":\"https:\\\/\\\/canfali.com\\\/app\\\/uploads\\\/2025\\\/12\\\/canfali_marina_alta_logo.png\",\"width\":225,\"height\":225,\"caption\":\"Canfali\"},\"image\":{\"@id\":\"https:\\\/\\\/canfali.com\\\/ca-es\\\/#\\\/schema\\\/logo\\\/image\\\/\"},\"sameAs\":[\"https:\\\/\\\/es-es.facebook.com\\\/CANFALIMarinaAlta\",\"https:\\\/\\\/x.com\\\/canfalima\",\"https:\\\/\\\/www.instagram.com\\\/canfalimarinaalta\\\/\"]},{\"@type\":\"Person\",\"@id\":\"https:\\\/\\\/canfali.com\\\/ca-es\\\/#\\\/schema\\\/person\\\/9c651adc904f3c4e0243f54407751557\",\"name\":\"Bolta\",\"image\":{\"@type\":\"ImageObject\",\"inLanguage\":\"va-ES\",\"@id\":\"https:\\\/\\\/secure.gravatar.com\\\/avatar\\\/550a5d97fe3cfba5caf077b9600e46529e1977e9d14396836e775d6d9d895a81?s=96&d=mm&r=g\",\"url\":\"https:\\\/\\\/secure.gravatar.com\\\/avatar\\\/550a5d97fe3cfba5caf077b9600e46529e1977e9d14396836e775d6d9d895a81?s=96&d=mm&r=g\",\"contentUrl\":\"https:\\\/\\\/secure.gravatar.com\\\/avatar\\\/550a5d97fe3cfba5caf077b9600e46529e1977e9d14396836e775d6d9d895a81?s=96&d=mm&r=g\",\"caption\":\"Bolta\"},\"url\":\"https:\\\/\\\/canfali.com\\\/ca-es\\\/author\\\/bolta\\\/\"}]}<\/script>\n<!-- \/ Yoast SEO Premium plugin. -->","yoast_head_json":{"title":"Els Magazinos encen el Nadal - Canfali","robots":{"index":"index","follow":"follow","max-snippet":"max-snippet:-1","max-image-preview":"max-image-preview:large","max-video-preview":"max-video-preview:-1"},"canonical":"https:\/\/canfali.com\/ca-es\/els-magazinos-encen-el-nadal\/","og_locale":"en_US","og_type":"article","og_title":"Els Magazinos encen el Nadal","og_description":"Els Magazinos, el mercat gastron\u00f2mic i cultural de D\u00e9nia, dona la benvinguda a Nadal amb el seu tradicional&hellip;","og_url":"https:\/\/canfali.com\/ca-es\/els-magazinos-encen-el-nadal\/","og_site_name":"Canfali","article_publisher":"https:\/\/es-es.facebook.com\/CANFALIMarinaAlta","article_published_time":"2025-12-01T08:07:41+00:00","article_modified_time":"2025-12-01T08:10:23+00:00","og_image":[{"width":2560,"height":1703,"url":"https:\/\/canfali.com\/app\/uploads\/2025\/12\/magazinos-scaled.jpg","type":"image\/jpeg"}],"author":"Bolta","twitter_card":"summary_large_image","twitter_creator":"@canfalima","twitter_site":"@canfalima","twitter_misc":{"Written by":"Bolta","Est. reading time":"3 minutes"},"schema":{"@context":"https:\/\/schema.org","@graph":[{"@type":"NewsArticle","@id":"https:\/\/canfali.com\/ca-es\/els-magazinos-encen-el-nadal\/#article","isPartOf":{"@id":"https:\/\/canfali.com\/ca-es\/els-magazinos-encen-el-nadal\/"},"author":{"name":"Bolta","@id":"https:\/\/canfali.com\/ca-es\/#\/schema\/person\/9c651adc904f3c4e0243f54407751557"},"headline":"Els Magazinos encen el Nadal","datePublished":"2025-12-01T08:07:41+00:00","dateModified":"2025-12-01T08:10:23+00:00","mainEntityOfPage":{"@id":"https:\/\/canfali.com\/ca-es\/els-magazinos-encen-el-nadal\/"},"wordCount":718,"publisher":{"@id":"https:\/\/canfali.com\/ca-es\/#organization"},"image":{"@id":"https:\/\/canfali.com\/ca-es\/els-magazinos-encen-el-nadal\/#primaryimage"},"thumbnailUrl":"https:\/\/canfali.com\/app\/uploads\/2025\/12\/magazinos-scaled.jpg","keywords":["Els Magazinos Gastronomia","luces","Nadal"],"articleSection":["Cultura"],"inLanguage":"va-ES","copyrightYear":"2025","copyrightHolder":{"@id":"https:\/\/canfali.com\/#organization"}},{"@type":"WebPage","@id":"https:\/\/canfali.com\/ca-es\/els-magazinos-encen-el-nadal\/","url":"https:\/\/canfali.com\/ca-es\/els-magazinos-encen-el-nadal\/","name":"Els Magazinos encen el Nadal - Canfali","isPartOf":{"@id":"https:\/\/canfali.com\/ca-es\/#website"},"primaryImageOfPage":{"@id":"https:\/\/canfali.com\/ca-es\/els-magazinos-encen-el-nadal\/#primaryimage"},"image":{"@id":"https:\/\/canfali.com\/ca-es\/els-magazinos-encen-el-nadal\/#primaryimage"},"thumbnailUrl":"https:\/\/canfali.com\/app\/uploads\/2025\/12\/magazinos-scaled.jpg","datePublished":"2025-12-01T08:07:41+00:00","dateModified":"2025-12-01T08:10:23+00:00","breadcrumb":{"@id":"https:\/\/canfali.com\/ca-es\/els-magazinos-encen-el-nadal\/#breadcrumb"},"inLanguage":"va-ES","potentialAction":[{"@type":"ReadAction","target":["https:\/\/canfali.com\/ca-es\/els-magazinos-encen-el-nadal\/"]}]},{"@type":"ImageObject","inLanguage":"va-ES","@id":"https:\/\/canfali.com\/ca-es\/els-magazinos-encen-el-nadal\/#primaryimage","url":"https:\/\/canfali.com\/app\/uploads\/2025\/12\/magazinos-scaled.jpg","contentUrl":"https:\/\/canfali.com\/app\/uploads\/2025\/12\/magazinos-scaled.jpg","width":2560,"height":1703},{"@type":"BreadcrumbList","@id":"https:\/\/canfali.com\/ca-es\/els-magazinos-encen-el-nadal\/#breadcrumb","itemListElement":[{"@type":"ListItem","position":1,"name":"Portada","item":"https:\/\/canfali.com\/ca-es\/"},{"@type":"ListItem","position":2,"name":"Els Magazinos encen el Nadal"}]},{"@type":"WebSite","@id":"https:\/\/canfali.com\/ca-es\/#website","url":"https:\/\/canfali.com\/ca-es\/","name":"Canfali","description":"","publisher":{"@id":"https:\/\/canfali.com\/ca-es\/#organization"},"potentialAction":[{"@type":"SearchAction","target":{"@type":"EntryPoint","urlTemplate":"https:\/\/canfali.com\/ca-es\/?s={search_term_string}"},"query-input":{"@type":"PropertyValueSpecification","valueRequired":true,"valueName":"search_term_string"}}],"inLanguage":"va-ES"},{"@type":"Organization","@id":"https:\/\/canfali.com\/ca-es\/#organization","name":"Canfali","url":"https:\/\/canfali.com\/ca-es\/","logo":{"@type":"ImageObject","inLanguage":"va-ES","@id":"https:\/\/canfali.com\/ca-es\/#\/schema\/logo\/image\/","url":"https:\/\/canfali.com\/app\/uploads\/2025\/12\/canfali_marina_alta_logo.png","contentUrl":"https:\/\/canfali.com\/app\/uploads\/2025\/12\/canfali_marina_alta_logo.png","width":225,"height":225,"caption":"Canfali"},"image":{"@id":"https:\/\/canfali.com\/ca-es\/#\/schema\/logo\/image\/"},"sameAs":["https:\/\/es-es.facebook.com\/CANFALIMarinaAlta","https:\/\/x.com\/canfalima","https:\/\/www.instagram.com\/canfalimarinaalta\/"]},{"@type":"Person","@id":"https:\/\/canfali.com\/ca-es\/#\/schema\/person\/9c651adc904f3c4e0243f54407751557","name":"Bolta","image":{"@type":"ImageObject","inLanguage":"va-ES","@id":"https:\/\/secure.gravatar.com\/avatar\/550a5d97fe3cfba5caf077b9600e46529e1977e9d14396836e775d6d9d895a81?s=96&d=mm&r=g","url":"https:\/\/secure.gravatar.com\/avatar\/550a5d97fe3cfba5caf077b9600e46529e1977e9d14396836e775d6d9d895a81?s=96&d=mm&r=g","contentUrl":"https:\/\/secure.gravatar.com\/avatar\/550a5d97fe3cfba5caf077b9600e46529e1977e9d14396836e775d6d9d895a81?s=96&d=mm&r=g","caption":"Bolta"},"url":"https:\/\/canfali.com\/ca-es\/author\/bolta\/"}]}},"_links":{"self":[{"href":"https:\/\/canfali.com\/ca-es\/wp-json\/wp\/v2\/posts\/82874","targetHints":{"allow":["GET"]}}],"collection":[{"href":"https:\/\/canfali.com\/ca-es\/wp-json\/wp\/v2\/posts"}],"about":[{"href":"https:\/\/canfali.com\/ca-es\/wp-json\/wp\/v2\/types\/post"}],"author":[{"embeddable":true,"href":"https:\/\/canfali.com\/ca-es\/wp-json\/wp\/v2\/users\/7"}],"replies":[{"embeddable":true,"href":"https:\/\/canfali.com\/ca-es\/wp-json\/wp\/v2\/comments?post=82874"}],"version-history":[{"count":1,"href":"https:\/\/canfali.com\/ca-es\/wp-json\/wp\/v2\/posts\/82874\/revisions"}],"predecessor-version":[{"id":82875,"href":"https:\/\/canfali.com\/ca-es\/wp-json\/wp\/v2\/posts\/82874\/revisions\/82875"}],"wp:featuredmedia":[{"embeddable":true,"href":"https:\/\/canfali.com\/ca-es\/wp-json\/wp\/v2\/media\/82872"}],"wp:attachment":[{"href":"https:\/\/canfali.com\/ca-es\/wp-json\/wp\/v2\/media?parent=82874"}],"wp:term":[{"taxonomy":"category","embeddable":true,"href":"https:\/\/canfali.com\/ca-es\/wp-json\/wp\/v2\/categories?post=82874"},{"taxonomy":"post_tag","embeddable":true,"href":"https:\/\/canfali.com\/ca-es\/wp-json\/wp\/v2\/tags?post=82874"}],"curies":[{"name":"wp","href":"https:\/\/api.w.org\/{rel}","templated":true}]}}