{"id":82861,"date":"2025-12-01T06:59:33","date_gmt":"2025-12-01T05:59:33","guid":{"rendered":"https:\/\/canfali.com\/segona-ffcv-el-benissa-assalta-el-liderat\/"},"modified":"2025-12-01T07:00:20","modified_gmt":"2025-12-01T06:00:20","slug":"segona-ffcv-el-benissa-assalta-el-liderat","status":"publish","type":"post","link":"https:\/\/canfali.com\/ca-es\/segona-ffcv-el-benissa-assalta-el-liderat\/","title":{"rendered":"Segona FFCV: El Benissa assalta el liderat"},"content":{"rendered":"\n<p>El Benissa va golejar per 5-0 el Foietes Benidorm i torna al m\u00e9s alt de la classificaci\u00f3 del Grup VII de la Segona FFCV, aprofitant els punxades de l\u2019Alf\u00e0s del Pi i del Benitatxell. Els benissers van encarrilar el partit en el primer minut amb un gol de David Molines i el 1-0 es va mantindre fins al minut 70, moment en qu\u00e8 van arribar els gols d\u2019Adri\u00e1n Ivars, Lorenzo, Luca i \u00c0lex per completar la golejada.<br\/><\/p>\n\n<figure class=\"wp-block-image size-large\"><img decoding=\"async\" src=\"https:\/\/canfali.com\/app\/uploads\/2025\/12\/8gorgos-1024x771.jpg.webp\" alt=\"\" class=\"wp-image-82858\"\/><\/figure>\n\n<p>En este mateix grup, el punxada del Benitatxell es va produir al camp del Gimn\u00e0stic de Sant Vicent, amb un marcador de 2-1. Els locals es van avan\u00e7ar a la mitja hora i el segon gol va arribar nom\u00e9s comen\u00e7ar la segona meitat. Els poblers van retallar dist\u00e0ncies en el minut 57 amb un gol de Justo, per\u00f2 va resultar insuficient per a la remuntada. La not\u00edcia positiva per als de Bisquert va ser el retorn de Javi Hern\u00e1ndez, encara que no es va poder celebrar amb vict\u00f2ria.<br\/><\/p>\n\n<p>La classificaci\u00f3 en la part alta d\u2019este grup continua molt ajustada, amb sis equips separats tan sols per tres punts.<br\/><\/p>\n\n<p>En el Grup VI de la Segona FFCV, nom\u00e9s el Gorgos va ser capa\u00e7 de guanyar, per 3-2 contra el Benifair\u00f3 de la Valldigna, en un partit en qu\u00e8 els gols van arribar en la segona meitat i que es va decantar per als locals ja amb el temps complit. El Benifair\u00f3 es va avan\u00e7ar en el minut 50 i Axel va igualar en el 66. De nou els visitants es van posar per davant en el 77, per\u00f2 el Gorgos li va donar la volta al marcador amb els gols d\u2019H\u00e9ctor Cloquell i un altre d\u2019Axel.<br\/><\/p>\n\n<p>L\u2019Orba no va poder en casa contra l\u2019Oliva, l\u00edder intratable del Grup VI de la Segona FFCV, davant del qual va caure per 1-2. I aix\u00f2 que els taronja es van avan\u00e7ar nom\u00e9s comen\u00e7ar la segona part amb un gol de V\u00edctor Colom, per\u00f2 l\u2019Oliva li va donar la volta al partit en nom\u00e9s deu minuts per endur-se els tres punts.<br\/><\/p>\n\n<p>Mentrestant, el Verger va perdre a Alginet per 3-1. Andr\u00e9s Riasco va marcar en la segona meitat quan l\u2019equip ja anava per darrere en el marcador, amb dos gols previs dels locals, que van sentenciar en l\u2019\u00faltim instant amb un altre tant.<br\/><\/p>\n","protected":false},"excerpt":{"rendered":"El Benissa va golejar per 5-0 el Foietes Benidorm i torna al m\u00e9s alt de la classificaci\u00f3 del&hellip;","protected":false},"author":8,"featured_media":82857,"comment_status":"closed","ping_status":"closed","sticky":false,"template":"","format":"standard","meta":{"csco_display_header_overlay":false,"csco_singular_sidebar":"","csco_page_header_type":"","csco_page_load_nextpost":"","csco_post_video_location":[],"csco_post_video_location_hash":"","csco_post_video_url":"","csco_post_video_bg_start_time":0,"csco_post_video_bg_end_time":0,"footnotes":""},"categories":[1],"tags":[],"class_list":{"0":"post-82861","1":"post","2":"type-post","3":"status-publish","4":"format-standard","5":"has-post-thumbnail","7":"category-sin-categorizar","8":"cs-entry","9":"cs-video-wrap"},"yoast_head":"<!-- This site is optimized with the Yoast SEO Premium plugin v26.6 (Yoast SEO v27.3) - https:\/\/yoast.com\/product\/yoast-seo-premium-wordpress\/ -->\n<title>Segona FFCV: El Benissa assalta el liderat - Canfali<\/title>\n<meta name=\"robots\" content=\"index, follow, max-snippet:-1, max-image-preview:large, max-video-preview:-1\" \/>\n<link rel=\"canonical\" href=\"https:\/\/canfali.com\/ca-es\/segona-ffcv-el-benissa-assalta-el-liderat\/\" \/>\n<meta property=\"og:locale\" content=\"en_US\" \/>\n<meta property=\"og:type\" content=\"article\" \/>\n<meta property=\"og:title\" content=\"Segona FFCV: El Benissa assalta el liderat\" \/>\n<meta property=\"og:description\" content=\"El Benissa va golejar per 5-0 el Foietes Benidorm i torna al m\u00e9s alt de la classificaci\u00f3 del&hellip;\" \/>\n<meta property=\"og:url\" content=\"https:\/\/canfali.com\/ca-es\/segona-ffcv-el-benissa-assalta-el-liderat\/\" \/>\n<meta property=\"og:site_name\" content=\"Canfali\" \/>\n<meta property=\"article:publisher\" content=\"https:\/\/es-es.facebook.com\/CANFALIMarinaAlta\" \/>\n<meta property=\"article:published_time\" content=\"2025-12-01T05:59:33+00:00\" \/>\n<meta property=\"article:modified_time\" content=\"2025-12-01T06:00:20+00:00\" \/>\n<meta property=\"og:image\" content=\"https:\/\/canfali.com\/app\/uploads\/2025\/12\/gorgos-benifairo15-scaled.jpg\" \/>\n\t<meta property=\"og:image:width\" content=\"2560\" \/>\n\t<meta property=\"og:image:height\" content=\"1707\" \/>\n\t<meta property=\"og:image:type\" content=\"image\/jpeg\" \/>\n<meta name=\"author\" content=\"Lluis\" \/>\n<meta name=\"twitter:card\" content=\"summary_large_image\" \/>\n<meta name=\"twitter:creator\" content=\"@canfalima\" \/>\n<meta name=\"twitter:site\" content=\"@canfalima\" \/>\n<meta name=\"twitter:label1\" content=\"Written by\" \/>\n\t<meta name=\"twitter:data1\" content=\"Lluis\" \/>\n\t<meta name=\"twitter:label2\" content=\"Est. reading time\" \/>\n\t<meta name=\"twitter:data2\" content=\"2 minutes\" \/>\n<script type=\"application\/ld+json\" class=\"yoast-schema-graph\">{\"@context\":\"https:\\\/\\\/schema.org\",\"@graph\":[{\"@type\":\"NewsArticle\",\"@id\":\"https:\\\/\\\/canfali.com\\\/ca-es\\\/segona-ffcv-el-benissa-assalta-el-liderat\\\/#article\",\"isPartOf\":{\"@id\":\"https:\\\/\\\/canfali.com\\\/ca-es\\\/segona-ffcv-el-benissa-assalta-el-liderat\\\/\"},\"author\":{\"name\":\"Lluis\",\"@id\":\"https:\\\/\\\/canfali.com\\\/ca-es\\\/#\\\/schema\\\/person\\\/f540a86fb33e10daaae53c59ceaa1194\"},\"headline\":\"Segona FFCV: El Benissa assalta el liderat\",\"datePublished\":\"2025-12-01T05:59:33+00:00\",\"dateModified\":\"2025-12-01T06:00:20+00:00\",\"mainEntityOfPage\":{\"@id\":\"https:\\\/\\\/canfali.com\\\/ca-es\\\/segona-ffcv-el-benissa-assalta-el-liderat\\\/\"},\"wordCount\":418,\"publisher\":{\"@id\":\"https:\\\/\\\/canfali.com\\\/ca-es\\\/#organization\"},\"image\":{\"@id\":\"https:\\\/\\\/canfali.com\\\/ca-es\\\/segona-ffcv-el-benissa-assalta-el-liderat\\\/#primaryimage\"},\"thumbnailUrl\":\"https:\\\/\\\/canfali.com\\\/app\\\/uploads\\\/2025\\\/12\\\/gorgos-benifairo15-scaled.jpg\",\"articleSection\":[\"Sin categorizar\"],\"inLanguage\":\"va-ES\",\"copyrightYear\":\"2025\",\"copyrightHolder\":{\"@id\":\"https:\\\/\\\/canfali.com\\\/#organization\"}},{\"@type\":\"WebPage\",\"@id\":\"https:\\\/\\\/canfali.com\\\/ca-es\\\/segona-ffcv-el-benissa-assalta-el-liderat\\\/\",\"url\":\"https:\\\/\\\/canfali.com\\\/ca-es\\\/segona-ffcv-el-benissa-assalta-el-liderat\\\/\",\"name\":\"Segona FFCV: El Benissa assalta el liderat - Canfali\",\"isPartOf\":{\"@id\":\"https:\\\/\\\/canfali.com\\\/ca-es\\\/#website\"},\"primaryImageOfPage\":{\"@id\":\"https:\\\/\\\/canfali.com\\\/ca-es\\\/segona-ffcv-el-benissa-assalta-el-liderat\\\/#primaryimage\"},\"image\":{\"@id\":\"https:\\\/\\\/canfali.com\\\/ca-es\\\/segona-ffcv-el-benissa-assalta-el-liderat\\\/#primaryimage\"},\"thumbnailUrl\":\"https:\\\/\\\/canfali.com\\\/app\\\/uploads\\\/2025\\\/12\\\/gorgos-benifairo15-scaled.jpg\",\"datePublished\":\"2025-12-01T05:59:33+00:00\",\"dateModified\":\"2025-12-01T06:00:20+00:00\",\"breadcrumb\":{\"@id\":\"https:\\\/\\\/canfali.com\\\/ca-es\\\/segona-ffcv-el-benissa-assalta-el-liderat\\\/#breadcrumb\"},\"inLanguage\":\"va-ES\",\"potentialAction\":[{\"@type\":\"ReadAction\",\"target\":[\"https:\\\/\\\/canfali.com\\\/ca-es\\\/segona-ffcv-el-benissa-assalta-el-liderat\\\/\"]}]},{\"@type\":\"ImageObject\",\"inLanguage\":\"va-ES\",\"@id\":\"https:\\\/\\\/canfali.com\\\/ca-es\\\/segona-ffcv-el-benissa-assalta-el-liderat\\\/#primaryimage\",\"url\":\"https:\\\/\\\/canfali.com\\\/app\\\/uploads\\\/2025\\\/12\\\/gorgos-benifairo15-scaled.jpg\",\"contentUrl\":\"https:\\\/\\\/canfali.com\\\/app\\\/uploads\\\/2025\\\/12\\\/gorgos-benifairo15-scaled.jpg\",\"width\":2560,\"height\":1707},{\"@type\":\"BreadcrumbList\",\"@id\":\"https:\\\/\\\/canfali.com\\\/ca-es\\\/segona-ffcv-el-benissa-assalta-el-liderat\\\/#breadcrumb\",\"itemListElement\":[{\"@type\":\"ListItem\",\"position\":1,\"name\":\"Portada\",\"item\":\"https:\\\/\\\/canfali.com\\\/ca-es\\\/\"},{\"@type\":\"ListItem\",\"position\":2,\"name\":\"Segona FFCV: El Benissa assalta el liderat\"}]},{\"@type\":\"WebSite\",\"@id\":\"https:\\\/\\\/canfali.com\\\/ca-es\\\/#website\",\"url\":\"https:\\\/\\\/canfali.com\\\/ca-es\\\/\",\"name\":\"Canfali\",\"description\":\"\",\"publisher\":{\"@id\":\"https:\\\/\\\/canfali.com\\\/ca-es\\\/#organization\"},\"potentialAction\":[{\"@type\":\"SearchAction\",\"target\":{\"@type\":\"EntryPoint\",\"urlTemplate\":\"https:\\\/\\\/canfali.com\\\/ca-es\\\/?s={search_term_string}\"},\"query-input\":{\"@type\":\"PropertyValueSpecification\",\"valueRequired\":true,\"valueName\":\"search_term_string\"}}],\"inLanguage\":\"va-ES\"},{\"@type\":\"Organization\",\"@id\":\"https:\\\/\\\/canfali.com\\\/ca-es\\\/#organization\",\"name\":\"Canfali\",\"url\":\"https:\\\/\\\/canfali.com\\\/ca-es\\\/\",\"logo\":{\"@type\":\"ImageObject\",\"inLanguage\":\"va-ES\",\"@id\":\"https:\\\/\\\/canfali.com\\\/ca-es\\\/#\\\/schema\\\/logo\\\/image\\\/\",\"url\":\"https:\\\/\\\/canfali.com\\\/app\\\/uploads\\\/2025\\\/12\\\/canfali_marina_alta_logo.png\",\"contentUrl\":\"https:\\\/\\\/canfali.com\\\/app\\\/uploads\\\/2025\\\/12\\\/canfali_marina_alta_logo.png\",\"width\":225,\"height\":225,\"caption\":\"Canfali\"},\"image\":{\"@id\":\"https:\\\/\\\/canfali.com\\\/ca-es\\\/#\\\/schema\\\/logo\\\/image\\\/\"},\"sameAs\":[\"https:\\\/\\\/es-es.facebook.com\\\/CANFALIMarinaAlta\",\"https:\\\/\\\/x.com\\\/canfalima\",\"https:\\\/\\\/www.instagram.com\\\/canfalimarinaalta\\\/\"]},{\"@type\":\"Person\",\"@id\":\"https:\\\/\\\/canfali.com\\\/ca-es\\\/#\\\/schema\\\/person\\\/f540a86fb33e10daaae53c59ceaa1194\",\"name\":\"Lluis\",\"image\":{\"@type\":\"ImageObject\",\"inLanguage\":\"va-ES\",\"@id\":\"https:\\\/\\\/secure.gravatar.com\\\/avatar\\\/a21ec8835290e4e02ed0886b8cb327d807d0eb6ec8ccf25d4c2a0a415f506c0d?s=96&d=mm&r=g\",\"url\":\"https:\\\/\\\/secure.gravatar.com\\\/avatar\\\/a21ec8835290e4e02ed0886b8cb327d807d0eb6ec8ccf25d4c2a0a415f506c0d?s=96&d=mm&r=g\",\"contentUrl\":\"https:\\\/\\\/secure.gravatar.com\\\/avatar\\\/a21ec8835290e4e02ed0886b8cb327d807d0eb6ec8ccf25d4c2a0a415f506c0d?s=96&d=mm&r=g\",\"caption\":\"Lluis\"},\"url\":\"https:\\\/\\\/canfali.com\\\/ca-es\\\/author\\\/lluis\\\/\"}]}<\/script>\n<!-- \/ Yoast SEO Premium plugin. -->","yoast_head_json":{"title":"Segona FFCV: El Benissa assalta el liderat - Canfali","robots":{"index":"index","follow":"follow","max-snippet":"max-snippet:-1","max-image-preview":"max-image-preview:large","max-video-preview":"max-video-preview:-1"},"canonical":"https:\/\/canfali.com\/ca-es\/segona-ffcv-el-benissa-assalta-el-liderat\/","og_locale":"en_US","og_type":"article","og_title":"Segona FFCV: El Benissa assalta el liderat","og_description":"El Benissa va golejar per 5-0 el Foietes Benidorm i torna al m\u00e9s alt de la classificaci\u00f3 del&hellip;","og_url":"https:\/\/canfali.com\/ca-es\/segona-ffcv-el-benissa-assalta-el-liderat\/","og_site_name":"Canfali","article_publisher":"https:\/\/es-es.facebook.com\/CANFALIMarinaAlta","article_published_time":"2025-12-01T05:59:33+00:00","article_modified_time":"2025-12-01T06:00:20+00:00","og_image":[{"width":2560,"height":1707,"url":"https:\/\/canfali.com\/app\/uploads\/2025\/12\/gorgos-benifairo15-scaled.jpg","type":"image\/jpeg"}],"author":"Lluis","twitter_card":"summary_large_image","twitter_creator":"@canfalima","twitter_site":"@canfalima","twitter_misc":{"Written by":"Lluis","Est. reading time":"2 minutes"},"schema":{"@context":"https:\/\/schema.org","@graph":[{"@type":"NewsArticle","@id":"https:\/\/canfali.com\/ca-es\/segona-ffcv-el-benissa-assalta-el-liderat\/#article","isPartOf":{"@id":"https:\/\/canfali.com\/ca-es\/segona-ffcv-el-benissa-assalta-el-liderat\/"},"author":{"name":"Lluis","@id":"https:\/\/canfali.com\/ca-es\/#\/schema\/person\/f540a86fb33e10daaae53c59ceaa1194"},"headline":"Segona FFCV: El Benissa assalta el liderat","datePublished":"2025-12-01T05:59:33+00:00","dateModified":"2025-12-01T06:00:20+00:00","mainEntityOfPage":{"@id":"https:\/\/canfali.com\/ca-es\/segona-ffcv-el-benissa-assalta-el-liderat\/"},"wordCount":418,"publisher":{"@id":"https:\/\/canfali.com\/ca-es\/#organization"},"image":{"@id":"https:\/\/canfali.com\/ca-es\/segona-ffcv-el-benissa-assalta-el-liderat\/#primaryimage"},"thumbnailUrl":"https:\/\/canfali.com\/app\/uploads\/2025\/12\/gorgos-benifairo15-scaled.jpg","articleSection":["Sin categorizar"],"inLanguage":"va-ES","copyrightYear":"2025","copyrightHolder":{"@id":"https:\/\/canfali.com\/#organization"}},{"@type":"WebPage","@id":"https:\/\/canfali.com\/ca-es\/segona-ffcv-el-benissa-assalta-el-liderat\/","url":"https:\/\/canfali.com\/ca-es\/segona-ffcv-el-benissa-assalta-el-liderat\/","name":"Segona FFCV: El Benissa assalta el liderat - Canfali","isPartOf":{"@id":"https:\/\/canfali.com\/ca-es\/#website"},"primaryImageOfPage":{"@id":"https:\/\/canfali.com\/ca-es\/segona-ffcv-el-benissa-assalta-el-liderat\/#primaryimage"},"image":{"@id":"https:\/\/canfali.com\/ca-es\/segona-ffcv-el-benissa-assalta-el-liderat\/#primaryimage"},"thumbnailUrl":"https:\/\/canfali.com\/app\/uploads\/2025\/12\/gorgos-benifairo15-scaled.jpg","datePublished":"2025-12-01T05:59:33+00:00","dateModified":"2025-12-01T06:00:20+00:00","breadcrumb":{"@id":"https:\/\/canfali.com\/ca-es\/segona-ffcv-el-benissa-assalta-el-liderat\/#breadcrumb"},"inLanguage":"va-ES","potentialAction":[{"@type":"ReadAction","target":["https:\/\/canfali.com\/ca-es\/segona-ffcv-el-benissa-assalta-el-liderat\/"]}]},{"@type":"ImageObject","inLanguage":"va-ES","@id":"https:\/\/canfali.com\/ca-es\/segona-ffcv-el-benissa-assalta-el-liderat\/#primaryimage","url":"https:\/\/canfali.com\/app\/uploads\/2025\/12\/gorgos-benifairo15-scaled.jpg","contentUrl":"https:\/\/canfali.com\/app\/uploads\/2025\/12\/gorgos-benifairo15-scaled.jpg","width":2560,"height":1707},{"@type":"BreadcrumbList","@id":"https:\/\/canfali.com\/ca-es\/segona-ffcv-el-benissa-assalta-el-liderat\/#breadcrumb","itemListElement":[{"@type":"ListItem","position":1,"name":"Portada","item":"https:\/\/canfali.com\/ca-es\/"},{"@type":"ListItem","position":2,"name":"Segona FFCV: El Benissa assalta el liderat"}]},{"@type":"WebSite","@id":"https:\/\/canfali.com\/ca-es\/#website","url":"https:\/\/canfali.com\/ca-es\/","name":"Canfali","description":"","publisher":{"@id":"https:\/\/canfali.com\/ca-es\/#organization"},"potentialAction":[{"@type":"SearchAction","target":{"@type":"EntryPoint","urlTemplate":"https:\/\/canfali.com\/ca-es\/?s={search_term_string}"},"query-input":{"@type":"PropertyValueSpecification","valueRequired":true,"valueName":"search_term_string"}}],"inLanguage":"va-ES"},{"@type":"Organization","@id":"https:\/\/canfali.com\/ca-es\/#organization","name":"Canfali","url":"https:\/\/canfali.com\/ca-es\/","logo":{"@type":"ImageObject","inLanguage":"va-ES","@id":"https:\/\/canfali.com\/ca-es\/#\/schema\/logo\/image\/","url":"https:\/\/canfali.com\/app\/uploads\/2025\/12\/canfali_marina_alta_logo.png","contentUrl":"https:\/\/canfali.com\/app\/uploads\/2025\/12\/canfali_marina_alta_logo.png","width":225,"height":225,"caption":"Canfali"},"image":{"@id":"https:\/\/canfali.com\/ca-es\/#\/schema\/logo\/image\/"},"sameAs":["https:\/\/es-es.facebook.com\/CANFALIMarinaAlta","https:\/\/x.com\/canfalima","https:\/\/www.instagram.com\/canfalimarinaalta\/"]},{"@type":"Person","@id":"https:\/\/canfali.com\/ca-es\/#\/schema\/person\/f540a86fb33e10daaae53c59ceaa1194","name":"Lluis","image":{"@type":"ImageObject","inLanguage":"va-ES","@id":"https:\/\/secure.gravatar.com\/avatar\/a21ec8835290e4e02ed0886b8cb327d807d0eb6ec8ccf25d4c2a0a415f506c0d?s=96&d=mm&r=g","url":"https:\/\/secure.gravatar.com\/avatar\/a21ec8835290e4e02ed0886b8cb327d807d0eb6ec8ccf25d4c2a0a415f506c0d?s=96&d=mm&r=g","contentUrl":"https:\/\/secure.gravatar.com\/avatar\/a21ec8835290e4e02ed0886b8cb327d807d0eb6ec8ccf25d4c2a0a415f506c0d?s=96&d=mm&r=g","caption":"Lluis"},"url":"https:\/\/canfali.com\/ca-es\/author\/lluis\/"}]}},"_links":{"self":[{"href":"https:\/\/canfali.com\/ca-es\/wp-json\/wp\/v2\/posts\/82861","targetHints":{"allow":["GET"]}}],"collection":[{"href":"https:\/\/canfali.com\/ca-es\/wp-json\/wp\/v2\/posts"}],"about":[{"href":"https:\/\/canfali.com\/ca-es\/wp-json\/wp\/v2\/types\/post"}],"author":[{"embeddable":true,"href":"https:\/\/canfali.com\/ca-es\/wp-json\/wp\/v2\/users\/8"}],"replies":[{"embeddable":true,"href":"https:\/\/canfali.com\/ca-es\/wp-json\/wp\/v2\/comments?post=82861"}],"version-history":[{"count":1,"href":"https:\/\/canfali.com\/ca-es\/wp-json\/wp\/v2\/posts\/82861\/revisions"}],"predecessor-version":[{"id":82862,"href":"https:\/\/canfali.com\/ca-es\/wp-json\/wp\/v2\/posts\/82861\/revisions\/82862"}],"wp:featuredmedia":[{"embeddable":true,"href":"https:\/\/canfali.com\/ca-es\/wp-json\/wp\/v2\/media\/82857"}],"wp:attachment":[{"href":"https:\/\/canfali.com\/ca-es\/wp-json\/wp\/v2\/media?parent=82861"}],"wp:term":[{"taxonomy":"category","embeddable":true,"href":"https:\/\/canfali.com\/ca-es\/wp-json\/wp\/v2\/categories?post=82861"},{"taxonomy":"post_tag","embeddable":true,"href":"https:\/\/canfali.com\/ca-es\/wp-json\/wp\/v2\/tags?post=82861"}],"curies":[{"name":"wp","href":"https:\/\/api.w.org\/{rel}","templated":true}]}}