{"id":82809,"date":"2025-11-29T21:52:34","date_gmt":"2025-11-29T20:52:34","guid":{"rendered":"https:\/\/canfali.com\/cinc-nous-membres-per-a-la-banda-de-pedreguer\/"},"modified":"2025-11-30T08:11:35","modified_gmt":"2025-11-30T07:11:35","slug":"cinc-nous-membres-per-a-la-banda-de-pedreguer","status":"publish","type":"post","link":"https:\/\/canfali.com\/ca-es\/cinc-nous-membres-per-a-la-banda-de-pedreguer\/","title":{"rendered":"Cinc nous membres per a la banda de Pedreguer"},"content":{"rendered":"\n<figure class=\"wp-block-image size-large\"><img decoding=\"async\" src=\"https:\/\/canfali.com\/app\/uploads\/2025\/11\/8musica19-1024x683.jpg.webp\" alt=\"\" class=\"wp-image-82769\"\/><\/figure>\n\n<figure class=\"wp-block-gallery has-nested-images columns-default is-cropped wp-block-gallery-15 is-layout-flex wp-block-gallery-is-layout-flex\">\n<figure class=\"wp-block-image size-large\"><img decoding=\"async\" data-id=\"82772\" src=\"https:\/\/canfali.com\/app\/uploads\/2025\/11\/8musica22-1024x683.jpg.webp\" alt=\"\" class=\"wp-image-82772\"\/><\/figure>\n<\/figure>\n\n<p><p class=\"p1\">La banda de m\u00fasica del Centre Art\u00edstic Musical de Pedreguer est\u00e0 en plenes celebracions de les festes en honor a la patrona Santa Cec\u00edlia. Este dissabte ha tingut lloc la tradicional cercavila per donar entrada als nous membres del grup.&#13;\nEn total s\u00f3n cinc joves els que s\u2019han incorporat enguany: Eric Bidault Vives (saxo); Iker Sebasti\u00e0 Sim\u00f3 (saxo); Maria Moraru Escriv\u00e0 (flauta); Emma Morant Femen\u00eda (oboe); i Rub\u00e9n Fern\u00e1ndez Morata (saxo).<\/p><\/p>\n\n<figure class=\"wp-block-image size-large\"><img decoding=\"async\" src=\"https:\/\/canfali.com\/app\/uploads\/2025\/11\/8musica29-1-1024x683.jpg.webp\" alt=\"\" class=\"wp-image-82774\"\/><\/figure>\n\n<p>A m\u00e9s, una altra de les novetats d\u2019enguany \u00e9s el nou director que s\u2019ha fet c\u00e0rrec del grup des de fa nom\u00e9s unes setmanes. Es tracta de Javier Fern\u00e1ndez, music\u00f2leg nascut a Val\u00e8ncia que compta amb un t\u00edtol d\u2019Ensenyances Professionals de M\u00fasica, especialitzat en saxo, i el T\u00edtol d\u2019Ensenyances Superiors especialitzat en musicologia, a m\u00e9s d\u2019un M\u00e0ster en Investigaci\u00f3 Musical.<br\/><\/p>\n\n<figure class=\"wp-block-image size-large\"><img decoding=\"async\" src=\"https:\/\/canfali.com\/app\/uploads\/2025\/11\/8musica37-1024x683.jpg.webp\" alt=\"\" class=\"wp-image-82776\"\/><\/figure>\n\n<p>El programa dedicat a Santa Cec\u00edlia es va encetar el passat divendres 15 de novembre amb un concert a la Pista Espai Cultural. El calendari conclour\u00e0 el proper dilluns 8 de desembre amb el Concert de la Pur\u00edssima, a les 13 hores, des de la Pla\u00e7a de l\u2019Amistat.<br\/><\/p>\n\n<figure class=\"wp-block-image size-large\"><img decoding=\"async\" src=\"https:\/\/canfali.com\/app\/uploads\/2025\/11\/8musica41-1024x683.jpg.webp\" alt=\"\" class=\"wp-image-82780\"\/><\/figure>\n\n<figure class=\"wp-block-image size-large\"><img decoding=\"async\" src=\"https:\/\/canfali.com\/app\/uploads\/2025\/11\/8musica47-1024x683.jpg.webp\" alt=\"\" class=\"wp-image-82778\"\/><\/figure>\n\n<figure class=\"wp-block-gallery has-nested-images columns-default is-cropped wp-block-gallery-16 is-layout-flex wp-block-gallery-is-layout-flex\">\n<figure class=\"wp-block-image size-large\"><img decoding=\"async\" data-id=\"82782\" src=\"https:\/\/canfali.com\/app\/uploads\/2025\/11\/8musica49-1024x683.jpg.webp\" alt=\"\" class=\"wp-image-82782\"\/><\/figure>\n\n\n\n<figure class=\"wp-block-image size-large\"><img decoding=\"async\" data-id=\"82783\" src=\"https:\/\/canfali.com\/app\/uploads\/2025\/11\/8musica53-1024x683.jpg.webp\" alt=\"\" class=\"wp-image-82783\"\/><\/figure>\n<\/figure>\n\n<figure class=\"wp-block-image size-large\"><img decoding=\"async\" src=\"https:\/\/canfali.com\/app\/uploads\/2025\/11\/8musica35-1-1024x683.jpg.webp\" alt=\"\" class=\"wp-image-82806\"\/><\/figure>\n\n<figure class=\"wp-block-gallery has-nested-images columns-default is-cropped wp-block-gallery-17 is-layout-flex wp-block-gallery-is-layout-flex\">\n<figure class=\"wp-block-image size-large\"><img decoding=\"async\" data-id=\"82790\" src=\"https:\/\/canfali.com\/app\/uploads\/2025\/11\/8musica14-1024x683.jpg.webp\" alt=\"\" class=\"wp-image-82790\"\/><\/figure>\n\n\n\n<figure class=\"wp-block-image size-large\"><img decoding=\"async\" data-id=\"82792\" src=\"https:\/\/canfali.com\/app\/uploads\/2025\/11\/8musica16-1024x683.jpg.webp\" alt=\"\" class=\"wp-image-82792\"\/><\/figure>\n<\/figure>\n\n<figure class=\"wp-block-gallery has-nested-images columns-default is-cropped wp-block-gallery-18 is-layout-flex wp-block-gallery-is-layout-flex\">\n<figure class=\"wp-block-image size-large\"><img decoding=\"async\" data-id=\"82794\" src=\"https:\/\/canfali.com\/app\/uploads\/2025\/11\/8musica4-1024x683.jpg.webp\" alt=\"\" class=\"wp-image-82794\"\/><\/figure>\n\n\n\n<figure class=\"wp-block-image size-large\"><img decoding=\"async\" data-id=\"82796\" src=\"https:\/\/canfali.com\/app\/uploads\/2025\/11\/8musica8-1024x683.jpg.webp\" alt=\"\" class=\"wp-image-82796\"\/><\/figure>\n<\/figure>\n\n<figure class=\"wp-block-gallery has-nested-images columns-default is-cropped wp-block-gallery-19 is-layout-flex wp-block-gallery-is-layout-flex\">\n<figure class=\"wp-block-image size-large\"><img decoding=\"async\" data-id=\"82800\" src=\"https:\/\/canfali.com\/app\/uploads\/2025\/11\/8musica1-1024x683.jpg.webp\" alt=\"\" class=\"wp-image-82800\"\/><\/figure>\n\n\n\n<figure class=\"wp-block-image size-large\"><img decoding=\"async\" data-id=\"82798\" src=\"https:\/\/canfali.com\/app\/uploads\/2025\/11\/8musica3-1024x683.jpg.webp\" alt=\"\" class=\"wp-image-82798\"\/><\/figure>\n<\/figure>\n","protected":false},"excerpt":{"rendered":"La banda de m\u00fasica del Centre Art\u00edstic Musical de Pedreguer est\u00e0 en plenes celebracions de les festes en&hellip;","protected":false},"author":8,"featured_media":82768,"comment_status":"closed","ping_status":"closed","sticky":false,"template":"","format":"standard","meta":{"csco_display_header_overlay":false,"csco_singular_sidebar":"","csco_page_header_type":"","csco_page_load_nextpost":"","csco_post_video_location":[],"csco_post_video_location_hash":"","csco_post_video_url":"","csco_post_video_bg_start_time":0,"csco_post_video_bg_end_time":0,"footnotes":""},"categories":[579,597],"tags":[],"class_list":{"0":"post-82809","1":"post","2":"type-post","3":"status-publish","4":"format-standard","5":"has-post-thumbnail","7":"category-cultura-2","8":"category-cultura-ca-es","9":"cs-entry","10":"cs-video-wrap"},"yoast_head":"<!-- This site is optimized with the Yoast SEO Premium plugin v26.6 (Yoast SEO v27.3) - https:\/\/yoast.com\/product\/yoast-seo-premium-wordpress\/ -->\n<title>Cinc nous membres per a la banda de Pedreguer - Canfali<\/title>\n<meta name=\"robots\" content=\"index, follow, max-snippet:-1, max-image-preview:large, max-video-preview:-1\" \/>\n<link rel=\"canonical\" href=\"https:\/\/canfali.com\/ca-es\/cinc-nous-membres-per-a-la-banda-de-pedreguer\/\" \/>\n<meta property=\"og:locale\" content=\"en_US\" \/>\n<meta property=\"og:type\" content=\"article\" \/>\n<meta property=\"og:title\" content=\"Cinc nous membres per a la banda de Pedreguer\" \/>\n<meta property=\"og:description\" content=\"La banda de m\u00fasica del Centre Art\u00edstic Musical de Pedreguer est\u00e0 en plenes celebracions de les festes en&hellip;\" \/>\n<meta property=\"og:url\" content=\"https:\/\/canfali.com\/ca-es\/cinc-nous-membres-per-a-la-banda-de-pedreguer\/\" \/>\n<meta property=\"og:site_name\" content=\"Canfali\" \/>\n<meta property=\"article:publisher\" content=\"https:\/\/es-es.facebook.com\/CANFALIMarinaAlta\" \/>\n<meta property=\"article:published_time\" content=\"2025-11-29T20:52:34+00:00\" \/>\n<meta property=\"article:modified_time\" content=\"2025-11-30T07:11:35+00:00\" \/>\n<meta property=\"og:image\" content=\"https:\/\/canfali.com\/app\/uploads\/2025\/11\/8musica11-scaled.jpg\" \/>\n\t<meta property=\"og:image:width\" content=\"2560\" \/>\n\t<meta property=\"og:image:height\" content=\"1707\" \/>\n\t<meta property=\"og:image:type\" content=\"image\/jpeg\" \/>\n<meta name=\"author\" content=\"Lluis\" \/>\n<meta name=\"twitter:card\" content=\"summary_large_image\" \/>\n<meta name=\"twitter:creator\" content=\"@canfalima\" \/>\n<meta name=\"twitter:site\" content=\"@canfalima\" \/>\n<meta name=\"twitter:label1\" content=\"Written by\" \/>\n\t<meta name=\"twitter:data1\" content=\"Lluis\" \/>\n\t<meta name=\"twitter:label2\" content=\"Est. reading time\" \/>\n\t<meta name=\"twitter:data2\" content=\"1 minute\" \/>\n<script type=\"application\/ld+json\" class=\"yoast-schema-graph\">{\"@context\":\"https:\\\/\\\/schema.org\",\"@graph\":[{\"@type\":\"NewsArticle\",\"@id\":\"https:\\\/\\\/canfali.com\\\/ca-es\\\/cinc-nous-membres-per-a-la-banda-de-pedreguer\\\/#article\",\"isPartOf\":{\"@id\":\"https:\\\/\\\/canfali.com\\\/ca-es\\\/cinc-nous-membres-per-a-la-banda-de-pedreguer\\\/\"},\"author\":{\"name\":\"Lluis\",\"@id\":\"https:\\\/\\\/canfali.com\\\/ca-es\\\/#\\\/schema\\\/person\\\/f540a86fb33e10daaae53c59ceaa1194\"},\"headline\":\"Cinc nous membres per a la banda de Pedreguer\",\"datePublished\":\"2025-11-29T20:52:34+00:00\",\"dateModified\":\"2025-11-30T07:11:35+00:00\",\"mainEntityOfPage\":{\"@id\":\"https:\\\/\\\/canfali.com\\\/ca-es\\\/cinc-nous-membres-per-a-la-banda-de-pedreguer\\\/\"},\"wordCount\":213,\"publisher\":{\"@id\":\"https:\\\/\\\/canfali.com\\\/ca-es\\\/#organization\"},\"image\":{\"@id\":\"https:\\\/\\\/canfali.com\\\/ca-es\\\/cinc-nous-membres-per-a-la-banda-de-pedreguer\\\/#primaryimage\"},\"thumbnailUrl\":\"https:\\\/\\\/canfali.com\\\/app\\\/uploads\\\/2025\\\/11\\\/8musica11-scaled.jpg\",\"articleSection\":[\"Cultura\",\"Cultura\"],\"inLanguage\":\"va-ES\",\"copyrightYear\":\"2025\",\"copyrightHolder\":{\"@id\":\"https:\\\/\\\/canfali.com\\\/#organization\"}},{\"@type\":\"WebPage\",\"@id\":\"https:\\\/\\\/canfali.com\\\/ca-es\\\/cinc-nous-membres-per-a-la-banda-de-pedreguer\\\/\",\"url\":\"https:\\\/\\\/canfali.com\\\/ca-es\\\/cinc-nous-membres-per-a-la-banda-de-pedreguer\\\/\",\"name\":\"Cinc nous membres per a la banda de Pedreguer - Canfali\",\"isPartOf\":{\"@id\":\"https:\\\/\\\/canfali.com\\\/ca-es\\\/#website\"},\"primaryImageOfPage\":{\"@id\":\"https:\\\/\\\/canfali.com\\\/ca-es\\\/cinc-nous-membres-per-a-la-banda-de-pedreguer\\\/#primaryimage\"},\"image\":{\"@id\":\"https:\\\/\\\/canfali.com\\\/ca-es\\\/cinc-nous-membres-per-a-la-banda-de-pedreguer\\\/#primaryimage\"},\"thumbnailUrl\":\"https:\\\/\\\/canfali.com\\\/app\\\/uploads\\\/2025\\\/11\\\/8musica11-scaled.jpg\",\"datePublished\":\"2025-11-29T20:52:34+00:00\",\"dateModified\":\"2025-11-30T07:11:35+00:00\",\"breadcrumb\":{\"@id\":\"https:\\\/\\\/canfali.com\\\/ca-es\\\/cinc-nous-membres-per-a-la-banda-de-pedreguer\\\/#breadcrumb\"},\"inLanguage\":\"va-ES\",\"potentialAction\":[{\"@type\":\"ReadAction\",\"target\":[\"https:\\\/\\\/canfali.com\\\/ca-es\\\/cinc-nous-membres-per-a-la-banda-de-pedreguer\\\/\"]}]},{\"@type\":\"ImageObject\",\"inLanguage\":\"va-ES\",\"@id\":\"https:\\\/\\\/canfali.com\\\/ca-es\\\/cinc-nous-membres-per-a-la-banda-de-pedreguer\\\/#primaryimage\",\"url\":\"https:\\\/\\\/canfali.com\\\/app\\\/uploads\\\/2025\\\/11\\\/8musica11-scaled.jpg\",\"contentUrl\":\"https:\\\/\\\/canfali.com\\\/app\\\/uploads\\\/2025\\\/11\\\/8musica11-scaled.jpg\",\"width\":2560,\"height\":1707},{\"@type\":\"BreadcrumbList\",\"@id\":\"https:\\\/\\\/canfali.com\\\/ca-es\\\/cinc-nous-membres-per-a-la-banda-de-pedreguer\\\/#breadcrumb\",\"itemListElement\":[{\"@type\":\"ListItem\",\"position\":1,\"name\":\"Portada\",\"item\":\"https:\\\/\\\/canfali.com\\\/ca-es\\\/\"},{\"@type\":\"ListItem\",\"position\":2,\"name\":\"Cinc nous membres per a la banda de Pedreguer\"}]},{\"@type\":\"WebSite\",\"@id\":\"https:\\\/\\\/canfali.com\\\/ca-es\\\/#website\",\"url\":\"https:\\\/\\\/canfali.com\\\/ca-es\\\/\",\"name\":\"Canfali\",\"description\":\"\",\"publisher\":{\"@id\":\"https:\\\/\\\/canfali.com\\\/ca-es\\\/#organization\"},\"potentialAction\":[{\"@type\":\"SearchAction\",\"target\":{\"@type\":\"EntryPoint\",\"urlTemplate\":\"https:\\\/\\\/canfali.com\\\/ca-es\\\/?s={search_term_string}\"},\"query-input\":{\"@type\":\"PropertyValueSpecification\",\"valueRequired\":true,\"valueName\":\"search_term_string\"}}],\"inLanguage\":\"va-ES\"},{\"@type\":\"Organization\",\"@id\":\"https:\\\/\\\/canfali.com\\\/ca-es\\\/#organization\",\"name\":\"Canfali\",\"url\":\"https:\\\/\\\/canfali.com\\\/ca-es\\\/\",\"logo\":{\"@type\":\"ImageObject\",\"inLanguage\":\"va-ES\",\"@id\":\"https:\\\/\\\/canfali.com\\\/ca-es\\\/#\\\/schema\\\/logo\\\/image\\\/\",\"url\":\"https:\\\/\\\/canfali.com\\\/app\\\/uploads\\\/2025\\\/12\\\/canfali_marina_alta_logo.png\",\"contentUrl\":\"https:\\\/\\\/canfali.com\\\/app\\\/uploads\\\/2025\\\/12\\\/canfali_marina_alta_logo.png\",\"width\":225,\"height\":225,\"caption\":\"Canfali\"},\"image\":{\"@id\":\"https:\\\/\\\/canfali.com\\\/ca-es\\\/#\\\/schema\\\/logo\\\/image\\\/\"},\"sameAs\":[\"https:\\\/\\\/es-es.facebook.com\\\/CANFALIMarinaAlta\",\"https:\\\/\\\/x.com\\\/canfalima\",\"https:\\\/\\\/www.instagram.com\\\/canfalimarinaalta\\\/\"]},{\"@type\":\"Person\",\"@id\":\"https:\\\/\\\/canfali.com\\\/ca-es\\\/#\\\/schema\\\/person\\\/f540a86fb33e10daaae53c59ceaa1194\",\"name\":\"Lluis\",\"image\":{\"@type\":\"ImageObject\",\"inLanguage\":\"va-ES\",\"@id\":\"https:\\\/\\\/secure.gravatar.com\\\/avatar\\\/a21ec8835290e4e02ed0886b8cb327d807d0eb6ec8ccf25d4c2a0a415f506c0d?s=96&d=mm&r=g\",\"url\":\"https:\\\/\\\/secure.gravatar.com\\\/avatar\\\/a21ec8835290e4e02ed0886b8cb327d807d0eb6ec8ccf25d4c2a0a415f506c0d?s=96&d=mm&r=g\",\"contentUrl\":\"https:\\\/\\\/secure.gravatar.com\\\/avatar\\\/a21ec8835290e4e02ed0886b8cb327d807d0eb6ec8ccf25d4c2a0a415f506c0d?s=96&d=mm&r=g\",\"caption\":\"Lluis\"},\"url\":\"https:\\\/\\\/canfali.com\\\/ca-es\\\/author\\\/lluis\\\/\"}]}<\/script>\n<!-- \/ Yoast SEO Premium plugin. -->","yoast_head_json":{"title":"Cinc nous membres per a la banda de Pedreguer - Canfali","robots":{"index":"index","follow":"follow","max-snippet":"max-snippet:-1","max-image-preview":"max-image-preview:large","max-video-preview":"max-video-preview:-1"},"canonical":"https:\/\/canfali.com\/ca-es\/cinc-nous-membres-per-a-la-banda-de-pedreguer\/","og_locale":"en_US","og_type":"article","og_title":"Cinc nous membres per a la banda de Pedreguer","og_description":"La banda de m\u00fasica del Centre Art\u00edstic Musical de Pedreguer est\u00e0 en plenes celebracions de les festes en&hellip;","og_url":"https:\/\/canfali.com\/ca-es\/cinc-nous-membres-per-a-la-banda-de-pedreguer\/","og_site_name":"Canfali","article_publisher":"https:\/\/es-es.facebook.com\/CANFALIMarinaAlta","article_published_time":"2025-11-29T20:52:34+00:00","article_modified_time":"2025-11-30T07:11:35+00:00","og_image":[{"width":2560,"height":1707,"url":"https:\/\/canfali.com\/app\/uploads\/2025\/11\/8musica11-scaled.jpg","type":"image\/jpeg"}],"author":"Lluis","twitter_card":"summary_large_image","twitter_creator":"@canfalima","twitter_site":"@canfalima","twitter_misc":{"Written by":"Lluis","Est. reading time":"1 minute"},"schema":{"@context":"https:\/\/schema.org","@graph":[{"@type":"NewsArticle","@id":"https:\/\/canfali.com\/ca-es\/cinc-nous-membres-per-a-la-banda-de-pedreguer\/#article","isPartOf":{"@id":"https:\/\/canfali.com\/ca-es\/cinc-nous-membres-per-a-la-banda-de-pedreguer\/"},"author":{"name":"Lluis","@id":"https:\/\/canfali.com\/ca-es\/#\/schema\/person\/f540a86fb33e10daaae53c59ceaa1194"},"headline":"Cinc nous membres per a la banda de Pedreguer","datePublished":"2025-11-29T20:52:34+00:00","dateModified":"2025-11-30T07:11:35+00:00","mainEntityOfPage":{"@id":"https:\/\/canfali.com\/ca-es\/cinc-nous-membres-per-a-la-banda-de-pedreguer\/"},"wordCount":213,"publisher":{"@id":"https:\/\/canfali.com\/ca-es\/#organization"},"image":{"@id":"https:\/\/canfali.com\/ca-es\/cinc-nous-membres-per-a-la-banda-de-pedreguer\/#primaryimage"},"thumbnailUrl":"https:\/\/canfali.com\/app\/uploads\/2025\/11\/8musica11-scaled.jpg","articleSection":["Cultura","Cultura"],"inLanguage":"va-ES","copyrightYear":"2025","copyrightHolder":{"@id":"https:\/\/canfali.com\/#organization"}},{"@type":"WebPage","@id":"https:\/\/canfali.com\/ca-es\/cinc-nous-membres-per-a-la-banda-de-pedreguer\/","url":"https:\/\/canfali.com\/ca-es\/cinc-nous-membres-per-a-la-banda-de-pedreguer\/","name":"Cinc nous membres per a la banda de Pedreguer - Canfali","isPartOf":{"@id":"https:\/\/canfali.com\/ca-es\/#website"},"primaryImageOfPage":{"@id":"https:\/\/canfali.com\/ca-es\/cinc-nous-membres-per-a-la-banda-de-pedreguer\/#primaryimage"},"image":{"@id":"https:\/\/canfali.com\/ca-es\/cinc-nous-membres-per-a-la-banda-de-pedreguer\/#primaryimage"},"thumbnailUrl":"https:\/\/canfali.com\/app\/uploads\/2025\/11\/8musica11-scaled.jpg","datePublished":"2025-11-29T20:52:34+00:00","dateModified":"2025-11-30T07:11:35+00:00","breadcrumb":{"@id":"https:\/\/canfali.com\/ca-es\/cinc-nous-membres-per-a-la-banda-de-pedreguer\/#breadcrumb"},"inLanguage":"va-ES","potentialAction":[{"@type":"ReadAction","target":["https:\/\/canfali.com\/ca-es\/cinc-nous-membres-per-a-la-banda-de-pedreguer\/"]}]},{"@type":"ImageObject","inLanguage":"va-ES","@id":"https:\/\/canfali.com\/ca-es\/cinc-nous-membres-per-a-la-banda-de-pedreguer\/#primaryimage","url":"https:\/\/canfali.com\/app\/uploads\/2025\/11\/8musica11-scaled.jpg","contentUrl":"https:\/\/canfali.com\/app\/uploads\/2025\/11\/8musica11-scaled.jpg","width":2560,"height":1707},{"@type":"BreadcrumbList","@id":"https:\/\/canfali.com\/ca-es\/cinc-nous-membres-per-a-la-banda-de-pedreguer\/#breadcrumb","itemListElement":[{"@type":"ListItem","position":1,"name":"Portada","item":"https:\/\/canfali.com\/ca-es\/"},{"@type":"ListItem","position":2,"name":"Cinc nous membres per a la banda de Pedreguer"}]},{"@type":"WebSite","@id":"https:\/\/canfali.com\/ca-es\/#website","url":"https:\/\/canfali.com\/ca-es\/","name":"Canfali","description":"","publisher":{"@id":"https:\/\/canfali.com\/ca-es\/#organization"},"potentialAction":[{"@type":"SearchAction","target":{"@type":"EntryPoint","urlTemplate":"https:\/\/canfali.com\/ca-es\/?s={search_term_string}"},"query-input":{"@type":"PropertyValueSpecification","valueRequired":true,"valueName":"search_term_string"}}],"inLanguage":"va-ES"},{"@type":"Organization","@id":"https:\/\/canfali.com\/ca-es\/#organization","name":"Canfali","url":"https:\/\/canfali.com\/ca-es\/","logo":{"@type":"ImageObject","inLanguage":"va-ES","@id":"https:\/\/canfali.com\/ca-es\/#\/schema\/logo\/image\/","url":"https:\/\/canfali.com\/app\/uploads\/2025\/12\/canfali_marina_alta_logo.png","contentUrl":"https:\/\/canfali.com\/app\/uploads\/2025\/12\/canfali_marina_alta_logo.png","width":225,"height":225,"caption":"Canfali"},"image":{"@id":"https:\/\/canfali.com\/ca-es\/#\/schema\/logo\/image\/"},"sameAs":["https:\/\/es-es.facebook.com\/CANFALIMarinaAlta","https:\/\/x.com\/canfalima","https:\/\/www.instagram.com\/canfalimarinaalta\/"]},{"@type":"Person","@id":"https:\/\/canfali.com\/ca-es\/#\/schema\/person\/f540a86fb33e10daaae53c59ceaa1194","name":"Lluis","image":{"@type":"ImageObject","inLanguage":"va-ES","@id":"https:\/\/secure.gravatar.com\/avatar\/a21ec8835290e4e02ed0886b8cb327d807d0eb6ec8ccf25d4c2a0a415f506c0d?s=96&d=mm&r=g","url":"https:\/\/secure.gravatar.com\/avatar\/a21ec8835290e4e02ed0886b8cb327d807d0eb6ec8ccf25d4c2a0a415f506c0d?s=96&d=mm&r=g","contentUrl":"https:\/\/secure.gravatar.com\/avatar\/a21ec8835290e4e02ed0886b8cb327d807d0eb6ec8ccf25d4c2a0a415f506c0d?s=96&d=mm&r=g","caption":"Lluis"},"url":"https:\/\/canfali.com\/ca-es\/author\/lluis\/"}]}},"_links":{"self":[{"href":"https:\/\/canfali.com\/ca-es\/wp-json\/wp\/v2\/posts\/82809","targetHints":{"allow":["GET"]}}],"collection":[{"href":"https:\/\/canfali.com\/ca-es\/wp-json\/wp\/v2\/posts"}],"about":[{"href":"https:\/\/canfali.com\/ca-es\/wp-json\/wp\/v2\/types\/post"}],"author":[{"embeddable":true,"href":"https:\/\/canfali.com\/ca-es\/wp-json\/wp\/v2\/users\/8"}],"replies":[{"embeddable":true,"href":"https:\/\/canfali.com\/ca-es\/wp-json\/wp\/v2\/comments?post=82809"}],"version-history":[{"count":2,"href":"https:\/\/canfali.com\/ca-es\/wp-json\/wp\/v2\/posts\/82809\/revisions"}],"predecessor-version":[{"id":82812,"href":"https:\/\/canfali.com\/ca-es\/wp-json\/wp\/v2\/posts\/82809\/revisions\/82812"}],"wp:featuredmedia":[{"embeddable":true,"href":"https:\/\/canfali.com\/ca-es\/wp-json\/wp\/v2\/media\/82768"}],"wp:attachment":[{"href":"https:\/\/canfali.com\/ca-es\/wp-json\/wp\/v2\/media?parent=82809"}],"wp:term":[{"taxonomy":"category","embeddable":true,"href":"https:\/\/canfali.com\/ca-es\/wp-json\/wp\/v2\/categories?post=82809"},{"taxonomy":"post_tag","embeddable":true,"href":"https:\/\/canfali.com\/ca-es\/wp-json\/wp\/v2\/tags?post=82809"}],"curies":[{"name":"wp","href":"https:\/\/api.w.org\/{rel}","templated":true}]}}