{"id":82667,"date":"2025-11-28T08:09:11","date_gmt":"2025-11-28T07:09:11","guid":{"rendered":"https:\/\/canfali.com\/arriba-el-fred-4-a-castell-de-castells-i-33-a-xabia\/"},"modified":"2025-11-28T08:09:55","modified_gmt":"2025-11-28T07:09:55","slug":"arriba-el-fred-4-a-castell-de-castells-i-33-a-xabia","status":"publish","type":"post","link":"https:\/\/canfali.com\/ca-es\/arriba-el-fred-4-a-castell-de-castells-i-33-a-xabia\/","title":{"rendered":"Arriba el fred: \u20134 a Castell de Castells i \u20133,3 a X\u00e0bia"},"content":{"rendered":"\n<p>La comarca de la Marina Alta ha despertat este divendres amb els primers freds de la temporada. On m\u00e9s han caigut els term\u00f2metres ha estat a Castell de Castells, fins a \u20134 graus. Tamb\u00e9 han baixat de zero poblacions com Xal\u00f3, Teulada o la Vall d\u2019Ebo.<br\/><\/p>\n\n<p>En aquest cap\u00edtol, X\u00e0bia continua aportant la nota m\u00e9s curiosa quant a temperatures m\u00ednimes i m\u00e0ximes dins del mateix terme municipal. El mercuri s\u2019ha desplomat aquesta matinada a X\u00e0bia amb la temperatura m\u00ednima m\u00e9s baixa de 2025, amb \u20133,4 graus a Lluca\u2013Rafalet. Altres zones de la mateixa partida, com Coster d\u2019En Sala i la Fontanella, tamb\u00e9 han registrat valors molt freds, prop de \u20133 i \u20132,5 \u00baC respectivament. No obstant aix\u00f2, a la Plana, situada en zones m\u00e9s altes, la m\u00ednima ha estat de 10,9 graus.<br\/><\/p>\n<div class=\"wp-block-image\">\n<figure class=\"aligncenter size-full\"><img fetchpriority=\"high\" decoding=\"async\" width=\"513\" height=\"690\" src=\"https:\/\/canfali.com\/app\/uploads\/2025\/11\/Captura-de-pantalla-2025-11-28-a-las-8.07.16.png\" alt=\"\" class=\"wp-image-82664\" srcset=\"https:\/\/canfali.com\/app\/uploads\/2025\/11\/Captura-de-pantalla-2025-11-28-a-las-8.07.16.png 513w, https:\/\/canfali.com\/app\/uploads\/2025\/11\/Captura-de-pantalla-2025-11-28-a-las-8.07.16-223x300.png 223w\" sizes=\"(max-width: 513px) 100vw, 513px\" \/><\/figure>\n<\/div>","protected":false},"excerpt":{"rendered":"La comarca de la Marina Alta ha despertat este divendres amb els primers freds de la temporada. On&hellip;","protected":false},"author":8,"featured_media":82663,"comment_status":"closed","ping_status":"closed","sticky":false,"template":"","format":"standard","meta":{"csco_display_header_overlay":false,"csco_singular_sidebar":"","csco_page_header_type":"","csco_page_load_nextpost":"","csco_post_video_location":[],"csco_post_video_location_hash":"","csco_post_video_url":"","csco_post_video_bg_start_time":0,"csco_post_video_bg_end_time":0,"footnotes":""},"categories":[614],"tags":[],"class_list":{"0":"post-82667","1":"post","2":"type-post","3":"status-publish","4":"format-standard","5":"has-post-thumbnail","7":"category-municipal-ca-es","8":"cs-entry","9":"cs-video-wrap"},"yoast_head":"<!-- This site is optimized with the Yoast SEO Premium plugin v26.6 (Yoast SEO v27.3) - https:\/\/yoast.com\/product\/yoast-seo-premium-wordpress\/ -->\n<title>Arriba el fred: \u20134 a Castell de Castells i \u20133,3 a X\u00e0bia - Canfali<\/title>\n<meta name=\"robots\" content=\"index, follow, max-snippet:-1, max-image-preview:large, max-video-preview:-1\" \/>\n<link rel=\"canonical\" href=\"https:\/\/canfali.com\/ca-es\/arriba-el-fred-4-a-castell-de-castells-i-33-a-xabia\/\" \/>\n<meta property=\"og:locale\" content=\"en_US\" \/>\n<meta property=\"og:type\" content=\"article\" \/>\n<meta property=\"og:title\" content=\"Arriba el fred: \u20134 a Castell de Castells i \u20133,3 a X\u00e0bia\" \/>\n<meta property=\"og:description\" content=\"La comarca de la Marina Alta ha despertat este divendres amb els primers freds de la temporada. On&hellip;\" \/>\n<meta property=\"og:url\" content=\"https:\/\/canfali.com\/ca-es\/arriba-el-fred-4-a-castell-de-castells-i-33-a-xabia\/\" \/>\n<meta property=\"og:site_name\" content=\"Canfali\" \/>\n<meta property=\"article:publisher\" content=\"https:\/\/es-es.facebook.com\/CANFALIMarinaAlta\" \/>\n<meta property=\"article:published_time\" content=\"2025-11-28T07:09:11+00:00\" \/>\n<meta property=\"article:modified_time\" content=\"2025-11-28T07:09:55+00:00\" \/>\n<meta property=\"og:image\" content=\"https:\/\/canfali.com\/app\/uploads\/2025\/11\/Captura-de-pantalla-2025-11-28-a-las-8.06.53.png\" \/>\n\t<meta property=\"og:image:width\" content=\"1351\" \/>\n\t<meta property=\"og:image:height\" content=\"674\" \/>\n\t<meta property=\"og:image:type\" content=\"image\/png\" \/>\n<meta name=\"author\" content=\"Lluis\" \/>\n<meta name=\"twitter:card\" content=\"summary_large_image\" \/>\n<meta name=\"twitter:creator\" content=\"@canfalima\" \/>\n<meta name=\"twitter:site\" content=\"@canfalima\" \/>\n<meta name=\"twitter:label1\" content=\"Written by\" \/>\n\t<meta name=\"twitter:data1\" content=\"Lluis\" \/>\n\t<meta name=\"twitter:label2\" content=\"Est. reading time\" \/>\n\t<meta name=\"twitter:data2\" content=\"1 minute\" \/>\n<script type=\"application\/ld+json\" class=\"yoast-schema-graph\">{\"@context\":\"https:\\\/\\\/schema.org\",\"@graph\":[{\"@type\":\"NewsArticle\",\"@id\":\"https:\\\/\\\/canfali.com\\\/ca-es\\\/arriba-el-fred-4-a-castell-de-castells-i-33-a-xabia\\\/#article\",\"isPartOf\":{\"@id\":\"https:\\\/\\\/canfali.com\\\/ca-es\\\/arriba-el-fred-4-a-castell-de-castells-i-33-a-xabia\\\/\"},\"author\":{\"name\":\"Lluis\",\"@id\":\"https:\\\/\\\/canfali.com\\\/ca-es\\\/#\\\/schema\\\/person\\\/f540a86fb33e10daaae53c59ceaa1194\"},\"headline\":\"Arriba el fred: \u20134 a Castell de Castells i \u20133,3 a X\u00e0bia\",\"datePublished\":\"2025-11-28T07:09:11+00:00\",\"dateModified\":\"2025-11-28T07:09:55+00:00\",\"mainEntityOfPage\":{\"@id\":\"https:\\\/\\\/canfali.com\\\/ca-es\\\/arriba-el-fred-4-a-castell-de-castells-i-33-a-xabia\\\/\"},\"wordCount\":153,\"publisher\":{\"@id\":\"https:\\\/\\\/canfali.com\\\/ca-es\\\/#organization\"},\"image\":{\"@id\":\"https:\\\/\\\/canfali.com\\\/ca-es\\\/arriba-el-fred-4-a-castell-de-castells-i-33-a-xabia\\\/#primaryimage\"},\"thumbnailUrl\":\"https:\\\/\\\/canfali.com\\\/app\\\/uploads\\\/2025\\\/11\\\/Captura-de-pantalla-2025-11-28-a-las-8.06.53.png\",\"articleSection\":[\"Municipal\"],\"inLanguage\":\"va-ES\",\"copyrightYear\":\"2025\",\"copyrightHolder\":{\"@id\":\"https:\\\/\\\/canfali.com\\\/#organization\"}},{\"@type\":\"WebPage\",\"@id\":\"https:\\\/\\\/canfali.com\\\/ca-es\\\/arriba-el-fred-4-a-castell-de-castells-i-33-a-xabia\\\/\",\"url\":\"https:\\\/\\\/canfali.com\\\/ca-es\\\/arriba-el-fred-4-a-castell-de-castells-i-33-a-xabia\\\/\",\"name\":\"Arriba el fred: \u20134 a Castell de Castells i \u20133,3 a X\u00e0bia - Canfali\",\"isPartOf\":{\"@id\":\"https:\\\/\\\/canfali.com\\\/ca-es\\\/#website\"},\"primaryImageOfPage\":{\"@id\":\"https:\\\/\\\/canfali.com\\\/ca-es\\\/arriba-el-fred-4-a-castell-de-castells-i-33-a-xabia\\\/#primaryimage\"},\"image\":{\"@id\":\"https:\\\/\\\/canfali.com\\\/ca-es\\\/arriba-el-fred-4-a-castell-de-castells-i-33-a-xabia\\\/#primaryimage\"},\"thumbnailUrl\":\"https:\\\/\\\/canfali.com\\\/app\\\/uploads\\\/2025\\\/11\\\/Captura-de-pantalla-2025-11-28-a-las-8.06.53.png\",\"datePublished\":\"2025-11-28T07:09:11+00:00\",\"dateModified\":\"2025-11-28T07:09:55+00:00\",\"breadcrumb\":{\"@id\":\"https:\\\/\\\/canfali.com\\\/ca-es\\\/arriba-el-fred-4-a-castell-de-castells-i-33-a-xabia\\\/#breadcrumb\"},\"inLanguage\":\"va-ES\",\"potentialAction\":[{\"@type\":\"ReadAction\",\"target\":[\"https:\\\/\\\/canfali.com\\\/ca-es\\\/arriba-el-fred-4-a-castell-de-castells-i-33-a-xabia\\\/\"]}]},{\"@type\":\"ImageObject\",\"inLanguage\":\"va-ES\",\"@id\":\"https:\\\/\\\/canfali.com\\\/ca-es\\\/arriba-el-fred-4-a-castell-de-castells-i-33-a-xabia\\\/#primaryimage\",\"url\":\"https:\\\/\\\/canfali.com\\\/app\\\/uploads\\\/2025\\\/11\\\/Captura-de-pantalla-2025-11-28-a-las-8.06.53.png\",\"contentUrl\":\"https:\\\/\\\/canfali.com\\\/app\\\/uploads\\\/2025\\\/11\\\/Captura-de-pantalla-2025-11-28-a-las-8.06.53.png\",\"width\":1351,\"height\":674},{\"@type\":\"BreadcrumbList\",\"@id\":\"https:\\\/\\\/canfali.com\\\/ca-es\\\/arriba-el-fred-4-a-castell-de-castells-i-33-a-xabia\\\/#breadcrumb\",\"itemListElement\":[{\"@type\":\"ListItem\",\"position\":1,\"name\":\"Portada\",\"item\":\"https:\\\/\\\/canfali.com\\\/ca-es\\\/\"},{\"@type\":\"ListItem\",\"position\":2,\"name\":\"Arriba el fred: \u20134 a Castell de Castells i \u20133,3 a X\u00e0bia\"}]},{\"@type\":\"WebSite\",\"@id\":\"https:\\\/\\\/canfali.com\\\/ca-es\\\/#website\",\"url\":\"https:\\\/\\\/canfali.com\\\/ca-es\\\/\",\"name\":\"Canfali\",\"description\":\"\",\"publisher\":{\"@id\":\"https:\\\/\\\/canfali.com\\\/ca-es\\\/#organization\"},\"potentialAction\":[{\"@type\":\"SearchAction\",\"target\":{\"@type\":\"EntryPoint\",\"urlTemplate\":\"https:\\\/\\\/canfali.com\\\/ca-es\\\/?s={search_term_string}\"},\"query-input\":{\"@type\":\"PropertyValueSpecification\",\"valueRequired\":true,\"valueName\":\"search_term_string\"}}],\"inLanguage\":\"va-ES\"},{\"@type\":\"Organization\",\"@id\":\"https:\\\/\\\/canfali.com\\\/ca-es\\\/#organization\",\"name\":\"Canfali\",\"url\":\"https:\\\/\\\/canfali.com\\\/ca-es\\\/\",\"logo\":{\"@type\":\"ImageObject\",\"inLanguage\":\"va-ES\",\"@id\":\"https:\\\/\\\/canfali.com\\\/ca-es\\\/#\\\/schema\\\/logo\\\/image\\\/\",\"url\":\"https:\\\/\\\/canfali.com\\\/app\\\/uploads\\\/2025\\\/12\\\/canfali_marina_alta_logo.png\",\"contentUrl\":\"https:\\\/\\\/canfali.com\\\/app\\\/uploads\\\/2025\\\/12\\\/canfali_marina_alta_logo.png\",\"width\":225,\"height\":225,\"caption\":\"Canfali\"},\"image\":{\"@id\":\"https:\\\/\\\/canfali.com\\\/ca-es\\\/#\\\/schema\\\/logo\\\/image\\\/\"},\"sameAs\":[\"https:\\\/\\\/es-es.facebook.com\\\/CANFALIMarinaAlta\",\"https:\\\/\\\/x.com\\\/canfalima\",\"https:\\\/\\\/www.instagram.com\\\/canfalimarinaalta\\\/\"]},{\"@type\":\"Person\",\"@id\":\"https:\\\/\\\/canfali.com\\\/ca-es\\\/#\\\/schema\\\/person\\\/f540a86fb33e10daaae53c59ceaa1194\",\"name\":\"Lluis\",\"image\":{\"@type\":\"ImageObject\",\"inLanguage\":\"va-ES\",\"@id\":\"https:\\\/\\\/secure.gravatar.com\\\/avatar\\\/a21ec8835290e4e02ed0886b8cb327d807d0eb6ec8ccf25d4c2a0a415f506c0d?s=96&d=mm&r=g\",\"url\":\"https:\\\/\\\/secure.gravatar.com\\\/avatar\\\/a21ec8835290e4e02ed0886b8cb327d807d0eb6ec8ccf25d4c2a0a415f506c0d?s=96&d=mm&r=g\",\"contentUrl\":\"https:\\\/\\\/secure.gravatar.com\\\/avatar\\\/a21ec8835290e4e02ed0886b8cb327d807d0eb6ec8ccf25d4c2a0a415f506c0d?s=96&d=mm&r=g\",\"caption\":\"Lluis\"},\"url\":\"https:\\\/\\\/canfali.com\\\/ca-es\\\/author\\\/lluis\\\/\"}]}<\/script>\n<!-- \/ Yoast SEO Premium plugin. -->","yoast_head_json":{"title":"Arriba el fred: \u20134 a Castell de Castells i \u20133,3 a X\u00e0bia - Canfali","robots":{"index":"index","follow":"follow","max-snippet":"max-snippet:-1","max-image-preview":"max-image-preview:large","max-video-preview":"max-video-preview:-1"},"canonical":"https:\/\/canfali.com\/ca-es\/arriba-el-fred-4-a-castell-de-castells-i-33-a-xabia\/","og_locale":"en_US","og_type":"article","og_title":"Arriba el fred: \u20134 a Castell de Castells i \u20133,3 a X\u00e0bia","og_description":"La comarca de la Marina Alta ha despertat este divendres amb els primers freds de la temporada. On&hellip;","og_url":"https:\/\/canfali.com\/ca-es\/arriba-el-fred-4-a-castell-de-castells-i-33-a-xabia\/","og_site_name":"Canfali","article_publisher":"https:\/\/es-es.facebook.com\/CANFALIMarinaAlta","article_published_time":"2025-11-28T07:09:11+00:00","article_modified_time":"2025-11-28T07:09:55+00:00","og_image":[{"width":1351,"height":674,"url":"https:\/\/canfali.com\/app\/uploads\/2025\/11\/Captura-de-pantalla-2025-11-28-a-las-8.06.53.png","type":"image\/png"}],"author":"Lluis","twitter_card":"summary_large_image","twitter_creator":"@canfalima","twitter_site":"@canfalima","twitter_misc":{"Written by":"Lluis","Est. reading time":"1 minute"},"schema":{"@context":"https:\/\/schema.org","@graph":[{"@type":"NewsArticle","@id":"https:\/\/canfali.com\/ca-es\/arriba-el-fred-4-a-castell-de-castells-i-33-a-xabia\/#article","isPartOf":{"@id":"https:\/\/canfali.com\/ca-es\/arriba-el-fred-4-a-castell-de-castells-i-33-a-xabia\/"},"author":{"name":"Lluis","@id":"https:\/\/canfali.com\/ca-es\/#\/schema\/person\/f540a86fb33e10daaae53c59ceaa1194"},"headline":"Arriba el fred: \u20134 a Castell de Castells i \u20133,3 a X\u00e0bia","datePublished":"2025-11-28T07:09:11+00:00","dateModified":"2025-11-28T07:09:55+00:00","mainEntityOfPage":{"@id":"https:\/\/canfali.com\/ca-es\/arriba-el-fred-4-a-castell-de-castells-i-33-a-xabia\/"},"wordCount":153,"publisher":{"@id":"https:\/\/canfali.com\/ca-es\/#organization"},"image":{"@id":"https:\/\/canfali.com\/ca-es\/arriba-el-fred-4-a-castell-de-castells-i-33-a-xabia\/#primaryimage"},"thumbnailUrl":"https:\/\/canfali.com\/app\/uploads\/2025\/11\/Captura-de-pantalla-2025-11-28-a-las-8.06.53.png","articleSection":["Municipal"],"inLanguage":"va-ES","copyrightYear":"2025","copyrightHolder":{"@id":"https:\/\/canfali.com\/#organization"}},{"@type":"WebPage","@id":"https:\/\/canfali.com\/ca-es\/arriba-el-fred-4-a-castell-de-castells-i-33-a-xabia\/","url":"https:\/\/canfali.com\/ca-es\/arriba-el-fred-4-a-castell-de-castells-i-33-a-xabia\/","name":"Arriba el fred: \u20134 a Castell de Castells i \u20133,3 a X\u00e0bia - Canfali","isPartOf":{"@id":"https:\/\/canfali.com\/ca-es\/#website"},"primaryImageOfPage":{"@id":"https:\/\/canfali.com\/ca-es\/arriba-el-fred-4-a-castell-de-castells-i-33-a-xabia\/#primaryimage"},"image":{"@id":"https:\/\/canfali.com\/ca-es\/arriba-el-fred-4-a-castell-de-castells-i-33-a-xabia\/#primaryimage"},"thumbnailUrl":"https:\/\/canfali.com\/app\/uploads\/2025\/11\/Captura-de-pantalla-2025-11-28-a-las-8.06.53.png","datePublished":"2025-11-28T07:09:11+00:00","dateModified":"2025-11-28T07:09:55+00:00","breadcrumb":{"@id":"https:\/\/canfali.com\/ca-es\/arriba-el-fred-4-a-castell-de-castells-i-33-a-xabia\/#breadcrumb"},"inLanguage":"va-ES","potentialAction":[{"@type":"ReadAction","target":["https:\/\/canfali.com\/ca-es\/arriba-el-fred-4-a-castell-de-castells-i-33-a-xabia\/"]}]},{"@type":"ImageObject","inLanguage":"va-ES","@id":"https:\/\/canfali.com\/ca-es\/arriba-el-fred-4-a-castell-de-castells-i-33-a-xabia\/#primaryimage","url":"https:\/\/canfali.com\/app\/uploads\/2025\/11\/Captura-de-pantalla-2025-11-28-a-las-8.06.53.png","contentUrl":"https:\/\/canfali.com\/app\/uploads\/2025\/11\/Captura-de-pantalla-2025-11-28-a-las-8.06.53.png","width":1351,"height":674},{"@type":"BreadcrumbList","@id":"https:\/\/canfali.com\/ca-es\/arriba-el-fred-4-a-castell-de-castells-i-33-a-xabia\/#breadcrumb","itemListElement":[{"@type":"ListItem","position":1,"name":"Portada","item":"https:\/\/canfali.com\/ca-es\/"},{"@type":"ListItem","position":2,"name":"Arriba el fred: \u20134 a Castell de Castells i \u20133,3 a X\u00e0bia"}]},{"@type":"WebSite","@id":"https:\/\/canfali.com\/ca-es\/#website","url":"https:\/\/canfali.com\/ca-es\/","name":"Canfali","description":"","publisher":{"@id":"https:\/\/canfali.com\/ca-es\/#organization"},"potentialAction":[{"@type":"SearchAction","target":{"@type":"EntryPoint","urlTemplate":"https:\/\/canfali.com\/ca-es\/?s={search_term_string}"},"query-input":{"@type":"PropertyValueSpecification","valueRequired":true,"valueName":"search_term_string"}}],"inLanguage":"va-ES"},{"@type":"Organization","@id":"https:\/\/canfali.com\/ca-es\/#organization","name":"Canfali","url":"https:\/\/canfali.com\/ca-es\/","logo":{"@type":"ImageObject","inLanguage":"va-ES","@id":"https:\/\/canfali.com\/ca-es\/#\/schema\/logo\/image\/","url":"https:\/\/canfali.com\/app\/uploads\/2025\/12\/canfali_marina_alta_logo.png","contentUrl":"https:\/\/canfali.com\/app\/uploads\/2025\/12\/canfali_marina_alta_logo.png","width":225,"height":225,"caption":"Canfali"},"image":{"@id":"https:\/\/canfali.com\/ca-es\/#\/schema\/logo\/image\/"},"sameAs":["https:\/\/es-es.facebook.com\/CANFALIMarinaAlta","https:\/\/x.com\/canfalima","https:\/\/www.instagram.com\/canfalimarinaalta\/"]},{"@type":"Person","@id":"https:\/\/canfali.com\/ca-es\/#\/schema\/person\/f540a86fb33e10daaae53c59ceaa1194","name":"Lluis","image":{"@type":"ImageObject","inLanguage":"va-ES","@id":"https:\/\/secure.gravatar.com\/avatar\/a21ec8835290e4e02ed0886b8cb327d807d0eb6ec8ccf25d4c2a0a415f506c0d?s=96&d=mm&r=g","url":"https:\/\/secure.gravatar.com\/avatar\/a21ec8835290e4e02ed0886b8cb327d807d0eb6ec8ccf25d4c2a0a415f506c0d?s=96&d=mm&r=g","contentUrl":"https:\/\/secure.gravatar.com\/avatar\/a21ec8835290e4e02ed0886b8cb327d807d0eb6ec8ccf25d4c2a0a415f506c0d?s=96&d=mm&r=g","caption":"Lluis"},"url":"https:\/\/canfali.com\/ca-es\/author\/lluis\/"}]}},"_links":{"self":[{"href":"https:\/\/canfali.com\/ca-es\/wp-json\/wp\/v2\/posts\/82667","targetHints":{"allow":["GET"]}}],"collection":[{"href":"https:\/\/canfali.com\/ca-es\/wp-json\/wp\/v2\/posts"}],"about":[{"href":"https:\/\/canfali.com\/ca-es\/wp-json\/wp\/v2\/types\/post"}],"author":[{"embeddable":true,"href":"https:\/\/canfali.com\/ca-es\/wp-json\/wp\/v2\/users\/8"}],"replies":[{"embeddable":true,"href":"https:\/\/canfali.com\/ca-es\/wp-json\/wp\/v2\/comments?post=82667"}],"version-history":[{"count":1,"href":"https:\/\/canfali.com\/ca-es\/wp-json\/wp\/v2\/posts\/82667\/revisions"}],"predecessor-version":[{"id":82668,"href":"https:\/\/canfali.com\/ca-es\/wp-json\/wp\/v2\/posts\/82667\/revisions\/82668"}],"wp:featuredmedia":[{"embeddable":true,"href":"https:\/\/canfali.com\/ca-es\/wp-json\/wp\/v2\/media\/82663"}],"wp:attachment":[{"href":"https:\/\/canfali.com\/ca-es\/wp-json\/wp\/v2\/media?parent=82667"}],"wp:term":[{"taxonomy":"category","embeddable":true,"href":"https:\/\/canfali.com\/ca-es\/wp-json\/wp\/v2\/categories?post=82667"},{"taxonomy":"post_tag","embeddable":true,"href":"https:\/\/canfali.com\/ca-es\/wp-json\/wp\/v2\/tags?post=82667"}],"curies":[{"name":"wp","href":"https:\/\/api.w.org\/{rel}","templated":true}]}}