{"id":82378,"date":"2025-11-25T17:37:36","date_gmt":"2025-11-25T16:37:36","guid":{"rendered":"https:\/\/canfali.com\/?p=82378"},"modified":"2025-11-25T20:51:36","modified_gmt":"2025-11-25T19:51:36","slug":"fallece-una-agente-medioambiental-en-moraira-tras-una-caida-desde-mas-de-40-metros","status":"publish","type":"post","link":"https:\/\/canfali.com\/ca-es\/fallece-una-agente-medioambiental-en-moraira-tras-una-caida-desde-mas-de-40-metros\/","title":{"rendered":"Fallece una agente medioambiental en Moraira"},"content":{"rendered":"\n<p>Una agente medioambiental ha perdido la vida este martes por la ma\u00f1ana tras sufrir un grave accidente mientras realizaba tareas profesionales en una pared vertical de la zona de <strong>Cala el Pessebret<\/strong>, en el morro de Moraira. El aviso se recibi\u00f3 a las <strong>11:29 horas<\/strong>, activ\u00e1ndose de inmediato el <strong>Grupo de Rescate de Monta\u00f1a (GER)<\/strong> y el helic\u00f3ptero de rescate <strong>Alpha 01<\/strong>.<\/p>\n\n\n\n<p>La agente se encontraba realizando un descenso en r\u00e1pel junto a un compa\u00f1ero cuando, por causas que se investigan, sufri\u00f3 una ca\u00edda de entre <strong>40 y 50 metros<\/strong>. Los equipos de rescate se desplazaron a la zona para localizar a la accidentada y auxiliar al segundo agente, que qued\u00f3 atrapado en la pared.<\/p>\n\n\n\n<p>Debido al fuerte viento registrado, el helic\u00f3ptero no pudo operar suspendido en el aire, debiendo aterrizar en una base cercana. Desde all\u00ed, los rescatadores accedieron por tierra hasta el punto del siniestro. Una vez localizada la mujer, el equipo confirm\u00f3 el fallecimiento y qued\u00f3 en <strong>custodia del cuerpo<\/strong> hasta la llegada de la <strong>Guardia Civil<\/strong>, que asumi\u00f3 el procedimiento.<\/p>\n\n\n\n<p>Paralelamente, los rescatadores acompa\u00f1aron y aseguraron el descenso del agente que permanec\u00eda en la pared, quien result\u00f3 <strong>ileso<\/strong> y se encuentra en buen estado.<\/p>\n\n\n\n<p>La intervenci\u00f3n concluy\u00f3 a las <strong>14:40 horas<\/strong>. En el operativo participaron el <strong>helic\u00f3ptero Alpha 01<\/strong>, el <strong>GER Grupo de Rescate de Monta\u00f1a<\/strong> y efectivos de la <strong>Guardia Civil de Monta\u00f1a<\/strong>.<\/p>\n\n\n\n<figure class=\"wp-block-video\"><video height=\"480\" style=\"aspect-ratio: 848 \/ 480;\" width=\"848\" controls src=\"https:\/\/canfali.com\/app\/uploads\/2025\/11\/WhatsApp-Video-2025-11-25-at-19.45.37.mp4\"><\/video><\/figure>\n","protected":false},"excerpt":{"rendered":"Una agente medioambiental ha perdido la vida este martes por la ma\u00f1ana tras sufrir un grave accidente mientras&hellip;","protected":false},"author":8,"featured_media":82425,"comment_status":"closed","ping_status":"closed","sticky":false,"template":"","format":"standard","meta":{"csco_display_header_overlay":false,"csco_singular_sidebar":"","csco_page_header_type":"","csco_page_load_nextpost":"","csco_post_video_location":[],"csco_post_video_location_hash":"","csco_post_video_url":"","csco_post_video_bg_start_time":0,"csco_post_video_bg_end_time":0,"footnotes":""},"categories":[615,578],"tags":[],"class_list":{"0":"post-82378","1":"post","2":"type-post","3":"status-publish","4":"format-standard","5":"has-post-thumbnail","7":"category-successos","8":"category-sucesos-2","9":"cs-entry","10":"cs-video-wrap"},"yoast_head":"<!-- This site is optimized with the Yoast SEO Premium plugin v26.6 (Yoast SEO v27.3) - https:\/\/yoast.com\/product\/yoast-seo-premium-wordpress\/ -->\n<title>Fallece una agente medioambiental en Moraira - Canfali<\/title>\n<meta name=\"robots\" content=\"index, follow, max-snippet:-1, max-image-preview:large, max-video-preview:-1\" \/>\n<link rel=\"canonical\" href=\"https:\/\/canfali.com\/ca-es\/fallece-una-agente-medioambiental-en-moraira-tras-una-caida-desde-mas-de-40-metros\/\" \/>\n<meta property=\"og:locale\" content=\"en_US\" \/>\n<meta property=\"og:type\" content=\"article\" \/>\n<meta property=\"og:title\" content=\"Fallece una agente medioambiental en Moraira\" \/>\n<meta property=\"og:description\" content=\"Una agente medioambiental ha perdido la vida este martes por la ma\u00f1ana tras sufrir un grave accidente mientras&hellip;\" \/>\n<meta property=\"og:url\" content=\"https:\/\/canfali.com\/ca-es\/fallece-una-agente-medioambiental-en-moraira-tras-una-caida-desde-mas-de-40-metros\/\" \/>\n<meta property=\"og:site_name\" content=\"Canfali\" \/>\n<meta property=\"article:publisher\" content=\"https:\/\/es-es.facebook.com\/CANFALIMarinaAlta\" \/>\n<meta property=\"article:published_time\" content=\"2025-11-25T16:37:36+00:00\" \/>\n<meta property=\"article:modified_time\" content=\"2025-11-25T19:51:36+00:00\" \/>\n<meta property=\"og:image\" content=\"https:\/\/canfali.com\/app\/uploads\/2025\/11\/WhatsApp-Image-2025-11-25-at-19.45.14.jpeg\" \/>\n\t<meta property=\"og:image:width\" content=\"1756\" \/>\n\t<meta property=\"og:image:height\" content=\"1013\" \/>\n\t<meta property=\"og:image:type\" content=\"image\/jpeg\" \/>\n<meta name=\"author\" content=\"Lluis\" \/>\n<meta name=\"twitter:card\" content=\"summary_large_image\" \/>\n<meta name=\"twitter:creator\" content=\"@canfalima\" \/>\n<meta name=\"twitter:site\" content=\"@canfalima\" \/>\n<meta name=\"twitter:label1\" content=\"Written by\" \/>\n\t<meta name=\"twitter:data1\" content=\"Lluis\" \/>\n\t<meta name=\"twitter:label2\" content=\"Est. reading time\" \/>\n\t<meta name=\"twitter:data2\" content=\"1 minute\" \/>\n<script type=\"application\/ld+json\" class=\"yoast-schema-graph\">{\"@context\":\"https:\\\/\\\/schema.org\",\"@graph\":[{\"@type\":\"NewsArticle\",\"@id\":\"https:\\\/\\\/canfali.com\\\/ca-es\\\/fallece-una-agente-medioambiental-en-moraira-tras-una-caida-desde-mas-de-40-metros\\\/#article\",\"isPartOf\":{\"@id\":\"https:\\\/\\\/canfali.com\\\/ca-es\\\/fallece-una-agente-medioambiental-en-moraira-tras-una-caida-desde-mas-de-40-metros\\\/\"},\"author\":{\"name\":\"Lluis\",\"@id\":\"https:\\\/\\\/canfali.com\\\/ca-es\\\/#\\\/schema\\\/person\\\/f540a86fb33e10daaae53c59ceaa1194\"},\"headline\":\"Fallece una agente medioambiental en Moraira\",\"datePublished\":\"2025-11-25T16:37:36+00:00\",\"dateModified\":\"2025-11-25T19:51:36+00:00\",\"mainEntityOfPage\":{\"@id\":\"https:\\\/\\\/canfali.com\\\/ca-es\\\/fallece-una-agente-medioambiental-en-moraira-tras-una-caida-desde-mas-de-40-metros\\\/\"},\"wordCount\":242,\"publisher\":{\"@id\":\"https:\\\/\\\/canfali.com\\\/ca-es\\\/#organization\"},\"image\":{\"@id\":\"https:\\\/\\\/canfali.com\\\/ca-es\\\/fallece-una-agente-medioambiental-en-moraira-tras-una-caida-desde-mas-de-40-metros\\\/#primaryimage\"},\"thumbnailUrl\":\"https:\\\/\\\/canfali.com\\\/app\\\/uploads\\\/2025\\\/11\\\/WhatsApp-Image-2025-11-25-at-19.45.14.jpeg\",\"articleSection\":[\"Successos\",\"Sucesos\"],\"inLanguage\":\"va-ES\",\"copyrightYear\":\"2025\",\"copyrightHolder\":{\"@id\":\"https:\\\/\\\/canfali.com\\\/#organization\"}},{\"@type\":\"WebPage\",\"@id\":\"https:\\\/\\\/canfali.com\\\/ca-es\\\/fallece-una-agente-medioambiental-en-moraira-tras-una-caida-desde-mas-de-40-metros\\\/\",\"url\":\"https:\\\/\\\/canfali.com\\\/ca-es\\\/fallece-una-agente-medioambiental-en-moraira-tras-una-caida-desde-mas-de-40-metros\\\/\",\"name\":\"Fallece una agente medioambiental en Moraira - Canfali\",\"isPartOf\":{\"@id\":\"https:\\\/\\\/canfali.com\\\/ca-es\\\/#website\"},\"primaryImageOfPage\":{\"@id\":\"https:\\\/\\\/canfali.com\\\/ca-es\\\/fallece-una-agente-medioambiental-en-moraira-tras-una-caida-desde-mas-de-40-metros\\\/#primaryimage\"},\"image\":{\"@id\":\"https:\\\/\\\/canfali.com\\\/ca-es\\\/fallece-una-agente-medioambiental-en-moraira-tras-una-caida-desde-mas-de-40-metros\\\/#primaryimage\"},\"thumbnailUrl\":\"https:\\\/\\\/canfali.com\\\/app\\\/uploads\\\/2025\\\/11\\\/WhatsApp-Image-2025-11-25-at-19.45.14.jpeg\",\"datePublished\":\"2025-11-25T16:37:36+00:00\",\"dateModified\":\"2025-11-25T19:51:36+00:00\",\"breadcrumb\":{\"@id\":\"https:\\\/\\\/canfali.com\\\/ca-es\\\/fallece-una-agente-medioambiental-en-moraira-tras-una-caida-desde-mas-de-40-metros\\\/#breadcrumb\"},\"inLanguage\":\"va-ES\",\"potentialAction\":[{\"@type\":\"ReadAction\",\"target\":[\"https:\\\/\\\/canfali.com\\\/ca-es\\\/fallece-una-agente-medioambiental-en-moraira-tras-una-caida-desde-mas-de-40-metros\\\/\"]}]},{\"@type\":\"ImageObject\",\"inLanguage\":\"va-ES\",\"@id\":\"https:\\\/\\\/canfali.com\\\/ca-es\\\/fallece-una-agente-medioambiental-en-moraira-tras-una-caida-desde-mas-de-40-metros\\\/#primaryimage\",\"url\":\"https:\\\/\\\/canfali.com\\\/app\\\/uploads\\\/2025\\\/11\\\/WhatsApp-Image-2025-11-25-at-19.45.14.jpeg\",\"contentUrl\":\"https:\\\/\\\/canfali.com\\\/app\\\/uploads\\\/2025\\\/11\\\/WhatsApp-Image-2025-11-25-at-19.45.14.jpeg\",\"width\":1756,\"height\":1013},{\"@type\":\"BreadcrumbList\",\"@id\":\"https:\\\/\\\/canfali.com\\\/ca-es\\\/fallece-una-agente-medioambiental-en-moraira-tras-una-caida-desde-mas-de-40-metros\\\/#breadcrumb\",\"itemListElement\":[{\"@type\":\"ListItem\",\"position\":1,\"name\":\"Portada\",\"item\":\"https:\\\/\\\/canfali.com\\\/ca-es\\\/\"},{\"@type\":\"ListItem\",\"position\":2,\"name\":\"Fallece una agente medioambiental en Moraira\"}]},{\"@type\":\"WebSite\",\"@id\":\"https:\\\/\\\/canfali.com\\\/ca-es\\\/#website\",\"url\":\"https:\\\/\\\/canfali.com\\\/ca-es\\\/\",\"name\":\"Canfali\",\"description\":\"\",\"publisher\":{\"@id\":\"https:\\\/\\\/canfali.com\\\/ca-es\\\/#organization\"},\"potentialAction\":[{\"@type\":\"SearchAction\",\"target\":{\"@type\":\"EntryPoint\",\"urlTemplate\":\"https:\\\/\\\/canfali.com\\\/ca-es\\\/?s={search_term_string}\"},\"query-input\":{\"@type\":\"PropertyValueSpecification\",\"valueRequired\":true,\"valueName\":\"search_term_string\"}}],\"inLanguage\":\"va-ES\"},{\"@type\":\"Organization\",\"@id\":\"https:\\\/\\\/canfali.com\\\/ca-es\\\/#organization\",\"name\":\"Canfali\",\"url\":\"https:\\\/\\\/canfali.com\\\/ca-es\\\/\",\"logo\":{\"@type\":\"ImageObject\",\"inLanguage\":\"va-ES\",\"@id\":\"https:\\\/\\\/canfali.com\\\/ca-es\\\/#\\\/schema\\\/logo\\\/image\\\/\",\"url\":\"https:\\\/\\\/canfali.com\\\/app\\\/uploads\\\/2025\\\/12\\\/canfali_marina_alta_logo.png\",\"contentUrl\":\"https:\\\/\\\/canfali.com\\\/app\\\/uploads\\\/2025\\\/12\\\/canfali_marina_alta_logo.png\",\"width\":225,\"height\":225,\"caption\":\"Canfali\"},\"image\":{\"@id\":\"https:\\\/\\\/canfali.com\\\/ca-es\\\/#\\\/schema\\\/logo\\\/image\\\/\"},\"sameAs\":[\"https:\\\/\\\/es-es.facebook.com\\\/CANFALIMarinaAlta\",\"https:\\\/\\\/x.com\\\/canfalima\",\"https:\\\/\\\/www.instagram.com\\\/canfalimarinaalta\\\/\"]},{\"@type\":\"Person\",\"@id\":\"https:\\\/\\\/canfali.com\\\/ca-es\\\/#\\\/schema\\\/person\\\/f540a86fb33e10daaae53c59ceaa1194\",\"name\":\"Lluis\",\"image\":{\"@type\":\"ImageObject\",\"inLanguage\":\"va-ES\",\"@id\":\"https:\\\/\\\/secure.gravatar.com\\\/avatar\\\/a21ec8835290e4e02ed0886b8cb327d807d0eb6ec8ccf25d4c2a0a415f506c0d?s=96&d=mm&r=g\",\"url\":\"https:\\\/\\\/secure.gravatar.com\\\/avatar\\\/a21ec8835290e4e02ed0886b8cb327d807d0eb6ec8ccf25d4c2a0a415f506c0d?s=96&d=mm&r=g\",\"contentUrl\":\"https:\\\/\\\/secure.gravatar.com\\\/avatar\\\/a21ec8835290e4e02ed0886b8cb327d807d0eb6ec8ccf25d4c2a0a415f506c0d?s=96&d=mm&r=g\",\"caption\":\"Lluis\"},\"url\":\"https:\\\/\\\/canfali.com\\\/ca-es\\\/author\\\/lluis\\\/\"}]}<\/script>\n<!-- \/ Yoast SEO Premium plugin. -->","yoast_head_json":{"title":"Fallece una agente medioambiental en Moraira - Canfali","robots":{"index":"index","follow":"follow","max-snippet":"max-snippet:-1","max-image-preview":"max-image-preview:large","max-video-preview":"max-video-preview:-1"},"canonical":"https:\/\/canfali.com\/ca-es\/fallece-una-agente-medioambiental-en-moraira-tras-una-caida-desde-mas-de-40-metros\/","og_locale":"en_US","og_type":"article","og_title":"Fallece una agente medioambiental en Moraira","og_description":"Una agente medioambiental ha perdido la vida este martes por la ma\u00f1ana tras sufrir un grave accidente mientras&hellip;","og_url":"https:\/\/canfali.com\/ca-es\/fallece-una-agente-medioambiental-en-moraira-tras-una-caida-desde-mas-de-40-metros\/","og_site_name":"Canfali","article_publisher":"https:\/\/es-es.facebook.com\/CANFALIMarinaAlta","article_published_time":"2025-11-25T16:37:36+00:00","article_modified_time":"2025-11-25T19:51:36+00:00","og_image":[{"width":1756,"height":1013,"url":"https:\/\/canfali.com\/app\/uploads\/2025\/11\/WhatsApp-Image-2025-11-25-at-19.45.14.jpeg","type":"image\/jpeg"}],"author":"Lluis","twitter_card":"summary_large_image","twitter_creator":"@canfalima","twitter_site":"@canfalima","twitter_misc":{"Written by":"Lluis","Est. reading time":"1 minute"},"schema":{"@context":"https:\/\/schema.org","@graph":[{"@type":"NewsArticle","@id":"https:\/\/canfali.com\/ca-es\/fallece-una-agente-medioambiental-en-moraira-tras-una-caida-desde-mas-de-40-metros\/#article","isPartOf":{"@id":"https:\/\/canfali.com\/ca-es\/fallece-una-agente-medioambiental-en-moraira-tras-una-caida-desde-mas-de-40-metros\/"},"author":{"name":"Lluis","@id":"https:\/\/canfali.com\/ca-es\/#\/schema\/person\/f540a86fb33e10daaae53c59ceaa1194"},"headline":"Fallece una agente medioambiental en Moraira","datePublished":"2025-11-25T16:37:36+00:00","dateModified":"2025-11-25T19:51:36+00:00","mainEntityOfPage":{"@id":"https:\/\/canfali.com\/ca-es\/fallece-una-agente-medioambiental-en-moraira-tras-una-caida-desde-mas-de-40-metros\/"},"wordCount":242,"publisher":{"@id":"https:\/\/canfali.com\/ca-es\/#organization"},"image":{"@id":"https:\/\/canfali.com\/ca-es\/fallece-una-agente-medioambiental-en-moraira-tras-una-caida-desde-mas-de-40-metros\/#primaryimage"},"thumbnailUrl":"https:\/\/canfali.com\/app\/uploads\/2025\/11\/WhatsApp-Image-2025-11-25-at-19.45.14.jpeg","articleSection":["Successos","Sucesos"],"inLanguage":"va-ES","copyrightYear":"2025","copyrightHolder":{"@id":"https:\/\/canfali.com\/#organization"}},{"@type":"WebPage","@id":"https:\/\/canfali.com\/ca-es\/fallece-una-agente-medioambiental-en-moraira-tras-una-caida-desde-mas-de-40-metros\/","url":"https:\/\/canfali.com\/ca-es\/fallece-una-agente-medioambiental-en-moraira-tras-una-caida-desde-mas-de-40-metros\/","name":"Fallece una agente medioambiental en Moraira - Canfali","isPartOf":{"@id":"https:\/\/canfali.com\/ca-es\/#website"},"primaryImageOfPage":{"@id":"https:\/\/canfali.com\/ca-es\/fallece-una-agente-medioambiental-en-moraira-tras-una-caida-desde-mas-de-40-metros\/#primaryimage"},"image":{"@id":"https:\/\/canfali.com\/ca-es\/fallece-una-agente-medioambiental-en-moraira-tras-una-caida-desde-mas-de-40-metros\/#primaryimage"},"thumbnailUrl":"https:\/\/canfali.com\/app\/uploads\/2025\/11\/WhatsApp-Image-2025-11-25-at-19.45.14.jpeg","datePublished":"2025-11-25T16:37:36+00:00","dateModified":"2025-11-25T19:51:36+00:00","breadcrumb":{"@id":"https:\/\/canfali.com\/ca-es\/fallece-una-agente-medioambiental-en-moraira-tras-una-caida-desde-mas-de-40-metros\/#breadcrumb"},"inLanguage":"va-ES","potentialAction":[{"@type":"ReadAction","target":["https:\/\/canfali.com\/ca-es\/fallece-una-agente-medioambiental-en-moraira-tras-una-caida-desde-mas-de-40-metros\/"]}]},{"@type":"ImageObject","inLanguage":"va-ES","@id":"https:\/\/canfali.com\/ca-es\/fallece-una-agente-medioambiental-en-moraira-tras-una-caida-desde-mas-de-40-metros\/#primaryimage","url":"https:\/\/canfali.com\/app\/uploads\/2025\/11\/WhatsApp-Image-2025-11-25-at-19.45.14.jpeg","contentUrl":"https:\/\/canfali.com\/app\/uploads\/2025\/11\/WhatsApp-Image-2025-11-25-at-19.45.14.jpeg","width":1756,"height":1013},{"@type":"BreadcrumbList","@id":"https:\/\/canfali.com\/ca-es\/fallece-una-agente-medioambiental-en-moraira-tras-una-caida-desde-mas-de-40-metros\/#breadcrumb","itemListElement":[{"@type":"ListItem","position":1,"name":"Portada","item":"https:\/\/canfali.com\/ca-es\/"},{"@type":"ListItem","position":2,"name":"Fallece una agente medioambiental en Moraira"}]},{"@type":"WebSite","@id":"https:\/\/canfali.com\/ca-es\/#website","url":"https:\/\/canfali.com\/ca-es\/","name":"Canfali","description":"","publisher":{"@id":"https:\/\/canfali.com\/ca-es\/#organization"},"potentialAction":[{"@type":"SearchAction","target":{"@type":"EntryPoint","urlTemplate":"https:\/\/canfali.com\/ca-es\/?s={search_term_string}"},"query-input":{"@type":"PropertyValueSpecification","valueRequired":true,"valueName":"search_term_string"}}],"inLanguage":"va-ES"},{"@type":"Organization","@id":"https:\/\/canfali.com\/ca-es\/#organization","name":"Canfali","url":"https:\/\/canfali.com\/ca-es\/","logo":{"@type":"ImageObject","inLanguage":"va-ES","@id":"https:\/\/canfali.com\/ca-es\/#\/schema\/logo\/image\/","url":"https:\/\/canfali.com\/app\/uploads\/2025\/12\/canfali_marina_alta_logo.png","contentUrl":"https:\/\/canfali.com\/app\/uploads\/2025\/12\/canfali_marina_alta_logo.png","width":225,"height":225,"caption":"Canfali"},"image":{"@id":"https:\/\/canfali.com\/ca-es\/#\/schema\/logo\/image\/"},"sameAs":["https:\/\/es-es.facebook.com\/CANFALIMarinaAlta","https:\/\/x.com\/canfalima","https:\/\/www.instagram.com\/canfalimarinaalta\/"]},{"@type":"Person","@id":"https:\/\/canfali.com\/ca-es\/#\/schema\/person\/f540a86fb33e10daaae53c59ceaa1194","name":"Lluis","image":{"@type":"ImageObject","inLanguage":"va-ES","@id":"https:\/\/secure.gravatar.com\/avatar\/a21ec8835290e4e02ed0886b8cb327d807d0eb6ec8ccf25d4c2a0a415f506c0d?s=96&d=mm&r=g","url":"https:\/\/secure.gravatar.com\/avatar\/a21ec8835290e4e02ed0886b8cb327d807d0eb6ec8ccf25d4c2a0a415f506c0d?s=96&d=mm&r=g","contentUrl":"https:\/\/secure.gravatar.com\/avatar\/a21ec8835290e4e02ed0886b8cb327d807d0eb6ec8ccf25d4c2a0a415f506c0d?s=96&d=mm&r=g","caption":"Lluis"},"url":"https:\/\/canfali.com\/ca-es\/author\/lluis\/"}]}},"_links":{"self":[{"href":"https:\/\/canfali.com\/ca-es\/wp-json\/wp\/v2\/posts\/82378","targetHints":{"allow":["GET"]}}],"collection":[{"href":"https:\/\/canfali.com\/ca-es\/wp-json\/wp\/v2\/posts"}],"about":[{"href":"https:\/\/canfali.com\/ca-es\/wp-json\/wp\/v2\/types\/post"}],"author":[{"embeddable":true,"href":"https:\/\/canfali.com\/ca-es\/wp-json\/wp\/v2\/users\/8"}],"replies":[{"embeddable":true,"href":"https:\/\/canfali.com\/ca-es\/wp-json\/wp\/v2\/comments?post=82378"}],"version-history":[{"count":3,"href":"https:\/\/canfali.com\/ca-es\/wp-json\/wp\/v2\/posts\/82378\/revisions"}],"predecessor-version":[{"id":82423,"href":"https:\/\/canfali.com\/ca-es\/wp-json\/wp\/v2\/posts\/82378\/revisions\/82423"}],"wp:featuredmedia":[{"embeddable":true,"href":"https:\/\/canfali.com\/ca-es\/wp-json\/wp\/v2\/media\/82425"}],"wp:attachment":[{"href":"https:\/\/canfali.com\/ca-es\/wp-json\/wp\/v2\/media?parent=82378"}],"wp:term":[{"taxonomy":"category","embeddable":true,"href":"https:\/\/canfali.com\/ca-es\/wp-json\/wp\/v2\/categories?post=82378"},{"taxonomy":"post_tag","embeddable":true,"href":"https:\/\/canfali.com\/ca-es\/wp-json\/wp\/v2\/tags?post=82378"}],"curies":[{"name":"wp","href":"https:\/\/api.w.org\/{rel}","templated":true}]}}