{"id":82218,"date":"2025-11-24T19:06:05","date_gmt":"2025-11-24T18:06:05","guid":{"rendered":"https:\/\/canfali.com\/creama-ha-elaborat-el-manifest-del-25-n-a-denia\/"},"modified":"2025-11-24T19:09:00","modified_gmt":"2025-11-24T18:09:00","slug":"creama-ha-elaborat-el-manifest-del-25-n-a-denia","status":"publish","type":"post","link":"https:\/\/canfali.com\/ca-es\/creama-ha-elaborat-el-manifest-del-25-n-a-denia\/","title":{"rendered":"Creama ha elaborat el manifest del 25-N a D\u00e9nia"},"content":{"rendered":"\n<p>Els actes commemoratius entorn del Dia Internacional de l&#8217;Eliminaci\u00f3 de la Viol\u00e8ncia contra les Dones continuaran este dimarts (25N). L&#8217;acte central es desenrotllar\u00e0 al migdia (12 hores) en la pla\u00e7a del Consell. All\u00ed es llegir\u00e0 el manifest, que enguany ha sigut elaborat pel CREAMA. Seguidament, s&#8217;oferir\u00e0 l&#8217;espectacle d&#8217;arts esc\u00e8niques \u201cCap paraula\u201d, a c\u00e0rrec de la companyia Balbal. (A la foto, un dels espectacles de Balban Company en una altra ciutat). <br\/><br\/><\/p>\n\n<p>La jornada comen\u00e7ar\u00e0 un poc abans, a les 10 hores, en la pla\u00e7a de Maria Herv\u00e1s, amb una sessi\u00f3 de l&#8217;activitat esportiva a l&#8217;aire lliure \u201cMou-et\u201d, organitzada per la Regidoria d&#8217;Esports. <br\/><br\/><\/p>\n\n<p>Matria organitza tamb\u00e9 la\u00a0Campanya de vacunaci\u00f3 comarcal contra la viol\u00e8ncia de g\u00e8nere. L&#8217;estand de l&#8217;associaci\u00f3 s&#8217;instal\u00b7lar\u00e0 al carrer Marqu\u00e9s de Camp, entre les 9.30 i les 13 hores.<br\/><br\/>\u00a0<\/p>\n\n<p>La programaci\u00f3 s&#8217;estendr\u00e0 fins al 27 de novembre, quan tindr\u00e0 lloc la representaci\u00f3 teatral de \u201cLa casa de Bernarda Alba\u201d, la coneguda obra de Federico Garc\u00eda Lorca, que ser\u00e0 a c\u00e0rrec de l&#8217;Escola Municipal de Teatre d&#8217;Ondara. La funci\u00f3 est\u00e0 prevista per a les 20 hores en el Centre Social de D\u00e9nia i l&#8217;entrada ser\u00e0 lliure fins a completar l&#8217;aforament.<br\/><br\/><\/p>\n\n<p>En l&#8217;\u00e0mbit de la difusi\u00f3 i la sensibilitzaci\u00f3, la Regidoria d&#8217;Igualtat i Diversitat ha organitzat l&#8217;IV Concurs de dibuix pel 25N, dirigit a l&#8217;alumnat dels centres d&#8217;educaci\u00f3 prim\u00e0ria i secund\u00e0ria de la ciutat. Els tres dibuixos guanyadors d&#8217;esta edici\u00f3 seran els que il\u00b7lustren els marcap\u00e1ginas que la Regidoria repartir\u00e0 a la poblaci\u00f3, amb una tirada de 12.000 exemplars.<br\/><br\/>.<\/p>\n\n<p>Coincidint amb l&#8217;efem\u00e8ride, tamb\u00e9 s&#8217;ha dut a terme la reedici\u00f3 del tr\u00edptic actualitzat amb la informaci\u00f3 sobre els recursos disponibles per a les dones a D\u00e9nia. Durant este mes de novembre es distribuiran 12.000 exemplars d&#8217;este material en un total de 93 punts de D\u00e9nia, la Xara i Jes\u00fas Pobre. Segons ha assenyalat el regidor responsable, el programa al voltant del 25N \u00e9s una ferramenta fonamental \u201cper a visibilitzar i reivindicar la lluita contra la viol\u00e8ncia de g\u00e8nere, previndre i educar en igualtat, i reflexionar a trav\u00e9s de la cultura i l&#8217;art sobre el model social que perpetua la discriminaci\u00f3 i tota forma de viol\u00e8ncia sobre les dones\u201d<\/p>\n","protected":false},"excerpt":{"rendered":"Els actes commemoratius entorn del Dia Internacional de l&#8217;Eliminaci\u00f3 de la Viol\u00e8ncia contra les Dones continuaran este dimarts&hellip;","protected":false},"author":7,"featured_media":82216,"comment_status":"closed","ping_status":"closed","sticky":false,"template":"","format":"standard","meta":{"csco_display_header_overlay":false,"csco_singular_sidebar":"","csco_page_header_type":"","csco_page_load_nextpost":"","csco_post_video_location":[],"csco_post_video_location_hash":"","csco_post_video_url":"","csco_post_video_bg_start_time":0,"csco_post_video_bg_end_time":0,"footnotes":""},"categories":[574],"tags":[5172,811,3581],"class_list":{"0":"post-82218","1":"post","2":"type-post","3":"status-publish","4":"format-standard","5":"has-post-thumbnail","7":"category-sociedad-2","8":"tag-25n","9":"tag-creama-ca-es","10":"tag-violencia-de-genere","11":"cs-entry","12":"cs-video-wrap"},"yoast_head":"<!-- This site is optimized with the Yoast SEO Premium plugin v26.6 (Yoast SEO v27.3) - https:\/\/yoast.com\/product\/yoast-seo-premium-wordpress\/ -->\n<title>Creama ha elaborat el manifest del 25-N a D\u00e9nia - Canfali<\/title>\n<meta name=\"robots\" content=\"index, follow, max-snippet:-1, max-image-preview:large, max-video-preview:-1\" \/>\n<link rel=\"canonical\" href=\"https:\/\/canfali.com\/ca-es\/creama-ha-elaborat-el-manifest-del-25-n-a-denia\/\" \/>\n<meta property=\"og:locale\" content=\"en_US\" \/>\n<meta property=\"og:type\" content=\"article\" \/>\n<meta property=\"og:title\" content=\"Creama ha elaborat el manifest del 25-N a D\u00e9nia\" \/>\n<meta property=\"og:description\" content=\"Els actes commemoratius entorn del Dia Internacional de l&#8217;Eliminaci\u00f3 de la Viol\u00e8ncia contra les Dones continuaran este dimarts&hellip;\" \/>\n<meta property=\"og:url\" content=\"https:\/\/canfali.com\/ca-es\/creama-ha-elaborat-el-manifest-del-25-n-a-denia\/\" \/>\n<meta property=\"og:site_name\" content=\"Canfali\" \/>\n<meta property=\"article:publisher\" content=\"https:\/\/es-es.facebook.com\/CANFALIMarinaAlta\" \/>\n<meta property=\"article:published_time\" content=\"2025-11-24T18:06:05+00:00\" \/>\n<meta property=\"article:modified_time\" content=\"2025-11-24T18:09:00+00:00\" \/>\n<meta property=\"og:image\" content=\"https:\/\/canfali.com\/app\/uploads\/2025\/11\/20240726191846-NingunaPalabra\u00a9AndyTierce-scaled-1.jpg\" \/>\n\t<meta property=\"og:image:width\" content=\"2560\" \/>\n\t<meta property=\"og:image:height\" content=\"1706\" \/>\n\t<meta property=\"og:image:type\" content=\"image\/jpeg\" \/>\n<meta name=\"author\" content=\"Bolta\" \/>\n<meta name=\"twitter:card\" content=\"summary_large_image\" \/>\n<meta name=\"twitter:creator\" content=\"@canfalima\" \/>\n<meta name=\"twitter:site\" content=\"@canfalima\" \/>\n<meta name=\"twitter:label1\" content=\"Written by\" \/>\n\t<meta name=\"twitter:data1\" content=\"Bolta\" \/>\n\t<meta name=\"twitter:label2\" content=\"Est. reading time\" \/>\n\t<meta name=\"twitter:data2\" content=\"2 minutes\" \/>\n<script type=\"application\/ld+json\" class=\"yoast-schema-graph\">{\"@context\":\"https:\\\/\\\/schema.org\",\"@graph\":[{\"@type\":\"NewsArticle\",\"@id\":\"https:\\\/\\\/canfali.com\\\/ca-es\\\/creama-ha-elaborat-el-manifest-del-25-n-a-denia\\\/#article\",\"isPartOf\":{\"@id\":\"https:\\\/\\\/canfali.com\\\/ca-es\\\/creama-ha-elaborat-el-manifest-del-25-n-a-denia\\\/\"},\"author\":{\"name\":\"Bolta\",\"@id\":\"https:\\\/\\\/canfali.com\\\/ca-es\\\/#\\\/schema\\\/person\\\/9c651adc904f3c4e0243f54407751557\"},\"headline\":\"Creama ha elaborat el manifest del 25-N a D\u00e9nia\",\"datePublished\":\"2025-11-24T18:06:05+00:00\",\"dateModified\":\"2025-11-24T18:09:00+00:00\",\"mainEntityOfPage\":{\"@id\":\"https:\\\/\\\/canfali.com\\\/ca-es\\\/creama-ha-elaborat-el-manifest-del-25-n-a-denia\\\/\"},\"wordCount\":410,\"publisher\":{\"@id\":\"https:\\\/\\\/canfali.com\\\/ca-es\\\/#organization\"},\"image\":{\"@id\":\"https:\\\/\\\/canfali.com\\\/ca-es\\\/creama-ha-elaborat-el-manifest-del-25-n-a-denia\\\/#primaryimage\"},\"thumbnailUrl\":\"https:\\\/\\\/canfali.com\\\/app\\\/uploads\\\/2025\\\/11\\\/20240726191846-NingunaPalabra\u00a9AndyTierce-scaled-1.jpg\",\"keywords\":[\"25N\",\"Creama\",\"viol\u00e8ncia de g\u00e8nere\"],\"articleSection\":[\"Sociedad\"],\"inLanguage\":\"va-ES\",\"copyrightYear\":\"2025\",\"copyrightHolder\":{\"@id\":\"https:\\\/\\\/canfali.com\\\/#organization\"}},{\"@type\":\"WebPage\",\"@id\":\"https:\\\/\\\/canfali.com\\\/ca-es\\\/creama-ha-elaborat-el-manifest-del-25-n-a-denia\\\/\",\"url\":\"https:\\\/\\\/canfali.com\\\/ca-es\\\/creama-ha-elaborat-el-manifest-del-25-n-a-denia\\\/\",\"name\":\"Creama ha elaborat el manifest del 25-N a D\u00e9nia - Canfali\",\"isPartOf\":{\"@id\":\"https:\\\/\\\/canfali.com\\\/ca-es\\\/#website\"},\"primaryImageOfPage\":{\"@id\":\"https:\\\/\\\/canfali.com\\\/ca-es\\\/creama-ha-elaborat-el-manifest-del-25-n-a-denia\\\/#primaryimage\"},\"image\":{\"@id\":\"https:\\\/\\\/canfali.com\\\/ca-es\\\/creama-ha-elaborat-el-manifest-del-25-n-a-denia\\\/#primaryimage\"},\"thumbnailUrl\":\"https:\\\/\\\/canfali.com\\\/app\\\/uploads\\\/2025\\\/11\\\/20240726191846-NingunaPalabra\u00a9AndyTierce-scaled-1.jpg\",\"datePublished\":\"2025-11-24T18:06:05+00:00\",\"dateModified\":\"2025-11-24T18:09:00+00:00\",\"breadcrumb\":{\"@id\":\"https:\\\/\\\/canfali.com\\\/ca-es\\\/creama-ha-elaborat-el-manifest-del-25-n-a-denia\\\/#breadcrumb\"},\"inLanguage\":\"va-ES\",\"potentialAction\":[{\"@type\":\"ReadAction\",\"target\":[\"https:\\\/\\\/canfali.com\\\/ca-es\\\/creama-ha-elaborat-el-manifest-del-25-n-a-denia\\\/\"]}]},{\"@type\":\"ImageObject\",\"inLanguage\":\"va-ES\",\"@id\":\"https:\\\/\\\/canfali.com\\\/ca-es\\\/creama-ha-elaborat-el-manifest-del-25-n-a-denia\\\/#primaryimage\",\"url\":\"https:\\\/\\\/canfali.com\\\/app\\\/uploads\\\/2025\\\/11\\\/20240726191846-NingunaPalabra\u00a9AndyTierce-scaled-1.jpg\",\"contentUrl\":\"https:\\\/\\\/canfali.com\\\/app\\\/uploads\\\/2025\\\/11\\\/20240726191846-NingunaPalabra\u00a9AndyTierce-scaled-1.jpg\",\"width\":2560,\"height\":1706},{\"@type\":\"BreadcrumbList\",\"@id\":\"https:\\\/\\\/canfali.com\\\/ca-es\\\/creama-ha-elaborat-el-manifest-del-25-n-a-denia\\\/#breadcrumb\",\"itemListElement\":[{\"@type\":\"ListItem\",\"position\":1,\"name\":\"Portada\",\"item\":\"https:\\\/\\\/canfali.com\\\/ca-es\\\/\"},{\"@type\":\"ListItem\",\"position\":2,\"name\":\"Creama ha elaborat el manifest del 25-N a D\u00e9nia\"}]},{\"@type\":\"WebSite\",\"@id\":\"https:\\\/\\\/canfali.com\\\/ca-es\\\/#website\",\"url\":\"https:\\\/\\\/canfali.com\\\/ca-es\\\/\",\"name\":\"Canfali\",\"description\":\"\",\"publisher\":{\"@id\":\"https:\\\/\\\/canfali.com\\\/ca-es\\\/#organization\"},\"potentialAction\":[{\"@type\":\"SearchAction\",\"target\":{\"@type\":\"EntryPoint\",\"urlTemplate\":\"https:\\\/\\\/canfali.com\\\/ca-es\\\/?s={search_term_string}\"},\"query-input\":{\"@type\":\"PropertyValueSpecification\",\"valueRequired\":true,\"valueName\":\"search_term_string\"}}],\"inLanguage\":\"va-ES\"},{\"@type\":\"Organization\",\"@id\":\"https:\\\/\\\/canfali.com\\\/ca-es\\\/#organization\",\"name\":\"Canfali\",\"url\":\"https:\\\/\\\/canfali.com\\\/ca-es\\\/\",\"logo\":{\"@type\":\"ImageObject\",\"inLanguage\":\"va-ES\",\"@id\":\"https:\\\/\\\/canfali.com\\\/ca-es\\\/#\\\/schema\\\/logo\\\/image\\\/\",\"url\":\"https:\\\/\\\/canfali.com\\\/app\\\/uploads\\\/2025\\\/12\\\/canfali_marina_alta_logo.png\",\"contentUrl\":\"https:\\\/\\\/canfali.com\\\/app\\\/uploads\\\/2025\\\/12\\\/canfali_marina_alta_logo.png\",\"width\":225,\"height\":225,\"caption\":\"Canfali\"},\"image\":{\"@id\":\"https:\\\/\\\/canfali.com\\\/ca-es\\\/#\\\/schema\\\/logo\\\/image\\\/\"},\"sameAs\":[\"https:\\\/\\\/es-es.facebook.com\\\/CANFALIMarinaAlta\",\"https:\\\/\\\/x.com\\\/canfalima\",\"https:\\\/\\\/www.instagram.com\\\/canfalimarinaalta\\\/\"]},{\"@type\":\"Person\",\"@id\":\"https:\\\/\\\/canfali.com\\\/ca-es\\\/#\\\/schema\\\/person\\\/9c651adc904f3c4e0243f54407751557\",\"name\":\"Bolta\",\"image\":{\"@type\":\"ImageObject\",\"inLanguage\":\"va-ES\",\"@id\":\"https:\\\/\\\/secure.gravatar.com\\\/avatar\\\/550a5d97fe3cfba5caf077b9600e46529e1977e9d14396836e775d6d9d895a81?s=96&d=mm&r=g\",\"url\":\"https:\\\/\\\/secure.gravatar.com\\\/avatar\\\/550a5d97fe3cfba5caf077b9600e46529e1977e9d14396836e775d6d9d895a81?s=96&d=mm&r=g\",\"contentUrl\":\"https:\\\/\\\/secure.gravatar.com\\\/avatar\\\/550a5d97fe3cfba5caf077b9600e46529e1977e9d14396836e775d6d9d895a81?s=96&d=mm&r=g\",\"caption\":\"Bolta\"},\"url\":\"https:\\\/\\\/canfali.com\\\/ca-es\\\/author\\\/bolta\\\/\"}]}<\/script>\n<!-- \/ Yoast SEO Premium plugin. -->","yoast_head_json":{"title":"Creama ha elaborat el manifest del 25-N a D\u00e9nia - Canfali","robots":{"index":"index","follow":"follow","max-snippet":"max-snippet:-1","max-image-preview":"max-image-preview:large","max-video-preview":"max-video-preview:-1"},"canonical":"https:\/\/canfali.com\/ca-es\/creama-ha-elaborat-el-manifest-del-25-n-a-denia\/","og_locale":"en_US","og_type":"article","og_title":"Creama ha elaborat el manifest del 25-N a D\u00e9nia","og_description":"Els actes commemoratius entorn del Dia Internacional de l&#8217;Eliminaci\u00f3 de la Viol\u00e8ncia contra les Dones continuaran este dimarts&hellip;","og_url":"https:\/\/canfali.com\/ca-es\/creama-ha-elaborat-el-manifest-del-25-n-a-denia\/","og_site_name":"Canfali","article_publisher":"https:\/\/es-es.facebook.com\/CANFALIMarinaAlta","article_published_time":"2025-11-24T18:06:05+00:00","article_modified_time":"2025-11-24T18:09:00+00:00","og_image":[{"width":2560,"height":1706,"url":"https:\/\/canfali.com\/app\/uploads\/2025\/11\/20240726191846-NingunaPalabra\u00a9AndyTierce-scaled-1.jpg","type":"image\/jpeg"}],"author":"Bolta","twitter_card":"summary_large_image","twitter_creator":"@canfalima","twitter_site":"@canfalima","twitter_misc":{"Written by":"Bolta","Est. reading time":"2 minutes"},"schema":{"@context":"https:\/\/schema.org","@graph":[{"@type":"NewsArticle","@id":"https:\/\/canfali.com\/ca-es\/creama-ha-elaborat-el-manifest-del-25-n-a-denia\/#article","isPartOf":{"@id":"https:\/\/canfali.com\/ca-es\/creama-ha-elaborat-el-manifest-del-25-n-a-denia\/"},"author":{"name":"Bolta","@id":"https:\/\/canfali.com\/ca-es\/#\/schema\/person\/9c651adc904f3c4e0243f54407751557"},"headline":"Creama ha elaborat el manifest del 25-N a D\u00e9nia","datePublished":"2025-11-24T18:06:05+00:00","dateModified":"2025-11-24T18:09:00+00:00","mainEntityOfPage":{"@id":"https:\/\/canfali.com\/ca-es\/creama-ha-elaborat-el-manifest-del-25-n-a-denia\/"},"wordCount":410,"publisher":{"@id":"https:\/\/canfali.com\/ca-es\/#organization"},"image":{"@id":"https:\/\/canfali.com\/ca-es\/creama-ha-elaborat-el-manifest-del-25-n-a-denia\/#primaryimage"},"thumbnailUrl":"https:\/\/canfali.com\/app\/uploads\/2025\/11\/20240726191846-NingunaPalabra\u00a9AndyTierce-scaled-1.jpg","keywords":["25N","Creama","viol\u00e8ncia de g\u00e8nere"],"articleSection":["Sociedad"],"inLanguage":"va-ES","copyrightYear":"2025","copyrightHolder":{"@id":"https:\/\/canfali.com\/#organization"}},{"@type":"WebPage","@id":"https:\/\/canfali.com\/ca-es\/creama-ha-elaborat-el-manifest-del-25-n-a-denia\/","url":"https:\/\/canfali.com\/ca-es\/creama-ha-elaborat-el-manifest-del-25-n-a-denia\/","name":"Creama ha elaborat el manifest del 25-N a D\u00e9nia - Canfali","isPartOf":{"@id":"https:\/\/canfali.com\/ca-es\/#website"},"primaryImageOfPage":{"@id":"https:\/\/canfali.com\/ca-es\/creama-ha-elaborat-el-manifest-del-25-n-a-denia\/#primaryimage"},"image":{"@id":"https:\/\/canfali.com\/ca-es\/creama-ha-elaborat-el-manifest-del-25-n-a-denia\/#primaryimage"},"thumbnailUrl":"https:\/\/canfali.com\/app\/uploads\/2025\/11\/20240726191846-NingunaPalabra\u00a9AndyTierce-scaled-1.jpg","datePublished":"2025-11-24T18:06:05+00:00","dateModified":"2025-11-24T18:09:00+00:00","breadcrumb":{"@id":"https:\/\/canfali.com\/ca-es\/creama-ha-elaborat-el-manifest-del-25-n-a-denia\/#breadcrumb"},"inLanguage":"va-ES","potentialAction":[{"@type":"ReadAction","target":["https:\/\/canfali.com\/ca-es\/creama-ha-elaborat-el-manifest-del-25-n-a-denia\/"]}]},{"@type":"ImageObject","inLanguage":"va-ES","@id":"https:\/\/canfali.com\/ca-es\/creama-ha-elaborat-el-manifest-del-25-n-a-denia\/#primaryimage","url":"https:\/\/canfali.com\/app\/uploads\/2025\/11\/20240726191846-NingunaPalabra\u00a9AndyTierce-scaled-1.jpg","contentUrl":"https:\/\/canfali.com\/app\/uploads\/2025\/11\/20240726191846-NingunaPalabra\u00a9AndyTierce-scaled-1.jpg","width":2560,"height":1706},{"@type":"BreadcrumbList","@id":"https:\/\/canfali.com\/ca-es\/creama-ha-elaborat-el-manifest-del-25-n-a-denia\/#breadcrumb","itemListElement":[{"@type":"ListItem","position":1,"name":"Portada","item":"https:\/\/canfali.com\/ca-es\/"},{"@type":"ListItem","position":2,"name":"Creama ha elaborat el manifest del 25-N a D\u00e9nia"}]},{"@type":"WebSite","@id":"https:\/\/canfali.com\/ca-es\/#website","url":"https:\/\/canfali.com\/ca-es\/","name":"Canfali","description":"","publisher":{"@id":"https:\/\/canfali.com\/ca-es\/#organization"},"potentialAction":[{"@type":"SearchAction","target":{"@type":"EntryPoint","urlTemplate":"https:\/\/canfali.com\/ca-es\/?s={search_term_string}"},"query-input":{"@type":"PropertyValueSpecification","valueRequired":true,"valueName":"search_term_string"}}],"inLanguage":"va-ES"},{"@type":"Organization","@id":"https:\/\/canfali.com\/ca-es\/#organization","name":"Canfali","url":"https:\/\/canfali.com\/ca-es\/","logo":{"@type":"ImageObject","inLanguage":"va-ES","@id":"https:\/\/canfali.com\/ca-es\/#\/schema\/logo\/image\/","url":"https:\/\/canfali.com\/app\/uploads\/2025\/12\/canfali_marina_alta_logo.png","contentUrl":"https:\/\/canfali.com\/app\/uploads\/2025\/12\/canfali_marina_alta_logo.png","width":225,"height":225,"caption":"Canfali"},"image":{"@id":"https:\/\/canfali.com\/ca-es\/#\/schema\/logo\/image\/"},"sameAs":["https:\/\/es-es.facebook.com\/CANFALIMarinaAlta","https:\/\/x.com\/canfalima","https:\/\/www.instagram.com\/canfalimarinaalta\/"]},{"@type":"Person","@id":"https:\/\/canfali.com\/ca-es\/#\/schema\/person\/9c651adc904f3c4e0243f54407751557","name":"Bolta","image":{"@type":"ImageObject","inLanguage":"va-ES","@id":"https:\/\/secure.gravatar.com\/avatar\/550a5d97fe3cfba5caf077b9600e46529e1977e9d14396836e775d6d9d895a81?s=96&d=mm&r=g","url":"https:\/\/secure.gravatar.com\/avatar\/550a5d97fe3cfba5caf077b9600e46529e1977e9d14396836e775d6d9d895a81?s=96&d=mm&r=g","contentUrl":"https:\/\/secure.gravatar.com\/avatar\/550a5d97fe3cfba5caf077b9600e46529e1977e9d14396836e775d6d9d895a81?s=96&d=mm&r=g","caption":"Bolta"},"url":"https:\/\/canfali.com\/ca-es\/author\/bolta\/"}]}},"_links":{"self":[{"href":"https:\/\/canfali.com\/ca-es\/wp-json\/wp\/v2\/posts\/82218","targetHints":{"allow":["GET"]}}],"collection":[{"href":"https:\/\/canfali.com\/ca-es\/wp-json\/wp\/v2\/posts"}],"about":[{"href":"https:\/\/canfali.com\/ca-es\/wp-json\/wp\/v2\/types\/post"}],"author":[{"embeddable":true,"href":"https:\/\/canfali.com\/ca-es\/wp-json\/wp\/v2\/users\/7"}],"replies":[{"embeddable":true,"href":"https:\/\/canfali.com\/ca-es\/wp-json\/wp\/v2\/comments?post=82218"}],"version-history":[{"count":1,"href":"https:\/\/canfali.com\/ca-es\/wp-json\/wp\/v2\/posts\/82218\/revisions"}],"predecessor-version":[{"id":82219,"href":"https:\/\/canfali.com\/ca-es\/wp-json\/wp\/v2\/posts\/82218\/revisions\/82219"}],"wp:featuredmedia":[{"embeddable":true,"href":"https:\/\/canfali.com\/ca-es\/wp-json\/wp\/v2\/media\/82216"}],"wp:attachment":[{"href":"https:\/\/canfali.com\/ca-es\/wp-json\/wp\/v2\/media?parent=82218"}],"wp:term":[{"taxonomy":"category","embeddable":true,"href":"https:\/\/canfali.com\/ca-es\/wp-json\/wp\/v2\/categories?post=82218"},{"taxonomy":"post_tag","embeddable":true,"href":"https:\/\/canfali.com\/ca-es\/wp-json\/wp\/v2\/tags?post=82218"}],"curies":[{"name":"wp","href":"https:\/\/api.w.org\/{rel}","templated":true}]}}