{"id":82193,"date":"2025-11-24T17:45:47","date_gmt":"2025-11-24T16:45:47","guid":{"rendered":"https:\/\/canfali.com\/alerta-pel-fort-vent-tanquen-parcs-i-el-castell-de-denia\/"},"modified":"2025-11-24T17:48:50","modified_gmt":"2025-11-24T16:48:50","slug":"alerta-pel-fort-vent-tanquen-parcs-i-el-castell-de-denia","status":"publish","type":"post","link":"https:\/\/canfali.com\/ca-es\/alerta-pel-fort-vent-tanquen-parcs-i-el-castell-de-denia\/","title":{"rendered":"Alerta pel fort vent: tanquen parcs i el castell de D\u00e9nia"},"content":{"rendered":"\n<h2 class=\"wp-block-heading\"><\/h2>\n\n<p>La Policia Local de D\u00e9nia ha procedit al tancament preventiu de diversos espais p\u00fablics clau, incloent-hi parcs i l&#8217;ic\u00f2nic Castell, despr\u00e9s de l&#8217;activaci\u00f3 d&#8217;un av\u00eds groc per forts vents en el litoral nord d&#8217;Alacant. L&#8217;alerta, emesa per l&#8217;Ag\u00e8ncia Estatal de Meteorologia (AEMET) a les 10 hores de hui dilluns, advertix de ratxes m\u00e0ximes que poden aconseguir fins als 70 quil\u00f2metres per hora.<br\/><br\/><\/p>\n\n<p>Com a mesura de precauci\u00f3 immediata davant estes condicions meteorol\u00f2giques adverses, la Policia Local ha informat que es tancaran al p\u00fablic el parc de Torrecremada, el Bosc de Diana, la pla\u00e7a de Jaume I i el Castell. L&#8217;objectiu d&#8217;esta acci\u00f3 \u00e9s evitar riscos a la ciutadania derivats de possibles caigudes de branques o altres elements exposats al vent.<br\/><br\/><\/p>\n\n<p>Les autoritats municipals han em\u00e9s un comunicat sol\u00b7licitant a la ciutadania mantindre la m\u00e0xima prud\u00e8ncia i evitar accedir a zones arbrades o qualsevol element que puga veure&#8217;s afectat per les r\u00e0fegues. La Policia Local ha assegurat que continuar\u00e0 informant a trav\u00e9s dels seus canals oficials sobre qualsevol novetat respecte a l&#8217;evoluci\u00f3 de l&#8217;av\u00eds meteorol\u00f2gic i la reobertura dels espais clausurats.<\/p>\n","protected":false},"excerpt":{"rendered":"La Policia Local de D\u00e9nia ha procedit al tancament preventiu de diversos espais p\u00fablics clau, incloent-hi parcs i&hellip;","protected":false},"author":7,"featured_media":82191,"comment_status":"closed","ping_status":"closed","sticky":false,"template":"","format":"standard","meta":{"csco_display_header_overlay":false,"csco_singular_sidebar":"","csco_page_header_type":"","csco_page_load_nextpost":"","csco_post_video_location":[],"csco_post_video_location_hash":"","csco_post_video_url":"","csco_post_video_bg_start_time":0,"csco_post_video_bg_end_time":0,"footnotes":""},"categories":[578],"tags":[5266,5265],"class_list":{"0":"post-82193","1":"post","2":"type-post","3":"status-publish","4":"format-standard","5":"has-post-thumbnail","7":"category-sucesos-2","8":"tag-perill","9":"tag-vent","10":"cs-entry","11":"cs-video-wrap"},"yoast_head":"<!-- This site is optimized with the Yoast SEO Premium plugin v26.6 (Yoast SEO v27.3) - https:\/\/yoast.com\/product\/yoast-seo-premium-wordpress\/ -->\n<title>Alerta pel fort vent: tanquen parcs i el castell de D\u00e9nia - Canfali<\/title>\n<meta name=\"robots\" content=\"index, follow, max-snippet:-1, max-image-preview:large, max-video-preview:-1\" \/>\n<link rel=\"canonical\" href=\"https:\/\/canfali.com\/ca-es\/alerta-pel-fort-vent-tanquen-parcs-i-el-castell-de-denia\/\" \/>\n<meta property=\"og:locale\" content=\"en_US\" \/>\n<meta property=\"og:type\" content=\"article\" \/>\n<meta property=\"og:title\" content=\"Alerta pel fort vent: tanquen parcs i el castell de D\u00e9nia\" \/>\n<meta property=\"og:description\" content=\"La Policia Local de D\u00e9nia ha procedit al tancament preventiu de diversos espais p\u00fablics clau, incloent-hi parcs i&hellip;\" \/>\n<meta property=\"og:url\" content=\"https:\/\/canfali.com\/ca-es\/alerta-pel-fort-vent-tanquen-parcs-i-el-castell-de-denia\/\" \/>\n<meta property=\"og:site_name\" content=\"Canfali\" \/>\n<meta property=\"article:publisher\" content=\"https:\/\/es-es.facebook.com\/CANFALIMarinaAlta\" \/>\n<meta property=\"article:published_time\" content=\"2025-11-24T16:45:47+00:00\" \/>\n<meta property=\"article:modified_time\" content=\"2025-11-24T16:48:50+00:00\" \/>\n<meta property=\"og:image\" content=\"https:\/\/canfali.com\/app\/uploads\/2025\/11\/585994288_1237618585078374_4835364121440188188_n.jpg\" \/>\n\t<meta property=\"og:image:width\" content=\"680\" \/>\n\t<meta property=\"og:image:height\" content=\"680\" \/>\n\t<meta property=\"og:image:type\" content=\"image\/jpeg\" \/>\n<meta name=\"author\" content=\"Bolta\" \/>\n<meta name=\"twitter:card\" content=\"summary_large_image\" \/>\n<meta name=\"twitter:creator\" content=\"@canfalima\" \/>\n<meta name=\"twitter:site\" content=\"@canfalima\" \/>\n<meta name=\"twitter:label1\" content=\"Written by\" \/>\n\t<meta name=\"twitter:data1\" content=\"Bolta\" \/>\n\t<meta name=\"twitter:label2\" content=\"Est. reading time\" \/>\n\t<meta name=\"twitter:data2\" content=\"1 minute\" \/>\n<script type=\"application\/ld+json\" class=\"yoast-schema-graph\">{\"@context\":\"https:\\\/\\\/schema.org\",\"@graph\":[{\"@type\":\"NewsArticle\",\"@id\":\"https:\\\/\\\/canfali.com\\\/ca-es\\\/alerta-pel-fort-vent-tanquen-parcs-i-el-castell-de-denia\\\/#article\",\"isPartOf\":{\"@id\":\"https:\\\/\\\/canfali.com\\\/ca-es\\\/alerta-pel-fort-vent-tanquen-parcs-i-el-castell-de-denia\\\/\"},\"author\":{\"name\":\"Bolta\",\"@id\":\"https:\\\/\\\/canfali.com\\\/ca-es\\\/#\\\/schema\\\/person\\\/9c651adc904f3c4e0243f54407751557\"},\"headline\":\"Alerta pel fort vent: tanquen parcs i el castell de D\u00e9nia\",\"datePublished\":\"2025-11-24T16:45:47+00:00\",\"dateModified\":\"2025-11-24T16:48:50+00:00\",\"mainEntityOfPage\":{\"@id\":\"https:\\\/\\\/canfali.com\\\/ca-es\\\/alerta-pel-fort-vent-tanquen-parcs-i-el-castell-de-denia\\\/\"},\"wordCount\":220,\"publisher\":{\"@id\":\"https:\\\/\\\/canfali.com\\\/ca-es\\\/#organization\"},\"image\":{\"@id\":\"https:\\\/\\\/canfali.com\\\/ca-es\\\/alerta-pel-fort-vent-tanquen-parcs-i-el-castell-de-denia\\\/#primaryimage\"},\"thumbnailUrl\":\"https:\\\/\\\/canfali.com\\\/app\\\/uploads\\\/2025\\\/11\\\/585994288_1237618585078374_4835364121440188188_n.jpg\",\"keywords\":[\"perill\",\"vent\"],\"articleSection\":[\"Sucesos\"],\"inLanguage\":\"va-ES\",\"copyrightYear\":\"2025\",\"copyrightHolder\":{\"@id\":\"https:\\\/\\\/canfali.com\\\/#organization\"}},{\"@type\":\"WebPage\",\"@id\":\"https:\\\/\\\/canfali.com\\\/ca-es\\\/alerta-pel-fort-vent-tanquen-parcs-i-el-castell-de-denia\\\/\",\"url\":\"https:\\\/\\\/canfali.com\\\/ca-es\\\/alerta-pel-fort-vent-tanquen-parcs-i-el-castell-de-denia\\\/\",\"name\":\"Alerta pel fort vent: tanquen parcs i el castell de D\u00e9nia - Canfali\",\"isPartOf\":{\"@id\":\"https:\\\/\\\/canfali.com\\\/ca-es\\\/#website\"},\"primaryImageOfPage\":{\"@id\":\"https:\\\/\\\/canfali.com\\\/ca-es\\\/alerta-pel-fort-vent-tanquen-parcs-i-el-castell-de-denia\\\/#primaryimage\"},\"image\":{\"@id\":\"https:\\\/\\\/canfali.com\\\/ca-es\\\/alerta-pel-fort-vent-tanquen-parcs-i-el-castell-de-denia\\\/#primaryimage\"},\"thumbnailUrl\":\"https:\\\/\\\/canfali.com\\\/app\\\/uploads\\\/2025\\\/11\\\/585994288_1237618585078374_4835364121440188188_n.jpg\",\"datePublished\":\"2025-11-24T16:45:47+00:00\",\"dateModified\":\"2025-11-24T16:48:50+00:00\",\"breadcrumb\":{\"@id\":\"https:\\\/\\\/canfali.com\\\/ca-es\\\/alerta-pel-fort-vent-tanquen-parcs-i-el-castell-de-denia\\\/#breadcrumb\"},\"inLanguage\":\"va-ES\",\"potentialAction\":[{\"@type\":\"ReadAction\",\"target\":[\"https:\\\/\\\/canfali.com\\\/ca-es\\\/alerta-pel-fort-vent-tanquen-parcs-i-el-castell-de-denia\\\/\"]}]},{\"@type\":\"ImageObject\",\"inLanguage\":\"va-ES\",\"@id\":\"https:\\\/\\\/canfali.com\\\/ca-es\\\/alerta-pel-fort-vent-tanquen-parcs-i-el-castell-de-denia\\\/#primaryimage\",\"url\":\"https:\\\/\\\/canfali.com\\\/app\\\/uploads\\\/2025\\\/11\\\/585994288_1237618585078374_4835364121440188188_n.jpg\",\"contentUrl\":\"https:\\\/\\\/canfali.com\\\/app\\\/uploads\\\/2025\\\/11\\\/585994288_1237618585078374_4835364121440188188_n.jpg\",\"width\":680,\"height\":680},{\"@type\":\"BreadcrumbList\",\"@id\":\"https:\\\/\\\/canfali.com\\\/ca-es\\\/alerta-pel-fort-vent-tanquen-parcs-i-el-castell-de-denia\\\/#breadcrumb\",\"itemListElement\":[{\"@type\":\"ListItem\",\"position\":1,\"name\":\"Portada\",\"item\":\"https:\\\/\\\/canfali.com\\\/ca-es\\\/\"},{\"@type\":\"ListItem\",\"position\":2,\"name\":\"Alerta pel fort vent: tanquen parcs i el castell de D\u00e9nia\"}]},{\"@type\":\"WebSite\",\"@id\":\"https:\\\/\\\/canfali.com\\\/ca-es\\\/#website\",\"url\":\"https:\\\/\\\/canfali.com\\\/ca-es\\\/\",\"name\":\"Canfali\",\"description\":\"\",\"publisher\":{\"@id\":\"https:\\\/\\\/canfali.com\\\/ca-es\\\/#organization\"},\"potentialAction\":[{\"@type\":\"SearchAction\",\"target\":{\"@type\":\"EntryPoint\",\"urlTemplate\":\"https:\\\/\\\/canfali.com\\\/ca-es\\\/?s={search_term_string}\"},\"query-input\":{\"@type\":\"PropertyValueSpecification\",\"valueRequired\":true,\"valueName\":\"search_term_string\"}}],\"inLanguage\":\"va-ES\"},{\"@type\":\"Organization\",\"@id\":\"https:\\\/\\\/canfali.com\\\/ca-es\\\/#organization\",\"name\":\"Canfali\",\"url\":\"https:\\\/\\\/canfali.com\\\/ca-es\\\/\",\"logo\":{\"@type\":\"ImageObject\",\"inLanguage\":\"va-ES\",\"@id\":\"https:\\\/\\\/canfali.com\\\/ca-es\\\/#\\\/schema\\\/logo\\\/image\\\/\",\"url\":\"https:\\\/\\\/canfali.com\\\/app\\\/uploads\\\/2025\\\/12\\\/canfali_marina_alta_logo.png\",\"contentUrl\":\"https:\\\/\\\/canfali.com\\\/app\\\/uploads\\\/2025\\\/12\\\/canfali_marina_alta_logo.png\",\"width\":225,\"height\":225,\"caption\":\"Canfali\"},\"image\":{\"@id\":\"https:\\\/\\\/canfali.com\\\/ca-es\\\/#\\\/schema\\\/logo\\\/image\\\/\"},\"sameAs\":[\"https:\\\/\\\/es-es.facebook.com\\\/CANFALIMarinaAlta\",\"https:\\\/\\\/x.com\\\/canfalima\",\"https:\\\/\\\/www.instagram.com\\\/canfalimarinaalta\\\/\"]},{\"@type\":\"Person\",\"@id\":\"https:\\\/\\\/canfali.com\\\/ca-es\\\/#\\\/schema\\\/person\\\/9c651adc904f3c4e0243f54407751557\",\"name\":\"Bolta\",\"image\":{\"@type\":\"ImageObject\",\"inLanguage\":\"va-ES\",\"@id\":\"https:\\\/\\\/secure.gravatar.com\\\/avatar\\\/550a5d97fe3cfba5caf077b9600e46529e1977e9d14396836e775d6d9d895a81?s=96&d=mm&r=g\",\"url\":\"https:\\\/\\\/secure.gravatar.com\\\/avatar\\\/550a5d97fe3cfba5caf077b9600e46529e1977e9d14396836e775d6d9d895a81?s=96&d=mm&r=g\",\"contentUrl\":\"https:\\\/\\\/secure.gravatar.com\\\/avatar\\\/550a5d97fe3cfba5caf077b9600e46529e1977e9d14396836e775d6d9d895a81?s=96&d=mm&r=g\",\"caption\":\"Bolta\"},\"url\":\"https:\\\/\\\/canfali.com\\\/ca-es\\\/author\\\/bolta\\\/\"}]}<\/script>\n<!-- \/ Yoast SEO Premium plugin. -->","yoast_head_json":{"title":"Alerta pel fort vent: tanquen parcs i el castell de D\u00e9nia - Canfali","robots":{"index":"index","follow":"follow","max-snippet":"max-snippet:-1","max-image-preview":"max-image-preview:large","max-video-preview":"max-video-preview:-1"},"canonical":"https:\/\/canfali.com\/ca-es\/alerta-pel-fort-vent-tanquen-parcs-i-el-castell-de-denia\/","og_locale":"en_US","og_type":"article","og_title":"Alerta pel fort vent: tanquen parcs i el castell de D\u00e9nia","og_description":"La Policia Local de D\u00e9nia ha procedit al tancament preventiu de diversos espais p\u00fablics clau, incloent-hi parcs i&hellip;","og_url":"https:\/\/canfali.com\/ca-es\/alerta-pel-fort-vent-tanquen-parcs-i-el-castell-de-denia\/","og_site_name":"Canfali","article_publisher":"https:\/\/es-es.facebook.com\/CANFALIMarinaAlta","article_published_time":"2025-11-24T16:45:47+00:00","article_modified_time":"2025-11-24T16:48:50+00:00","og_image":[{"width":680,"height":680,"url":"https:\/\/canfali.com\/app\/uploads\/2025\/11\/585994288_1237618585078374_4835364121440188188_n.jpg","type":"image\/jpeg"}],"author":"Bolta","twitter_card":"summary_large_image","twitter_creator":"@canfalima","twitter_site":"@canfalima","twitter_misc":{"Written by":"Bolta","Est. reading time":"1 minute"},"schema":{"@context":"https:\/\/schema.org","@graph":[{"@type":"NewsArticle","@id":"https:\/\/canfali.com\/ca-es\/alerta-pel-fort-vent-tanquen-parcs-i-el-castell-de-denia\/#article","isPartOf":{"@id":"https:\/\/canfali.com\/ca-es\/alerta-pel-fort-vent-tanquen-parcs-i-el-castell-de-denia\/"},"author":{"name":"Bolta","@id":"https:\/\/canfali.com\/ca-es\/#\/schema\/person\/9c651adc904f3c4e0243f54407751557"},"headline":"Alerta pel fort vent: tanquen parcs i el castell de D\u00e9nia","datePublished":"2025-11-24T16:45:47+00:00","dateModified":"2025-11-24T16:48:50+00:00","mainEntityOfPage":{"@id":"https:\/\/canfali.com\/ca-es\/alerta-pel-fort-vent-tanquen-parcs-i-el-castell-de-denia\/"},"wordCount":220,"publisher":{"@id":"https:\/\/canfali.com\/ca-es\/#organization"},"image":{"@id":"https:\/\/canfali.com\/ca-es\/alerta-pel-fort-vent-tanquen-parcs-i-el-castell-de-denia\/#primaryimage"},"thumbnailUrl":"https:\/\/canfali.com\/app\/uploads\/2025\/11\/585994288_1237618585078374_4835364121440188188_n.jpg","keywords":["perill","vent"],"articleSection":["Sucesos"],"inLanguage":"va-ES","copyrightYear":"2025","copyrightHolder":{"@id":"https:\/\/canfali.com\/#organization"}},{"@type":"WebPage","@id":"https:\/\/canfali.com\/ca-es\/alerta-pel-fort-vent-tanquen-parcs-i-el-castell-de-denia\/","url":"https:\/\/canfali.com\/ca-es\/alerta-pel-fort-vent-tanquen-parcs-i-el-castell-de-denia\/","name":"Alerta pel fort vent: tanquen parcs i el castell de D\u00e9nia - Canfali","isPartOf":{"@id":"https:\/\/canfali.com\/ca-es\/#website"},"primaryImageOfPage":{"@id":"https:\/\/canfali.com\/ca-es\/alerta-pel-fort-vent-tanquen-parcs-i-el-castell-de-denia\/#primaryimage"},"image":{"@id":"https:\/\/canfali.com\/ca-es\/alerta-pel-fort-vent-tanquen-parcs-i-el-castell-de-denia\/#primaryimage"},"thumbnailUrl":"https:\/\/canfali.com\/app\/uploads\/2025\/11\/585994288_1237618585078374_4835364121440188188_n.jpg","datePublished":"2025-11-24T16:45:47+00:00","dateModified":"2025-11-24T16:48:50+00:00","breadcrumb":{"@id":"https:\/\/canfali.com\/ca-es\/alerta-pel-fort-vent-tanquen-parcs-i-el-castell-de-denia\/#breadcrumb"},"inLanguage":"va-ES","potentialAction":[{"@type":"ReadAction","target":["https:\/\/canfali.com\/ca-es\/alerta-pel-fort-vent-tanquen-parcs-i-el-castell-de-denia\/"]}]},{"@type":"ImageObject","inLanguage":"va-ES","@id":"https:\/\/canfali.com\/ca-es\/alerta-pel-fort-vent-tanquen-parcs-i-el-castell-de-denia\/#primaryimage","url":"https:\/\/canfali.com\/app\/uploads\/2025\/11\/585994288_1237618585078374_4835364121440188188_n.jpg","contentUrl":"https:\/\/canfali.com\/app\/uploads\/2025\/11\/585994288_1237618585078374_4835364121440188188_n.jpg","width":680,"height":680},{"@type":"BreadcrumbList","@id":"https:\/\/canfali.com\/ca-es\/alerta-pel-fort-vent-tanquen-parcs-i-el-castell-de-denia\/#breadcrumb","itemListElement":[{"@type":"ListItem","position":1,"name":"Portada","item":"https:\/\/canfali.com\/ca-es\/"},{"@type":"ListItem","position":2,"name":"Alerta pel fort vent: tanquen parcs i el castell de D\u00e9nia"}]},{"@type":"WebSite","@id":"https:\/\/canfali.com\/ca-es\/#website","url":"https:\/\/canfali.com\/ca-es\/","name":"Canfali","description":"","publisher":{"@id":"https:\/\/canfali.com\/ca-es\/#organization"},"potentialAction":[{"@type":"SearchAction","target":{"@type":"EntryPoint","urlTemplate":"https:\/\/canfali.com\/ca-es\/?s={search_term_string}"},"query-input":{"@type":"PropertyValueSpecification","valueRequired":true,"valueName":"search_term_string"}}],"inLanguage":"va-ES"},{"@type":"Organization","@id":"https:\/\/canfali.com\/ca-es\/#organization","name":"Canfali","url":"https:\/\/canfali.com\/ca-es\/","logo":{"@type":"ImageObject","inLanguage":"va-ES","@id":"https:\/\/canfali.com\/ca-es\/#\/schema\/logo\/image\/","url":"https:\/\/canfali.com\/app\/uploads\/2025\/12\/canfali_marina_alta_logo.png","contentUrl":"https:\/\/canfali.com\/app\/uploads\/2025\/12\/canfali_marina_alta_logo.png","width":225,"height":225,"caption":"Canfali"},"image":{"@id":"https:\/\/canfali.com\/ca-es\/#\/schema\/logo\/image\/"},"sameAs":["https:\/\/es-es.facebook.com\/CANFALIMarinaAlta","https:\/\/x.com\/canfalima","https:\/\/www.instagram.com\/canfalimarinaalta\/"]},{"@type":"Person","@id":"https:\/\/canfali.com\/ca-es\/#\/schema\/person\/9c651adc904f3c4e0243f54407751557","name":"Bolta","image":{"@type":"ImageObject","inLanguage":"va-ES","@id":"https:\/\/secure.gravatar.com\/avatar\/550a5d97fe3cfba5caf077b9600e46529e1977e9d14396836e775d6d9d895a81?s=96&d=mm&r=g","url":"https:\/\/secure.gravatar.com\/avatar\/550a5d97fe3cfba5caf077b9600e46529e1977e9d14396836e775d6d9d895a81?s=96&d=mm&r=g","contentUrl":"https:\/\/secure.gravatar.com\/avatar\/550a5d97fe3cfba5caf077b9600e46529e1977e9d14396836e775d6d9d895a81?s=96&d=mm&r=g","caption":"Bolta"},"url":"https:\/\/canfali.com\/ca-es\/author\/bolta\/"}]}},"_links":{"self":[{"href":"https:\/\/canfali.com\/ca-es\/wp-json\/wp\/v2\/posts\/82193","targetHints":{"allow":["GET"]}}],"collection":[{"href":"https:\/\/canfali.com\/ca-es\/wp-json\/wp\/v2\/posts"}],"about":[{"href":"https:\/\/canfali.com\/ca-es\/wp-json\/wp\/v2\/types\/post"}],"author":[{"embeddable":true,"href":"https:\/\/canfali.com\/ca-es\/wp-json\/wp\/v2\/users\/7"}],"replies":[{"embeddable":true,"href":"https:\/\/canfali.com\/ca-es\/wp-json\/wp\/v2\/comments?post=82193"}],"version-history":[{"count":1,"href":"https:\/\/canfali.com\/ca-es\/wp-json\/wp\/v2\/posts\/82193\/revisions"}],"predecessor-version":[{"id":82194,"href":"https:\/\/canfali.com\/ca-es\/wp-json\/wp\/v2\/posts\/82193\/revisions\/82194"}],"wp:featuredmedia":[{"embeddable":true,"href":"https:\/\/canfali.com\/ca-es\/wp-json\/wp\/v2\/media\/82191"}],"wp:attachment":[{"href":"https:\/\/canfali.com\/ca-es\/wp-json\/wp\/v2\/media?parent=82193"}],"wp:term":[{"taxonomy":"category","embeddable":true,"href":"https:\/\/canfali.com\/ca-es\/wp-json\/wp\/v2\/categories?post=82193"},{"taxonomy":"post_tag","embeddable":true,"href":"https:\/\/canfali.com\/ca-es\/wp-json\/wp\/v2\/tags?post=82193"}],"curies":[{"name":"wp","href":"https:\/\/api.w.org\/{rel}","templated":true}]}}