{"id":81585,"date":"2025-11-20T13:37:58","date_gmt":"2025-11-20T12:37:58","guid":{"rendered":"https:\/\/canfali.com\/denia-i-albacete-unides-pel-paladar\/"},"modified":"2025-11-20T19:06:50","modified_gmt":"2025-11-20T18:06:50","slug":"denia-i-albacete-unides-pel-paladar","status":"publish","type":"post","link":"https:\/\/canfali.com\/ca-es\/denia-i-albacete-unides-pel-paladar\/","title":{"rendered":"D\u00e9nia i Albacete unides pel paladar"},"content":{"rendered":"\n<p><\/p>\n\n<figure class=\"wp-block-pullquote\"><blockquote><p>Albacete presumeix, d&#8217;\u00e0nima mediterr\u00e0nia durant una jornada de promoci\u00f3 a la Marina Alta <\/p><\/blockquote><\/figure>\n\n<p>Rec\u00f3rrer un lloc a trav\u00e9s de la seva cuina \u00e9s sempre un plaer. M\u00e9s encara si s&#8217;acaronen el paladar i els sentits amb explicacions sobre l&#8217;origen dels productes i l&#8217;elaboraci\u00f3 dels plats. Perqu\u00e8 la gastronomia \u00e9s molt m\u00e9s que taula i estovalles. I si el paladar \u00e9s agra\u00eft, el coneixement ajuda a apreciar encara m\u00e9s all\u00f2 que ens fa gaudir. Succeeix alguna cosa aix\u00ed com amb un potenciador de sabors. Encara que el dimarts, en Els Magazinos, no era necessari buscar cap f\u00f3rmula per a estimular les papil\u00b7les gustatives. Fins all\u00ed es va despla\u00e7ar un tros d&#8217;Albacete per a submergir a un centenar de persones en un trosset de Castella-la Manxa que presumeix d&#8217;\u00e0nima mediterr\u00e0nia.<br\/><\/p>\n\n<figure class=\"wp-block-image size-large\"><img decoding=\"async\" src=\"https:\/\/canfali.com\/app\/uploads\/2025\/11\/albacete-5-1024x678.jpg.webp\" alt=\"\" class=\"wp-image-81323\"\/><\/figure>\n\n<p>Per qu\u00e8 D\u00e9nia? Perqu\u00e8 tal vegada t\u00e9 m\u00e9s coses en com\u00fa de les que molts s&#8217;imaginen. Una d&#8217;elles, la passi\u00f3 pel producte i l&#8217;hospitalitat, com es va remarcar en l&#8217;acci\u00f3 promocional que van organitzar l&#8217;Ajuntament d&#8217;Albacete i l&#8217;Associaci\u00f3 Provincial d&#8217;Empresaris d&#8217;Hostaleria i Turisme (APEHT) a la Marina Alta. El seu objectiu no \u00e9s un altre que consolidar la ciutat com un dest\u00ed amb \u201csabor d&#8217;interior i \u00e0nima mediterr\u00e0nia\u201d que val la pena visitar durant tot l&#8217;any. En ella van participar representants del sector tur\u00edstic, l&#8217;hostaleria, les institucions, associacions d&#8217;estrangers residents a D\u00e9nia i la comarca i mitjans de comunicaci\u00f3, que van ser rebuts amb un original passeig pel bosc. Perqu\u00e8, encara que hi haja qui ho pose en dubte, Albacete t\u00e9 bosc.<br\/><\/p>\n\n<figure class=\"wp-block-pullquote\"><blockquote><p>La ciutat castellanomanxega aposta pel potencial de la seva cuina com a senya d&#8217;identitat i atractiu tur\u00edstic<\/p><\/blockquote><\/figure>\n\n<p>Va ser un passeig entre boires, olives, molses i xampinyons que convidaven a realitzar dues atractives taules preparades a l&#8217;entrada del restaurant Les Cuinetes. Una benvinguda amb una divertida explosi\u00f3 d&#8217;oliva picual acompanyada d&#8217;uns delicats xampinyons cruixents amb fetget de pollastre. Mediterrani i tardor, reflexos de cuina de temporada i de proximitat amb els quals es donava pas als discursos i a l&#8217;esmorzar.<br\/><\/p>\n\n<figure class=\"wp-block-gallery has-nested-images columns-default is-cropped wp-block-gallery-15 is-layout-flex wp-block-gallery-is-layout-flex\">\n<figure class=\"wp-block-image size-large\"><img decoding=\"async\" data-id=\"81335\" src=\"https:\/\/canfali.com\/app\/uploads\/2025\/11\/albacete-13-1-1024x678.jpg.webp\" alt=\"\" class=\"wp-image-81335\"\/><\/figure>\n\n\n\n<figure class=\"wp-block-image size-large\"><img decoding=\"async\" data-id=\"81331\" src=\"https:\/\/canfali.com\/app\/uploads\/2025\/11\/albacete-15-1024x678.jpg.webp\" alt=\"\" class=\"wp-image-81331\"\/><\/figure>\n<\/figure>\n\n<p>De producte local i de gastronomia diferenciada com a patrimoni a preservar va parlar l&#8217;alcalde de D\u00e9nia, Vicent Grimalt, qui va donar la benvinguda a la comitiva d&#8217;Albacete. Tamb\u00e9 els amfitrions tenien alguna cosa per a presumir. L&#8217;alcalde va destacar el bon acolliment que la ciutat sempre ha donat a les fam\u00edlies castellanomanxegues que han fet d&#8217;aquest el seu lloc de resid\u00e8ncia. Va fer gala a m\u00e9s de ser Ciutat Creativa de la Gastronomia per la UNESCO i va convidar els assistents a gaudir d&#8217;aquest trosset d&#8217;Albacete que se&#8217;ls posava en la taula.<br\/><\/p>\n\n<figure class=\"wp-block-image size-large\"><img decoding=\"async\" src=\"https:\/\/canfali.com\/app\/uploads\/2025\/11\/albacete-2-1024x678.jpg.webp\" alt=\"\" class=\"wp-image-81333\"\/><\/figure>\n\n<p>La gastronomia, va indicar la regidora de Turisme de la ciutat visitant, Rosa Gonz\u00e1lez, \u00e9s senya d&#8217;identitat i, en el seu cas, no sols es nodreix de formatge manxec. Tamb\u00e9 d&#8217;altres plats, que van m\u00e9s enll\u00e0 del &#8216;atascaburras&#8217; o la &#8216;casquer\u00eda&#8217; i que distingeixen una cuina que combina arrels i creativitat contempor\u00e0nia. <br\/><\/p>\n\n<figure class=\"wp-block-image size-large\"><img decoding=\"async\" src=\"https:\/\/canfali.com\/app\/uploads\/2025\/11\/albacete-8-1024x678.jpg.webp\" alt=\"\" class=\"wp-image-81358\"\/><\/figure>\n\n<p>La representant d&#8217;Albacete va incidir en el potencial que t\u00e9 per a convertir-se en destinaci\u00f3 tur\u00edstica en si mateix una ciutat que ha estat encreuament de camins i lloc de pas per a arribar a la platja. Una ciutat de Castella-La Mancha que es distingeix de les altres ciutats castellanomanxegues \u201cperqu\u00e8 sempre ha mirat a la mar\u201d, va subratllar la regidora de Turisme. <\/p>\n\n<figure class=\"wp-block-gallery has-nested-images columns-default is-cropped wp-block-gallery-16 is-layout-flex wp-block-gallery-is-layout-flex\">\n<figure class=\"wp-block-image size-large\"><img decoding=\"async\" data-id=\"81353\" src=\"https:\/\/canfali.com\/app\/uploads\/2025\/11\/albacete-14-1-1024x678.jpg.webp\" alt=\"\" class=\"wp-image-81353\"\/><\/figure>\n\n\n\n<figure class=\"wp-block-image size-large\"><img decoding=\"async\" data-id=\"81355\" src=\"https:\/\/canfali.com\/app\/uploads\/2025\/11\/albacete-16-1-1024x678.jpg.webp\" alt=\"\" class=\"wp-image-81355\"\/><\/figure>\n\n\n\n<figure class=\"wp-block-image size-large\"><img decoding=\"async\" data-id=\"81337\" src=\"https:\/\/canfali.com\/app\/uploads\/2025\/11\/albacete-17-1024x678.jpg.webp\" alt=\"\" class=\"wp-image-81337\"\/><\/figure>\n\n\n\n<figure class=\"wp-block-image size-large\"><img decoding=\"async\" data-id=\"81339\" src=\"https:\/\/canfali.com\/app\/uploads\/2025\/11\/albacete-19-1024x678.jpg.webp\" alt=\"\" class=\"wp-image-81339\"\/><\/figure>\n\n\n\n<figure class=\"wp-block-image size-large\"><img decoding=\"async\" data-id=\"81345\" src=\"https:\/\/canfali.com\/app\/uploads\/2025\/11\/albacete-20-1024x678.jpg.webp\" alt=\"\" class=\"wp-image-81345\"\/><\/figure>\n<\/figure>\n\n<p>I amb la mar a pocs metres d&#8217;all\u00ed, s&#8217;iniciava la desfilada de plats i la simfonia de sabors que, per uns moments, traslladarien els comensals a terres d&#8217;interior. Les primeres notes les posarien els formatges manxecs de Juli\u00e1n Olivas, que donaven entrada a una melodia d&#8217;aromes, combinacions i textures que convidaven a menjar-se Albacete. Els culpables van ser els bolets mantecats en el seu escabetx i ou a baixa temperatura del restaurant La Bonita, el blini manxec de &#8216;atascaburras&#8217; del restaurant Cuerda, la versi\u00f3 de la truita a la serrana del restaurant Marlo, el carr\u00e9 de xai manxec i ossos trencats del restaurant Dallas i les postres d&#8217;ametlla, safr\u00e0 i xocolate que va elaborar la pastisseria La Nova Estrella. Tot aix\u00f2, regat amb vins de Villarrobledo i, com es va dir de manera reiterada, amb \u00e0nima mediterr\u00e0nia.<\/p>\n\n<figure class=\"wp-block-image size-large\"><img decoding=\"async\" src=\"https:\/\/canfali.com\/app\/uploads\/2025\/11\/albacete-1-1024x678.jpg.webp\" alt=\"\" class=\"wp-image-81341\"\/><\/figure>\n","protected":false},"excerpt":{"rendered":"Albacete presumeix, d&#8217;\u00e0nima mediterr\u00e0nia durant una jornada de promoci\u00f3 a la Marina Alta Rec\u00f3rrer un lloc a trav\u00e9s&hellip;","protected":false},"author":6,"featured_media":81322,"comment_status":"closed","ping_status":"closed","sticky":false,"template":"","format":"standard","meta":{"csco_display_header_overlay":false,"csco_singular_sidebar":"","csco_page_header_type":"","csco_page_load_nextpost":"","csco_post_video_location":[],"csco_post_video_location_hash":"","csco_post_video_url":"","csco_post_video_bg_start_time":0,"csco_post_video_bg_end_time":0,"footnotes":""},"categories":[589],"tags":[1360,5175,903,5177,5176],"class_list":{"0":"post-81585","1":"post","2":"type-post","3":"status-publish","4":"format-standard","5":"has-post-thumbnail","7":"category-gastronomia-ca-es","8":"tag-aehtma-ca-es","9":"tag-albacete-ca-es","10":"tag-els-magazinos-ca-es","11":"tag-gatronomia-ca-es","12":"tag-promocio-turistica","13":"cs-entry","14":"cs-video-wrap"},"yoast_head":"<!-- This site is optimized with the Yoast SEO Premium plugin v26.6 (Yoast SEO v27.3) - https:\/\/yoast.com\/product\/yoast-seo-premium-wordpress\/ -->\n<title>D\u00e9nia i Albacete unides pel paladar - Canfali<\/title>\n<meta name=\"robots\" content=\"index, follow, max-snippet:-1, max-image-preview:large, max-video-preview:-1\" \/>\n<link rel=\"canonical\" href=\"https:\/\/canfali.com\/ca-es\/denia-i-albacete-unides-pel-paladar\/\" \/>\n<meta property=\"og:locale\" content=\"en_US\" \/>\n<meta property=\"og:type\" content=\"article\" \/>\n<meta property=\"og:title\" content=\"D\u00e9nia i Albacete unides pel paladar\" \/>\n<meta property=\"og:description\" content=\"Albacete presumeix, d&#8217;\u00e0nima mediterr\u00e0nia durant una jornada de promoci\u00f3 a la Marina Alta Rec\u00f3rrer un lloc a trav\u00e9s&hellip;\" \/>\n<meta property=\"og:url\" content=\"https:\/\/canfali.com\/ca-es\/denia-i-albacete-unides-pel-paladar\/\" \/>\n<meta property=\"og:site_name\" content=\"Canfali\" \/>\n<meta property=\"article:publisher\" content=\"https:\/\/es-es.facebook.com\/CANFALIMarinaAlta\" \/>\n<meta property=\"article:published_time\" content=\"2025-11-20T12:37:58+00:00\" \/>\n<meta property=\"article:modified_time\" content=\"2025-11-20T18:06:50+00:00\" \/>\n<meta property=\"og:image\" content=\"https:\/\/canfali.com\/app\/uploads\/2025\/11\/albacete-3-scaled.jpg\" \/>\n\t<meta property=\"og:image:width\" content=\"2560\" \/>\n\t<meta property=\"og:image:height\" content=\"1696\" \/>\n\t<meta property=\"og:image:type\" content=\"image\/jpeg\" \/>\n<meta name=\"author\" content=\"Rosa\" \/>\n<meta name=\"twitter:card\" content=\"summary_large_image\" \/>\n<meta name=\"twitter:creator\" content=\"@canfalima\" \/>\n<meta name=\"twitter:site\" content=\"@canfalima\" \/>\n<meta name=\"twitter:label1\" content=\"Written by\" \/>\n\t<meta name=\"twitter:data1\" content=\"Rosa\" \/>\n\t<meta name=\"twitter:label2\" content=\"Est. reading time\" \/>\n\t<meta name=\"twitter:data2\" content=\"4 minutes\" \/>\n<script type=\"application\/ld+json\" class=\"yoast-schema-graph\">{\"@context\":\"https:\\\/\\\/schema.org\",\"@graph\":[{\"@type\":\"NewsArticle\",\"@id\":\"https:\\\/\\\/canfali.com\\\/ca-es\\\/denia-i-albacete-unides-pel-paladar\\\/#article\",\"isPartOf\":{\"@id\":\"https:\\\/\\\/canfali.com\\\/ca-es\\\/denia-i-albacete-unides-pel-paladar\\\/\"},\"author\":{\"name\":\"Rosa\",\"@id\":\"https:\\\/\\\/canfali.com\\\/ca-es\\\/#\\\/schema\\\/person\\\/c861a7aa2b2495357b95f35bd5d82f88\"},\"headline\":\"D\u00e9nia i Albacete unides pel paladar\",\"datePublished\":\"2025-11-20T12:37:58+00:00\",\"dateModified\":\"2025-11-20T18:06:50+00:00\",\"mainEntityOfPage\":{\"@id\":\"https:\\\/\\\/canfali.com\\\/ca-es\\\/denia-i-albacete-unides-pel-paladar\\\/\"},\"wordCount\":749,\"publisher\":{\"@id\":\"https:\\\/\\\/canfali.com\\\/ca-es\\\/#organization\"},\"image\":{\"@id\":\"https:\\\/\\\/canfali.com\\\/ca-es\\\/denia-i-albacete-unides-pel-paladar\\\/#primaryimage\"},\"thumbnailUrl\":\"https:\\\/\\\/canfali.com\\\/app\\\/uploads\\\/2025\\\/11\\\/albacete-3-scaled.jpg\",\"keywords\":[\"AEHTMA\",\"Albacete\",\"els magazinos\",\"gatronomia\",\"promoci\u00f3 tur\u00edstica\"],\"articleSection\":[\"Gastronomia\"],\"inLanguage\":\"va-ES\",\"copyrightYear\":\"2025\",\"copyrightHolder\":{\"@id\":\"https:\\\/\\\/canfali.com\\\/#organization\"}},{\"@type\":\"WebPage\",\"@id\":\"https:\\\/\\\/canfali.com\\\/ca-es\\\/denia-i-albacete-unides-pel-paladar\\\/\",\"url\":\"https:\\\/\\\/canfali.com\\\/ca-es\\\/denia-i-albacete-unides-pel-paladar\\\/\",\"name\":\"D\u00e9nia i Albacete unides pel paladar - Canfali\",\"isPartOf\":{\"@id\":\"https:\\\/\\\/canfali.com\\\/ca-es\\\/#website\"},\"primaryImageOfPage\":{\"@id\":\"https:\\\/\\\/canfali.com\\\/ca-es\\\/denia-i-albacete-unides-pel-paladar\\\/#primaryimage\"},\"image\":{\"@id\":\"https:\\\/\\\/canfali.com\\\/ca-es\\\/denia-i-albacete-unides-pel-paladar\\\/#primaryimage\"},\"thumbnailUrl\":\"https:\\\/\\\/canfali.com\\\/app\\\/uploads\\\/2025\\\/11\\\/albacete-3-scaled.jpg\",\"datePublished\":\"2025-11-20T12:37:58+00:00\",\"dateModified\":\"2025-11-20T18:06:50+00:00\",\"breadcrumb\":{\"@id\":\"https:\\\/\\\/canfali.com\\\/ca-es\\\/denia-i-albacete-unides-pel-paladar\\\/#breadcrumb\"},\"inLanguage\":\"va-ES\",\"potentialAction\":[{\"@type\":\"ReadAction\",\"target\":[\"https:\\\/\\\/canfali.com\\\/ca-es\\\/denia-i-albacete-unides-pel-paladar\\\/\"]}]},{\"@type\":\"ImageObject\",\"inLanguage\":\"va-ES\",\"@id\":\"https:\\\/\\\/canfali.com\\\/ca-es\\\/denia-i-albacete-unides-pel-paladar\\\/#primaryimage\",\"url\":\"https:\\\/\\\/canfali.com\\\/app\\\/uploads\\\/2025\\\/11\\\/albacete-3-scaled.jpg\",\"contentUrl\":\"https:\\\/\\\/canfali.com\\\/app\\\/uploads\\\/2025\\\/11\\\/albacete-3-scaled.jpg\",\"width\":2560,\"height\":1696},{\"@type\":\"BreadcrumbList\",\"@id\":\"https:\\\/\\\/canfali.com\\\/ca-es\\\/denia-i-albacete-unides-pel-paladar\\\/#breadcrumb\",\"itemListElement\":[{\"@type\":\"ListItem\",\"position\":1,\"name\":\"Portada\",\"item\":\"https:\\\/\\\/canfali.com\\\/ca-es\\\/\"},{\"@type\":\"ListItem\",\"position\":2,\"name\":\"D\u00e9nia i Albacete unides pel paladar\"}]},{\"@type\":\"WebSite\",\"@id\":\"https:\\\/\\\/canfali.com\\\/ca-es\\\/#website\",\"url\":\"https:\\\/\\\/canfali.com\\\/ca-es\\\/\",\"name\":\"Canfali\",\"description\":\"\",\"publisher\":{\"@id\":\"https:\\\/\\\/canfali.com\\\/ca-es\\\/#organization\"},\"potentialAction\":[{\"@type\":\"SearchAction\",\"target\":{\"@type\":\"EntryPoint\",\"urlTemplate\":\"https:\\\/\\\/canfali.com\\\/ca-es\\\/?s={search_term_string}\"},\"query-input\":{\"@type\":\"PropertyValueSpecification\",\"valueRequired\":true,\"valueName\":\"search_term_string\"}}],\"inLanguage\":\"va-ES\"},{\"@type\":\"Organization\",\"@id\":\"https:\\\/\\\/canfali.com\\\/ca-es\\\/#organization\",\"name\":\"Canfali\",\"url\":\"https:\\\/\\\/canfali.com\\\/ca-es\\\/\",\"logo\":{\"@type\":\"ImageObject\",\"inLanguage\":\"va-ES\",\"@id\":\"https:\\\/\\\/canfali.com\\\/ca-es\\\/#\\\/schema\\\/logo\\\/image\\\/\",\"url\":\"https:\\\/\\\/canfali.com\\\/app\\\/uploads\\\/2025\\\/12\\\/canfali_marina_alta_logo.png\",\"contentUrl\":\"https:\\\/\\\/canfali.com\\\/app\\\/uploads\\\/2025\\\/12\\\/canfali_marina_alta_logo.png\",\"width\":225,\"height\":225,\"caption\":\"Canfali\"},\"image\":{\"@id\":\"https:\\\/\\\/canfali.com\\\/ca-es\\\/#\\\/schema\\\/logo\\\/image\\\/\"},\"sameAs\":[\"https:\\\/\\\/es-es.facebook.com\\\/CANFALIMarinaAlta\",\"https:\\\/\\\/x.com\\\/canfalima\",\"https:\\\/\\\/www.instagram.com\\\/canfalimarinaalta\\\/\"]},{\"@type\":\"Person\",\"@id\":\"https:\\\/\\\/canfali.com\\\/ca-es\\\/#\\\/schema\\\/person\\\/c861a7aa2b2495357b95f35bd5d82f88\",\"name\":\"Rosa\",\"image\":{\"@type\":\"ImageObject\",\"inLanguage\":\"va-ES\",\"@id\":\"https:\\\/\\\/secure.gravatar.com\\\/avatar\\\/47fb83d99423a6ef1cf9f83f02a5e91366c671dec76c5c24badf1b0494e1d960?s=96&d=mm&r=g\",\"url\":\"https:\\\/\\\/secure.gravatar.com\\\/avatar\\\/47fb83d99423a6ef1cf9f83f02a5e91366c671dec76c5c24badf1b0494e1d960?s=96&d=mm&r=g\",\"contentUrl\":\"https:\\\/\\\/secure.gravatar.com\\\/avatar\\\/47fb83d99423a6ef1cf9f83f02a5e91366c671dec76c5c24badf1b0494e1d960?s=96&d=mm&r=g\",\"caption\":\"Rosa\"},\"url\":\"https:\\\/\\\/canfali.com\\\/ca-es\\\/author\\\/rosa\\\/\"}]}<\/script>\n<!-- \/ Yoast SEO Premium plugin. -->","yoast_head_json":{"title":"D\u00e9nia i Albacete unides pel paladar - Canfali","robots":{"index":"index","follow":"follow","max-snippet":"max-snippet:-1","max-image-preview":"max-image-preview:large","max-video-preview":"max-video-preview:-1"},"canonical":"https:\/\/canfali.com\/ca-es\/denia-i-albacete-unides-pel-paladar\/","og_locale":"en_US","og_type":"article","og_title":"D\u00e9nia i Albacete unides pel paladar","og_description":"Albacete presumeix, d&#8217;\u00e0nima mediterr\u00e0nia durant una jornada de promoci\u00f3 a la Marina Alta Rec\u00f3rrer un lloc a trav\u00e9s&hellip;","og_url":"https:\/\/canfali.com\/ca-es\/denia-i-albacete-unides-pel-paladar\/","og_site_name":"Canfali","article_publisher":"https:\/\/es-es.facebook.com\/CANFALIMarinaAlta","article_published_time":"2025-11-20T12:37:58+00:00","article_modified_time":"2025-11-20T18:06:50+00:00","og_image":[{"width":2560,"height":1696,"url":"https:\/\/canfali.com\/app\/uploads\/2025\/11\/albacete-3-scaled.jpg","type":"image\/jpeg"}],"author":"Rosa","twitter_card":"summary_large_image","twitter_creator":"@canfalima","twitter_site":"@canfalima","twitter_misc":{"Written by":"Rosa","Est. reading time":"4 minutes"},"schema":{"@context":"https:\/\/schema.org","@graph":[{"@type":"NewsArticle","@id":"https:\/\/canfali.com\/ca-es\/denia-i-albacete-unides-pel-paladar\/#article","isPartOf":{"@id":"https:\/\/canfali.com\/ca-es\/denia-i-albacete-unides-pel-paladar\/"},"author":{"name":"Rosa","@id":"https:\/\/canfali.com\/ca-es\/#\/schema\/person\/c861a7aa2b2495357b95f35bd5d82f88"},"headline":"D\u00e9nia i Albacete unides pel paladar","datePublished":"2025-11-20T12:37:58+00:00","dateModified":"2025-11-20T18:06:50+00:00","mainEntityOfPage":{"@id":"https:\/\/canfali.com\/ca-es\/denia-i-albacete-unides-pel-paladar\/"},"wordCount":749,"publisher":{"@id":"https:\/\/canfali.com\/ca-es\/#organization"},"image":{"@id":"https:\/\/canfali.com\/ca-es\/denia-i-albacete-unides-pel-paladar\/#primaryimage"},"thumbnailUrl":"https:\/\/canfali.com\/app\/uploads\/2025\/11\/albacete-3-scaled.jpg","keywords":["AEHTMA","Albacete","els magazinos","gatronomia","promoci\u00f3 tur\u00edstica"],"articleSection":["Gastronomia"],"inLanguage":"va-ES","copyrightYear":"2025","copyrightHolder":{"@id":"https:\/\/canfali.com\/#organization"}},{"@type":"WebPage","@id":"https:\/\/canfali.com\/ca-es\/denia-i-albacete-unides-pel-paladar\/","url":"https:\/\/canfali.com\/ca-es\/denia-i-albacete-unides-pel-paladar\/","name":"D\u00e9nia i Albacete unides pel paladar - Canfali","isPartOf":{"@id":"https:\/\/canfali.com\/ca-es\/#website"},"primaryImageOfPage":{"@id":"https:\/\/canfali.com\/ca-es\/denia-i-albacete-unides-pel-paladar\/#primaryimage"},"image":{"@id":"https:\/\/canfali.com\/ca-es\/denia-i-albacete-unides-pel-paladar\/#primaryimage"},"thumbnailUrl":"https:\/\/canfali.com\/app\/uploads\/2025\/11\/albacete-3-scaled.jpg","datePublished":"2025-11-20T12:37:58+00:00","dateModified":"2025-11-20T18:06:50+00:00","breadcrumb":{"@id":"https:\/\/canfali.com\/ca-es\/denia-i-albacete-unides-pel-paladar\/#breadcrumb"},"inLanguage":"va-ES","potentialAction":[{"@type":"ReadAction","target":["https:\/\/canfali.com\/ca-es\/denia-i-albacete-unides-pel-paladar\/"]}]},{"@type":"ImageObject","inLanguage":"va-ES","@id":"https:\/\/canfali.com\/ca-es\/denia-i-albacete-unides-pel-paladar\/#primaryimage","url":"https:\/\/canfali.com\/app\/uploads\/2025\/11\/albacete-3-scaled.jpg","contentUrl":"https:\/\/canfali.com\/app\/uploads\/2025\/11\/albacete-3-scaled.jpg","width":2560,"height":1696},{"@type":"BreadcrumbList","@id":"https:\/\/canfali.com\/ca-es\/denia-i-albacete-unides-pel-paladar\/#breadcrumb","itemListElement":[{"@type":"ListItem","position":1,"name":"Portada","item":"https:\/\/canfali.com\/ca-es\/"},{"@type":"ListItem","position":2,"name":"D\u00e9nia i Albacete unides pel paladar"}]},{"@type":"WebSite","@id":"https:\/\/canfali.com\/ca-es\/#website","url":"https:\/\/canfali.com\/ca-es\/","name":"Canfali","description":"","publisher":{"@id":"https:\/\/canfali.com\/ca-es\/#organization"},"potentialAction":[{"@type":"SearchAction","target":{"@type":"EntryPoint","urlTemplate":"https:\/\/canfali.com\/ca-es\/?s={search_term_string}"},"query-input":{"@type":"PropertyValueSpecification","valueRequired":true,"valueName":"search_term_string"}}],"inLanguage":"va-ES"},{"@type":"Organization","@id":"https:\/\/canfali.com\/ca-es\/#organization","name":"Canfali","url":"https:\/\/canfali.com\/ca-es\/","logo":{"@type":"ImageObject","inLanguage":"va-ES","@id":"https:\/\/canfali.com\/ca-es\/#\/schema\/logo\/image\/","url":"https:\/\/canfali.com\/app\/uploads\/2025\/12\/canfali_marina_alta_logo.png","contentUrl":"https:\/\/canfali.com\/app\/uploads\/2025\/12\/canfali_marina_alta_logo.png","width":225,"height":225,"caption":"Canfali"},"image":{"@id":"https:\/\/canfali.com\/ca-es\/#\/schema\/logo\/image\/"},"sameAs":["https:\/\/es-es.facebook.com\/CANFALIMarinaAlta","https:\/\/x.com\/canfalima","https:\/\/www.instagram.com\/canfalimarinaalta\/"]},{"@type":"Person","@id":"https:\/\/canfali.com\/ca-es\/#\/schema\/person\/c861a7aa2b2495357b95f35bd5d82f88","name":"Rosa","image":{"@type":"ImageObject","inLanguage":"va-ES","@id":"https:\/\/secure.gravatar.com\/avatar\/47fb83d99423a6ef1cf9f83f02a5e91366c671dec76c5c24badf1b0494e1d960?s=96&d=mm&r=g","url":"https:\/\/secure.gravatar.com\/avatar\/47fb83d99423a6ef1cf9f83f02a5e91366c671dec76c5c24badf1b0494e1d960?s=96&d=mm&r=g","contentUrl":"https:\/\/secure.gravatar.com\/avatar\/47fb83d99423a6ef1cf9f83f02a5e91366c671dec76c5c24badf1b0494e1d960?s=96&d=mm&r=g","caption":"Rosa"},"url":"https:\/\/canfali.com\/ca-es\/author\/rosa\/"}]}},"_links":{"self":[{"href":"https:\/\/canfali.com\/ca-es\/wp-json\/wp\/v2\/posts\/81585","targetHints":{"allow":["GET"]}}],"collection":[{"href":"https:\/\/canfali.com\/ca-es\/wp-json\/wp\/v2\/posts"}],"about":[{"href":"https:\/\/canfali.com\/ca-es\/wp-json\/wp\/v2\/types\/post"}],"author":[{"embeddable":true,"href":"https:\/\/canfali.com\/ca-es\/wp-json\/wp\/v2\/users\/6"}],"replies":[{"embeddable":true,"href":"https:\/\/canfali.com\/ca-es\/wp-json\/wp\/v2\/comments?post=81585"}],"version-history":[{"count":1,"href":"https:\/\/canfali.com\/ca-es\/wp-json\/wp\/v2\/posts\/81585\/revisions"}],"predecessor-version":[{"id":81586,"href":"https:\/\/canfali.com\/ca-es\/wp-json\/wp\/v2\/posts\/81585\/revisions\/81586"}],"wp:featuredmedia":[{"embeddable":true,"href":"https:\/\/canfali.com\/ca-es\/wp-json\/wp\/v2\/media\/81322"}],"wp:attachment":[{"href":"https:\/\/canfali.com\/ca-es\/wp-json\/wp\/v2\/media?parent=81585"}],"wp:term":[{"taxonomy":"category","embeddable":true,"href":"https:\/\/canfali.com\/ca-es\/wp-json\/wp\/v2\/categories?post=81585"},{"taxonomy":"post_tag","embeddable":true,"href":"https:\/\/canfali.com\/ca-es\/wp-json\/wp\/v2\/tags?post=81585"}],"curies":[{"name":"wp","href":"https:\/\/api.w.org\/{rel}","templated":true}]}}