{"id":80824,"date":"2025-11-16T13:33:47","date_gmt":"2025-11-16T12:33:47","guid":{"rendered":"https:\/\/canfali.com\/?p=80824"},"modified":"2025-11-16T13:42:21","modified_gmt":"2025-11-16T12:42:21","slug":"el-club-basquet-pego-2025-2026-integra-a-235-practicants-de-lesport-de-la-cistella","status":"publish","type":"post","link":"https:\/\/canfali.com\/ca-es\/el-club-basquet-pego-2025-2026-integra-a-235-practicants-de-lesport-de-la-cistella\/","title":{"rendered":"El Club B\u00e0squet Pego 2025-2026 integra a 235 practicants de l&#8217;esport de la cistella"},"content":{"rendered":"\n<p><strong>Aprofundeix en el vessant solidari amb la inscripci\u00f3 de l\u2019equip inclusiu en una competici\u00f3 a nivell auton\u00f2mic<\/strong><\/p>\n\n\n\n<p>Un \u00e0lbum de cromos amb el retrat de cadascun dels 235 jugadors integrants dels setze equips ha posa la nota emotiva a la presentaci\u00f3 del Club B\u00e0squet Pego 2025-2026.<\/p>\n\n\n\n<p>\u00a0\u00a0\u00a0\u00a0\u00a0\u00a0\u00a0\u00a0\u00a0\u00a0\u00a0 La il\u00b7lustraci\u00f3, dissenyada per Vicent Carri\u00f3, la posat la necess\u00e0ria dosi de il\u00b7lusi\u00f3 i motivaci\u00f3 per a afronta la temporada davant de les fam\u00edlies que s\u2019ha congregat al pavell\u00f3 cobert \u00c0usias March.<\/p>\n\n\n\n<p>L\u2019\u00c0LBUM DE CROMOS LA NOTA EMOTIVA<\/p>\n\n\n\n<p>&nbsp;&nbsp;&nbsp;&nbsp;&nbsp;&nbsp;&nbsp;&nbsp;&nbsp;&nbsp;&nbsp; Els practicants pegolins de l\u2019esport &nbsp;de la cistella han comparegut per ordre d\u2019edat fins sumar-se els equips inclusiu i adaptat, a c\u00e0rrec del coordinador de l\u2019escola, Josep Camps \u201cWario\u201d, amb els que el club aprofundeix amb l\u2019aposta solid\u00e0ria i integradora per la que es va inclinar amb el seu dia amb la recerca d\u2019una competici\u00f3 a nivell auton\u00f2mic dels primers com a f\u00f3rmula de fomentar la seua autoestima.<\/p>\n\n\n\n<p>UNA APOSTA PER LA SOLIDARITAT AMB ELS EQUIPS INCLUSIU I ADAPTAT<\/p>\n\n\n\n<figure class=\"wp-block-image size-large\"><img decoding=\"async\" src=\"https:\/\/canfali.com\/app\/uploads\/2025\/11\/digi2-bona-1024x576.jpg.webp\" alt=\"\" class=\"wp-image-80827\"\/><\/figure>\n\n\n\n<p>&nbsp;&nbsp;&nbsp;&nbsp;&nbsp;&nbsp;&nbsp;&nbsp;&nbsp;&nbsp;&nbsp; Aquesta aposta ha estat qualificada com a \u201cexemple per a la societat pegolina\u201d per part de l\u2019alcalde, qui s\u2019ha congratulat de poder comptar al municipi amb una entitat amb eixa sensibilitat que facilita a les persones amb minusvalia l\u2019acc\u00e9s a l\u2019esport com a pr\u00e0ctica saludable, a diferencia dels temps ens que es veien relegades. Tal consideraci\u00f3 ha estat compartida pel regidor d\u2019Esport, Ra\u00fal Tamarit, qui ha agra\u00eft a m\u00e9s la disposici\u00f3 del monitors del club per a mantenir la lligueta escolar posada en marxa &nbsp;fa tres temporade passada a fi de fomentar la pr\u00e0ctica d\u2019aquest esports entre els m\u00e9s menuts i tindre pedrera de que nodrir-se d\u2019efectius.<\/p>\n\n\n\n<figure class=\"wp-block-image size-large\"><img decoding=\"async\" src=\"https:\/\/canfali.com\/app\/uploads\/2025\/11\/digi3-bona-1024x576.jpg.webp\" alt=\"\" class=\"wp-image-80829\"\/><\/figure>\n\n\n\n<p>&nbsp;&nbsp;&nbsp;&nbsp;&nbsp;&nbsp;&nbsp;&nbsp;&nbsp;&nbsp;&nbsp; Per la seua banda, el president del Club B\u00e0squet Pego, Antonio Pons, ha agra\u00eft el recolzament de l\u2019Ajuntament, la directiva i de les fam\u00edlies que setmana a setmana s\u2019impliquen per a intentar fer d\u2019aquest esport un referents de l\u2019esfor\u00e7 i l\u2019esportivitat.<\/p>\n\n\n\n<p>SETZE EQUIPS<\/p>\n\n\n\n<p>&nbsp;&nbsp;&nbsp;&nbsp;&nbsp;&nbsp;&nbsp;&nbsp;&nbsp;&nbsp;&nbsp; La cerim\u00f2nia ha suposat una jornada de germanor que ha arropat als samarucs entrenats per Josep Camps \u201cWario\u201d; els prebenjamins tamb\u00e9 amb el coordinardor de l\u2019escola de b\u00e0squet i Edu \u00c0vila com a t\u00e8cnics; els benjamins amb Nerea Valent\u00edn; els &nbsp;alevins masculins amb Pau Sanchis i Gorka Pons al cap, i les femenines amb Carlos Carri\u00f3; &nbsp;l\u2019infantil tamb\u00e9 amb Gorka Pons i Carles Carri\u00f3 com a respectius responsables; els cadet amb Carlos Mart\u00ednez; el junior mascul\u00ed amb Pau Sanchis i el femen\u00eda amb Sergio Garrigos al cap i el s\u00e8nior mascul\u00ed amb Javier Navas a la banqueta.<\/p>\n","protected":false},"excerpt":{"rendered":"Aprofundeix en el vessant solidari amb la inscripci\u00f3 de l\u2019equip inclusiu en una competici\u00f3 a nivell auton\u00f2mic Un&hellip;","protected":false},"author":4,"featured_media":80825,"comment_status":"closed","ping_status":"closed","sticky":false,"template":"","format":"standard","meta":{"csco_display_header_overlay":false,"csco_singular_sidebar":"","csco_page_header_type":"","csco_page_load_nextpost":"","csco_post_video_location":[],"csco_post_video_location_hash":"","csco_post_video_url":"","csco_post_video_bg_start_time":0,"csco_post_video_bg_end_time":0,"footnotes":""},"categories":[596],"tags":[5097,1216,5098,5099],"class_list":{"0":"post-80824","1":"post","2":"type-post","3":"status-publish","4":"format-standard","5":"has-post-thumbnail","7":"category-basquet","8":"tag-club-basquet-pego","9":"tag-presentacio","10":"tag-setxe-equips","11":"tag-vessant-solidaria","12":"cs-entry","13":"cs-video-wrap"},"yoast_head":"<!-- This site is optimized with the Yoast SEO Premium plugin v26.6 (Yoast SEO v27.3) - https:\/\/yoast.com\/product\/yoast-seo-premium-wordpress\/ -->\n<title>El Club B\u00e0squet Pego 2025-2026 integra a 235 practicants de l&#039;esport de la cistella - Canfali<\/title>\n<meta name=\"robots\" content=\"index, follow, max-snippet:-1, max-image-preview:large, max-video-preview:-1\" \/>\n<link rel=\"canonical\" href=\"https:\/\/canfali.com\/ca-es\/el-club-basquet-pego-2025-2026-integra-a-235-practicants-de-lesport-de-la-cistella\/\" \/>\n<meta property=\"og:locale\" content=\"en_US\" \/>\n<meta property=\"og:type\" content=\"article\" \/>\n<meta property=\"og:title\" content=\"El Club B\u00e0squet Pego 2025-2026 integra a 235 practicants de l&#039;esport de la cistella\" \/>\n<meta property=\"og:description\" content=\"Aprofundeix en el vessant solidari amb la inscripci\u00f3 de l\u2019equip inclusiu en una competici\u00f3 a nivell auton\u00f2mic Un&hellip;\" \/>\n<meta property=\"og:url\" content=\"https:\/\/canfali.com\/ca-es\/el-club-basquet-pego-2025-2026-integra-a-235-practicants-de-lesport-de-la-cistella\/\" \/>\n<meta property=\"og:site_name\" content=\"Canfali\" \/>\n<meta property=\"article:publisher\" content=\"https:\/\/es-es.facebook.com\/CANFALIMarinaAlta\" \/>\n<meta property=\"article:published_time\" content=\"2025-11-16T12:33:47+00:00\" \/>\n<meta property=\"article:modified_time\" content=\"2025-11-16T12:42:21+00:00\" \/>\n<meta property=\"og:image\" content=\"https:\/\/canfali.com\/app\/uploads\/2025\/11\/basquet-digi1.jpg\" \/>\n\t<meta property=\"og:image:width\" content=\"2176\" \/>\n\t<meta property=\"og:image:height\" content=\"950\" \/>\n\t<meta property=\"og:image:type\" content=\"image\/jpeg\" \/>\n<meta name=\"author\" content=\"JJ Mas\" \/>\n<meta name=\"twitter:card\" content=\"summary_large_image\" \/>\n<meta name=\"twitter:creator\" content=\"@canfalima\" \/>\n<meta name=\"twitter:site\" content=\"@canfalima\" \/>\n<meta name=\"twitter:label1\" content=\"Written by\" \/>\n\t<meta name=\"twitter:data1\" content=\"JJ Mas\" \/>\n\t<meta name=\"twitter:label2\" content=\"Est. reading time\" \/>\n\t<meta name=\"twitter:data2\" content=\"3 minutes\" \/>\n<script type=\"application\/ld+json\" class=\"yoast-schema-graph\">{\"@context\":\"https:\\\/\\\/schema.org\",\"@graph\":[{\"@type\":\"NewsArticle\",\"@id\":\"https:\\\/\\\/canfali.com\\\/ca-es\\\/el-club-basquet-pego-2025-2026-integra-a-235-practicants-de-lesport-de-la-cistella\\\/#article\",\"isPartOf\":{\"@id\":\"https:\\\/\\\/canfali.com\\\/ca-es\\\/el-club-basquet-pego-2025-2026-integra-a-235-practicants-de-lesport-de-la-cistella\\\/\"},\"author\":{\"name\":\"JJ Mas\",\"@id\":\"https:\\\/\\\/canfali.com\\\/ca-es\\\/#\\\/schema\\\/person\\\/d834d2d4df17cac754d3c314d4c404ef\"},\"headline\":\"El Club B\u00e0squet Pego 2025-2026 integra a 235 practicants de l&#8217;esport de la cistella\",\"datePublished\":\"2025-11-16T12:33:47+00:00\",\"dateModified\":\"2025-11-16T12:42:21+00:00\",\"mainEntityOfPage\":{\"@id\":\"https:\\\/\\\/canfali.com\\\/ca-es\\\/el-club-basquet-pego-2025-2026-integra-a-235-practicants-de-lesport-de-la-cistella\\\/\"},\"wordCount\":521,\"publisher\":{\"@id\":\"https:\\\/\\\/canfali.com\\\/ca-es\\\/#organization\"},\"image\":{\"@id\":\"https:\\\/\\\/canfali.com\\\/ca-es\\\/el-club-basquet-pego-2025-2026-integra-a-235-practicants-de-lesport-de-la-cistella\\\/#primaryimage\"},\"thumbnailUrl\":\"https:\\\/\\\/canfali.com\\\/app\\\/uploads\\\/2025\\\/11\\\/basquet-digi1.jpg\",\"keywords\":[\"Club B\u00e0squet Pego\",\"presentaci\u00f3\",\"Setxe equips\",\"vessant solid\u00e0ria\"],\"articleSection\":[\"B\u00e0squet\"],\"inLanguage\":\"va-ES\",\"copyrightYear\":\"2025\",\"copyrightHolder\":{\"@id\":\"https:\\\/\\\/canfali.com\\\/#organization\"}},{\"@type\":\"WebPage\",\"@id\":\"https:\\\/\\\/canfali.com\\\/ca-es\\\/el-club-basquet-pego-2025-2026-integra-a-235-practicants-de-lesport-de-la-cistella\\\/\",\"url\":\"https:\\\/\\\/canfali.com\\\/ca-es\\\/el-club-basquet-pego-2025-2026-integra-a-235-practicants-de-lesport-de-la-cistella\\\/\",\"name\":\"El Club B\u00e0squet Pego 2025-2026 integra a 235 practicants de l'esport de la cistella - Canfali\",\"isPartOf\":{\"@id\":\"https:\\\/\\\/canfali.com\\\/ca-es\\\/#website\"},\"primaryImageOfPage\":{\"@id\":\"https:\\\/\\\/canfali.com\\\/ca-es\\\/el-club-basquet-pego-2025-2026-integra-a-235-practicants-de-lesport-de-la-cistella\\\/#primaryimage\"},\"image\":{\"@id\":\"https:\\\/\\\/canfali.com\\\/ca-es\\\/el-club-basquet-pego-2025-2026-integra-a-235-practicants-de-lesport-de-la-cistella\\\/#primaryimage\"},\"thumbnailUrl\":\"https:\\\/\\\/canfali.com\\\/app\\\/uploads\\\/2025\\\/11\\\/basquet-digi1.jpg\",\"datePublished\":\"2025-11-16T12:33:47+00:00\",\"dateModified\":\"2025-11-16T12:42:21+00:00\",\"breadcrumb\":{\"@id\":\"https:\\\/\\\/canfali.com\\\/ca-es\\\/el-club-basquet-pego-2025-2026-integra-a-235-practicants-de-lesport-de-la-cistella\\\/#breadcrumb\"},\"inLanguage\":\"va-ES\",\"potentialAction\":[{\"@type\":\"ReadAction\",\"target\":[\"https:\\\/\\\/canfali.com\\\/ca-es\\\/el-club-basquet-pego-2025-2026-integra-a-235-practicants-de-lesport-de-la-cistella\\\/\"]}]},{\"@type\":\"ImageObject\",\"inLanguage\":\"va-ES\",\"@id\":\"https:\\\/\\\/canfali.com\\\/ca-es\\\/el-club-basquet-pego-2025-2026-integra-a-235-practicants-de-lesport-de-la-cistella\\\/#primaryimage\",\"url\":\"https:\\\/\\\/canfali.com\\\/app\\\/uploads\\\/2025\\\/11\\\/basquet-digi1.jpg\",\"contentUrl\":\"https:\\\/\\\/canfali.com\\\/app\\\/uploads\\\/2025\\\/11\\\/basquet-digi1.jpg\",\"width\":2176,\"height\":950},{\"@type\":\"BreadcrumbList\",\"@id\":\"https:\\\/\\\/canfali.com\\\/ca-es\\\/el-club-basquet-pego-2025-2026-integra-a-235-practicants-de-lesport-de-la-cistella\\\/#breadcrumb\",\"itemListElement\":[{\"@type\":\"ListItem\",\"position\":1,\"name\":\"Portada\",\"item\":\"https:\\\/\\\/canfali.com\\\/ca-es\\\/\"},{\"@type\":\"ListItem\",\"position\":2,\"name\":\"El Club B\u00e0squet Pego 2025-2026 integra a 235 practicants de l&#8217;esport de la cistella\"}]},{\"@type\":\"WebSite\",\"@id\":\"https:\\\/\\\/canfali.com\\\/ca-es\\\/#website\",\"url\":\"https:\\\/\\\/canfali.com\\\/ca-es\\\/\",\"name\":\"Canfali\",\"description\":\"\",\"publisher\":{\"@id\":\"https:\\\/\\\/canfali.com\\\/ca-es\\\/#organization\"},\"potentialAction\":[{\"@type\":\"SearchAction\",\"target\":{\"@type\":\"EntryPoint\",\"urlTemplate\":\"https:\\\/\\\/canfali.com\\\/ca-es\\\/?s={search_term_string}\"},\"query-input\":{\"@type\":\"PropertyValueSpecification\",\"valueRequired\":true,\"valueName\":\"search_term_string\"}}],\"inLanguage\":\"va-ES\"},{\"@type\":\"Organization\",\"@id\":\"https:\\\/\\\/canfali.com\\\/ca-es\\\/#organization\",\"name\":\"Canfali\",\"url\":\"https:\\\/\\\/canfali.com\\\/ca-es\\\/\",\"logo\":{\"@type\":\"ImageObject\",\"inLanguage\":\"va-ES\",\"@id\":\"https:\\\/\\\/canfali.com\\\/ca-es\\\/#\\\/schema\\\/logo\\\/image\\\/\",\"url\":\"https:\\\/\\\/canfali.com\\\/app\\\/uploads\\\/2025\\\/12\\\/canfali_marina_alta_logo.png\",\"contentUrl\":\"https:\\\/\\\/canfali.com\\\/app\\\/uploads\\\/2025\\\/12\\\/canfali_marina_alta_logo.png\",\"width\":225,\"height\":225,\"caption\":\"Canfali\"},\"image\":{\"@id\":\"https:\\\/\\\/canfali.com\\\/ca-es\\\/#\\\/schema\\\/logo\\\/image\\\/\"},\"sameAs\":[\"https:\\\/\\\/es-es.facebook.com\\\/CANFALIMarinaAlta\",\"https:\\\/\\\/x.com\\\/canfalima\",\"https:\\\/\\\/www.instagram.com\\\/canfalimarinaalta\\\/\"]},{\"@type\":\"Person\",\"@id\":\"https:\\\/\\\/canfali.com\\\/ca-es\\\/#\\\/schema\\\/person\\\/d834d2d4df17cac754d3c314d4c404ef\",\"name\":\"JJ Mas\",\"image\":{\"@type\":\"ImageObject\",\"inLanguage\":\"va-ES\",\"@id\":\"https:\\\/\\\/secure.gravatar.com\\\/avatar\\\/65a5191f5438bf88c2394f6d1a625a6ff903c8785268e603c623a83bc15ba1ee?s=96&d=mm&r=g\",\"url\":\"https:\\\/\\\/secure.gravatar.com\\\/avatar\\\/65a5191f5438bf88c2394f6d1a625a6ff903c8785268e603c623a83bc15ba1ee?s=96&d=mm&r=g\",\"contentUrl\":\"https:\\\/\\\/secure.gravatar.com\\\/avatar\\\/65a5191f5438bf88c2394f6d1a625a6ff903c8785268e603c623a83bc15ba1ee?s=96&d=mm&r=g\",\"caption\":\"JJ Mas\"},\"url\":\"https:\\\/\\\/canfali.com\\\/ca-es\\\/author\\\/jj\\\/\"}]}<\/script>\n<!-- \/ Yoast SEO Premium plugin. -->","yoast_head_json":{"title":"El Club B\u00e0squet Pego 2025-2026 integra a 235 practicants de l'esport de la cistella - Canfali","robots":{"index":"index","follow":"follow","max-snippet":"max-snippet:-1","max-image-preview":"max-image-preview:large","max-video-preview":"max-video-preview:-1"},"canonical":"https:\/\/canfali.com\/ca-es\/el-club-basquet-pego-2025-2026-integra-a-235-practicants-de-lesport-de-la-cistella\/","og_locale":"en_US","og_type":"article","og_title":"El Club B\u00e0squet Pego 2025-2026 integra a 235 practicants de l'esport de la cistella","og_description":"Aprofundeix en el vessant solidari amb la inscripci\u00f3 de l\u2019equip inclusiu en una competici\u00f3 a nivell auton\u00f2mic Un&hellip;","og_url":"https:\/\/canfali.com\/ca-es\/el-club-basquet-pego-2025-2026-integra-a-235-practicants-de-lesport-de-la-cistella\/","og_site_name":"Canfali","article_publisher":"https:\/\/es-es.facebook.com\/CANFALIMarinaAlta","article_published_time":"2025-11-16T12:33:47+00:00","article_modified_time":"2025-11-16T12:42:21+00:00","og_image":[{"width":2176,"height":950,"url":"https:\/\/canfali.com\/app\/uploads\/2025\/11\/basquet-digi1.jpg","type":"image\/jpeg"}],"author":"JJ Mas","twitter_card":"summary_large_image","twitter_creator":"@canfalima","twitter_site":"@canfalima","twitter_misc":{"Written by":"JJ Mas","Est. reading time":"3 minutes"},"schema":{"@context":"https:\/\/schema.org","@graph":[{"@type":"NewsArticle","@id":"https:\/\/canfali.com\/ca-es\/el-club-basquet-pego-2025-2026-integra-a-235-practicants-de-lesport-de-la-cistella\/#article","isPartOf":{"@id":"https:\/\/canfali.com\/ca-es\/el-club-basquet-pego-2025-2026-integra-a-235-practicants-de-lesport-de-la-cistella\/"},"author":{"name":"JJ Mas","@id":"https:\/\/canfali.com\/ca-es\/#\/schema\/person\/d834d2d4df17cac754d3c314d4c404ef"},"headline":"El Club B\u00e0squet Pego 2025-2026 integra a 235 practicants de l&#8217;esport de la cistella","datePublished":"2025-11-16T12:33:47+00:00","dateModified":"2025-11-16T12:42:21+00:00","mainEntityOfPage":{"@id":"https:\/\/canfali.com\/ca-es\/el-club-basquet-pego-2025-2026-integra-a-235-practicants-de-lesport-de-la-cistella\/"},"wordCount":521,"publisher":{"@id":"https:\/\/canfali.com\/ca-es\/#organization"},"image":{"@id":"https:\/\/canfali.com\/ca-es\/el-club-basquet-pego-2025-2026-integra-a-235-practicants-de-lesport-de-la-cistella\/#primaryimage"},"thumbnailUrl":"https:\/\/canfali.com\/app\/uploads\/2025\/11\/basquet-digi1.jpg","keywords":["Club B\u00e0squet Pego","presentaci\u00f3","Setxe equips","vessant solid\u00e0ria"],"articleSection":["B\u00e0squet"],"inLanguage":"va-ES","copyrightYear":"2025","copyrightHolder":{"@id":"https:\/\/canfali.com\/#organization"}},{"@type":"WebPage","@id":"https:\/\/canfali.com\/ca-es\/el-club-basquet-pego-2025-2026-integra-a-235-practicants-de-lesport-de-la-cistella\/","url":"https:\/\/canfali.com\/ca-es\/el-club-basquet-pego-2025-2026-integra-a-235-practicants-de-lesport-de-la-cistella\/","name":"El Club B\u00e0squet Pego 2025-2026 integra a 235 practicants de l'esport de la cistella - Canfali","isPartOf":{"@id":"https:\/\/canfali.com\/ca-es\/#website"},"primaryImageOfPage":{"@id":"https:\/\/canfali.com\/ca-es\/el-club-basquet-pego-2025-2026-integra-a-235-practicants-de-lesport-de-la-cistella\/#primaryimage"},"image":{"@id":"https:\/\/canfali.com\/ca-es\/el-club-basquet-pego-2025-2026-integra-a-235-practicants-de-lesport-de-la-cistella\/#primaryimage"},"thumbnailUrl":"https:\/\/canfali.com\/app\/uploads\/2025\/11\/basquet-digi1.jpg","datePublished":"2025-11-16T12:33:47+00:00","dateModified":"2025-11-16T12:42:21+00:00","breadcrumb":{"@id":"https:\/\/canfali.com\/ca-es\/el-club-basquet-pego-2025-2026-integra-a-235-practicants-de-lesport-de-la-cistella\/#breadcrumb"},"inLanguage":"va-ES","potentialAction":[{"@type":"ReadAction","target":["https:\/\/canfali.com\/ca-es\/el-club-basquet-pego-2025-2026-integra-a-235-practicants-de-lesport-de-la-cistella\/"]}]},{"@type":"ImageObject","inLanguage":"va-ES","@id":"https:\/\/canfali.com\/ca-es\/el-club-basquet-pego-2025-2026-integra-a-235-practicants-de-lesport-de-la-cistella\/#primaryimage","url":"https:\/\/canfali.com\/app\/uploads\/2025\/11\/basquet-digi1.jpg","contentUrl":"https:\/\/canfali.com\/app\/uploads\/2025\/11\/basquet-digi1.jpg","width":2176,"height":950},{"@type":"BreadcrumbList","@id":"https:\/\/canfali.com\/ca-es\/el-club-basquet-pego-2025-2026-integra-a-235-practicants-de-lesport-de-la-cistella\/#breadcrumb","itemListElement":[{"@type":"ListItem","position":1,"name":"Portada","item":"https:\/\/canfali.com\/ca-es\/"},{"@type":"ListItem","position":2,"name":"El Club B\u00e0squet Pego 2025-2026 integra a 235 practicants de l&#8217;esport de la cistella"}]},{"@type":"WebSite","@id":"https:\/\/canfali.com\/ca-es\/#website","url":"https:\/\/canfali.com\/ca-es\/","name":"Canfali","description":"","publisher":{"@id":"https:\/\/canfali.com\/ca-es\/#organization"},"potentialAction":[{"@type":"SearchAction","target":{"@type":"EntryPoint","urlTemplate":"https:\/\/canfali.com\/ca-es\/?s={search_term_string}"},"query-input":{"@type":"PropertyValueSpecification","valueRequired":true,"valueName":"search_term_string"}}],"inLanguage":"va-ES"},{"@type":"Organization","@id":"https:\/\/canfali.com\/ca-es\/#organization","name":"Canfali","url":"https:\/\/canfali.com\/ca-es\/","logo":{"@type":"ImageObject","inLanguage":"va-ES","@id":"https:\/\/canfali.com\/ca-es\/#\/schema\/logo\/image\/","url":"https:\/\/canfali.com\/app\/uploads\/2025\/12\/canfali_marina_alta_logo.png","contentUrl":"https:\/\/canfali.com\/app\/uploads\/2025\/12\/canfali_marina_alta_logo.png","width":225,"height":225,"caption":"Canfali"},"image":{"@id":"https:\/\/canfali.com\/ca-es\/#\/schema\/logo\/image\/"},"sameAs":["https:\/\/es-es.facebook.com\/CANFALIMarinaAlta","https:\/\/x.com\/canfalima","https:\/\/www.instagram.com\/canfalimarinaalta\/"]},{"@type":"Person","@id":"https:\/\/canfali.com\/ca-es\/#\/schema\/person\/d834d2d4df17cac754d3c314d4c404ef","name":"JJ Mas","image":{"@type":"ImageObject","inLanguage":"va-ES","@id":"https:\/\/secure.gravatar.com\/avatar\/65a5191f5438bf88c2394f6d1a625a6ff903c8785268e603c623a83bc15ba1ee?s=96&d=mm&r=g","url":"https:\/\/secure.gravatar.com\/avatar\/65a5191f5438bf88c2394f6d1a625a6ff903c8785268e603c623a83bc15ba1ee?s=96&d=mm&r=g","contentUrl":"https:\/\/secure.gravatar.com\/avatar\/65a5191f5438bf88c2394f6d1a625a6ff903c8785268e603c623a83bc15ba1ee?s=96&d=mm&r=g","caption":"JJ Mas"},"url":"https:\/\/canfali.com\/ca-es\/author\/jj\/"}]}},"_links":{"self":[{"href":"https:\/\/canfali.com\/ca-es\/wp-json\/wp\/v2\/posts\/80824","targetHints":{"allow":["GET"]}}],"collection":[{"href":"https:\/\/canfali.com\/ca-es\/wp-json\/wp\/v2\/posts"}],"about":[{"href":"https:\/\/canfali.com\/ca-es\/wp-json\/wp\/v2\/types\/post"}],"author":[{"embeddable":true,"href":"https:\/\/canfali.com\/ca-es\/wp-json\/wp\/v2\/users\/4"}],"replies":[{"embeddable":true,"href":"https:\/\/canfali.com\/ca-es\/wp-json\/wp\/v2\/comments?post=80824"}],"version-history":[{"count":2,"href":"https:\/\/canfali.com\/ca-es\/wp-json\/wp\/v2\/posts\/80824\/revisions"}],"predecessor-version":[{"id":80832,"href":"https:\/\/canfali.com\/ca-es\/wp-json\/wp\/v2\/posts\/80824\/revisions\/80832"}],"wp:featuredmedia":[{"embeddable":true,"href":"https:\/\/canfali.com\/ca-es\/wp-json\/wp\/v2\/media\/80825"}],"wp:attachment":[{"href":"https:\/\/canfali.com\/ca-es\/wp-json\/wp\/v2\/media?parent=80824"}],"wp:term":[{"taxonomy":"category","embeddable":true,"href":"https:\/\/canfali.com\/ca-es\/wp-json\/wp\/v2\/categories?post=80824"},{"taxonomy":"post_tag","embeddable":true,"href":"https:\/\/canfali.com\/ca-es\/wp-json\/wp\/v2\/tags?post=80824"}],"curies":[{"name":"wp","href":"https:\/\/api.w.org\/{rel}","templated":true}]}}