{"id":79808,"date":"2025-10-31T13:46:11","date_gmt":"2025-10-31T12:46:11","guid":{"rendered":"https:\/\/canfali.com\/subvencio-per-al-lloguer-de-vivienda-residencial\/"},"modified":"2025-10-31T13:57:48","modified_gmt":"2025-10-31T12:57:48","slug":"subvencio-per-al-lloguer-de-vivienda-residencial","status":"publish","type":"post","link":"https:\/\/canfali.com\/ca-es\/subvencio-per-al-lloguer-de-vivienda-residencial\/","title":{"rendered":"Subvenci\u00f3 per al lloguer de vivienda residencial"},"content":{"rendered":"\n<p><\/p>\n\n<p>Rehabilitar l&#8217;habitatge i posar-la en lloguer d&#8217;\u00fas residencial tindr\u00e0 subvenci\u00f3 municipal<br\/><br\/>El regidor d&#8217;Habitatge de D\u00e9nia, Rafa Carri\u00f3, i la regidora de Territori, Maria Josep Ripoll, han presentat la convocat\u00f2ria d&#8217;una nova l\u00ednia d&#8217;ajudes a la conservaci\u00f3 i rehabilitaci\u00f3 d&#8217;habitatges a D\u00e9nia, La Xara i Jes\u00fas Pobre per a la seva posada en lloguer com a habitatge habitual. Els objectius principals de la iniciativa -han indicat- s\u00f3n millorar l&#8217;acc\u00e9s a l&#8217;habitatge de la poblaci\u00f3 i mobilitzar el parc d&#8217;habitatges buits del municipi.<br\/><\/p>\n\n<p>La quantitat que es destinar\u00e0 a aquestes ajudes en el pressupost de 2025 \u00e9s de 70.000 euros. Cada sol\u00b7licitant, depenent de la renda familiar, podr\u00e0 percebre fins a un m\u00e0xim de 7.000 euros d&#8217;ajuda (rendes menors de 40.000 euros anuals) o un m\u00e0xim de 5.100 euros (per a les rendes iguals o superiors a 40.000 euros).<br\/><\/p>\n\n<p>\u201cEs tracta d&#8217;un projecte pilot, les bases del qual anirem adaptant a la realitat de cada moment, que consisteix, fonamentalment, a atorgar ajudes a les persones f\u00edsiques propiet\u00e0ries d&#8217;un immoble d&#8217;\u00fas residencial de mercat lliure buit, perqu\u00e8 realitze obres de rehabilitaci\u00f3, adequaci\u00f3 i millora de l&#8217;habitatge, i despr\u00e9s la pose en lloguer per un per\u00edode m\u00ednim de 5 anys\u201d, ha explicat Ripoll.<br\/><\/p>\n\n<p>Les bases de les ajudes es publicaran en el Butllet\u00ed Oficial de la Prov\u00edncia d&#8217;Alacant el mes de novembre i es donar\u00e0 un termini de 10 dies naturals a partir de l&#8217;endem\u00e0 de la publicaci\u00f3 per a presentar les sol\u00b7licituds. Les obres de millora de l&#8217;habitatge per a la qual se sol\u00b7licita l&#8217;ajuda hauran d&#8217;estar finalitzades abans del 30 d&#8217;abril de 2026. Aix\u00ed mateix, abans d&#8217;aquesta data, la persona propiet\u00e0ria de l&#8217;habitatge haur\u00e0 de presentar la corresponent llic\u00e8ncia de les obres realitzades, el contracte d&#8217;arrendament, el compte justificatiu de les despeses i una altra documentaci\u00f3 que es troba detallada en les bases.<br\/><\/p>\n\n<p>Segons dades facilitades per Rafa Carri\u00f3, actualment hi ha m\u00e9s de 5.000 habitatges buits en el terme municipal. L&#8217;Ajuntament de D\u00e9nia est\u00e0 treballant per a mobilitzar-les i que isquen al mercat de lloguer com a habitatge habitual, en cap cas tur\u00edstica vacacional.<\/p>\n\n<p>De fet, els regidors han recordat que l&#8217;Ajuntament de D\u00e9nia ha susp\u00e8s, per segon any consecutiu, la concessi\u00f3 de permisos per a nous habitatges de lloguer tur\u00edstic en el nucli urb\u00e0. Al seu torn, est\u00e0 treballant en la redacci\u00f3 d&#8217;una ordenan\u00e7a reguladora de la concessi\u00f3 de llic\u00e8ncies que protegeixi els barris m\u00e9s vulnerables.<\/p>\n\n<p>D\u00e9nia tamb\u00e9 ha sol\u00b7licitat en dues ocasions a la Generalitat Valenciana ser declarada \u201czona tensionada\u201d, sense obtenir cap resposta, la qual cosa permetria regular i controlar els preus i que les ajudes municipals presentades,, per exemple, foren lligades tamb\u00e9 al fet que el preu del lloguer d&#8217;aquests habitatges fora assequible, ha assenyalat la regidora de Territori.<\/p>\n\n<p>Finalment, l&#8217;aposta de l&#8217;equip de govern municipal per crear un parc p\u00fablic d&#8217;habitatge est\u00e0 plasmada tamb\u00e9 en el Pla General Estructural, que inclou una previsi\u00f3 de s\u00f2l per a habitatge p\u00fablic. \u201cFins al 40 per cent dels habitatges dels nous sectors seran de protecci\u00f3 p\u00fablica, ha aclarit Ripoll.<\/p>\n","protected":false},"excerpt":{"rendered":"Rehabilitar l&#8217;habitatge i posar-la en lloguer d&#8217;\u00fas residencial tindr\u00e0 subvenci\u00f3 municipal El regidor d&#8217;Habitatge de D\u00e9nia, Rafa Carri\u00f3,&hellip;","protected":false},"author":6,"featured_media":79806,"comment_status":"closed","ping_status":"closed","sticky":false,"template":"","format":"standard","meta":{"csco_display_header_overlay":false,"csco_singular_sidebar":"","csco_page_header_type":"","csco_page_load_nextpost":"","csco_post_video_location":[],"csco_post_video_location_hash":"","csco_post_video_url":"","csco_post_video_bg_start_time":0,"csco_post_video_bg_end_time":0,"footnotes":""},"categories":[614],"tags":[2244,4784,4782,4781,4783],"class_list":{"0":"post-79808","1":"post","2":"type-post","3":"status-publish","4":"format-standard","5":"has-post-thumbnail","7":"category-municipal-ca-es","8":"tag-habitatge","9":"tag-habitatge-habitual","10":"tag-lloguer-residencial","11":"tag-rehabilitacio","12":"tag-subvencio","13":"cs-entry","14":"cs-video-wrap"},"yoast_head":"<!-- This site is optimized with the Yoast SEO Premium plugin v26.6 (Yoast SEO v27.3) - https:\/\/yoast.com\/product\/yoast-seo-premium-wordpress\/ -->\n<title>Subvenci\u00f3 per al lloguer de vivienda residencial - Canfali<\/title>\n<meta name=\"robots\" content=\"index, follow, max-snippet:-1, max-image-preview:large, max-video-preview:-1\" \/>\n<link rel=\"canonical\" href=\"https:\/\/canfali.com\/ca-es\/subvencio-per-al-lloguer-de-vivienda-residencial\/\" \/>\n<meta property=\"og:locale\" content=\"en_US\" \/>\n<meta property=\"og:type\" content=\"article\" \/>\n<meta property=\"og:title\" content=\"Subvenci\u00f3 per al lloguer de vivienda residencial\" \/>\n<meta property=\"og:description\" content=\"Rehabilitar l&#8217;habitatge i posar-la en lloguer d&#8217;\u00fas residencial tindr\u00e0 subvenci\u00f3 municipal El regidor d&#8217;Habitatge de D\u00e9nia, Rafa Carri\u00f3,&hellip;\" \/>\n<meta property=\"og:url\" content=\"https:\/\/canfali.com\/ca-es\/subvencio-per-al-lloguer-de-vivienda-residencial\/\" \/>\n<meta property=\"og:site_name\" content=\"Canfali\" \/>\n<meta property=\"article:publisher\" content=\"https:\/\/es-es.facebook.com\/CANFALIMarinaAlta\" \/>\n<meta property=\"article:published_time\" content=\"2025-10-31T12:46:11+00:00\" \/>\n<meta property=\"article:modified_time\" content=\"2025-10-31T12:57:48+00:00\" \/>\n<meta property=\"og:image\" content=\"https:\/\/canfali.com\/app\/uploads\/2025\/10\/ajudes-scaled.jpg\" \/>\n\t<meta property=\"og:image:width\" content=\"2560\" \/>\n\t<meta property=\"og:image:height\" content=\"1707\" \/>\n\t<meta property=\"og:image:type\" content=\"image\/jpeg\" \/>\n<meta name=\"author\" content=\"Rosa\" \/>\n<meta name=\"twitter:card\" content=\"summary_large_image\" \/>\n<meta name=\"twitter:creator\" content=\"@canfalima\" \/>\n<meta name=\"twitter:site\" content=\"@canfalima\" \/>\n<meta name=\"twitter:label1\" content=\"Written by\" \/>\n\t<meta name=\"twitter:data1\" content=\"Rosa\" \/>\n\t<meta name=\"twitter:label2\" content=\"Est. reading time\" \/>\n\t<meta name=\"twitter:data2\" content=\"3 minutes\" \/>\n<script type=\"application\/ld+json\" class=\"yoast-schema-graph\">{\"@context\":\"https:\\\/\\\/schema.org\",\"@graph\":[{\"@type\":\"NewsArticle\",\"@id\":\"https:\\\/\\\/canfali.com\\\/ca-es\\\/subvencio-per-al-lloguer-de-vivienda-residencial\\\/#article\",\"isPartOf\":{\"@id\":\"https:\\\/\\\/canfali.com\\\/ca-es\\\/subvencio-per-al-lloguer-de-vivienda-residencial\\\/\"},\"author\":{\"name\":\"Rosa\",\"@id\":\"https:\\\/\\\/canfali.com\\\/ca-es\\\/#\\\/schema\\\/person\\\/c861a7aa2b2495357b95f35bd5d82f88\"},\"headline\":\"Subvenci\u00f3 per al lloguer de vivienda residencial\",\"datePublished\":\"2025-10-31T12:46:11+00:00\",\"dateModified\":\"2025-10-31T12:57:48+00:00\",\"mainEntityOfPage\":{\"@id\":\"https:\\\/\\\/canfali.com\\\/ca-es\\\/subvencio-per-al-lloguer-de-vivienda-residencial\\\/\"},\"wordCount\":561,\"publisher\":{\"@id\":\"https:\\\/\\\/canfali.com\\\/ca-es\\\/#organization\"},\"image\":{\"@id\":\"https:\\\/\\\/canfali.com\\\/ca-es\\\/subvencio-per-al-lloguer-de-vivienda-residencial\\\/#primaryimage\"},\"thumbnailUrl\":\"https:\\\/\\\/canfali.com\\\/app\\\/uploads\\\/2025\\\/10\\\/ajudes-scaled.jpg\",\"keywords\":[\"habitatge\",\"habitatge habitual\",\"lloguer residencial\",\"rehabilitaci\u00f3\",\"subvenci\u00f3\"],\"articleSection\":[\"Municipal\"],\"inLanguage\":\"va-ES\",\"copyrightYear\":\"2025\",\"copyrightHolder\":{\"@id\":\"https:\\\/\\\/canfali.com\\\/#organization\"}},{\"@type\":\"WebPage\",\"@id\":\"https:\\\/\\\/canfali.com\\\/ca-es\\\/subvencio-per-al-lloguer-de-vivienda-residencial\\\/\",\"url\":\"https:\\\/\\\/canfali.com\\\/ca-es\\\/subvencio-per-al-lloguer-de-vivienda-residencial\\\/\",\"name\":\"Subvenci\u00f3 per al lloguer de vivienda residencial - Canfali\",\"isPartOf\":{\"@id\":\"https:\\\/\\\/canfali.com\\\/ca-es\\\/#website\"},\"primaryImageOfPage\":{\"@id\":\"https:\\\/\\\/canfali.com\\\/ca-es\\\/subvencio-per-al-lloguer-de-vivienda-residencial\\\/#primaryimage\"},\"image\":{\"@id\":\"https:\\\/\\\/canfali.com\\\/ca-es\\\/subvencio-per-al-lloguer-de-vivienda-residencial\\\/#primaryimage\"},\"thumbnailUrl\":\"https:\\\/\\\/canfali.com\\\/app\\\/uploads\\\/2025\\\/10\\\/ajudes-scaled.jpg\",\"datePublished\":\"2025-10-31T12:46:11+00:00\",\"dateModified\":\"2025-10-31T12:57:48+00:00\",\"breadcrumb\":{\"@id\":\"https:\\\/\\\/canfali.com\\\/ca-es\\\/subvencio-per-al-lloguer-de-vivienda-residencial\\\/#breadcrumb\"},\"inLanguage\":\"va-ES\",\"potentialAction\":[{\"@type\":\"ReadAction\",\"target\":[\"https:\\\/\\\/canfali.com\\\/ca-es\\\/subvencio-per-al-lloguer-de-vivienda-residencial\\\/\"]}]},{\"@type\":\"ImageObject\",\"inLanguage\":\"va-ES\",\"@id\":\"https:\\\/\\\/canfali.com\\\/ca-es\\\/subvencio-per-al-lloguer-de-vivienda-residencial\\\/#primaryimage\",\"url\":\"https:\\\/\\\/canfali.com\\\/app\\\/uploads\\\/2025\\\/10\\\/ajudes-scaled.jpg\",\"contentUrl\":\"https:\\\/\\\/canfali.com\\\/app\\\/uploads\\\/2025\\\/10\\\/ajudes-scaled.jpg\",\"width\":2560,\"height\":1707},{\"@type\":\"BreadcrumbList\",\"@id\":\"https:\\\/\\\/canfali.com\\\/ca-es\\\/subvencio-per-al-lloguer-de-vivienda-residencial\\\/#breadcrumb\",\"itemListElement\":[{\"@type\":\"ListItem\",\"position\":1,\"name\":\"Portada\",\"item\":\"https:\\\/\\\/canfali.com\\\/ca-es\\\/\"},{\"@type\":\"ListItem\",\"position\":2,\"name\":\"Subvenci\u00f3 per al lloguer de vivienda residencial\"}]},{\"@type\":\"WebSite\",\"@id\":\"https:\\\/\\\/canfali.com\\\/ca-es\\\/#website\",\"url\":\"https:\\\/\\\/canfali.com\\\/ca-es\\\/\",\"name\":\"Canfali\",\"description\":\"\",\"publisher\":{\"@id\":\"https:\\\/\\\/canfali.com\\\/ca-es\\\/#organization\"},\"potentialAction\":[{\"@type\":\"SearchAction\",\"target\":{\"@type\":\"EntryPoint\",\"urlTemplate\":\"https:\\\/\\\/canfali.com\\\/ca-es\\\/?s={search_term_string}\"},\"query-input\":{\"@type\":\"PropertyValueSpecification\",\"valueRequired\":true,\"valueName\":\"search_term_string\"}}],\"inLanguage\":\"va-ES\"},{\"@type\":\"Organization\",\"@id\":\"https:\\\/\\\/canfali.com\\\/ca-es\\\/#organization\",\"name\":\"Canfali\",\"url\":\"https:\\\/\\\/canfali.com\\\/ca-es\\\/\",\"logo\":{\"@type\":\"ImageObject\",\"inLanguage\":\"va-ES\",\"@id\":\"https:\\\/\\\/canfali.com\\\/ca-es\\\/#\\\/schema\\\/logo\\\/image\\\/\",\"url\":\"https:\\\/\\\/canfali.com\\\/app\\\/uploads\\\/2025\\\/12\\\/canfali_marina_alta_logo.png\",\"contentUrl\":\"https:\\\/\\\/canfali.com\\\/app\\\/uploads\\\/2025\\\/12\\\/canfali_marina_alta_logo.png\",\"width\":225,\"height\":225,\"caption\":\"Canfali\"},\"image\":{\"@id\":\"https:\\\/\\\/canfali.com\\\/ca-es\\\/#\\\/schema\\\/logo\\\/image\\\/\"},\"sameAs\":[\"https:\\\/\\\/es-es.facebook.com\\\/CANFALIMarinaAlta\",\"https:\\\/\\\/x.com\\\/canfalima\",\"https:\\\/\\\/www.instagram.com\\\/canfalimarinaalta\\\/\"]},{\"@type\":\"Person\",\"@id\":\"https:\\\/\\\/canfali.com\\\/ca-es\\\/#\\\/schema\\\/person\\\/c861a7aa2b2495357b95f35bd5d82f88\",\"name\":\"Rosa\",\"image\":{\"@type\":\"ImageObject\",\"inLanguage\":\"va-ES\",\"@id\":\"https:\\\/\\\/secure.gravatar.com\\\/avatar\\\/47fb83d99423a6ef1cf9f83f02a5e91366c671dec76c5c24badf1b0494e1d960?s=96&d=mm&r=g\",\"url\":\"https:\\\/\\\/secure.gravatar.com\\\/avatar\\\/47fb83d99423a6ef1cf9f83f02a5e91366c671dec76c5c24badf1b0494e1d960?s=96&d=mm&r=g\",\"contentUrl\":\"https:\\\/\\\/secure.gravatar.com\\\/avatar\\\/47fb83d99423a6ef1cf9f83f02a5e91366c671dec76c5c24badf1b0494e1d960?s=96&d=mm&r=g\",\"caption\":\"Rosa\"},\"url\":\"https:\\\/\\\/canfali.com\\\/ca-es\\\/author\\\/rosa\\\/\"}]}<\/script>\n<!-- \/ Yoast SEO Premium plugin. -->","yoast_head_json":{"title":"Subvenci\u00f3 per al lloguer de vivienda residencial - Canfali","robots":{"index":"index","follow":"follow","max-snippet":"max-snippet:-1","max-image-preview":"max-image-preview:large","max-video-preview":"max-video-preview:-1"},"canonical":"https:\/\/canfali.com\/ca-es\/subvencio-per-al-lloguer-de-vivienda-residencial\/","og_locale":"en_US","og_type":"article","og_title":"Subvenci\u00f3 per al lloguer de vivienda residencial","og_description":"Rehabilitar l&#8217;habitatge i posar-la en lloguer d&#8217;\u00fas residencial tindr\u00e0 subvenci\u00f3 municipal El regidor d&#8217;Habitatge de D\u00e9nia, Rafa Carri\u00f3,&hellip;","og_url":"https:\/\/canfali.com\/ca-es\/subvencio-per-al-lloguer-de-vivienda-residencial\/","og_site_name":"Canfali","article_publisher":"https:\/\/es-es.facebook.com\/CANFALIMarinaAlta","article_published_time":"2025-10-31T12:46:11+00:00","article_modified_time":"2025-10-31T12:57:48+00:00","og_image":[{"width":2560,"height":1707,"url":"https:\/\/canfali.com\/app\/uploads\/2025\/10\/ajudes-scaled.jpg","type":"image\/jpeg"}],"author":"Rosa","twitter_card":"summary_large_image","twitter_creator":"@canfalima","twitter_site":"@canfalima","twitter_misc":{"Written by":"Rosa","Est. reading time":"3 minutes"},"schema":{"@context":"https:\/\/schema.org","@graph":[{"@type":"NewsArticle","@id":"https:\/\/canfali.com\/ca-es\/subvencio-per-al-lloguer-de-vivienda-residencial\/#article","isPartOf":{"@id":"https:\/\/canfali.com\/ca-es\/subvencio-per-al-lloguer-de-vivienda-residencial\/"},"author":{"name":"Rosa","@id":"https:\/\/canfali.com\/ca-es\/#\/schema\/person\/c861a7aa2b2495357b95f35bd5d82f88"},"headline":"Subvenci\u00f3 per al lloguer de vivienda residencial","datePublished":"2025-10-31T12:46:11+00:00","dateModified":"2025-10-31T12:57:48+00:00","mainEntityOfPage":{"@id":"https:\/\/canfali.com\/ca-es\/subvencio-per-al-lloguer-de-vivienda-residencial\/"},"wordCount":561,"publisher":{"@id":"https:\/\/canfali.com\/ca-es\/#organization"},"image":{"@id":"https:\/\/canfali.com\/ca-es\/subvencio-per-al-lloguer-de-vivienda-residencial\/#primaryimage"},"thumbnailUrl":"https:\/\/canfali.com\/app\/uploads\/2025\/10\/ajudes-scaled.jpg","keywords":["habitatge","habitatge habitual","lloguer residencial","rehabilitaci\u00f3","subvenci\u00f3"],"articleSection":["Municipal"],"inLanguage":"va-ES","copyrightYear":"2025","copyrightHolder":{"@id":"https:\/\/canfali.com\/#organization"}},{"@type":"WebPage","@id":"https:\/\/canfali.com\/ca-es\/subvencio-per-al-lloguer-de-vivienda-residencial\/","url":"https:\/\/canfali.com\/ca-es\/subvencio-per-al-lloguer-de-vivienda-residencial\/","name":"Subvenci\u00f3 per al lloguer de vivienda residencial - Canfali","isPartOf":{"@id":"https:\/\/canfali.com\/ca-es\/#website"},"primaryImageOfPage":{"@id":"https:\/\/canfali.com\/ca-es\/subvencio-per-al-lloguer-de-vivienda-residencial\/#primaryimage"},"image":{"@id":"https:\/\/canfali.com\/ca-es\/subvencio-per-al-lloguer-de-vivienda-residencial\/#primaryimage"},"thumbnailUrl":"https:\/\/canfali.com\/app\/uploads\/2025\/10\/ajudes-scaled.jpg","datePublished":"2025-10-31T12:46:11+00:00","dateModified":"2025-10-31T12:57:48+00:00","breadcrumb":{"@id":"https:\/\/canfali.com\/ca-es\/subvencio-per-al-lloguer-de-vivienda-residencial\/#breadcrumb"},"inLanguage":"va-ES","potentialAction":[{"@type":"ReadAction","target":["https:\/\/canfali.com\/ca-es\/subvencio-per-al-lloguer-de-vivienda-residencial\/"]}]},{"@type":"ImageObject","inLanguage":"va-ES","@id":"https:\/\/canfali.com\/ca-es\/subvencio-per-al-lloguer-de-vivienda-residencial\/#primaryimage","url":"https:\/\/canfali.com\/app\/uploads\/2025\/10\/ajudes-scaled.jpg","contentUrl":"https:\/\/canfali.com\/app\/uploads\/2025\/10\/ajudes-scaled.jpg","width":2560,"height":1707},{"@type":"BreadcrumbList","@id":"https:\/\/canfali.com\/ca-es\/subvencio-per-al-lloguer-de-vivienda-residencial\/#breadcrumb","itemListElement":[{"@type":"ListItem","position":1,"name":"Portada","item":"https:\/\/canfali.com\/ca-es\/"},{"@type":"ListItem","position":2,"name":"Subvenci\u00f3 per al lloguer de vivienda residencial"}]},{"@type":"WebSite","@id":"https:\/\/canfali.com\/ca-es\/#website","url":"https:\/\/canfali.com\/ca-es\/","name":"Canfali","description":"","publisher":{"@id":"https:\/\/canfali.com\/ca-es\/#organization"},"potentialAction":[{"@type":"SearchAction","target":{"@type":"EntryPoint","urlTemplate":"https:\/\/canfali.com\/ca-es\/?s={search_term_string}"},"query-input":{"@type":"PropertyValueSpecification","valueRequired":true,"valueName":"search_term_string"}}],"inLanguage":"va-ES"},{"@type":"Organization","@id":"https:\/\/canfali.com\/ca-es\/#organization","name":"Canfali","url":"https:\/\/canfali.com\/ca-es\/","logo":{"@type":"ImageObject","inLanguage":"va-ES","@id":"https:\/\/canfali.com\/ca-es\/#\/schema\/logo\/image\/","url":"https:\/\/canfali.com\/app\/uploads\/2025\/12\/canfali_marina_alta_logo.png","contentUrl":"https:\/\/canfali.com\/app\/uploads\/2025\/12\/canfali_marina_alta_logo.png","width":225,"height":225,"caption":"Canfali"},"image":{"@id":"https:\/\/canfali.com\/ca-es\/#\/schema\/logo\/image\/"},"sameAs":["https:\/\/es-es.facebook.com\/CANFALIMarinaAlta","https:\/\/x.com\/canfalima","https:\/\/www.instagram.com\/canfalimarinaalta\/"]},{"@type":"Person","@id":"https:\/\/canfali.com\/ca-es\/#\/schema\/person\/c861a7aa2b2495357b95f35bd5d82f88","name":"Rosa","image":{"@type":"ImageObject","inLanguage":"va-ES","@id":"https:\/\/secure.gravatar.com\/avatar\/47fb83d99423a6ef1cf9f83f02a5e91366c671dec76c5c24badf1b0494e1d960?s=96&d=mm&r=g","url":"https:\/\/secure.gravatar.com\/avatar\/47fb83d99423a6ef1cf9f83f02a5e91366c671dec76c5c24badf1b0494e1d960?s=96&d=mm&r=g","contentUrl":"https:\/\/secure.gravatar.com\/avatar\/47fb83d99423a6ef1cf9f83f02a5e91366c671dec76c5c24badf1b0494e1d960?s=96&d=mm&r=g","caption":"Rosa"},"url":"https:\/\/canfali.com\/ca-es\/author\/rosa\/"}]}},"_links":{"self":[{"href":"https:\/\/canfali.com\/ca-es\/wp-json\/wp\/v2\/posts\/79808","targetHints":{"allow":["GET"]}}],"collection":[{"href":"https:\/\/canfali.com\/ca-es\/wp-json\/wp\/v2\/posts"}],"about":[{"href":"https:\/\/canfali.com\/ca-es\/wp-json\/wp\/v2\/types\/post"}],"author":[{"embeddable":true,"href":"https:\/\/canfali.com\/ca-es\/wp-json\/wp\/v2\/users\/6"}],"replies":[{"embeddable":true,"href":"https:\/\/canfali.com\/ca-es\/wp-json\/wp\/v2\/comments?post=79808"}],"version-history":[{"count":1,"href":"https:\/\/canfali.com\/ca-es\/wp-json\/wp\/v2\/posts\/79808\/revisions"}],"predecessor-version":[{"id":79809,"href":"https:\/\/canfali.com\/ca-es\/wp-json\/wp\/v2\/posts\/79808\/revisions\/79809"}],"wp:featuredmedia":[{"embeddable":true,"href":"https:\/\/canfali.com\/ca-es\/wp-json\/wp\/v2\/media\/79806"}],"wp:attachment":[{"href":"https:\/\/canfali.com\/ca-es\/wp-json\/wp\/v2\/media?parent=79808"}],"wp:term":[{"taxonomy":"category","embeddable":true,"href":"https:\/\/canfali.com\/ca-es\/wp-json\/wp\/v2\/categories?post=79808"},{"taxonomy":"post_tag","embeddable":true,"href":"https:\/\/canfali.com\/ca-es\/wp-json\/wp\/v2\/tags?post=79808"}],"curies":[{"name":"wp","href":"https:\/\/api.w.org\/{rel}","templated":true}]}}