{"id":79691,"date":"2025-10-29T22:08:45","date_gmt":"2025-10-29T21:08:45","guid":{"rendered":"https:\/\/canfali.com\/solcar-i-jambo-travel-estrenen-seu\/"},"modified":"2025-10-29T22:12:23","modified_gmt":"2025-10-29T21:12:23","slug":"solcar-i-jambo-travel-estrenen-seu","status":"publish","type":"post","link":"https:\/\/canfali.com\/ca-es\/solcar-i-jambo-travel-estrenen-seu\/","title":{"rendered":"Solcar i Jambo Travel estrenen seu"},"content":{"rendered":"\n<figure class=\"wp-block-image size-large\"><img decoding=\"async\" src=\"https:\/\/canfali.com\/app\/uploads\/2025\/10\/8solmar5-2-1024x683.jpg.webp\" alt=\"\" class=\"wp-image-79682\"\/><\/figure>\n\n<p><p class=\"p1\">L&#8217;emblem\u00e0tica empresa <b>Solcar<\/b> i <b>Jambo Travel<\/b> de <b>X\u00e0bia<\/b>, un projecte familiar dels Hern\u00e1ndez-Von Rekowsky que combina lloguer de vehicles i ag\u00e8ncia de viatges, emprenen un nou rumb amb l&#8217;obertura de la seva nova seu en un punt estrat\u00e8gic de l&#8217;<b>Avinguda del Pla<\/b>. Un pas endavant en la traject\u00f2ria empresarial d&#8217;aquesta firma que estrena una instal\u00b7laci\u00f3 de <b>1.000 m\u00b2<\/b>, amb estances per a les oficines, un ampli garatge i una confortable zona d&#8217;aparcament. M\u00e9s comoditat i millor servei que en les anteriors oficines de la zona de l&#8217;<b>Arenal<\/b>.<\/p><\/p>\n\n<figure class=\"wp-block-image size-large\"><img decoding=\"async\" src=\"https:\/\/canfali.com\/app\/uploads\/2025\/10\/8solmar3-1024x683.jpg.webp\" alt=\"\" class=\"wp-image-79664\"\/><\/figure>\n\n<p><p class=\"p1\">L&#8217;empresa de lloguer de vehicles \u2014aleshores anomenada <b>Solmar<\/b>\u2014, pionera en el sector a <b>X\u00e0bia<\/b>, va comen\u00e7ar l&#8217;any 1974 amb un patrimoni de 5 cotxes i 20.000 pessetes, segons recorda l&#8217;empresari <b>Antonio Hern\u00e1ndez<\/b>, en una \u00e8poca en qu\u00e8 el turisme a la <b>Costa Blanca<\/b> comen\u00e7ava a adquirir transcend\u00e8ncia internacional. Nom\u00e9s una d\u00e8cada despr\u00e9s es va posar en marxa l&#8217;ag\u00e8ncia de viatges <b>Jambo Travel<\/b>.<\/p><\/p>\n\n<figure class=\"wp-block-image size-large\"><img decoding=\"async\" src=\"https:\/\/canfali.com\/app\/uploads\/2025\/10\/8solmar2-1024x683.jpg.webp\" alt=\"\" class=\"wp-image-79666\"\/><\/figure>\n\n<figure class=\"wp-block-image size-large\"><img decoding=\"async\" src=\"https:\/\/canfali.com\/app\/uploads\/2025\/10\/IMG_9287-4-1024x616.jpg.webp\" alt=\"\" class=\"wp-image-79688\"\/><\/figure>\n\n<p><p class=\"p1\">L&#8217;empresa va cr\u00e9ixer fins a aconseguir una flota de m\u00e9s de <b>14.000 vehicles<\/b>, 28 oficines i 300 empleats. Per\u00f2 en la segona meitat de la primera d\u00e8cada del present segle va patir un per\u00edode de declivi, agreujat per la crisi mundial, que va ser capa\u00e7 de superar per arribar fins als nostres dies.<\/p><\/p>\n\n<figure class=\"wp-block-image size-large\"><img decoding=\"async\" src=\"https:\/\/canfali.com\/app\/uploads\/2025\/10\/8solmar6-1024x683.jpg.webp\" alt=\"\" class=\"wp-image-79668\"\/><\/figure>\n\n<p><p class=\"p1\">El negoci segueix sent tan familiar com sempre, ara sota l&#8217;impuls de \u201csavia nova\u201d. I \u00e9s que aquella aventura empresarial d&#8217;<b>Antonio<\/b> i la seva esposa, <b>Cristina<\/b>, ha cedit el relleu des de fa un temps als seus fills <b>Sergio<\/b> i <b>Vanessa<\/b>.<\/p><\/p>\n\n<figure class=\"wp-block-image size-large\"><img decoding=\"async\" src=\"https:\/\/canfali.com\/app\/uploads\/2025\/10\/8solmar7-1024x683.jpg.webp\" alt=\"\" class=\"wp-image-79670\"\/><\/figure>\n\n<p><p class=\"p1\">Ara <b>Solcar<\/b> t\u00e9 al voltant de <b>200 vehicles<\/b> \u2014de diverses marques, modalitats i gammes\u2014, i seus a <b>Moraira<\/b>, <b>Alacant<\/b> i <b>Val\u00e8ncia<\/b>, a m\u00e9s de la de <b>X\u00e0bia<\/b>, amb molta ambici\u00f3 i entusiasme per afrontar els nous reptes que planteja el sector del <b>rent-a-car<\/b>. I <b>Jambo Travel<\/b>, a punt de celebrar els <b>quaranta anys<\/b>, continua ferm en el seu prop\u00f2sit d&#8217;oferir el m\u00e9s plaent dels viatges als seus clients, sense renunciar als seus principis de proximitat i fidelitat.<\/p><\/p>\n\n<figure class=\"wp-block-image size-large\"><img decoding=\"async\" src=\"https:\/\/canfali.com\/app\/uploads\/2025\/10\/8solmar9-1024x683.jpg.webp\" alt=\"\" class=\"wp-image-79672\"\/><\/figure>\n","protected":false},"excerpt":{"rendered":"L&#8217;emblem\u00e0tica empresa Solcar i Jambo Travel de X\u00e0bia, un projecte familiar dels Hern\u00e1ndez-Von Rekowsky que combina lloguer de&hellip;","protected":false},"author":8,"featured_media":79661,"comment_status":"closed","ping_status":"closed","sticky":false,"template":"","format":"standard","meta":{"csco_display_header_overlay":false,"csco_singular_sidebar":"","csco_page_header_type":"","csco_page_load_nextpost":"","csco_post_video_location":[],"csco_post_video_location_hash":"","csco_post_video_url":"","csco_post_video_bg_start_time":0,"csco_post_video_bg_end_time":0,"footnotes":""},"categories":[1],"tags":[],"class_list":{"0":"post-79691","1":"post","2":"type-post","3":"status-publish","4":"format-standard","5":"has-post-thumbnail","7":"category-sin-categorizar","8":"cs-entry","9":"cs-video-wrap"},"yoast_head":"<!-- This site is optimized with the Yoast SEO Premium plugin v26.6 (Yoast SEO v27.3) - https:\/\/yoast.com\/product\/yoast-seo-premium-wordpress\/ -->\n<title>Solcar i Jambo Travel estrenen seu - Canfali<\/title>\n<meta name=\"robots\" content=\"index, follow, max-snippet:-1, max-image-preview:large, max-video-preview:-1\" \/>\n<link rel=\"canonical\" href=\"https:\/\/canfali.com\/ca-es\/solcar-i-jambo-travel-estrenen-seu\/\" \/>\n<meta property=\"og:locale\" content=\"en_US\" \/>\n<meta property=\"og:type\" content=\"article\" \/>\n<meta property=\"og:title\" content=\"Solcar i Jambo Travel estrenen seu\" \/>\n<meta property=\"og:description\" content=\"L&#8217;emblem\u00e0tica empresa Solcar i Jambo Travel de X\u00e0bia, un projecte familiar dels Hern\u00e1ndez-Von Rekowsky que combina lloguer de&hellip;\" \/>\n<meta property=\"og:url\" content=\"https:\/\/canfali.com\/ca-es\/solcar-i-jambo-travel-estrenen-seu\/\" \/>\n<meta property=\"og:site_name\" content=\"Canfali\" \/>\n<meta property=\"article:publisher\" content=\"https:\/\/es-es.facebook.com\/CANFALIMarinaAlta\" \/>\n<meta property=\"article:published_time\" content=\"2025-10-29T21:08:45+00:00\" \/>\n<meta property=\"article:modified_time\" content=\"2025-10-29T21:12:23+00:00\" \/>\n<meta property=\"og:image\" content=\"https:\/\/canfali.com\/app\/uploads\/2025\/10\/portada-3.jpg\" \/>\n\t<meta property=\"og:image:width\" content=\"1200\" \/>\n\t<meta property=\"og:image:height\" content=\"630\" \/>\n\t<meta property=\"og:image:type\" content=\"image\/jpeg\" \/>\n<meta name=\"author\" content=\"Lluis\" \/>\n<meta name=\"twitter:card\" content=\"summary_large_image\" \/>\n<meta name=\"twitter:creator\" content=\"@canfalima\" \/>\n<meta name=\"twitter:site\" content=\"@canfalima\" \/>\n<meta name=\"twitter:label1\" content=\"Written by\" \/>\n\t<meta name=\"twitter:data1\" content=\"Lluis\" \/>\n\t<meta name=\"twitter:label2\" content=\"Est. reading time\" \/>\n\t<meta name=\"twitter:data2\" content=\"2 minutes\" \/>\n<script type=\"application\/ld+json\" class=\"yoast-schema-graph\">{\"@context\":\"https:\\\/\\\/schema.org\",\"@graph\":[{\"@type\":\"NewsArticle\",\"@id\":\"https:\\\/\\\/canfali.com\\\/ca-es\\\/solcar-i-jambo-travel-estrenen-seu\\\/#article\",\"isPartOf\":{\"@id\":\"https:\\\/\\\/canfali.com\\\/ca-es\\\/solcar-i-jambo-travel-estrenen-seu\\\/\"},\"author\":{\"name\":\"Lluis\",\"@id\":\"https:\\\/\\\/canfali.com\\\/ca-es\\\/#\\\/schema\\\/person\\\/f540a86fb33e10daaae53c59ceaa1194\"},\"headline\":\"Solcar i Jambo Travel estrenen seu\",\"datePublished\":\"2025-10-29T21:08:45+00:00\",\"dateModified\":\"2025-10-29T21:12:23+00:00\",\"mainEntityOfPage\":{\"@id\":\"https:\\\/\\\/canfali.com\\\/ca-es\\\/solcar-i-jambo-travel-estrenen-seu\\\/\"},\"wordCount\":358,\"publisher\":{\"@id\":\"https:\\\/\\\/canfali.com\\\/ca-es\\\/#organization\"},\"image\":{\"@id\":\"https:\\\/\\\/canfali.com\\\/ca-es\\\/solcar-i-jambo-travel-estrenen-seu\\\/#primaryimage\"},\"thumbnailUrl\":\"https:\\\/\\\/canfali.com\\\/app\\\/uploads\\\/2025\\\/10\\\/portada-3.jpg\",\"articleSection\":[\"Sin categorizar\"],\"inLanguage\":\"va-ES\",\"copyrightYear\":\"2025\",\"copyrightHolder\":{\"@id\":\"https:\\\/\\\/canfali.com\\\/#organization\"}},{\"@type\":\"WebPage\",\"@id\":\"https:\\\/\\\/canfali.com\\\/ca-es\\\/solcar-i-jambo-travel-estrenen-seu\\\/\",\"url\":\"https:\\\/\\\/canfali.com\\\/ca-es\\\/solcar-i-jambo-travel-estrenen-seu\\\/\",\"name\":\"Solcar i Jambo Travel estrenen seu - Canfali\",\"isPartOf\":{\"@id\":\"https:\\\/\\\/canfali.com\\\/ca-es\\\/#website\"},\"primaryImageOfPage\":{\"@id\":\"https:\\\/\\\/canfali.com\\\/ca-es\\\/solcar-i-jambo-travel-estrenen-seu\\\/#primaryimage\"},\"image\":{\"@id\":\"https:\\\/\\\/canfali.com\\\/ca-es\\\/solcar-i-jambo-travel-estrenen-seu\\\/#primaryimage\"},\"thumbnailUrl\":\"https:\\\/\\\/canfali.com\\\/app\\\/uploads\\\/2025\\\/10\\\/portada-3.jpg\",\"datePublished\":\"2025-10-29T21:08:45+00:00\",\"dateModified\":\"2025-10-29T21:12:23+00:00\",\"breadcrumb\":{\"@id\":\"https:\\\/\\\/canfali.com\\\/ca-es\\\/solcar-i-jambo-travel-estrenen-seu\\\/#breadcrumb\"},\"inLanguage\":\"va-ES\",\"potentialAction\":[{\"@type\":\"ReadAction\",\"target\":[\"https:\\\/\\\/canfali.com\\\/ca-es\\\/solcar-i-jambo-travel-estrenen-seu\\\/\"]}]},{\"@type\":\"ImageObject\",\"inLanguage\":\"va-ES\",\"@id\":\"https:\\\/\\\/canfali.com\\\/ca-es\\\/solcar-i-jambo-travel-estrenen-seu\\\/#primaryimage\",\"url\":\"https:\\\/\\\/canfali.com\\\/app\\\/uploads\\\/2025\\\/10\\\/portada-3.jpg\",\"contentUrl\":\"https:\\\/\\\/canfali.com\\\/app\\\/uploads\\\/2025\\\/10\\\/portada-3.jpg\",\"width\":1200,\"height\":630},{\"@type\":\"BreadcrumbList\",\"@id\":\"https:\\\/\\\/canfali.com\\\/ca-es\\\/solcar-i-jambo-travel-estrenen-seu\\\/#breadcrumb\",\"itemListElement\":[{\"@type\":\"ListItem\",\"position\":1,\"name\":\"Portada\",\"item\":\"https:\\\/\\\/canfali.com\\\/ca-es\\\/\"},{\"@type\":\"ListItem\",\"position\":2,\"name\":\"Solcar i Jambo Travel estrenen seu\"}]},{\"@type\":\"WebSite\",\"@id\":\"https:\\\/\\\/canfali.com\\\/ca-es\\\/#website\",\"url\":\"https:\\\/\\\/canfali.com\\\/ca-es\\\/\",\"name\":\"Canfali\",\"description\":\"\",\"publisher\":{\"@id\":\"https:\\\/\\\/canfali.com\\\/ca-es\\\/#organization\"},\"potentialAction\":[{\"@type\":\"SearchAction\",\"target\":{\"@type\":\"EntryPoint\",\"urlTemplate\":\"https:\\\/\\\/canfali.com\\\/ca-es\\\/?s={search_term_string}\"},\"query-input\":{\"@type\":\"PropertyValueSpecification\",\"valueRequired\":true,\"valueName\":\"search_term_string\"}}],\"inLanguage\":\"va-ES\"},{\"@type\":\"Organization\",\"@id\":\"https:\\\/\\\/canfali.com\\\/ca-es\\\/#organization\",\"name\":\"Canfali\",\"url\":\"https:\\\/\\\/canfali.com\\\/ca-es\\\/\",\"logo\":{\"@type\":\"ImageObject\",\"inLanguage\":\"va-ES\",\"@id\":\"https:\\\/\\\/canfali.com\\\/ca-es\\\/#\\\/schema\\\/logo\\\/image\\\/\",\"url\":\"https:\\\/\\\/canfali.com\\\/app\\\/uploads\\\/2025\\\/12\\\/canfali_marina_alta_logo.png\",\"contentUrl\":\"https:\\\/\\\/canfali.com\\\/app\\\/uploads\\\/2025\\\/12\\\/canfali_marina_alta_logo.png\",\"width\":225,\"height\":225,\"caption\":\"Canfali\"},\"image\":{\"@id\":\"https:\\\/\\\/canfali.com\\\/ca-es\\\/#\\\/schema\\\/logo\\\/image\\\/\"},\"sameAs\":[\"https:\\\/\\\/es-es.facebook.com\\\/CANFALIMarinaAlta\",\"https:\\\/\\\/x.com\\\/canfalima\",\"https:\\\/\\\/www.instagram.com\\\/canfalimarinaalta\\\/\"]},{\"@type\":\"Person\",\"@id\":\"https:\\\/\\\/canfali.com\\\/ca-es\\\/#\\\/schema\\\/person\\\/f540a86fb33e10daaae53c59ceaa1194\",\"name\":\"Lluis\",\"image\":{\"@type\":\"ImageObject\",\"inLanguage\":\"va-ES\",\"@id\":\"https:\\\/\\\/secure.gravatar.com\\\/avatar\\\/a21ec8835290e4e02ed0886b8cb327d807d0eb6ec8ccf25d4c2a0a415f506c0d?s=96&d=mm&r=g\",\"url\":\"https:\\\/\\\/secure.gravatar.com\\\/avatar\\\/a21ec8835290e4e02ed0886b8cb327d807d0eb6ec8ccf25d4c2a0a415f506c0d?s=96&d=mm&r=g\",\"contentUrl\":\"https:\\\/\\\/secure.gravatar.com\\\/avatar\\\/a21ec8835290e4e02ed0886b8cb327d807d0eb6ec8ccf25d4c2a0a415f506c0d?s=96&d=mm&r=g\",\"caption\":\"Lluis\"},\"url\":\"https:\\\/\\\/canfali.com\\\/ca-es\\\/author\\\/lluis\\\/\"}]}<\/script>\n<!-- \/ Yoast SEO Premium plugin. -->","yoast_head_json":{"title":"Solcar i Jambo Travel estrenen seu - Canfali","robots":{"index":"index","follow":"follow","max-snippet":"max-snippet:-1","max-image-preview":"max-image-preview:large","max-video-preview":"max-video-preview:-1"},"canonical":"https:\/\/canfali.com\/ca-es\/solcar-i-jambo-travel-estrenen-seu\/","og_locale":"en_US","og_type":"article","og_title":"Solcar i Jambo Travel estrenen seu","og_description":"L&#8217;emblem\u00e0tica empresa Solcar i Jambo Travel de X\u00e0bia, un projecte familiar dels Hern\u00e1ndez-Von Rekowsky que combina lloguer de&hellip;","og_url":"https:\/\/canfali.com\/ca-es\/solcar-i-jambo-travel-estrenen-seu\/","og_site_name":"Canfali","article_publisher":"https:\/\/es-es.facebook.com\/CANFALIMarinaAlta","article_published_time":"2025-10-29T21:08:45+00:00","article_modified_time":"2025-10-29T21:12:23+00:00","og_image":[{"width":1200,"height":630,"url":"https:\/\/canfali.com\/app\/uploads\/2025\/10\/portada-3.jpg","type":"image\/jpeg"}],"author":"Lluis","twitter_card":"summary_large_image","twitter_creator":"@canfalima","twitter_site":"@canfalima","twitter_misc":{"Written by":"Lluis","Est. reading time":"2 minutes"},"schema":{"@context":"https:\/\/schema.org","@graph":[{"@type":"NewsArticle","@id":"https:\/\/canfali.com\/ca-es\/solcar-i-jambo-travel-estrenen-seu\/#article","isPartOf":{"@id":"https:\/\/canfali.com\/ca-es\/solcar-i-jambo-travel-estrenen-seu\/"},"author":{"name":"Lluis","@id":"https:\/\/canfali.com\/ca-es\/#\/schema\/person\/f540a86fb33e10daaae53c59ceaa1194"},"headline":"Solcar i Jambo Travel estrenen seu","datePublished":"2025-10-29T21:08:45+00:00","dateModified":"2025-10-29T21:12:23+00:00","mainEntityOfPage":{"@id":"https:\/\/canfali.com\/ca-es\/solcar-i-jambo-travel-estrenen-seu\/"},"wordCount":358,"publisher":{"@id":"https:\/\/canfali.com\/ca-es\/#organization"},"image":{"@id":"https:\/\/canfali.com\/ca-es\/solcar-i-jambo-travel-estrenen-seu\/#primaryimage"},"thumbnailUrl":"https:\/\/canfali.com\/app\/uploads\/2025\/10\/portada-3.jpg","articleSection":["Sin categorizar"],"inLanguage":"va-ES","copyrightYear":"2025","copyrightHolder":{"@id":"https:\/\/canfali.com\/#organization"}},{"@type":"WebPage","@id":"https:\/\/canfali.com\/ca-es\/solcar-i-jambo-travel-estrenen-seu\/","url":"https:\/\/canfali.com\/ca-es\/solcar-i-jambo-travel-estrenen-seu\/","name":"Solcar i Jambo Travel estrenen seu - Canfali","isPartOf":{"@id":"https:\/\/canfali.com\/ca-es\/#website"},"primaryImageOfPage":{"@id":"https:\/\/canfali.com\/ca-es\/solcar-i-jambo-travel-estrenen-seu\/#primaryimage"},"image":{"@id":"https:\/\/canfali.com\/ca-es\/solcar-i-jambo-travel-estrenen-seu\/#primaryimage"},"thumbnailUrl":"https:\/\/canfali.com\/app\/uploads\/2025\/10\/portada-3.jpg","datePublished":"2025-10-29T21:08:45+00:00","dateModified":"2025-10-29T21:12:23+00:00","breadcrumb":{"@id":"https:\/\/canfali.com\/ca-es\/solcar-i-jambo-travel-estrenen-seu\/#breadcrumb"},"inLanguage":"va-ES","potentialAction":[{"@type":"ReadAction","target":["https:\/\/canfali.com\/ca-es\/solcar-i-jambo-travel-estrenen-seu\/"]}]},{"@type":"ImageObject","inLanguage":"va-ES","@id":"https:\/\/canfali.com\/ca-es\/solcar-i-jambo-travel-estrenen-seu\/#primaryimage","url":"https:\/\/canfali.com\/app\/uploads\/2025\/10\/portada-3.jpg","contentUrl":"https:\/\/canfali.com\/app\/uploads\/2025\/10\/portada-3.jpg","width":1200,"height":630},{"@type":"BreadcrumbList","@id":"https:\/\/canfali.com\/ca-es\/solcar-i-jambo-travel-estrenen-seu\/#breadcrumb","itemListElement":[{"@type":"ListItem","position":1,"name":"Portada","item":"https:\/\/canfali.com\/ca-es\/"},{"@type":"ListItem","position":2,"name":"Solcar i Jambo Travel estrenen seu"}]},{"@type":"WebSite","@id":"https:\/\/canfali.com\/ca-es\/#website","url":"https:\/\/canfali.com\/ca-es\/","name":"Canfali","description":"","publisher":{"@id":"https:\/\/canfali.com\/ca-es\/#organization"},"potentialAction":[{"@type":"SearchAction","target":{"@type":"EntryPoint","urlTemplate":"https:\/\/canfali.com\/ca-es\/?s={search_term_string}"},"query-input":{"@type":"PropertyValueSpecification","valueRequired":true,"valueName":"search_term_string"}}],"inLanguage":"va-ES"},{"@type":"Organization","@id":"https:\/\/canfali.com\/ca-es\/#organization","name":"Canfali","url":"https:\/\/canfali.com\/ca-es\/","logo":{"@type":"ImageObject","inLanguage":"va-ES","@id":"https:\/\/canfali.com\/ca-es\/#\/schema\/logo\/image\/","url":"https:\/\/canfali.com\/app\/uploads\/2025\/12\/canfali_marina_alta_logo.png","contentUrl":"https:\/\/canfali.com\/app\/uploads\/2025\/12\/canfali_marina_alta_logo.png","width":225,"height":225,"caption":"Canfali"},"image":{"@id":"https:\/\/canfali.com\/ca-es\/#\/schema\/logo\/image\/"},"sameAs":["https:\/\/es-es.facebook.com\/CANFALIMarinaAlta","https:\/\/x.com\/canfalima","https:\/\/www.instagram.com\/canfalimarinaalta\/"]},{"@type":"Person","@id":"https:\/\/canfali.com\/ca-es\/#\/schema\/person\/f540a86fb33e10daaae53c59ceaa1194","name":"Lluis","image":{"@type":"ImageObject","inLanguage":"va-ES","@id":"https:\/\/secure.gravatar.com\/avatar\/a21ec8835290e4e02ed0886b8cb327d807d0eb6ec8ccf25d4c2a0a415f506c0d?s=96&d=mm&r=g","url":"https:\/\/secure.gravatar.com\/avatar\/a21ec8835290e4e02ed0886b8cb327d807d0eb6ec8ccf25d4c2a0a415f506c0d?s=96&d=mm&r=g","contentUrl":"https:\/\/secure.gravatar.com\/avatar\/a21ec8835290e4e02ed0886b8cb327d807d0eb6ec8ccf25d4c2a0a415f506c0d?s=96&d=mm&r=g","caption":"Lluis"},"url":"https:\/\/canfali.com\/ca-es\/author\/lluis\/"}]}},"_links":{"self":[{"href":"https:\/\/canfali.com\/ca-es\/wp-json\/wp\/v2\/posts\/79691","targetHints":{"allow":["GET"]}}],"collection":[{"href":"https:\/\/canfali.com\/ca-es\/wp-json\/wp\/v2\/posts"}],"about":[{"href":"https:\/\/canfali.com\/ca-es\/wp-json\/wp\/v2\/types\/post"}],"author":[{"embeddable":true,"href":"https:\/\/canfali.com\/ca-es\/wp-json\/wp\/v2\/users\/8"}],"replies":[{"embeddable":true,"href":"https:\/\/canfali.com\/ca-es\/wp-json\/wp\/v2\/comments?post=79691"}],"version-history":[{"count":1,"href":"https:\/\/canfali.com\/ca-es\/wp-json\/wp\/v2\/posts\/79691\/revisions"}],"predecessor-version":[{"id":79692,"href":"https:\/\/canfali.com\/ca-es\/wp-json\/wp\/v2\/posts\/79691\/revisions\/79692"}],"wp:featuredmedia":[{"embeddable":true,"href":"https:\/\/canfali.com\/ca-es\/wp-json\/wp\/v2\/media\/79661"}],"wp:attachment":[{"href":"https:\/\/canfali.com\/ca-es\/wp-json\/wp\/v2\/media?parent=79691"}],"wp:term":[{"taxonomy":"category","embeddable":true,"href":"https:\/\/canfali.com\/ca-es\/wp-json\/wp\/v2\/categories?post=79691"},{"taxonomy":"post_tag","embeddable":true,"href":"https:\/\/canfali.com\/ca-es\/wp-json\/wp\/v2\/tags?post=79691"}],"curies":[{"name":"wp","href":"https:\/\/api.w.org\/{rel}","templated":true}]}}