{"id":79573,"date":"2025-10-29T12:07:34","date_gmt":"2025-10-29T11:07:34","guid":{"rendered":"https:\/\/canfali.com\/retirada-de-residus-marins-i-terrestres-a-calp\/"},"modified":"2025-10-29T12:09:37","modified_gmt":"2025-10-29T11:09:37","slug":"retirada-de-residus-marins-i-terrestres-a-calp","status":"publish","type":"post","link":"https:\/\/canfali.com\/ca-es\/retirada-de-residus-marins-i-terrestres-a-calp\/","title":{"rendered":"Retirada de residus marins i terrestres a Calp"},"content":{"rendered":"\n<p><br\/>La C\u00e0tedra de Responsabilitat Social de la Generalitat Valenciana en la Universitat d&#8217;Alacant, la Seu Universit\u00e0ria de Calp i la consultora Lankoa van celebrar la segona edici\u00f3 de les Jornades Internacionals SAVE (Sostenibilitat, Acci\u00f3, Voluntariat i Entorn). Un grup de 27 experts de nou universitats nacionals i internacionals (Espanya, Brasil, M\u00e8xic, Bol\u00edvia, Xile i l&#8217;Equador), al costat de representants de vuit empreses col\u00b7laboradores i sis ONG, van compartir reflexions, experi\u00e8ncies i bones pr\u00e0ctiques en mat\u00e8ria de sostenibilitat, responsabilitat social i transici\u00f3 ecol\u00f2gica.<br\/><\/p>\n\n<figure class=\"wp-block-image size-large\"><img fetchpriority=\"high\" decoding=\"async\" width=\"1024\" height=\"683\" src=\"https:\/\/canfali.com\/app\/uploads\/2025\/10\/neteja-calp3-1024x683.jpg\" alt=\"\" class=\"wp-image-79568\" srcset=\"https:\/\/canfali.com\/app\/uploads\/2025\/10\/neteja-calp3-1024x683.jpg 1024w, https:\/\/canfali.com\/app\/uploads\/2025\/10\/neteja-calp3-300x200.jpg 300w, https:\/\/canfali.com\/app\/uploads\/2025\/10\/neteja-calp3-768x512.jpg 768w, https:\/\/canfali.com\/app\/uploads\/2025\/10\/neteja-calp3-1536x1024.jpg 1536w, https:\/\/canfali.com\/app\/uploads\/2025\/10\/neteja-calp3-2048x1365.jpg 2048w, https:\/\/canfali.com\/app\/uploads\/2025\/10\/neteja-calp3-scaled.jpg 2560w\" sizes=\"(max-width: 1024px) 100vw, 1024px\" \/><\/figure>\n\n<p>\tL&#8217;esdeveniment va combinar format h\u00edbrid entre el Parc Cient\u00edfic d&#8217;Alacant, les sessions en l\u00ednia i l&#8217;entorn del Parc Natural del Penyal de Ifach. Durant la inauguraci\u00f3 oficial, el vicerector d&#8217;Estudiants i \u00das de la Universitat d&#8217;Alacant, Ra\u00fal Ruiz Callado, va destacar el valor de la iniciativa com a exemple de cooperaci\u00f3 entre universitat, empresa i societat civil.<\/p>\n\n<figure class=\"wp-block-image size-large\"><img decoding=\"async\" width=\"1024\" height=\"683\" src=\"https:\/\/canfali.com\/app\/uploads\/2025\/10\/neteja-calp4-1024x683.jpg\" alt=\"\" class=\"wp-image-79570\" srcset=\"https:\/\/canfali.com\/app\/uploads\/2025\/10\/neteja-calp4-1024x683.jpg 1024w, https:\/\/canfali.com\/app\/uploads\/2025\/10\/neteja-calp4-300x200.jpg 300w, https:\/\/canfali.com\/app\/uploads\/2025\/10\/neteja-calp4-768x512.jpg 768w, https:\/\/canfali.com\/app\/uploads\/2025\/10\/neteja-calp4-1536x1024.jpg 1536w, https:\/\/canfali.com\/app\/uploads\/2025\/10\/neteja-calp4-2048x1365.jpg 2048w, https:\/\/canfali.com\/app\/uploads\/2025\/10\/neteja-calp4-scaled.jpg 2560w\" sizes=\"(max-width: 1024px) 100vw, 1024px\" \/><\/figure>\n\n<p>En la jornada de clausura es va desenvolupar una acci\u00f3 integral per l&#8217;entorn que va incloure l&#8217;extracci\u00f3 de residus marins del Brut de Ifac i batudes terrestres en la Cala El Rac\u00f3 i Les Salines i es va retirar m\u00e9s d&#8217;una tona de residus, reafirmant el car\u00e0cter pr\u00e0ctic, participatiu i transformador del moviment SAVE. Les activitats es van emmarcar en una metodologia de ci\u00e8ncia ciutadana, mitjan\u00e7ant la caracteritzaci\u00f3 de residus i la sensibilitzaci\u00f3 ambiental sobre la conservaci\u00f3 dels ecosistemes litorals.<\/p>\n\n<figure class=\"wp-block-image size-large\"><img decoding=\"async\" width=\"1024\" height=\"768\" src=\"https:\/\/canfali.com\/app\/uploads\/2025\/10\/neteja-calp2-1024x768.jpg\" alt=\"\" class=\"wp-image-79566\" srcset=\"https:\/\/canfali.com\/app\/uploads\/2025\/10\/neteja-calp2-1024x768.jpg 1024w, https:\/\/canfali.com\/app\/uploads\/2025\/10\/neteja-calp2-300x225.jpg 300w, https:\/\/canfali.com\/app\/uploads\/2025\/10\/neteja-calp2-768x576.jpg 768w, https:\/\/canfali.com\/app\/uploads\/2025\/10\/neteja-calp2-1536x1152.jpg 1536w, https:\/\/canfali.com\/app\/uploads\/2025\/10\/neteja-calp2-2048x1536.jpg 2048w, https:\/\/canfali.com\/app\/uploads\/2025\/10\/neteja-calp2-scaled.jpg 2560w\" sizes=\"(max-width: 1024px) 100vw, 1024px\" \/><\/figure>\n\n<p>Al llarg de les sessions acad\u00e8miques es van abordar temes com l&#8217;educaci\u00f3 ambiental, la transici\u00f3 energ\u00e8tica, l&#8217;economia circular i la innovaci\u00f3 social, destacant experi\u00e8ncies que mostren com la cooperaci\u00f3 entre ci\u00e8ncia, empresa i ciutadania pot accelerar la transformaci\u00f3 sostenible. Les jornades van permetre a m\u00e9s abordar el gap existent entre sensibilitzaci\u00f3, ci\u00e8ncia i acci\u00f3, subratllant la necessitat que el coneixement cient\u00edfic es tradueixi en accions transformadores i solucions concretes per als desafiaments socioambientals actuals<\/p>\n","protected":false},"excerpt":{"rendered":"La C\u00e0tedra de Responsabilitat Social de la Generalitat Valenciana en la Universitat d&#8217;Alacant, la Seu Universit\u00e0ria de Calp&hellip;","protected":false},"author":5,"featured_media":79565,"comment_status":"closed","ping_status":"closed","sticky":false,"template":"","format":"standard","meta":{"csco_display_header_overlay":false,"csco_singular_sidebar":"","csco_page_header_type":"","csco_page_load_nextpost":"","csco_post_video_location":[],"csco_post_video_location_hash":"","csco_post_video_url":"","csco_post_video_bg_start_time":0,"csco_post_video_bg_end_time":0,"footnotes":""},"categories":[574],"tags":[2938,4687,2314],"class_list":{"0":"post-79573","1":"post","2":"type-post","3":"status-publish","4":"format-standard","5":"has-post-thumbnail","7":"category-sociedad-2","8":"tag-residus","9":"tag-retirada-ca-es","10":"tag-voluntaris","11":"cs-entry","12":"cs-video-wrap"},"yoast_head":"<!-- This site is optimized with the Yoast SEO Premium plugin v26.6 (Yoast SEO v27.3) - https:\/\/yoast.com\/product\/yoast-seo-premium-wordpress\/ -->\n<title>Retirada de residus marins i terrestres a Calp - Canfali<\/title>\n<meta name=\"robots\" content=\"index, follow, max-snippet:-1, max-image-preview:large, max-video-preview:-1\" \/>\n<link rel=\"canonical\" href=\"https:\/\/canfali.com\/ca-es\/retirada-de-residus-marins-i-terrestres-a-calp\/\" \/>\n<meta property=\"og:locale\" content=\"en_US\" \/>\n<meta property=\"og:type\" content=\"article\" \/>\n<meta property=\"og:title\" content=\"Retirada de residus marins i terrestres a Calp\" \/>\n<meta property=\"og:description\" content=\"La C\u00e0tedra de Responsabilitat Social de la Generalitat Valenciana en la Universitat d&#8217;Alacant, la Seu Universit\u00e0ria de Calp&hellip;\" \/>\n<meta property=\"og:url\" content=\"https:\/\/canfali.com\/ca-es\/retirada-de-residus-marins-i-terrestres-a-calp\/\" \/>\n<meta property=\"og:site_name\" content=\"Canfali\" \/>\n<meta property=\"article:publisher\" content=\"https:\/\/es-es.facebook.com\/CANFALIMarinaAlta\" \/>\n<meta property=\"article:published_time\" content=\"2025-10-29T11:07:34+00:00\" \/>\n<meta property=\"article:modified_time\" content=\"2025-10-29T11:09:37+00:00\" \/>\n<meta property=\"og:image\" content=\"https:\/\/canfali.com\/app\/uploads\/2025\/10\/neteja-calp.jpg\" \/>\n\t<meta property=\"og:image:width\" content=\"2040\" \/>\n\t<meta property=\"og:image:height\" content=\"1530\" \/>\n\t<meta property=\"og:image:type\" content=\"image\/jpeg\" \/>\n<meta name=\"author\" content=\"D\u00eddac\" \/>\n<meta name=\"twitter:card\" content=\"summary_large_image\" \/>\n<meta name=\"twitter:creator\" content=\"@canfalima\" \/>\n<meta name=\"twitter:site\" content=\"@canfalima\" \/>\n<meta name=\"twitter:label1\" content=\"Written by\" \/>\n\t<meta name=\"twitter:data1\" content=\"D\u00eddac\" \/>\n\t<meta name=\"twitter:label2\" content=\"Est. reading time\" \/>\n\t<meta name=\"twitter:data2\" content=\"2 minutes\" \/>\n<script type=\"application\/ld+json\" class=\"yoast-schema-graph\">{\"@context\":\"https:\\\/\\\/schema.org\",\"@graph\":[{\"@type\":\"NewsArticle\",\"@id\":\"https:\\\/\\\/canfali.com\\\/ca-es\\\/retirada-de-residus-marins-i-terrestres-a-calp\\\/#article\",\"isPartOf\":{\"@id\":\"https:\\\/\\\/canfali.com\\\/ca-es\\\/retirada-de-residus-marins-i-terrestres-a-calp\\\/\"},\"author\":{\"name\":\"D\u00eddac\",\"@id\":\"https:\\\/\\\/canfali.com\\\/ca-es\\\/#\\\/schema\\\/person\\\/5211f51be1ed486a218e6a4f53355b6d\"},\"headline\":\"Retirada de residus marins i terrestres a Calp\",\"datePublished\":\"2025-10-29T11:07:34+00:00\",\"dateModified\":\"2025-10-29T11:09:37+00:00\",\"mainEntityOfPage\":{\"@id\":\"https:\\\/\\\/canfali.com\\\/ca-es\\\/retirada-de-residus-marins-i-terrestres-a-calp\\\/\"},\"wordCount\":337,\"publisher\":{\"@id\":\"https:\\\/\\\/canfali.com\\\/ca-es\\\/#organization\"},\"image\":{\"@id\":\"https:\\\/\\\/canfali.com\\\/ca-es\\\/retirada-de-residus-marins-i-terrestres-a-calp\\\/#primaryimage\"},\"thumbnailUrl\":\"https:\\\/\\\/canfali.com\\\/app\\\/uploads\\\/2025\\\/10\\\/neteja-calp.jpg\",\"keywords\":[\"residus\",\"retirada\",\"voluntaris\"],\"articleSection\":[\"Sociedad\"],\"inLanguage\":\"va-ES\",\"copyrightYear\":\"2025\",\"copyrightHolder\":{\"@id\":\"https:\\\/\\\/canfali.com\\\/#organization\"}},{\"@type\":\"WebPage\",\"@id\":\"https:\\\/\\\/canfali.com\\\/ca-es\\\/retirada-de-residus-marins-i-terrestres-a-calp\\\/\",\"url\":\"https:\\\/\\\/canfali.com\\\/ca-es\\\/retirada-de-residus-marins-i-terrestres-a-calp\\\/\",\"name\":\"Retirada de residus marins i terrestres a Calp - Canfali\",\"isPartOf\":{\"@id\":\"https:\\\/\\\/canfali.com\\\/ca-es\\\/#website\"},\"primaryImageOfPage\":{\"@id\":\"https:\\\/\\\/canfali.com\\\/ca-es\\\/retirada-de-residus-marins-i-terrestres-a-calp\\\/#primaryimage\"},\"image\":{\"@id\":\"https:\\\/\\\/canfali.com\\\/ca-es\\\/retirada-de-residus-marins-i-terrestres-a-calp\\\/#primaryimage\"},\"thumbnailUrl\":\"https:\\\/\\\/canfali.com\\\/app\\\/uploads\\\/2025\\\/10\\\/neteja-calp.jpg\",\"datePublished\":\"2025-10-29T11:07:34+00:00\",\"dateModified\":\"2025-10-29T11:09:37+00:00\",\"breadcrumb\":{\"@id\":\"https:\\\/\\\/canfali.com\\\/ca-es\\\/retirada-de-residus-marins-i-terrestres-a-calp\\\/#breadcrumb\"},\"inLanguage\":\"va-ES\",\"potentialAction\":[{\"@type\":\"ReadAction\",\"target\":[\"https:\\\/\\\/canfali.com\\\/ca-es\\\/retirada-de-residus-marins-i-terrestres-a-calp\\\/\"]}]},{\"@type\":\"ImageObject\",\"inLanguage\":\"va-ES\",\"@id\":\"https:\\\/\\\/canfali.com\\\/ca-es\\\/retirada-de-residus-marins-i-terrestres-a-calp\\\/#primaryimage\",\"url\":\"https:\\\/\\\/canfali.com\\\/app\\\/uploads\\\/2025\\\/10\\\/neteja-calp.jpg\",\"contentUrl\":\"https:\\\/\\\/canfali.com\\\/app\\\/uploads\\\/2025\\\/10\\\/neteja-calp.jpg\",\"width\":2040,\"height\":1530},{\"@type\":\"BreadcrumbList\",\"@id\":\"https:\\\/\\\/canfali.com\\\/ca-es\\\/retirada-de-residus-marins-i-terrestres-a-calp\\\/#breadcrumb\",\"itemListElement\":[{\"@type\":\"ListItem\",\"position\":1,\"name\":\"Portada\",\"item\":\"https:\\\/\\\/canfali.com\\\/ca-es\\\/\"},{\"@type\":\"ListItem\",\"position\":2,\"name\":\"Retirada de residus marins i terrestres a Calp\"}]},{\"@type\":\"WebSite\",\"@id\":\"https:\\\/\\\/canfali.com\\\/ca-es\\\/#website\",\"url\":\"https:\\\/\\\/canfali.com\\\/ca-es\\\/\",\"name\":\"Canfali\",\"description\":\"\",\"publisher\":{\"@id\":\"https:\\\/\\\/canfali.com\\\/ca-es\\\/#organization\"},\"potentialAction\":[{\"@type\":\"SearchAction\",\"target\":{\"@type\":\"EntryPoint\",\"urlTemplate\":\"https:\\\/\\\/canfali.com\\\/ca-es\\\/?s={search_term_string}\"},\"query-input\":{\"@type\":\"PropertyValueSpecification\",\"valueRequired\":true,\"valueName\":\"search_term_string\"}}],\"inLanguage\":\"va-ES\"},{\"@type\":\"Organization\",\"@id\":\"https:\\\/\\\/canfali.com\\\/ca-es\\\/#organization\",\"name\":\"Canfali\",\"url\":\"https:\\\/\\\/canfali.com\\\/ca-es\\\/\",\"logo\":{\"@type\":\"ImageObject\",\"inLanguage\":\"va-ES\",\"@id\":\"https:\\\/\\\/canfali.com\\\/ca-es\\\/#\\\/schema\\\/logo\\\/image\\\/\",\"url\":\"https:\\\/\\\/canfali.com\\\/app\\\/uploads\\\/2025\\\/12\\\/canfali_marina_alta_logo.png\",\"contentUrl\":\"https:\\\/\\\/canfali.com\\\/app\\\/uploads\\\/2025\\\/12\\\/canfali_marina_alta_logo.png\",\"width\":225,\"height\":225,\"caption\":\"Canfali\"},\"image\":{\"@id\":\"https:\\\/\\\/canfali.com\\\/ca-es\\\/#\\\/schema\\\/logo\\\/image\\\/\"},\"sameAs\":[\"https:\\\/\\\/es-es.facebook.com\\\/CANFALIMarinaAlta\",\"https:\\\/\\\/x.com\\\/canfalima\",\"https:\\\/\\\/www.instagram.com\\\/canfalimarinaalta\\\/\"]},{\"@type\":\"Person\",\"@id\":\"https:\\\/\\\/canfali.com\\\/ca-es\\\/#\\\/schema\\\/person\\\/5211f51be1ed486a218e6a4f53355b6d\",\"name\":\"D\u00eddac\",\"image\":{\"@type\":\"ImageObject\",\"inLanguage\":\"va-ES\",\"@id\":\"https:\\\/\\\/secure.gravatar.com\\\/avatar\\\/a68a2078c12da8a6dd6cff4f3f3f69f7eb69a2d31ac1aac4da61c3761e4557f4?s=96&d=mm&r=g\",\"url\":\"https:\\\/\\\/secure.gravatar.com\\\/avatar\\\/a68a2078c12da8a6dd6cff4f3f3f69f7eb69a2d31ac1aac4da61c3761e4557f4?s=96&d=mm&r=g\",\"contentUrl\":\"https:\\\/\\\/secure.gravatar.com\\\/avatar\\\/a68a2078c12da8a6dd6cff4f3f3f69f7eb69a2d31ac1aac4da61c3761e4557f4?s=96&d=mm&r=g\",\"caption\":\"D\u00eddac\"},\"url\":\"https:\\\/\\\/canfali.com\\\/ca-es\\\/author\\\/didac\\\/\"}]}<\/script>\n<!-- \/ Yoast SEO Premium plugin. -->","yoast_head_json":{"title":"Retirada de residus marins i terrestres a Calp - Canfali","robots":{"index":"index","follow":"follow","max-snippet":"max-snippet:-1","max-image-preview":"max-image-preview:large","max-video-preview":"max-video-preview:-1"},"canonical":"https:\/\/canfali.com\/ca-es\/retirada-de-residus-marins-i-terrestres-a-calp\/","og_locale":"en_US","og_type":"article","og_title":"Retirada de residus marins i terrestres a Calp","og_description":"La C\u00e0tedra de Responsabilitat Social de la Generalitat Valenciana en la Universitat d&#8217;Alacant, la Seu Universit\u00e0ria de Calp&hellip;","og_url":"https:\/\/canfali.com\/ca-es\/retirada-de-residus-marins-i-terrestres-a-calp\/","og_site_name":"Canfali","article_publisher":"https:\/\/es-es.facebook.com\/CANFALIMarinaAlta","article_published_time":"2025-10-29T11:07:34+00:00","article_modified_time":"2025-10-29T11:09:37+00:00","og_image":[{"width":2040,"height":1530,"url":"https:\/\/canfali.com\/app\/uploads\/2025\/10\/neteja-calp.jpg","type":"image\/jpeg"}],"author":"D\u00eddac","twitter_card":"summary_large_image","twitter_creator":"@canfalima","twitter_site":"@canfalima","twitter_misc":{"Written by":"D\u00eddac","Est. reading time":"2 minutes"},"schema":{"@context":"https:\/\/schema.org","@graph":[{"@type":"NewsArticle","@id":"https:\/\/canfali.com\/ca-es\/retirada-de-residus-marins-i-terrestres-a-calp\/#article","isPartOf":{"@id":"https:\/\/canfali.com\/ca-es\/retirada-de-residus-marins-i-terrestres-a-calp\/"},"author":{"name":"D\u00eddac","@id":"https:\/\/canfali.com\/ca-es\/#\/schema\/person\/5211f51be1ed486a218e6a4f53355b6d"},"headline":"Retirada de residus marins i terrestres a Calp","datePublished":"2025-10-29T11:07:34+00:00","dateModified":"2025-10-29T11:09:37+00:00","mainEntityOfPage":{"@id":"https:\/\/canfali.com\/ca-es\/retirada-de-residus-marins-i-terrestres-a-calp\/"},"wordCount":337,"publisher":{"@id":"https:\/\/canfali.com\/ca-es\/#organization"},"image":{"@id":"https:\/\/canfali.com\/ca-es\/retirada-de-residus-marins-i-terrestres-a-calp\/#primaryimage"},"thumbnailUrl":"https:\/\/canfali.com\/app\/uploads\/2025\/10\/neteja-calp.jpg","keywords":["residus","retirada","voluntaris"],"articleSection":["Sociedad"],"inLanguage":"va-ES","copyrightYear":"2025","copyrightHolder":{"@id":"https:\/\/canfali.com\/#organization"}},{"@type":"WebPage","@id":"https:\/\/canfali.com\/ca-es\/retirada-de-residus-marins-i-terrestres-a-calp\/","url":"https:\/\/canfali.com\/ca-es\/retirada-de-residus-marins-i-terrestres-a-calp\/","name":"Retirada de residus marins i terrestres a Calp - Canfali","isPartOf":{"@id":"https:\/\/canfali.com\/ca-es\/#website"},"primaryImageOfPage":{"@id":"https:\/\/canfali.com\/ca-es\/retirada-de-residus-marins-i-terrestres-a-calp\/#primaryimage"},"image":{"@id":"https:\/\/canfali.com\/ca-es\/retirada-de-residus-marins-i-terrestres-a-calp\/#primaryimage"},"thumbnailUrl":"https:\/\/canfali.com\/app\/uploads\/2025\/10\/neteja-calp.jpg","datePublished":"2025-10-29T11:07:34+00:00","dateModified":"2025-10-29T11:09:37+00:00","breadcrumb":{"@id":"https:\/\/canfali.com\/ca-es\/retirada-de-residus-marins-i-terrestres-a-calp\/#breadcrumb"},"inLanguage":"va-ES","potentialAction":[{"@type":"ReadAction","target":["https:\/\/canfali.com\/ca-es\/retirada-de-residus-marins-i-terrestres-a-calp\/"]}]},{"@type":"ImageObject","inLanguage":"va-ES","@id":"https:\/\/canfali.com\/ca-es\/retirada-de-residus-marins-i-terrestres-a-calp\/#primaryimage","url":"https:\/\/canfali.com\/app\/uploads\/2025\/10\/neteja-calp.jpg","contentUrl":"https:\/\/canfali.com\/app\/uploads\/2025\/10\/neteja-calp.jpg","width":2040,"height":1530},{"@type":"BreadcrumbList","@id":"https:\/\/canfali.com\/ca-es\/retirada-de-residus-marins-i-terrestres-a-calp\/#breadcrumb","itemListElement":[{"@type":"ListItem","position":1,"name":"Portada","item":"https:\/\/canfali.com\/ca-es\/"},{"@type":"ListItem","position":2,"name":"Retirada de residus marins i terrestres a Calp"}]},{"@type":"WebSite","@id":"https:\/\/canfali.com\/ca-es\/#website","url":"https:\/\/canfali.com\/ca-es\/","name":"Canfali","description":"","publisher":{"@id":"https:\/\/canfali.com\/ca-es\/#organization"},"potentialAction":[{"@type":"SearchAction","target":{"@type":"EntryPoint","urlTemplate":"https:\/\/canfali.com\/ca-es\/?s={search_term_string}"},"query-input":{"@type":"PropertyValueSpecification","valueRequired":true,"valueName":"search_term_string"}}],"inLanguage":"va-ES"},{"@type":"Organization","@id":"https:\/\/canfali.com\/ca-es\/#organization","name":"Canfali","url":"https:\/\/canfali.com\/ca-es\/","logo":{"@type":"ImageObject","inLanguage":"va-ES","@id":"https:\/\/canfali.com\/ca-es\/#\/schema\/logo\/image\/","url":"https:\/\/canfali.com\/app\/uploads\/2025\/12\/canfali_marina_alta_logo.png","contentUrl":"https:\/\/canfali.com\/app\/uploads\/2025\/12\/canfali_marina_alta_logo.png","width":225,"height":225,"caption":"Canfali"},"image":{"@id":"https:\/\/canfali.com\/ca-es\/#\/schema\/logo\/image\/"},"sameAs":["https:\/\/es-es.facebook.com\/CANFALIMarinaAlta","https:\/\/x.com\/canfalima","https:\/\/www.instagram.com\/canfalimarinaalta\/"]},{"@type":"Person","@id":"https:\/\/canfali.com\/ca-es\/#\/schema\/person\/5211f51be1ed486a218e6a4f53355b6d","name":"D\u00eddac","image":{"@type":"ImageObject","inLanguage":"va-ES","@id":"https:\/\/secure.gravatar.com\/avatar\/a68a2078c12da8a6dd6cff4f3f3f69f7eb69a2d31ac1aac4da61c3761e4557f4?s=96&d=mm&r=g","url":"https:\/\/secure.gravatar.com\/avatar\/a68a2078c12da8a6dd6cff4f3f3f69f7eb69a2d31ac1aac4da61c3761e4557f4?s=96&d=mm&r=g","contentUrl":"https:\/\/secure.gravatar.com\/avatar\/a68a2078c12da8a6dd6cff4f3f3f69f7eb69a2d31ac1aac4da61c3761e4557f4?s=96&d=mm&r=g","caption":"D\u00eddac"},"url":"https:\/\/canfali.com\/ca-es\/author\/didac\/"}]}},"_links":{"self":[{"href":"https:\/\/canfali.com\/ca-es\/wp-json\/wp\/v2\/posts\/79573","targetHints":{"allow":["GET"]}}],"collection":[{"href":"https:\/\/canfali.com\/ca-es\/wp-json\/wp\/v2\/posts"}],"about":[{"href":"https:\/\/canfali.com\/ca-es\/wp-json\/wp\/v2\/types\/post"}],"author":[{"embeddable":true,"href":"https:\/\/canfali.com\/ca-es\/wp-json\/wp\/v2\/users\/5"}],"replies":[{"embeddable":true,"href":"https:\/\/canfali.com\/ca-es\/wp-json\/wp\/v2\/comments?post=79573"}],"version-history":[{"count":1,"href":"https:\/\/canfali.com\/ca-es\/wp-json\/wp\/v2\/posts\/79573\/revisions"}],"predecessor-version":[{"id":79574,"href":"https:\/\/canfali.com\/ca-es\/wp-json\/wp\/v2\/posts\/79573\/revisions\/79574"}],"wp:featuredmedia":[{"embeddable":true,"href":"https:\/\/canfali.com\/ca-es\/wp-json\/wp\/v2\/media\/79565"}],"wp:attachment":[{"href":"https:\/\/canfali.com\/ca-es\/wp-json\/wp\/v2\/media?parent=79573"}],"wp:term":[{"taxonomy":"category","embeddable":true,"href":"https:\/\/canfali.com\/ca-es\/wp-json\/wp\/v2\/categories?post=79573"},{"taxonomy":"post_tag","embeddable":true,"href":"https:\/\/canfali.com\/ca-es\/wp-json\/wp\/v2\/tags?post=79573"}],"curies":[{"name":"wp","href":"https:\/\/api.w.org\/{rel}","templated":true}]}}