{"id":79552,"date":"2025-10-28T16:22:10","date_gmt":"2025-10-28T15:22:10","guid":{"rendered":"https:\/\/canfali.com\/?p=79552"},"modified":"2025-10-28T16:24:14","modified_gmt":"2025-10-28T15:24:14","slug":"la-suspensio-temporal-de-llicencies-urbanistiques-de-vivendes-apartament-al-ple-dondara","status":"publish","type":"post","link":"https:\/\/canfali.com\/ca-es\/la-suspensio-temporal-de-llicencies-urbanistiques-de-vivendes-apartament-al-ple-dondara\/","title":{"rendered":"La suspensi\u00f3 temporal de llic\u00e8ncies urban\u00edstiques de vivendes-apartament al ple d\u2019Ondara"},"content":{"rendered":"\n<p><strong>Est\u00e0 motivada per a abordar una modificaci\u00f3 puntual del PGOU que subsane la regulaci\u00f3 espec\u00edfica en l\u2019actual normativa<\/strong><\/p>\n\n\n\n<p>L\u2019increment en un 37,5% de les sol\u00b7licituds de nova vivenda per a convertir locals de planta baixa en habitatges han motivat a l\u2019equip de govern d\u2019Ondara a elevar al ple ordinari una proposta de suspensi\u00f3 de llic\u00e8ncies urban\u00edstiques i declaracions responsables amb certificaci\u00f3 per ECUV per a l\u2019\u00fas de vivenda-apartament.<\/p>\n\n\n\n<p>Segons l\u2019informe t\u00e8cnic municipal, el 66% d\u2019elles corresponen a vivendes-apartament &nbsp;durant el 2025.<\/p>\n\n\n\n<p>La mesura ha estat justificada en un comunicat on s\u2019apunta que aquest tipus d\u2019habitatge, amb una superf\u00edcie m\u00ednima de 24 m\u00b2, no est\u00e0 regulat espec\u00edficament en les normes urban\u00edstiques de vigent Pla General d\u2019Ordenaci\u00f3 Urban\u00edstica d\u2019Ondara, el que motiva la necessitat d\u2019una modificaci\u00f3 puntual de la normativa per tal de definir-ne les condicions i garantir una ordenaci\u00f3 urban\u00edstica adequada. &nbsp;Modificaci\u00f3 que pret\u00e9n ser facilitat amb el pertinent estudi i tramitaci\u00f3 d\u2019aquesta modificaci\u00f3 amb la suspensi\u00f3 per un per\u00edode d\u2019un any \u2014amb possibilitat de pr\u00f2rroga\u2014 la concessi\u00f3 de les referides llic\u00e8ncies en tot el terme municipal.<\/p>\n\n\n\n<p>\u201cLa conversi\u00f3 de locals en vivendes-apartament \u00e9s una realitat creixent que requereix una resposta clara des de l\u2019urbanisme municipal i no podem permetre que es consolide una tipologia d\u2019habitatge que no est\u00e0 regulada adequadament i que pot generar problemes de conviv\u00e8ncia, salubritat o accessibilitat\u201d, ha argumentat l\u2019alcalde, Jos\u00e9 Ramiro. A eixe raonament ha afegit que \u201cla suspensi\u00f3 temporal ens permetr\u00e0 estudiar amb rigor les condicions que han de complir aquestes vivendes i garantir que el desenvolupament urban\u00edstic d\u2019Ondara siga ordenat, sostenible i respectu\u00f3s amb els drets dels ve\u00efns\u201d.<\/p>\n","protected":false},"excerpt":{"rendered":"Est\u00e0 motivada per a abordar una modificaci\u00f3 puntual del PGOU que subsane la regulaci\u00f3 espec\u00edfica en l\u2019actual normativa&hellip;","protected":false},"author":4,"featured_media":79554,"comment_status":"closed","ping_status":"closed","sticky":false,"template":"","format":"standard","meta":{"csco_display_header_overlay":false,"csco_singular_sidebar":"","csco_page_header_type":"","csco_page_load_nextpost":"","csco_post_video_location":[],"csco_post_video_location_hash":"","csco_post_video_url":"","csco_post_video_bg_start_time":0,"csco_post_video_bg_end_time":0,"footnotes":""},"categories":[577,617],"tags":[2505,2344,4676,4677,4675],"class_list":{"0":"post-79552","1":"post","2":"type-post","3":"status-publish","4":"format-standard","5":"has-post-thumbnail","7":"category-economia-y-empresas-2","8":"category-sin-categorizar-2","9":"tag-ajuntament-ondara","10":"tag-llicencies","11":"tag-proliferacio","12":"tag-suspensio","13":"tag-vivendes-apartament","14":"cs-entry","15":"cs-video-wrap"},"yoast_head":"<!-- This site is optimized with the Yoast SEO Premium plugin v26.6 (Yoast SEO v27.3) - https:\/\/yoast.com\/product\/yoast-seo-premium-wordpress\/ -->\n<title>La suspensi\u00f3 temporal de llic\u00e8ncies urban\u00edstiques de vivendes-apartament al ple d\u2019Ondara - Canfali<\/title>\n<meta name=\"robots\" content=\"index, follow, max-snippet:-1, max-image-preview:large, max-video-preview:-1\" \/>\n<link rel=\"canonical\" href=\"https:\/\/canfali.com\/ca-es\/la-suspensio-temporal-de-llicencies-urbanistiques-de-vivendes-apartament-al-ple-dondara\/\" \/>\n<meta property=\"og:locale\" content=\"en_US\" \/>\n<meta property=\"og:type\" content=\"article\" \/>\n<meta property=\"og:title\" content=\"La suspensi\u00f3 temporal de llic\u00e8ncies urban\u00edstiques de vivendes-apartament al ple d\u2019Ondara\" \/>\n<meta property=\"og:description\" content=\"Est\u00e0 motivada per a abordar una modificaci\u00f3 puntual del PGOU que subsane la regulaci\u00f3 espec\u00edfica en l\u2019actual normativa&hellip;\" \/>\n<meta property=\"og:url\" content=\"https:\/\/canfali.com\/ca-es\/la-suspensio-temporal-de-llicencies-urbanistiques-de-vivendes-apartament-al-ple-dondara\/\" \/>\n<meta property=\"og:site_name\" content=\"Canfali\" \/>\n<meta property=\"article:publisher\" content=\"https:\/\/es-es.facebook.com\/CANFALIMarinaAlta\" \/>\n<meta property=\"article:published_time\" content=\"2025-10-28T15:22:10+00:00\" \/>\n<meta property=\"article:modified_time\" content=\"2025-10-28T15:24:14+00:00\" \/>\n<meta property=\"og:image\" content=\"https:\/\/canfali.com\/app\/uploads\/2025\/10\/reunio-area-tecnica.jpeg\" \/>\n\t<meta property=\"og:image:width\" content=\"1600\" \/>\n\t<meta property=\"og:image:height\" content=\"1200\" \/>\n\t<meta property=\"og:image:type\" content=\"image\/jpeg\" \/>\n<meta name=\"author\" content=\"JJ Mas\" \/>\n<meta name=\"twitter:card\" content=\"summary_large_image\" \/>\n<meta name=\"twitter:creator\" content=\"@canfalima\" \/>\n<meta name=\"twitter:site\" content=\"@canfalima\" \/>\n<meta name=\"twitter:label1\" content=\"Written by\" \/>\n\t<meta name=\"twitter:data1\" content=\"JJ Mas\" \/>\n\t<meta name=\"twitter:label2\" content=\"Est. reading time\" \/>\n\t<meta name=\"twitter:data2\" content=\"1 minute\" \/>\n<script type=\"application\/ld+json\" class=\"yoast-schema-graph\">{\"@context\":\"https:\\\/\\\/schema.org\",\"@graph\":[{\"@type\":\"NewsArticle\",\"@id\":\"https:\\\/\\\/canfali.com\\\/ca-es\\\/la-suspensio-temporal-de-llicencies-urbanistiques-de-vivendes-apartament-al-ple-dondara\\\/#article\",\"isPartOf\":{\"@id\":\"https:\\\/\\\/canfali.com\\\/ca-es\\\/la-suspensio-temporal-de-llicencies-urbanistiques-de-vivendes-apartament-al-ple-dondara\\\/\"},\"author\":{\"name\":\"JJ Mas\",\"@id\":\"https:\\\/\\\/canfali.com\\\/ca-es\\\/#\\\/schema\\\/person\\\/d834d2d4df17cac754d3c314d4c404ef\"},\"headline\":\"La suspensi\u00f3 temporal de llic\u00e8ncies urban\u00edstiques de vivendes-apartament al ple d\u2019Ondara\",\"datePublished\":\"2025-10-28T15:22:10+00:00\",\"dateModified\":\"2025-10-28T15:24:14+00:00\",\"mainEntityOfPage\":{\"@id\":\"https:\\\/\\\/canfali.com\\\/ca-es\\\/la-suspensio-temporal-de-llicencies-urbanistiques-de-vivendes-apartament-al-ple-dondara\\\/\"},\"wordCount\":313,\"publisher\":{\"@id\":\"https:\\\/\\\/canfali.com\\\/ca-es\\\/#organization\"},\"image\":{\"@id\":\"https:\\\/\\\/canfali.com\\\/ca-es\\\/la-suspensio-temporal-de-llicencies-urbanistiques-de-vivendes-apartament-al-ple-dondara\\\/#primaryimage\"},\"thumbnailUrl\":\"https:\\\/\\\/canfali.com\\\/app\\\/uploads\\\/2025\\\/10\\\/reunio-area-tecnica.jpeg\",\"keywords\":[\"Ajuntament Ondara\",\"llic\u00e8ncies\",\"proliferaci\u00f3\",\"suspensi\u00f3\",\"vivendes-apartament\"],\"articleSection\":[\"Econom\u00eda y Empresas\",\"Sin categorizar\"],\"inLanguage\":\"va-ES\",\"copyrightYear\":\"2025\",\"copyrightHolder\":{\"@id\":\"https:\\\/\\\/canfali.com\\\/#organization\"}},{\"@type\":\"WebPage\",\"@id\":\"https:\\\/\\\/canfali.com\\\/ca-es\\\/la-suspensio-temporal-de-llicencies-urbanistiques-de-vivendes-apartament-al-ple-dondara\\\/\",\"url\":\"https:\\\/\\\/canfali.com\\\/ca-es\\\/la-suspensio-temporal-de-llicencies-urbanistiques-de-vivendes-apartament-al-ple-dondara\\\/\",\"name\":\"La suspensi\u00f3 temporal de llic\u00e8ncies urban\u00edstiques de vivendes-apartament al ple d\u2019Ondara - Canfali\",\"isPartOf\":{\"@id\":\"https:\\\/\\\/canfali.com\\\/ca-es\\\/#website\"},\"primaryImageOfPage\":{\"@id\":\"https:\\\/\\\/canfali.com\\\/ca-es\\\/la-suspensio-temporal-de-llicencies-urbanistiques-de-vivendes-apartament-al-ple-dondara\\\/#primaryimage\"},\"image\":{\"@id\":\"https:\\\/\\\/canfali.com\\\/ca-es\\\/la-suspensio-temporal-de-llicencies-urbanistiques-de-vivendes-apartament-al-ple-dondara\\\/#primaryimage\"},\"thumbnailUrl\":\"https:\\\/\\\/canfali.com\\\/app\\\/uploads\\\/2025\\\/10\\\/reunio-area-tecnica.jpeg\",\"datePublished\":\"2025-10-28T15:22:10+00:00\",\"dateModified\":\"2025-10-28T15:24:14+00:00\",\"breadcrumb\":{\"@id\":\"https:\\\/\\\/canfali.com\\\/ca-es\\\/la-suspensio-temporal-de-llicencies-urbanistiques-de-vivendes-apartament-al-ple-dondara\\\/#breadcrumb\"},\"inLanguage\":\"va-ES\",\"potentialAction\":[{\"@type\":\"ReadAction\",\"target\":[\"https:\\\/\\\/canfali.com\\\/ca-es\\\/la-suspensio-temporal-de-llicencies-urbanistiques-de-vivendes-apartament-al-ple-dondara\\\/\"]}]},{\"@type\":\"ImageObject\",\"inLanguage\":\"va-ES\",\"@id\":\"https:\\\/\\\/canfali.com\\\/ca-es\\\/la-suspensio-temporal-de-llicencies-urbanistiques-de-vivendes-apartament-al-ple-dondara\\\/#primaryimage\",\"url\":\"https:\\\/\\\/canfali.com\\\/app\\\/uploads\\\/2025\\\/10\\\/reunio-area-tecnica.jpeg\",\"contentUrl\":\"https:\\\/\\\/canfali.com\\\/app\\\/uploads\\\/2025\\\/10\\\/reunio-area-tecnica.jpeg\",\"width\":1600,\"height\":1200},{\"@type\":\"BreadcrumbList\",\"@id\":\"https:\\\/\\\/canfali.com\\\/ca-es\\\/la-suspensio-temporal-de-llicencies-urbanistiques-de-vivendes-apartament-al-ple-dondara\\\/#breadcrumb\",\"itemListElement\":[{\"@type\":\"ListItem\",\"position\":1,\"name\":\"Portada\",\"item\":\"https:\\\/\\\/canfali.com\\\/ca-es\\\/\"},{\"@type\":\"ListItem\",\"position\":2,\"name\":\"La suspensi\u00f3 temporal de llic\u00e8ncies urban\u00edstiques de vivendes-apartament al ple d\u2019Ondara\"}]},{\"@type\":\"WebSite\",\"@id\":\"https:\\\/\\\/canfali.com\\\/ca-es\\\/#website\",\"url\":\"https:\\\/\\\/canfali.com\\\/ca-es\\\/\",\"name\":\"Canfali\",\"description\":\"\",\"publisher\":{\"@id\":\"https:\\\/\\\/canfali.com\\\/ca-es\\\/#organization\"},\"potentialAction\":[{\"@type\":\"SearchAction\",\"target\":{\"@type\":\"EntryPoint\",\"urlTemplate\":\"https:\\\/\\\/canfali.com\\\/ca-es\\\/?s={search_term_string}\"},\"query-input\":{\"@type\":\"PropertyValueSpecification\",\"valueRequired\":true,\"valueName\":\"search_term_string\"}}],\"inLanguage\":\"va-ES\"},{\"@type\":\"Organization\",\"@id\":\"https:\\\/\\\/canfali.com\\\/ca-es\\\/#organization\",\"name\":\"Canfali\",\"url\":\"https:\\\/\\\/canfali.com\\\/ca-es\\\/\",\"logo\":{\"@type\":\"ImageObject\",\"inLanguage\":\"va-ES\",\"@id\":\"https:\\\/\\\/canfali.com\\\/ca-es\\\/#\\\/schema\\\/logo\\\/image\\\/\",\"url\":\"https:\\\/\\\/canfali.com\\\/app\\\/uploads\\\/2025\\\/12\\\/canfali_marina_alta_logo.png\",\"contentUrl\":\"https:\\\/\\\/canfali.com\\\/app\\\/uploads\\\/2025\\\/12\\\/canfali_marina_alta_logo.png\",\"width\":225,\"height\":225,\"caption\":\"Canfali\"},\"image\":{\"@id\":\"https:\\\/\\\/canfali.com\\\/ca-es\\\/#\\\/schema\\\/logo\\\/image\\\/\"},\"sameAs\":[\"https:\\\/\\\/es-es.facebook.com\\\/CANFALIMarinaAlta\",\"https:\\\/\\\/x.com\\\/canfalima\",\"https:\\\/\\\/www.instagram.com\\\/canfalimarinaalta\\\/\"]},{\"@type\":\"Person\",\"@id\":\"https:\\\/\\\/canfali.com\\\/ca-es\\\/#\\\/schema\\\/person\\\/d834d2d4df17cac754d3c314d4c404ef\",\"name\":\"JJ Mas\",\"image\":{\"@type\":\"ImageObject\",\"inLanguage\":\"va-ES\",\"@id\":\"https:\\\/\\\/secure.gravatar.com\\\/avatar\\\/65a5191f5438bf88c2394f6d1a625a6ff903c8785268e603c623a83bc15ba1ee?s=96&d=mm&r=g\",\"url\":\"https:\\\/\\\/secure.gravatar.com\\\/avatar\\\/65a5191f5438bf88c2394f6d1a625a6ff903c8785268e603c623a83bc15ba1ee?s=96&d=mm&r=g\",\"contentUrl\":\"https:\\\/\\\/secure.gravatar.com\\\/avatar\\\/65a5191f5438bf88c2394f6d1a625a6ff903c8785268e603c623a83bc15ba1ee?s=96&d=mm&r=g\",\"caption\":\"JJ Mas\"},\"url\":\"https:\\\/\\\/canfali.com\\\/ca-es\\\/author\\\/jj\\\/\"}]}<\/script>\n<!-- \/ Yoast SEO Premium plugin. -->","yoast_head_json":{"title":"La suspensi\u00f3 temporal de llic\u00e8ncies urban\u00edstiques de vivendes-apartament al ple d\u2019Ondara - Canfali","robots":{"index":"index","follow":"follow","max-snippet":"max-snippet:-1","max-image-preview":"max-image-preview:large","max-video-preview":"max-video-preview:-1"},"canonical":"https:\/\/canfali.com\/ca-es\/la-suspensio-temporal-de-llicencies-urbanistiques-de-vivendes-apartament-al-ple-dondara\/","og_locale":"en_US","og_type":"article","og_title":"La suspensi\u00f3 temporal de llic\u00e8ncies urban\u00edstiques de vivendes-apartament al ple d\u2019Ondara","og_description":"Est\u00e0 motivada per a abordar una modificaci\u00f3 puntual del PGOU que subsane la regulaci\u00f3 espec\u00edfica en l\u2019actual normativa&hellip;","og_url":"https:\/\/canfali.com\/ca-es\/la-suspensio-temporal-de-llicencies-urbanistiques-de-vivendes-apartament-al-ple-dondara\/","og_site_name":"Canfali","article_publisher":"https:\/\/es-es.facebook.com\/CANFALIMarinaAlta","article_published_time":"2025-10-28T15:22:10+00:00","article_modified_time":"2025-10-28T15:24:14+00:00","og_image":[{"width":1600,"height":1200,"url":"https:\/\/canfali.com\/app\/uploads\/2025\/10\/reunio-area-tecnica.jpeg","type":"image\/jpeg"}],"author":"JJ Mas","twitter_card":"summary_large_image","twitter_creator":"@canfalima","twitter_site":"@canfalima","twitter_misc":{"Written by":"JJ Mas","Est. reading time":"1 minute"},"schema":{"@context":"https:\/\/schema.org","@graph":[{"@type":"NewsArticle","@id":"https:\/\/canfali.com\/ca-es\/la-suspensio-temporal-de-llicencies-urbanistiques-de-vivendes-apartament-al-ple-dondara\/#article","isPartOf":{"@id":"https:\/\/canfali.com\/ca-es\/la-suspensio-temporal-de-llicencies-urbanistiques-de-vivendes-apartament-al-ple-dondara\/"},"author":{"name":"JJ Mas","@id":"https:\/\/canfali.com\/ca-es\/#\/schema\/person\/d834d2d4df17cac754d3c314d4c404ef"},"headline":"La suspensi\u00f3 temporal de llic\u00e8ncies urban\u00edstiques de vivendes-apartament al ple d\u2019Ondara","datePublished":"2025-10-28T15:22:10+00:00","dateModified":"2025-10-28T15:24:14+00:00","mainEntityOfPage":{"@id":"https:\/\/canfali.com\/ca-es\/la-suspensio-temporal-de-llicencies-urbanistiques-de-vivendes-apartament-al-ple-dondara\/"},"wordCount":313,"publisher":{"@id":"https:\/\/canfali.com\/ca-es\/#organization"},"image":{"@id":"https:\/\/canfali.com\/ca-es\/la-suspensio-temporal-de-llicencies-urbanistiques-de-vivendes-apartament-al-ple-dondara\/#primaryimage"},"thumbnailUrl":"https:\/\/canfali.com\/app\/uploads\/2025\/10\/reunio-area-tecnica.jpeg","keywords":["Ajuntament Ondara","llic\u00e8ncies","proliferaci\u00f3","suspensi\u00f3","vivendes-apartament"],"articleSection":["Econom\u00eda y Empresas","Sin categorizar"],"inLanguage":"va-ES","copyrightYear":"2025","copyrightHolder":{"@id":"https:\/\/canfali.com\/#organization"}},{"@type":"WebPage","@id":"https:\/\/canfali.com\/ca-es\/la-suspensio-temporal-de-llicencies-urbanistiques-de-vivendes-apartament-al-ple-dondara\/","url":"https:\/\/canfali.com\/ca-es\/la-suspensio-temporal-de-llicencies-urbanistiques-de-vivendes-apartament-al-ple-dondara\/","name":"La suspensi\u00f3 temporal de llic\u00e8ncies urban\u00edstiques de vivendes-apartament al ple d\u2019Ondara - Canfali","isPartOf":{"@id":"https:\/\/canfali.com\/ca-es\/#website"},"primaryImageOfPage":{"@id":"https:\/\/canfali.com\/ca-es\/la-suspensio-temporal-de-llicencies-urbanistiques-de-vivendes-apartament-al-ple-dondara\/#primaryimage"},"image":{"@id":"https:\/\/canfali.com\/ca-es\/la-suspensio-temporal-de-llicencies-urbanistiques-de-vivendes-apartament-al-ple-dondara\/#primaryimage"},"thumbnailUrl":"https:\/\/canfali.com\/app\/uploads\/2025\/10\/reunio-area-tecnica.jpeg","datePublished":"2025-10-28T15:22:10+00:00","dateModified":"2025-10-28T15:24:14+00:00","breadcrumb":{"@id":"https:\/\/canfali.com\/ca-es\/la-suspensio-temporal-de-llicencies-urbanistiques-de-vivendes-apartament-al-ple-dondara\/#breadcrumb"},"inLanguage":"va-ES","potentialAction":[{"@type":"ReadAction","target":["https:\/\/canfali.com\/ca-es\/la-suspensio-temporal-de-llicencies-urbanistiques-de-vivendes-apartament-al-ple-dondara\/"]}]},{"@type":"ImageObject","inLanguage":"va-ES","@id":"https:\/\/canfali.com\/ca-es\/la-suspensio-temporal-de-llicencies-urbanistiques-de-vivendes-apartament-al-ple-dondara\/#primaryimage","url":"https:\/\/canfali.com\/app\/uploads\/2025\/10\/reunio-area-tecnica.jpeg","contentUrl":"https:\/\/canfali.com\/app\/uploads\/2025\/10\/reunio-area-tecnica.jpeg","width":1600,"height":1200},{"@type":"BreadcrumbList","@id":"https:\/\/canfali.com\/ca-es\/la-suspensio-temporal-de-llicencies-urbanistiques-de-vivendes-apartament-al-ple-dondara\/#breadcrumb","itemListElement":[{"@type":"ListItem","position":1,"name":"Portada","item":"https:\/\/canfali.com\/ca-es\/"},{"@type":"ListItem","position":2,"name":"La suspensi\u00f3 temporal de llic\u00e8ncies urban\u00edstiques de vivendes-apartament al ple d\u2019Ondara"}]},{"@type":"WebSite","@id":"https:\/\/canfali.com\/ca-es\/#website","url":"https:\/\/canfali.com\/ca-es\/","name":"Canfali","description":"","publisher":{"@id":"https:\/\/canfali.com\/ca-es\/#organization"},"potentialAction":[{"@type":"SearchAction","target":{"@type":"EntryPoint","urlTemplate":"https:\/\/canfali.com\/ca-es\/?s={search_term_string}"},"query-input":{"@type":"PropertyValueSpecification","valueRequired":true,"valueName":"search_term_string"}}],"inLanguage":"va-ES"},{"@type":"Organization","@id":"https:\/\/canfali.com\/ca-es\/#organization","name":"Canfali","url":"https:\/\/canfali.com\/ca-es\/","logo":{"@type":"ImageObject","inLanguage":"va-ES","@id":"https:\/\/canfali.com\/ca-es\/#\/schema\/logo\/image\/","url":"https:\/\/canfali.com\/app\/uploads\/2025\/12\/canfali_marina_alta_logo.png","contentUrl":"https:\/\/canfali.com\/app\/uploads\/2025\/12\/canfali_marina_alta_logo.png","width":225,"height":225,"caption":"Canfali"},"image":{"@id":"https:\/\/canfali.com\/ca-es\/#\/schema\/logo\/image\/"},"sameAs":["https:\/\/es-es.facebook.com\/CANFALIMarinaAlta","https:\/\/x.com\/canfalima","https:\/\/www.instagram.com\/canfalimarinaalta\/"]},{"@type":"Person","@id":"https:\/\/canfali.com\/ca-es\/#\/schema\/person\/d834d2d4df17cac754d3c314d4c404ef","name":"JJ Mas","image":{"@type":"ImageObject","inLanguage":"va-ES","@id":"https:\/\/secure.gravatar.com\/avatar\/65a5191f5438bf88c2394f6d1a625a6ff903c8785268e603c623a83bc15ba1ee?s=96&d=mm&r=g","url":"https:\/\/secure.gravatar.com\/avatar\/65a5191f5438bf88c2394f6d1a625a6ff903c8785268e603c623a83bc15ba1ee?s=96&d=mm&r=g","contentUrl":"https:\/\/secure.gravatar.com\/avatar\/65a5191f5438bf88c2394f6d1a625a6ff903c8785268e603c623a83bc15ba1ee?s=96&d=mm&r=g","caption":"JJ Mas"},"url":"https:\/\/canfali.com\/ca-es\/author\/jj\/"}]}},"_links":{"self":[{"href":"https:\/\/canfali.com\/ca-es\/wp-json\/wp\/v2\/posts\/79552","targetHints":{"allow":["GET"]}}],"collection":[{"href":"https:\/\/canfali.com\/ca-es\/wp-json\/wp\/v2\/posts"}],"about":[{"href":"https:\/\/canfali.com\/ca-es\/wp-json\/wp\/v2\/types\/post"}],"author":[{"embeddable":true,"href":"https:\/\/canfali.com\/ca-es\/wp-json\/wp\/v2\/users\/4"}],"replies":[{"embeddable":true,"href":"https:\/\/canfali.com\/ca-es\/wp-json\/wp\/v2\/comments?post=79552"}],"version-history":[{"count":1,"href":"https:\/\/canfali.com\/ca-es\/wp-json\/wp\/v2\/posts\/79552\/revisions"}],"predecessor-version":[{"id":79555,"href":"https:\/\/canfali.com\/ca-es\/wp-json\/wp\/v2\/posts\/79552\/revisions\/79555"}],"wp:featuredmedia":[{"embeddable":true,"href":"https:\/\/canfali.com\/ca-es\/wp-json\/wp\/v2\/media\/79554"}],"wp:attachment":[{"href":"https:\/\/canfali.com\/ca-es\/wp-json\/wp\/v2\/media?parent=79552"}],"wp:term":[{"taxonomy":"category","embeddable":true,"href":"https:\/\/canfali.com\/ca-es\/wp-json\/wp\/v2\/categories?post=79552"},{"taxonomy":"post_tag","embeddable":true,"href":"https:\/\/canfali.com\/ca-es\/wp-json\/wp\/v2\/tags?post=79552"}],"curies":[{"name":"wp","href":"https:\/\/api.w.org\/{rel}","templated":true}]}}