{"id":79418,"date":"2025-10-25T09:18:06","date_gmt":"2025-10-25T07:18:06","guid":{"rendered":"https:\/\/canfali.com\/el-consell-maritim-pesquer-es-constituira-el-dia-4\/"},"modified":"2025-10-25T09:43:45","modified_gmt":"2025-10-25T07:43:45","slug":"el-consell-maritim-pesquer-es-constituira-el-dia-4","status":"publish","type":"post","link":"https:\/\/canfali.com\/ca-es\/el-consell-maritim-pesquer-es-constituira-el-dia-4\/","title":{"rendered":"El Consell Mar\u00edtim-Pesquer es constituir\u00e0 el dia 4"},"content":{"rendered":"\n<p>D\u00e9nia tindr\u00e0 per fi un Consell Mar\u00edtim-Pesquer municipal, un organisme que at\u00e9n una demanda del sector que es va forjar en l&#8217;aprovaci\u00f3 d&#8217;uns estatuts en la legislatura passada per\u00f2 que encara no havia vist la llum, com ha recordat la regidora de Transici\u00f3 Ecol\u00f2gica, Sandra Gertr\u00fadix. El Consell es constituir\u00e0 de manera oficial el 4 de novembre i ser\u00e0 una eina per a donar veu a totes les entitats implicades i defensar tamb\u00e9 l&#8217;ecosistema mar\u00ed, la seva biodiversitat i l&#8217;\u00fas sostenible de les activitats relacionades amb l&#8217;activitat mar\u00edtim-pesquera. <br\/><\/p>\n\n<p>En principi, el nou \u00f2rgan de participaci\u00f3 es reunir\u00e0 dues vegades a l&#8217;any. En ell estaran representats, a m\u00e9s de tots els partits que formen part de la corporaci\u00f3 municipal, el director i el t\u00e8cnic de la Reserva Marina del Cap de Sant Antoni i el Parc Natural del Montg\u00f3, Ports de la Generalitat, la Confraria de Pescadors de D\u00e9nia, els usuaris d&#8217;amarraments p\u00fablics, els clubs de busseig, l&#8217;associaci\u00f3 de pesca esportiva, el Real Club N\u00e0utic D\u00e9nia, els ports esportius Marina D\u00e9nia i El Portet, Bale\u00e0ria, les empreses de turisme actiu n\u00e0utic, les empreses de x\u00e0rter i les empreses d&#8217;excursions mar\u00edtimes.<br\/><\/p>\n\n<p>Sandra Gertr\u00fadix ha subratllat la import\u00e0ncia que el f\u00f2rum comence a caminar perqu\u00e8 es puguen debatre i atendre de forma consensuada les demandes i propostes dels seus components. Tamb\u00e9 ha destacat, com ja va fer en les jornades \u2018D\u00e9nia, Ciutat del Pensament\u2019, que cal treballar de manera conjunta per a posar en valor la pesca i la mar. \u201cD\u00e9nia \u00e9s, i sempre ser\u00e0, una ciutat lligada a la mar. La nostra hist\u00f2ria, la nostra economia i la nostra identitat estan profundament connectades amb ell. I per aix\u00f2, des de la Regidoria de Transici\u00f3 Ecol\u00f2gica i Pesca, volem continuar impulsant iniciatives que protegisquen els nostres ecosistemes marins, valoren la pesca artesanal i promoguen una conviv\u00e8ncia sostenible entre l&#8217;\u00e9sser hum\u00e0 i la naturalesa\u201d, deia.<br\/><br\/><\/p>\n\n<h2 class=\"wp-block-heading\">No al projecte de tamarits<\/h2>\n\n<p>La regidora aprofitava tamb\u00e9 la jornada sobre Simbiosi Marina per a reiterar la ferma oposici\u00f3 de l&#8217;equip de govern a les construccions projectades en la zona de Tamarits, \u201cperqu\u00e8 creiem que el desenvolupament urb\u00e0 mai ha de fer-se a costa de la mar ni de la salut del nostre litoral\u201d. \u201cAquestes actuacions poden alterar greument un entorn costaner de gran valor ecol\u00f2gic, afectant fins i tot -afegia- a la nidificaci\u00f3 de tortugues marines, cada vegada m\u00e9s freq\u00fcents a les nostres platges, i posant en risc la superviv\u00e8ncia dels nounats a causa de la contaminaci\u00f3 lum\u00ednica que desorienta el seu cam\u00ed natural i cap a la mar\u201d. \u201cDefensem un model de ciutat que respecte l&#8217;entorn, que valore el paisatge i que pose per davant el benestar com\u00fa\u201d, apuntava tamb\u00e9.<\/p>\n\n<p>En el mateix f\u00f2rum, la regidora va reclamar una rampa p\u00fablica per a les barques de xicoteta grand\u00e0ria, una demanda hist\u00f2rica i una infraestructura senzilla per\u00f2 fonamental, com la va qualificar.<\/p>\n\n<p><\/p>\n","protected":false},"excerpt":{"rendered":"D\u00e9nia tindr\u00e0 per fi un Consell Mar\u00edtim-Pesquer municipal, un organisme que at\u00e9n una demanda del sector que es&hellip;","protected":false},"author":6,"featured_media":79399,"comment_status":"closed","ping_status":"closed","sticky":false,"template":"","format":"standard","meta":{"csco_display_header_overlay":false,"csco_singular_sidebar":"","csco_page_header_type":"","csco_page_load_nextpost":"","csco_post_video_location":[],"csco_post_video_location_hash":"","csco_post_video_url":"","csco_post_video_bg_start_time":0,"csco_post_video_bg_end_time":0,"footnotes":""},"categories":[614],"tags":[4660,760,1203,761],"class_list":{"0":"post-79418","1":"post","2":"type-post","3":"status-publish","4":"format-standard","5":"has-post-thumbnail","7":"category-municipal-ca-es","8":"tag-club-nautic","9":"tag-mar-ca-es","10":"tag-pesca-ca-es","11":"tag-port","12":"cs-entry","13":"cs-video-wrap"},"yoast_head":"<!-- This site is optimized with the Yoast SEO Premium plugin v26.6 (Yoast SEO v27.3) - https:\/\/yoast.com\/product\/yoast-seo-premium-wordpress\/ -->\n<title>El Consell Mar\u00edtim-Pesquer es constituir\u00e0 el dia 4 - Canfali<\/title>\n<meta name=\"robots\" content=\"index, follow, max-snippet:-1, max-image-preview:large, max-video-preview:-1\" \/>\n<link rel=\"canonical\" href=\"https:\/\/canfali.com\/ca-es\/el-consell-maritim-pesquer-es-constituira-el-dia-4\/\" \/>\n<meta property=\"og:locale\" content=\"en_US\" \/>\n<meta property=\"og:type\" content=\"article\" \/>\n<meta property=\"og:title\" content=\"El Consell Mar\u00edtim-Pesquer es constituir\u00e0 el dia 4\" \/>\n<meta property=\"og:description\" content=\"D\u00e9nia tindr\u00e0 per fi un Consell Mar\u00edtim-Pesquer municipal, un organisme que at\u00e9n una demanda del sector que es&hellip;\" \/>\n<meta property=\"og:url\" content=\"https:\/\/canfali.com\/ca-es\/el-consell-maritim-pesquer-es-constituira-el-dia-4\/\" \/>\n<meta property=\"og:site_name\" content=\"Canfali\" \/>\n<meta property=\"article:publisher\" content=\"https:\/\/es-es.facebook.com\/CANFALIMarinaAlta\" \/>\n<meta property=\"article:published_time\" content=\"2025-10-25T07:18:06+00:00\" \/>\n<meta property=\"article:modified_time\" content=\"2025-10-25T07:43:45+00:00\" \/>\n<meta property=\"og:image\" content=\"https:\/\/canfali.com\/app\/uploads\/2025\/10\/DSC_2264-scaled.jpg\" \/>\n\t<meta property=\"og:image:width\" content=\"2560\" \/>\n\t<meta property=\"og:image:height\" content=\"1696\" \/>\n\t<meta property=\"og:image:type\" content=\"image\/jpeg\" \/>\n<meta name=\"author\" content=\"Rosa\" \/>\n<meta name=\"twitter:card\" content=\"summary_large_image\" \/>\n<meta name=\"twitter:creator\" content=\"@canfalima\" \/>\n<meta name=\"twitter:site\" content=\"@canfalima\" \/>\n<meta name=\"twitter:label1\" content=\"Written by\" \/>\n\t<meta name=\"twitter:data1\" content=\"Rosa\" \/>\n\t<meta name=\"twitter:label2\" content=\"Est. reading time\" \/>\n\t<meta name=\"twitter:data2\" content=\"3 minutes\" \/>\n<script type=\"application\/ld+json\" class=\"yoast-schema-graph\">{\"@context\":\"https:\\\/\\\/schema.org\",\"@graph\":[{\"@type\":\"NewsArticle\",\"@id\":\"https:\\\/\\\/canfali.com\\\/ca-es\\\/el-consell-maritim-pesquer-es-constituira-el-dia-4\\\/#article\",\"isPartOf\":{\"@id\":\"https:\\\/\\\/canfali.com\\\/ca-es\\\/el-consell-maritim-pesquer-es-constituira-el-dia-4\\\/\"},\"author\":{\"name\":\"Rosa\",\"@id\":\"https:\\\/\\\/canfali.com\\\/ca-es\\\/#\\\/schema\\\/person\\\/c861a7aa2b2495357b95f35bd5d82f88\"},\"headline\":\"El Consell Mar\u00edtim-Pesquer es constituir\u00e0 el dia 4\",\"datePublished\":\"2025-10-25T07:18:06+00:00\",\"dateModified\":\"2025-10-25T07:43:45+00:00\",\"mainEntityOfPage\":{\"@id\":\"https:\\\/\\\/canfali.com\\\/ca-es\\\/el-consell-maritim-pesquer-es-constituira-el-dia-4\\\/\"},\"wordCount\":528,\"publisher\":{\"@id\":\"https:\\\/\\\/canfali.com\\\/ca-es\\\/#organization\"},\"image\":{\"@id\":\"https:\\\/\\\/canfali.com\\\/ca-es\\\/el-consell-maritim-pesquer-es-constituira-el-dia-4\\\/#primaryimage\"},\"thumbnailUrl\":\"https:\\\/\\\/canfali.com\\\/app\\\/uploads\\\/2025\\\/10\\\/DSC_2264-scaled.jpg\",\"keywords\":[\"Club N\u00e0utic\",\"mar\",\"pesca\",\"port\"],\"articleSection\":[\"Municipal\"],\"inLanguage\":\"va-ES\",\"copyrightYear\":\"2025\",\"copyrightHolder\":{\"@id\":\"https:\\\/\\\/canfali.com\\\/#organization\"}},{\"@type\":\"WebPage\",\"@id\":\"https:\\\/\\\/canfali.com\\\/ca-es\\\/el-consell-maritim-pesquer-es-constituira-el-dia-4\\\/\",\"url\":\"https:\\\/\\\/canfali.com\\\/ca-es\\\/el-consell-maritim-pesquer-es-constituira-el-dia-4\\\/\",\"name\":\"El Consell Mar\u00edtim-Pesquer es constituir\u00e0 el dia 4 - Canfali\",\"isPartOf\":{\"@id\":\"https:\\\/\\\/canfali.com\\\/ca-es\\\/#website\"},\"primaryImageOfPage\":{\"@id\":\"https:\\\/\\\/canfali.com\\\/ca-es\\\/el-consell-maritim-pesquer-es-constituira-el-dia-4\\\/#primaryimage\"},\"image\":{\"@id\":\"https:\\\/\\\/canfali.com\\\/ca-es\\\/el-consell-maritim-pesquer-es-constituira-el-dia-4\\\/#primaryimage\"},\"thumbnailUrl\":\"https:\\\/\\\/canfali.com\\\/app\\\/uploads\\\/2025\\\/10\\\/DSC_2264-scaled.jpg\",\"datePublished\":\"2025-10-25T07:18:06+00:00\",\"dateModified\":\"2025-10-25T07:43:45+00:00\",\"breadcrumb\":{\"@id\":\"https:\\\/\\\/canfali.com\\\/ca-es\\\/el-consell-maritim-pesquer-es-constituira-el-dia-4\\\/#breadcrumb\"},\"inLanguage\":\"va-ES\",\"potentialAction\":[{\"@type\":\"ReadAction\",\"target\":[\"https:\\\/\\\/canfali.com\\\/ca-es\\\/el-consell-maritim-pesquer-es-constituira-el-dia-4\\\/\"]}]},{\"@type\":\"ImageObject\",\"inLanguage\":\"va-ES\",\"@id\":\"https:\\\/\\\/canfali.com\\\/ca-es\\\/el-consell-maritim-pesquer-es-constituira-el-dia-4\\\/#primaryimage\",\"url\":\"https:\\\/\\\/canfali.com\\\/app\\\/uploads\\\/2025\\\/10\\\/DSC_2264-scaled.jpg\",\"contentUrl\":\"https:\\\/\\\/canfali.com\\\/app\\\/uploads\\\/2025\\\/10\\\/DSC_2264-scaled.jpg\",\"width\":2560,\"height\":1696},{\"@type\":\"BreadcrumbList\",\"@id\":\"https:\\\/\\\/canfali.com\\\/ca-es\\\/el-consell-maritim-pesquer-es-constituira-el-dia-4\\\/#breadcrumb\",\"itemListElement\":[{\"@type\":\"ListItem\",\"position\":1,\"name\":\"Portada\",\"item\":\"https:\\\/\\\/canfali.com\\\/ca-es\\\/\"},{\"@type\":\"ListItem\",\"position\":2,\"name\":\"El Consell Mar\u00edtim-Pesquer es constituir\u00e0 el dia 4\"}]},{\"@type\":\"WebSite\",\"@id\":\"https:\\\/\\\/canfali.com\\\/ca-es\\\/#website\",\"url\":\"https:\\\/\\\/canfali.com\\\/ca-es\\\/\",\"name\":\"Canfali\",\"description\":\"\",\"publisher\":{\"@id\":\"https:\\\/\\\/canfali.com\\\/ca-es\\\/#organization\"},\"potentialAction\":[{\"@type\":\"SearchAction\",\"target\":{\"@type\":\"EntryPoint\",\"urlTemplate\":\"https:\\\/\\\/canfali.com\\\/ca-es\\\/?s={search_term_string}\"},\"query-input\":{\"@type\":\"PropertyValueSpecification\",\"valueRequired\":true,\"valueName\":\"search_term_string\"}}],\"inLanguage\":\"va-ES\"},{\"@type\":\"Organization\",\"@id\":\"https:\\\/\\\/canfali.com\\\/ca-es\\\/#organization\",\"name\":\"Canfali\",\"url\":\"https:\\\/\\\/canfali.com\\\/ca-es\\\/\",\"logo\":{\"@type\":\"ImageObject\",\"inLanguage\":\"va-ES\",\"@id\":\"https:\\\/\\\/canfali.com\\\/ca-es\\\/#\\\/schema\\\/logo\\\/image\\\/\",\"url\":\"https:\\\/\\\/canfali.com\\\/app\\\/uploads\\\/2025\\\/12\\\/canfali_marina_alta_logo.png\",\"contentUrl\":\"https:\\\/\\\/canfali.com\\\/app\\\/uploads\\\/2025\\\/12\\\/canfali_marina_alta_logo.png\",\"width\":225,\"height\":225,\"caption\":\"Canfali\"},\"image\":{\"@id\":\"https:\\\/\\\/canfali.com\\\/ca-es\\\/#\\\/schema\\\/logo\\\/image\\\/\"},\"sameAs\":[\"https:\\\/\\\/es-es.facebook.com\\\/CANFALIMarinaAlta\",\"https:\\\/\\\/x.com\\\/canfalima\",\"https:\\\/\\\/www.instagram.com\\\/canfalimarinaalta\\\/\"]},{\"@type\":\"Person\",\"@id\":\"https:\\\/\\\/canfali.com\\\/ca-es\\\/#\\\/schema\\\/person\\\/c861a7aa2b2495357b95f35bd5d82f88\",\"name\":\"Rosa\",\"image\":{\"@type\":\"ImageObject\",\"inLanguage\":\"va-ES\",\"@id\":\"https:\\\/\\\/secure.gravatar.com\\\/avatar\\\/47fb83d99423a6ef1cf9f83f02a5e91366c671dec76c5c24badf1b0494e1d960?s=96&d=mm&r=g\",\"url\":\"https:\\\/\\\/secure.gravatar.com\\\/avatar\\\/47fb83d99423a6ef1cf9f83f02a5e91366c671dec76c5c24badf1b0494e1d960?s=96&d=mm&r=g\",\"contentUrl\":\"https:\\\/\\\/secure.gravatar.com\\\/avatar\\\/47fb83d99423a6ef1cf9f83f02a5e91366c671dec76c5c24badf1b0494e1d960?s=96&d=mm&r=g\",\"caption\":\"Rosa\"},\"url\":\"https:\\\/\\\/canfali.com\\\/ca-es\\\/author\\\/rosa\\\/\"}]}<\/script>\n<!-- \/ Yoast SEO Premium plugin. -->","yoast_head_json":{"title":"El Consell Mar\u00edtim-Pesquer es constituir\u00e0 el dia 4 - Canfali","robots":{"index":"index","follow":"follow","max-snippet":"max-snippet:-1","max-image-preview":"max-image-preview:large","max-video-preview":"max-video-preview:-1"},"canonical":"https:\/\/canfali.com\/ca-es\/el-consell-maritim-pesquer-es-constituira-el-dia-4\/","og_locale":"en_US","og_type":"article","og_title":"El Consell Mar\u00edtim-Pesquer es constituir\u00e0 el dia 4","og_description":"D\u00e9nia tindr\u00e0 per fi un Consell Mar\u00edtim-Pesquer municipal, un organisme que at\u00e9n una demanda del sector que es&hellip;","og_url":"https:\/\/canfali.com\/ca-es\/el-consell-maritim-pesquer-es-constituira-el-dia-4\/","og_site_name":"Canfali","article_publisher":"https:\/\/es-es.facebook.com\/CANFALIMarinaAlta","article_published_time":"2025-10-25T07:18:06+00:00","article_modified_time":"2025-10-25T07:43:45+00:00","og_image":[{"width":2560,"height":1696,"url":"https:\/\/canfali.com\/app\/uploads\/2025\/10\/DSC_2264-scaled.jpg","type":"image\/jpeg"}],"author":"Rosa","twitter_card":"summary_large_image","twitter_creator":"@canfalima","twitter_site":"@canfalima","twitter_misc":{"Written by":"Rosa","Est. reading time":"3 minutes"},"schema":{"@context":"https:\/\/schema.org","@graph":[{"@type":"NewsArticle","@id":"https:\/\/canfali.com\/ca-es\/el-consell-maritim-pesquer-es-constituira-el-dia-4\/#article","isPartOf":{"@id":"https:\/\/canfali.com\/ca-es\/el-consell-maritim-pesquer-es-constituira-el-dia-4\/"},"author":{"name":"Rosa","@id":"https:\/\/canfali.com\/ca-es\/#\/schema\/person\/c861a7aa2b2495357b95f35bd5d82f88"},"headline":"El Consell Mar\u00edtim-Pesquer es constituir\u00e0 el dia 4","datePublished":"2025-10-25T07:18:06+00:00","dateModified":"2025-10-25T07:43:45+00:00","mainEntityOfPage":{"@id":"https:\/\/canfali.com\/ca-es\/el-consell-maritim-pesquer-es-constituira-el-dia-4\/"},"wordCount":528,"publisher":{"@id":"https:\/\/canfali.com\/ca-es\/#organization"},"image":{"@id":"https:\/\/canfali.com\/ca-es\/el-consell-maritim-pesquer-es-constituira-el-dia-4\/#primaryimage"},"thumbnailUrl":"https:\/\/canfali.com\/app\/uploads\/2025\/10\/DSC_2264-scaled.jpg","keywords":["Club N\u00e0utic","mar","pesca","port"],"articleSection":["Municipal"],"inLanguage":"va-ES","copyrightYear":"2025","copyrightHolder":{"@id":"https:\/\/canfali.com\/#organization"}},{"@type":"WebPage","@id":"https:\/\/canfali.com\/ca-es\/el-consell-maritim-pesquer-es-constituira-el-dia-4\/","url":"https:\/\/canfali.com\/ca-es\/el-consell-maritim-pesquer-es-constituira-el-dia-4\/","name":"El Consell Mar\u00edtim-Pesquer es constituir\u00e0 el dia 4 - Canfali","isPartOf":{"@id":"https:\/\/canfali.com\/ca-es\/#website"},"primaryImageOfPage":{"@id":"https:\/\/canfali.com\/ca-es\/el-consell-maritim-pesquer-es-constituira-el-dia-4\/#primaryimage"},"image":{"@id":"https:\/\/canfali.com\/ca-es\/el-consell-maritim-pesquer-es-constituira-el-dia-4\/#primaryimage"},"thumbnailUrl":"https:\/\/canfali.com\/app\/uploads\/2025\/10\/DSC_2264-scaled.jpg","datePublished":"2025-10-25T07:18:06+00:00","dateModified":"2025-10-25T07:43:45+00:00","breadcrumb":{"@id":"https:\/\/canfali.com\/ca-es\/el-consell-maritim-pesquer-es-constituira-el-dia-4\/#breadcrumb"},"inLanguage":"va-ES","potentialAction":[{"@type":"ReadAction","target":["https:\/\/canfali.com\/ca-es\/el-consell-maritim-pesquer-es-constituira-el-dia-4\/"]}]},{"@type":"ImageObject","inLanguage":"va-ES","@id":"https:\/\/canfali.com\/ca-es\/el-consell-maritim-pesquer-es-constituira-el-dia-4\/#primaryimage","url":"https:\/\/canfali.com\/app\/uploads\/2025\/10\/DSC_2264-scaled.jpg","contentUrl":"https:\/\/canfali.com\/app\/uploads\/2025\/10\/DSC_2264-scaled.jpg","width":2560,"height":1696},{"@type":"BreadcrumbList","@id":"https:\/\/canfali.com\/ca-es\/el-consell-maritim-pesquer-es-constituira-el-dia-4\/#breadcrumb","itemListElement":[{"@type":"ListItem","position":1,"name":"Portada","item":"https:\/\/canfali.com\/ca-es\/"},{"@type":"ListItem","position":2,"name":"El Consell Mar\u00edtim-Pesquer es constituir\u00e0 el dia 4"}]},{"@type":"WebSite","@id":"https:\/\/canfali.com\/ca-es\/#website","url":"https:\/\/canfali.com\/ca-es\/","name":"Canfali","description":"","publisher":{"@id":"https:\/\/canfali.com\/ca-es\/#organization"},"potentialAction":[{"@type":"SearchAction","target":{"@type":"EntryPoint","urlTemplate":"https:\/\/canfali.com\/ca-es\/?s={search_term_string}"},"query-input":{"@type":"PropertyValueSpecification","valueRequired":true,"valueName":"search_term_string"}}],"inLanguage":"va-ES"},{"@type":"Organization","@id":"https:\/\/canfali.com\/ca-es\/#organization","name":"Canfali","url":"https:\/\/canfali.com\/ca-es\/","logo":{"@type":"ImageObject","inLanguage":"va-ES","@id":"https:\/\/canfali.com\/ca-es\/#\/schema\/logo\/image\/","url":"https:\/\/canfali.com\/app\/uploads\/2025\/12\/canfali_marina_alta_logo.png","contentUrl":"https:\/\/canfali.com\/app\/uploads\/2025\/12\/canfali_marina_alta_logo.png","width":225,"height":225,"caption":"Canfali"},"image":{"@id":"https:\/\/canfali.com\/ca-es\/#\/schema\/logo\/image\/"},"sameAs":["https:\/\/es-es.facebook.com\/CANFALIMarinaAlta","https:\/\/x.com\/canfalima","https:\/\/www.instagram.com\/canfalimarinaalta\/"]},{"@type":"Person","@id":"https:\/\/canfali.com\/ca-es\/#\/schema\/person\/c861a7aa2b2495357b95f35bd5d82f88","name":"Rosa","image":{"@type":"ImageObject","inLanguage":"va-ES","@id":"https:\/\/secure.gravatar.com\/avatar\/47fb83d99423a6ef1cf9f83f02a5e91366c671dec76c5c24badf1b0494e1d960?s=96&d=mm&r=g","url":"https:\/\/secure.gravatar.com\/avatar\/47fb83d99423a6ef1cf9f83f02a5e91366c671dec76c5c24badf1b0494e1d960?s=96&d=mm&r=g","contentUrl":"https:\/\/secure.gravatar.com\/avatar\/47fb83d99423a6ef1cf9f83f02a5e91366c671dec76c5c24badf1b0494e1d960?s=96&d=mm&r=g","caption":"Rosa"},"url":"https:\/\/canfali.com\/ca-es\/author\/rosa\/"}]}},"_links":{"self":[{"href":"https:\/\/canfali.com\/ca-es\/wp-json\/wp\/v2\/posts\/79418","targetHints":{"allow":["GET"]}}],"collection":[{"href":"https:\/\/canfali.com\/ca-es\/wp-json\/wp\/v2\/posts"}],"about":[{"href":"https:\/\/canfali.com\/ca-es\/wp-json\/wp\/v2\/types\/post"}],"author":[{"embeddable":true,"href":"https:\/\/canfali.com\/ca-es\/wp-json\/wp\/v2\/users\/6"}],"replies":[{"embeddable":true,"href":"https:\/\/canfali.com\/ca-es\/wp-json\/wp\/v2\/comments?post=79418"}],"version-history":[{"count":1,"href":"https:\/\/canfali.com\/ca-es\/wp-json\/wp\/v2\/posts\/79418\/revisions"}],"predecessor-version":[{"id":79419,"href":"https:\/\/canfali.com\/ca-es\/wp-json\/wp\/v2\/posts\/79418\/revisions\/79419"}],"wp:featuredmedia":[{"embeddable":true,"href":"https:\/\/canfali.com\/ca-es\/wp-json\/wp\/v2\/media\/79399"}],"wp:attachment":[{"href":"https:\/\/canfali.com\/ca-es\/wp-json\/wp\/v2\/media?parent=79418"}],"wp:term":[{"taxonomy":"category","embeddable":true,"href":"https:\/\/canfali.com\/ca-es\/wp-json\/wp\/v2\/categories?post=79418"},{"taxonomy":"post_tag","embeddable":true,"href":"https:\/\/canfali.com\/ca-es\/wp-json\/wp\/v2\/tags?post=79418"}],"curies":[{"name":"wp","href":"https:\/\/api.w.org\/{rel}","templated":true}]}}