{"id":79286,"date":"2025-10-24T11:57:51","date_gmt":"2025-10-24T09:57:51","guid":{"rendered":"https:\/\/canfali.com\/?p=79286"},"modified":"2025-10-24T11:57:52","modified_gmt":"2025-10-24T09:57:52","slug":"controvertida-modificacio-de-lordenanca-de-libi-a-ondara","status":"publish","type":"post","link":"https:\/\/canfali.com\/ca-es\/controvertida-modificacio-de-lordenanca-de-libi-a-ondara\/","title":{"rendered":"Controvertida modificaci\u00f3 de l\u2019ordenan\u00e7a de l\u2019IBI a Ondara"},"content":{"rendered":"\n<p><\/p>\n\n\n\n<p>La corporaci\u00f3 municipal d\u2019Ondara ha aprovat en ple extraordinari l\u2019inici del procediment per modificar l\u2019ordenan\u00e7a fiscal de l\u2019Impost sobre B\u00e9ns Immobles, .<\/p>\n\n\n\n<p>&nbsp;&nbsp;&nbsp;&nbsp;&nbsp;&nbsp; La proposta del Partit Popular, que plantejava una rebaixa &nbsp;del tipus impositiu del 0,74% al 0,62% per als immobles urbans i del 0,85% al 0,73% per als r\u00fastics, ha comptat amb el vot a favor dels cinc regidors populars als que s\u2019han sumat els tres de Compromis, front els cinc de l\u2019equip de govern del PSPV que ha votat en contra.<\/p>\n\n\n\n<p>&nbsp;&nbsp;&nbsp;&nbsp;&nbsp;&nbsp; La q\u00fcesti\u00f3 ha suscitat un debat intens malgrat que, segons alertava l\u2019informe jur\u00eddic previ, el ple no podia aprovar directament la modificaci\u00f3.<\/p>\n\n\n\n<p>EL PSPV DEFENSA UN MODEL FISCAL PROGRESSIU I RESPONSABLE<\/p>\n\n\n\n<figure class=\"wp-block-image size-full\"><img fetchpriority=\"high\" decoding=\"async\" width=\"1025\" height=\"496\" src=\"https:\/\/canfali.com\/app\/uploads\/2025\/10\/PLEONDARABAIXADAIBI-PSPV.jpg\" alt=\"\" class=\"wp-image-79306\" srcset=\"https:\/\/canfali.com\/app\/uploads\/2025\/10\/PLEONDARABAIXADAIBI-PSPV.jpg 1025w, https:\/\/canfali.com\/app\/uploads\/2025\/10\/PLEONDARABAIXADAIBI-PSPV-300x145.jpg 300w, https:\/\/canfali.com\/app\/uploads\/2025\/10\/PLEONDARABAIXADAIBI-PSPV-768x372.jpg 768w\" sizes=\"(max-width: 1025px) 100vw, 1025px\" \/><\/figure>\n\n\n\n<p>En el transcurs del debat, l\u2019alcalde, Jos\u00e9 Ramiro, ha defensat la postura del PSPV, per a argumentar que l\u2019IBI \u00e9s un impost progressiu on \u201cqui m\u00e9s t\u00e9, m\u00e9s paga\u201d, i que la rebaixa proposada afavoriria les rendes m\u00e9s altes. Segons els socialistes, la mesura suposaria una p\u00e8rdua de m\u00e9s de 430.000 euros en ingressos municipals, amb conseq\u00fc\u00e8ncies directes en serveis p\u00fablics, ajudes socials, cultura, esport i educaci\u00f3.<\/p>\n\n\n\n<p>\u201cSi no s\u2019ingressa, no es pot gastar. No vaig a endeutar el poble per pagar llum, tel\u00e8fon o publicitat. Des de 2015 hem gestionat com si fora una casa: gastem el que tenim, invertim amb prud\u00e8ncia i prestem serveis a la ciutadania\u201d, ha afirmat Ramiro per a remarcar que el model del grup del PSPV prioritza les ajudes a les fam\u00edlies que m\u00e9s ho necessiten, com les subvencions municipals a l\u2019impost de bens immobles, la taxa de residus o les escoles esportives.<\/p>\n\n\n\n<p>EL PP ADVOCA PER ALLEUJAR LA PRESSI\u00d3 FISCAL<\/p>\n\n\n\n<p>Per la seua banda, el portaveu del PP, \u00c0lex Hern\u00e0ndez, ha emmarcat la proposta com a resposta a una demanda ciutadana per una fiscalitat m\u00e9s justa. En eixe sentit, la recordat que en 2022 ja es va aprovar una rebaixa, per\u00f2 en 2023 es van incrementar les taxes, generant malestar.<\/p>\n\n\n\n<p>Al seu entendre, el ple t\u00e9 compet\u00e8ncia per iniciar la modificaci\u00f3 de l\u2019ordenan\u00e7a, i ha criticat que el govern municipal intentara frenar la votaci\u00f3 amb un informe jur\u00eddic extern no vinculant, sense presentar l\u2019informe del Secretari-Interventor.<\/p>\n\n\n\n<p>\u201cHem actuat amb responsabilitat, ja que aquesta rebaixa no posa en risc els serveis, sin\u00f3 que alleuja la c\u00e0rrega fiscal de les fam\u00edlies, aut\u00f2noms i comer\u00e7os i el govern ha intentat bloquejar la majoria del ple amb maniobres poc transparents\u201d, ha subratllat per a anunciar que des del Partit Popular es continuar\u00e0 treballant per fer efectiva la modificaci\u00f3 en la que ha agra\u00eft el suport de Comprom\u00eds per a destacar que \u201cquan es prioritza l\u2019inter\u00e9s del poble, les ideologies no s\u00f3n una barrera\u201d.<\/p>\n\n\n\n<p>SUPORT CR\u00cdTIC I OBERTURA AL DI\u00c0LEG DE COMPROM\u00cdS<\/p>\n\n\n\n<p>Pel que fa a la postura de Comprom\u00eds, el regidor Llu\u00eds Forn\u00e9s, ha justificat el vot favorable tot criticant el discurs alarmista del PSPV per a assegurar que que els serveis municipals no es veuran afectats per la rebaixa, i ha posat com a exemple que no s\u2019han proposat retallades en convenis com el de les escoles esportives. Tamb\u00e9 ha recordat que al pacte signat el 2015 per PSPV i Comprom\u00eds per governar, es consensuava baixar l\u2019IBI durant deu anys.<\/p>\n\n\n\n<p>Segons ha apuntat el portaveu valencianista \u201cno compartim la pedagogia de la por. Si una fam\u00edlia pot estalviar 50 euros en l\u2019IBI, pot compensar part de l\u2019increment de les escoles esportives i Cal ajudar les persones amb pol\u00edtiques socials reals\u201d. En eixa deriva, Forn\u00e9s ha lamentat que, tot i disposar de 176.000 euros, no s\u2019ha invertit en vivenda, i ha reclamat accions per rehabilitar cases abandonades al nucli antic. Tamb\u00e9 ha apel\u00b7lat al di\u00e0leg per ajustar la proposta si cal, per quant, remarca \u201csi no pot ser una rebaixa de 12 punts, que siga de 10. Estem oberts a negociar i a parlar amb Intervenci\u00f3 per garantir la viabilitat\u201d.<\/p>\n\n\n\n<p>&nbsp;&nbsp;&nbsp;&nbsp;&nbsp;&nbsp; Vist el vist, l\u2019Ajuntament d&#8217;Ondara continuar\u00e0 ara amb el procediment administratiu per avaluar la viabilitat de la modificaci\u00f3 de l&#8217;ordenan\u00e7a fiscal.<\/p>\n","protected":false},"excerpt":{"rendered":"La corporaci\u00f3 municipal d\u2019Ondara ha aprovat en ple extraordinari l\u2019inici del procediment per modificar l\u2019ordenan\u00e7a fiscal de l\u2019Impost&hellip;","protected":false},"author":4,"featured_media":79288,"comment_status":"closed","ping_status":"closed","sticky":false,"template":"","format":"standard","meta":{"csco_display_header_overlay":false,"csco_singular_sidebar":"","csco_page_header_type":"","csco_page_load_nextpost":"","csco_post_video_location":[],"csco_post_video_location_hash":"","csco_post_video_url":"","csco_post_video_bg_start_time":0,"csco_post_video_bg_end_time":0,"footnotes":""},"categories":[575],"tags":[4427,2481,661,4645,4646],"class_list":{"0":"post-79286","1":"post","2":"type-post","3":"status-publish","4":"format-standard","5":"has-post-thumbnail","7":"category-politica-2","8":"tag-ibi","9":"tag-modificacio","10":"tag-ondara-2","11":"tag-ordenanca","12":"tag-ple-extraordinari-2","13":"cs-entry","14":"cs-video-wrap"},"yoast_head":"<!-- This site is optimized with the Yoast SEO Premium plugin v26.6 (Yoast SEO v27.3) - https:\/\/yoast.com\/product\/yoast-seo-premium-wordpress\/ -->\n<title>Controvertida modificaci\u00f3 de l\u2019ordenan\u00e7a de l\u2019IBI a Ondara - Canfali<\/title>\n<meta name=\"robots\" content=\"index, follow, max-snippet:-1, max-image-preview:large, max-video-preview:-1\" \/>\n<link rel=\"canonical\" href=\"https:\/\/canfali.com\/ca-es\/controvertida-modificacio-de-lordenanca-de-libi-a-ondara\/\" \/>\n<meta property=\"og:locale\" content=\"en_US\" \/>\n<meta property=\"og:type\" content=\"article\" \/>\n<meta property=\"og:title\" content=\"Controvertida modificaci\u00f3 de l\u2019ordenan\u00e7a de l\u2019IBI a Ondara\" \/>\n<meta property=\"og:description\" content=\"La corporaci\u00f3 municipal d\u2019Ondara ha aprovat en ple extraordinari l\u2019inici del procediment per modificar l\u2019ordenan\u00e7a fiscal de l\u2019Impost&hellip;\" \/>\n<meta property=\"og:url\" content=\"https:\/\/canfali.com\/ca-es\/controvertida-modificacio-de-lordenanca-de-libi-a-ondara\/\" \/>\n<meta property=\"og:site_name\" content=\"Canfali\" \/>\n<meta property=\"article:publisher\" content=\"https:\/\/es-es.facebook.com\/CANFALIMarinaAlta\" \/>\n<meta property=\"article:published_time\" content=\"2025-10-24T09:57:51+00:00\" \/>\n<meta property=\"article:modified_time\" content=\"2025-10-24T09:57:52+00:00\" \/>\n<meta property=\"og:image\" content=\"https:\/\/canfali.com\/app\/uploads\/2025\/10\/PLEONDARABAIXADAIBI.jpg\" \/>\n\t<meta property=\"og:image:width\" content=\"1054\" \/>\n\t<meta property=\"og:image:height\" content=\"525\" \/>\n\t<meta property=\"og:image:type\" content=\"image\/jpeg\" \/>\n<meta name=\"author\" content=\"JJ Mas\" \/>\n<meta name=\"twitter:card\" content=\"summary_large_image\" \/>\n<meta name=\"twitter:creator\" content=\"@canfalima\" \/>\n<meta name=\"twitter:site\" content=\"@canfalima\" \/>\n<meta name=\"twitter:label1\" content=\"Written by\" \/>\n\t<meta name=\"twitter:data1\" content=\"JJ Mas\" \/>\n\t<meta name=\"twitter:label2\" content=\"Est. reading time\" \/>\n\t<meta name=\"twitter:data2\" content=\"4 minutes\" \/>\n<script type=\"application\/ld+json\" class=\"yoast-schema-graph\">{\"@context\":\"https:\\\/\\\/schema.org\",\"@graph\":[{\"@type\":\"NewsArticle\",\"@id\":\"https:\\\/\\\/canfali.com\\\/ca-es\\\/controvertida-modificacio-de-lordenanca-de-libi-a-ondara\\\/#article\",\"isPartOf\":{\"@id\":\"https:\\\/\\\/canfali.com\\\/ca-es\\\/controvertida-modificacio-de-lordenanca-de-libi-a-ondara\\\/\"},\"author\":{\"name\":\"JJ Mas\",\"@id\":\"https:\\\/\\\/canfali.com\\\/ca-es\\\/#\\\/schema\\\/person\\\/d834d2d4df17cac754d3c314d4c404ef\"},\"headline\":\"Controvertida modificaci\u00f3 de l\u2019ordenan\u00e7a de l\u2019IBI a Ondara\",\"datePublished\":\"2025-10-24T09:57:51+00:00\",\"dateModified\":\"2025-10-24T09:57:52+00:00\",\"mainEntityOfPage\":{\"@id\":\"https:\\\/\\\/canfali.com\\\/ca-es\\\/controvertida-modificacio-de-lordenanca-de-libi-a-ondara\\\/\"},\"wordCount\":738,\"publisher\":{\"@id\":\"https:\\\/\\\/canfali.com\\\/ca-es\\\/#organization\"},\"image\":{\"@id\":\"https:\\\/\\\/canfali.com\\\/ca-es\\\/controvertida-modificacio-de-lordenanca-de-libi-a-ondara\\\/#primaryimage\"},\"thumbnailUrl\":\"https:\\\/\\\/canfali.com\\\/app\\\/uploads\\\/2025\\\/10\\\/PLEONDARABAIXADAIBI.jpg\",\"keywords\":[\"IBi\",\"modificaci\u00f3\",\"Ondara\",\"ordenan\u00e7a\",\"Ple extraordinari\"],\"articleSection\":[\"Pol\u00edtica\"],\"inLanguage\":\"va-ES\",\"copyrightYear\":\"2025\",\"copyrightHolder\":{\"@id\":\"https:\\\/\\\/canfali.com\\\/#organization\"}},{\"@type\":\"WebPage\",\"@id\":\"https:\\\/\\\/canfali.com\\\/ca-es\\\/controvertida-modificacio-de-lordenanca-de-libi-a-ondara\\\/\",\"url\":\"https:\\\/\\\/canfali.com\\\/ca-es\\\/controvertida-modificacio-de-lordenanca-de-libi-a-ondara\\\/\",\"name\":\"Controvertida modificaci\u00f3 de l\u2019ordenan\u00e7a de l\u2019IBI a Ondara - Canfali\",\"isPartOf\":{\"@id\":\"https:\\\/\\\/canfali.com\\\/ca-es\\\/#website\"},\"primaryImageOfPage\":{\"@id\":\"https:\\\/\\\/canfali.com\\\/ca-es\\\/controvertida-modificacio-de-lordenanca-de-libi-a-ondara\\\/#primaryimage\"},\"image\":{\"@id\":\"https:\\\/\\\/canfali.com\\\/ca-es\\\/controvertida-modificacio-de-lordenanca-de-libi-a-ondara\\\/#primaryimage\"},\"thumbnailUrl\":\"https:\\\/\\\/canfali.com\\\/app\\\/uploads\\\/2025\\\/10\\\/PLEONDARABAIXADAIBI.jpg\",\"datePublished\":\"2025-10-24T09:57:51+00:00\",\"dateModified\":\"2025-10-24T09:57:52+00:00\",\"breadcrumb\":{\"@id\":\"https:\\\/\\\/canfali.com\\\/ca-es\\\/controvertida-modificacio-de-lordenanca-de-libi-a-ondara\\\/#breadcrumb\"},\"inLanguage\":\"va-ES\",\"potentialAction\":[{\"@type\":\"ReadAction\",\"target\":[\"https:\\\/\\\/canfali.com\\\/ca-es\\\/controvertida-modificacio-de-lordenanca-de-libi-a-ondara\\\/\"]}]},{\"@type\":\"ImageObject\",\"inLanguage\":\"va-ES\",\"@id\":\"https:\\\/\\\/canfali.com\\\/ca-es\\\/controvertida-modificacio-de-lordenanca-de-libi-a-ondara\\\/#primaryimage\",\"url\":\"https:\\\/\\\/canfali.com\\\/app\\\/uploads\\\/2025\\\/10\\\/PLEONDARABAIXADAIBI.jpg\",\"contentUrl\":\"https:\\\/\\\/canfali.com\\\/app\\\/uploads\\\/2025\\\/10\\\/PLEONDARABAIXADAIBI.jpg\",\"width\":1054,\"height\":525},{\"@type\":\"BreadcrumbList\",\"@id\":\"https:\\\/\\\/canfali.com\\\/ca-es\\\/controvertida-modificacio-de-lordenanca-de-libi-a-ondara\\\/#breadcrumb\",\"itemListElement\":[{\"@type\":\"ListItem\",\"position\":1,\"name\":\"Portada\",\"item\":\"https:\\\/\\\/canfali.com\\\/ca-es\\\/\"},{\"@type\":\"ListItem\",\"position\":2,\"name\":\"Controvertida modificaci\u00f3 de l\u2019ordenan\u00e7a de l\u2019IBI a Ondara\"}]},{\"@type\":\"WebSite\",\"@id\":\"https:\\\/\\\/canfali.com\\\/ca-es\\\/#website\",\"url\":\"https:\\\/\\\/canfali.com\\\/ca-es\\\/\",\"name\":\"Canfali\",\"description\":\"\",\"publisher\":{\"@id\":\"https:\\\/\\\/canfali.com\\\/ca-es\\\/#organization\"},\"potentialAction\":[{\"@type\":\"SearchAction\",\"target\":{\"@type\":\"EntryPoint\",\"urlTemplate\":\"https:\\\/\\\/canfali.com\\\/ca-es\\\/?s={search_term_string}\"},\"query-input\":{\"@type\":\"PropertyValueSpecification\",\"valueRequired\":true,\"valueName\":\"search_term_string\"}}],\"inLanguage\":\"va-ES\"},{\"@type\":\"Organization\",\"@id\":\"https:\\\/\\\/canfali.com\\\/ca-es\\\/#organization\",\"name\":\"Canfali\",\"url\":\"https:\\\/\\\/canfali.com\\\/ca-es\\\/\",\"logo\":{\"@type\":\"ImageObject\",\"inLanguage\":\"va-ES\",\"@id\":\"https:\\\/\\\/canfali.com\\\/ca-es\\\/#\\\/schema\\\/logo\\\/image\\\/\",\"url\":\"https:\\\/\\\/canfali.com\\\/app\\\/uploads\\\/2025\\\/12\\\/canfali_marina_alta_logo.png\",\"contentUrl\":\"https:\\\/\\\/canfali.com\\\/app\\\/uploads\\\/2025\\\/12\\\/canfali_marina_alta_logo.png\",\"width\":225,\"height\":225,\"caption\":\"Canfali\"},\"image\":{\"@id\":\"https:\\\/\\\/canfali.com\\\/ca-es\\\/#\\\/schema\\\/logo\\\/image\\\/\"},\"sameAs\":[\"https:\\\/\\\/es-es.facebook.com\\\/CANFALIMarinaAlta\",\"https:\\\/\\\/x.com\\\/canfalima\",\"https:\\\/\\\/www.instagram.com\\\/canfalimarinaalta\\\/\"]},{\"@type\":\"Person\",\"@id\":\"https:\\\/\\\/canfali.com\\\/ca-es\\\/#\\\/schema\\\/person\\\/d834d2d4df17cac754d3c314d4c404ef\",\"name\":\"JJ Mas\",\"image\":{\"@type\":\"ImageObject\",\"inLanguage\":\"va-ES\",\"@id\":\"https:\\\/\\\/secure.gravatar.com\\\/avatar\\\/65a5191f5438bf88c2394f6d1a625a6ff903c8785268e603c623a83bc15ba1ee?s=96&d=mm&r=g\",\"url\":\"https:\\\/\\\/secure.gravatar.com\\\/avatar\\\/65a5191f5438bf88c2394f6d1a625a6ff903c8785268e603c623a83bc15ba1ee?s=96&d=mm&r=g\",\"contentUrl\":\"https:\\\/\\\/secure.gravatar.com\\\/avatar\\\/65a5191f5438bf88c2394f6d1a625a6ff903c8785268e603c623a83bc15ba1ee?s=96&d=mm&r=g\",\"caption\":\"JJ Mas\"},\"url\":\"https:\\\/\\\/canfali.com\\\/ca-es\\\/author\\\/jj\\\/\"}]}<\/script>\n<!-- \/ Yoast SEO Premium plugin. -->","yoast_head_json":{"title":"Controvertida modificaci\u00f3 de l\u2019ordenan\u00e7a de l\u2019IBI a Ondara - Canfali","robots":{"index":"index","follow":"follow","max-snippet":"max-snippet:-1","max-image-preview":"max-image-preview:large","max-video-preview":"max-video-preview:-1"},"canonical":"https:\/\/canfali.com\/ca-es\/controvertida-modificacio-de-lordenanca-de-libi-a-ondara\/","og_locale":"en_US","og_type":"article","og_title":"Controvertida modificaci\u00f3 de l\u2019ordenan\u00e7a de l\u2019IBI a Ondara","og_description":"La corporaci\u00f3 municipal d\u2019Ondara ha aprovat en ple extraordinari l\u2019inici del procediment per modificar l\u2019ordenan\u00e7a fiscal de l\u2019Impost&hellip;","og_url":"https:\/\/canfali.com\/ca-es\/controvertida-modificacio-de-lordenanca-de-libi-a-ondara\/","og_site_name":"Canfali","article_publisher":"https:\/\/es-es.facebook.com\/CANFALIMarinaAlta","article_published_time":"2025-10-24T09:57:51+00:00","article_modified_time":"2025-10-24T09:57:52+00:00","og_image":[{"width":1054,"height":525,"url":"https:\/\/canfali.com\/app\/uploads\/2025\/10\/PLEONDARABAIXADAIBI.jpg","type":"image\/jpeg"}],"author":"JJ Mas","twitter_card":"summary_large_image","twitter_creator":"@canfalima","twitter_site":"@canfalima","twitter_misc":{"Written by":"JJ Mas","Est. reading time":"4 minutes"},"schema":{"@context":"https:\/\/schema.org","@graph":[{"@type":"NewsArticle","@id":"https:\/\/canfali.com\/ca-es\/controvertida-modificacio-de-lordenanca-de-libi-a-ondara\/#article","isPartOf":{"@id":"https:\/\/canfali.com\/ca-es\/controvertida-modificacio-de-lordenanca-de-libi-a-ondara\/"},"author":{"name":"JJ Mas","@id":"https:\/\/canfali.com\/ca-es\/#\/schema\/person\/d834d2d4df17cac754d3c314d4c404ef"},"headline":"Controvertida modificaci\u00f3 de l\u2019ordenan\u00e7a de l\u2019IBI a Ondara","datePublished":"2025-10-24T09:57:51+00:00","dateModified":"2025-10-24T09:57:52+00:00","mainEntityOfPage":{"@id":"https:\/\/canfali.com\/ca-es\/controvertida-modificacio-de-lordenanca-de-libi-a-ondara\/"},"wordCount":738,"publisher":{"@id":"https:\/\/canfali.com\/ca-es\/#organization"},"image":{"@id":"https:\/\/canfali.com\/ca-es\/controvertida-modificacio-de-lordenanca-de-libi-a-ondara\/#primaryimage"},"thumbnailUrl":"https:\/\/canfali.com\/app\/uploads\/2025\/10\/PLEONDARABAIXADAIBI.jpg","keywords":["IBi","modificaci\u00f3","Ondara","ordenan\u00e7a","Ple extraordinari"],"articleSection":["Pol\u00edtica"],"inLanguage":"va-ES","copyrightYear":"2025","copyrightHolder":{"@id":"https:\/\/canfali.com\/#organization"}},{"@type":"WebPage","@id":"https:\/\/canfali.com\/ca-es\/controvertida-modificacio-de-lordenanca-de-libi-a-ondara\/","url":"https:\/\/canfali.com\/ca-es\/controvertida-modificacio-de-lordenanca-de-libi-a-ondara\/","name":"Controvertida modificaci\u00f3 de l\u2019ordenan\u00e7a de l\u2019IBI a Ondara - Canfali","isPartOf":{"@id":"https:\/\/canfali.com\/ca-es\/#website"},"primaryImageOfPage":{"@id":"https:\/\/canfali.com\/ca-es\/controvertida-modificacio-de-lordenanca-de-libi-a-ondara\/#primaryimage"},"image":{"@id":"https:\/\/canfali.com\/ca-es\/controvertida-modificacio-de-lordenanca-de-libi-a-ondara\/#primaryimage"},"thumbnailUrl":"https:\/\/canfali.com\/app\/uploads\/2025\/10\/PLEONDARABAIXADAIBI.jpg","datePublished":"2025-10-24T09:57:51+00:00","dateModified":"2025-10-24T09:57:52+00:00","breadcrumb":{"@id":"https:\/\/canfali.com\/ca-es\/controvertida-modificacio-de-lordenanca-de-libi-a-ondara\/#breadcrumb"},"inLanguage":"va-ES","potentialAction":[{"@type":"ReadAction","target":["https:\/\/canfali.com\/ca-es\/controvertida-modificacio-de-lordenanca-de-libi-a-ondara\/"]}]},{"@type":"ImageObject","inLanguage":"va-ES","@id":"https:\/\/canfali.com\/ca-es\/controvertida-modificacio-de-lordenanca-de-libi-a-ondara\/#primaryimage","url":"https:\/\/canfali.com\/app\/uploads\/2025\/10\/PLEONDARABAIXADAIBI.jpg","contentUrl":"https:\/\/canfali.com\/app\/uploads\/2025\/10\/PLEONDARABAIXADAIBI.jpg","width":1054,"height":525},{"@type":"BreadcrumbList","@id":"https:\/\/canfali.com\/ca-es\/controvertida-modificacio-de-lordenanca-de-libi-a-ondara\/#breadcrumb","itemListElement":[{"@type":"ListItem","position":1,"name":"Portada","item":"https:\/\/canfali.com\/ca-es\/"},{"@type":"ListItem","position":2,"name":"Controvertida modificaci\u00f3 de l\u2019ordenan\u00e7a de l\u2019IBI a Ondara"}]},{"@type":"WebSite","@id":"https:\/\/canfali.com\/ca-es\/#website","url":"https:\/\/canfali.com\/ca-es\/","name":"Canfali","description":"","publisher":{"@id":"https:\/\/canfali.com\/ca-es\/#organization"},"potentialAction":[{"@type":"SearchAction","target":{"@type":"EntryPoint","urlTemplate":"https:\/\/canfali.com\/ca-es\/?s={search_term_string}"},"query-input":{"@type":"PropertyValueSpecification","valueRequired":true,"valueName":"search_term_string"}}],"inLanguage":"va-ES"},{"@type":"Organization","@id":"https:\/\/canfali.com\/ca-es\/#organization","name":"Canfali","url":"https:\/\/canfali.com\/ca-es\/","logo":{"@type":"ImageObject","inLanguage":"va-ES","@id":"https:\/\/canfali.com\/ca-es\/#\/schema\/logo\/image\/","url":"https:\/\/canfali.com\/app\/uploads\/2025\/12\/canfali_marina_alta_logo.png","contentUrl":"https:\/\/canfali.com\/app\/uploads\/2025\/12\/canfali_marina_alta_logo.png","width":225,"height":225,"caption":"Canfali"},"image":{"@id":"https:\/\/canfali.com\/ca-es\/#\/schema\/logo\/image\/"},"sameAs":["https:\/\/es-es.facebook.com\/CANFALIMarinaAlta","https:\/\/x.com\/canfalima","https:\/\/www.instagram.com\/canfalimarinaalta\/"]},{"@type":"Person","@id":"https:\/\/canfali.com\/ca-es\/#\/schema\/person\/d834d2d4df17cac754d3c314d4c404ef","name":"JJ Mas","image":{"@type":"ImageObject","inLanguage":"va-ES","@id":"https:\/\/secure.gravatar.com\/avatar\/65a5191f5438bf88c2394f6d1a625a6ff903c8785268e603c623a83bc15ba1ee?s=96&d=mm&r=g","url":"https:\/\/secure.gravatar.com\/avatar\/65a5191f5438bf88c2394f6d1a625a6ff903c8785268e603c623a83bc15ba1ee?s=96&d=mm&r=g","contentUrl":"https:\/\/secure.gravatar.com\/avatar\/65a5191f5438bf88c2394f6d1a625a6ff903c8785268e603c623a83bc15ba1ee?s=96&d=mm&r=g","caption":"JJ Mas"},"url":"https:\/\/canfali.com\/ca-es\/author\/jj\/"}]}},"_links":{"self":[{"href":"https:\/\/canfali.com\/ca-es\/wp-json\/wp\/v2\/posts\/79286","targetHints":{"allow":["GET"]}}],"collection":[{"href":"https:\/\/canfali.com\/ca-es\/wp-json\/wp\/v2\/posts"}],"about":[{"href":"https:\/\/canfali.com\/ca-es\/wp-json\/wp\/v2\/types\/post"}],"author":[{"embeddable":true,"href":"https:\/\/canfali.com\/ca-es\/wp-json\/wp\/v2\/users\/4"}],"replies":[{"embeddable":true,"href":"https:\/\/canfali.com\/ca-es\/wp-json\/wp\/v2\/comments?post=79286"}],"version-history":[{"count":1,"href":"https:\/\/canfali.com\/ca-es\/wp-json\/wp\/v2\/posts\/79286\/revisions"}],"predecessor-version":[{"id":79313,"href":"https:\/\/canfali.com\/ca-es\/wp-json\/wp\/v2\/posts\/79286\/revisions\/79313"}],"wp:featuredmedia":[{"embeddable":true,"href":"https:\/\/canfali.com\/ca-es\/wp-json\/wp\/v2\/media\/79288"}],"wp:attachment":[{"href":"https:\/\/canfali.com\/ca-es\/wp-json\/wp\/v2\/media?parent=79286"}],"wp:term":[{"taxonomy":"category","embeddable":true,"href":"https:\/\/canfali.com\/ca-es\/wp-json\/wp\/v2\/categories?post=79286"},{"taxonomy":"post_tag","embeddable":true,"href":"https:\/\/canfali.com\/ca-es\/wp-json\/wp\/v2\/tags?post=79286"}],"curies":[{"name":"wp","href":"https:\/\/api.w.org\/{rel}","templated":true}]}}