{"id":79247,"date":"2025-10-23T16:20:52","date_gmt":"2025-10-23T14:20:52","guid":{"rendered":"https:\/\/canfali.com\/?p=79247"},"modified":"2025-10-23T16:20:53","modified_gmt":"2025-10-23T14:20:53","slug":"els-25-anys-de-trajectoria-poetica-de-josep-orihuel-a-escena","status":"publish","type":"post","link":"https:\/\/canfali.com\/ca-es\/els-25-anys-de-trajectoria-poetica-de-josep-orihuel-a-escena\/","title":{"rendered":"Els 25 anys de traject\u00f2ria po\u00e8tica de Josep Orihuel a escena"},"content":{"rendered":"\n<p><strong>El rapsoda pegol\u00ed presenta dissabte l\u2019espectacle <em>Cels de sal\u00a0<\/em><\/strong><\/p>\n\n\n\n<p>El m\u00f3n cultural de la Marina Alta es reunir\u00e0 el proper dissabte a Pego per a commemorar el quart de segle de la publicaci\u00f3 del poemari <em>l\u2019\u00c0mbit prohibit<\/em> del pegol\u00ed Josep Orihuel.<\/p>\n\n\n\n<p>&nbsp;&nbsp;&nbsp;&nbsp;&nbsp;&nbsp; La jornada t\u00e9 previst iniciar-se a les 11.30 hores a la Casa de Cultura amb la taula redona <em>Perspectives de l\u2019obra po\u00e8tica<\/em> de l\u2019autor, que estar\u00e0 condu\u00efda per C\u00e9sar Monzon\u00eds, amb les intervencions dels escriptors Tom\u00e0s Llopis i Salvador Bolufer, per a analitzar la traject\u00f2ria d\u2019Orihuel. L\u2019an\u00e0lisi estar\u00e0 complementat amb la participaci\u00f3 de Joan Ortol\u00e0 i Adel\u00b7l\u00ed Bertomeu per a parlar de la relaci\u00f3 entre poesia i m\u00fasica, als que s\u2019unir\u00e0 Cl\u00e0udia Molina per a aportar &nbsp;la mirada des de les arts visuals.<\/p>\n\n\n\n<p>\u00a0\u00a0\u00a0\u00a0\u00a0\u00a0 L\u2019escenari es traslladar\u00e0 a l\u2019Espai Ve\u00efnal a la vesprada per a que rapsodes com Benjam\u00edn Ortol\u00e0, Pep Soler, Jos\u00e9 Miguel Mut Ronda, Joan Femenia o Joan Mestre protagonitzen un recital a partir de les 17 hores per a ambientar l\u2019\u00faltim l\u2019espectacle d\u2019Orihuel que, sota el t\u00edtol de <em>Cels de Sal,<\/em> fusiona poesia, m\u00fasica i imatge en una experi\u00e8ncia multisensorial i innovadora, on la veu del poeta estar\u00e0 acompanyada per Cl\u00e0udia Ortol\u00e0 al piano, Diego Mestre al viol\u00ed i Joan Bou a la percussi\u00f3.<\/p>\n\n\n\n<p>&nbsp;&nbsp;&nbsp;&nbsp;&nbsp;&nbsp; Tot aix\u00f2 culminar\u00e0 amb el concert intimista i proper del trio Jasslu.<\/p>\n\n\n\n<p>\u00a0\u00a0\u00a0\u00a0\u00a0\u00a0 \u201cLa poesia nom\u00e9s viu si \u00e9s dita i compartida, de forma que aquests vint-i-cinc anys s\u00f3n una manera d\u2019agrair tot all\u00f2 que la paraula ens ha regalat\u201d ha manifestat l\u2019autor i rapsode pegol\u00ed per a agrair la col\u00b7laboraci\u00f3 en la iniciativa de l\u2019Ajuntament de Pego, l\u2019Espai Ve\u00efnal Toni Ribera, Dijous Teatre, Atza\u00efla Associaci\u00f3 Cultural i Gent d\u2019ac\u00ed.<\/p>\n","protected":false},"excerpt":{"rendered":"El rapsoda pegol\u00ed presenta dissabte l\u2019espectacle Cels de sal\u00a0 El m\u00f3n cultural de la Marina Alta es reunir\u00e0&hellip;","protected":false},"author":4,"featured_media":79248,"comment_status":"closed","ping_status":"closed","sticky":false,"template":"","format":"standard","meta":{"csco_display_header_overlay":false,"csco_singular_sidebar":"","csco_page_header_type":"","csco_page_load_nextpost":"","csco_post_video_location":[],"csco_post_video_location_hash":"","csco_post_video_url":"","csco_post_video_bg_start_time":0,"csco_post_video_bg_end_time":0,"footnotes":""},"categories":[597],"tags":[4625,4626,4629,4628,4627],"class_list":{"0":"post-79247","1":"post","2":"type-post","3":"status-publish","4":"format-standard","5":"has-post-thumbnail","7":"category-cultura-ca-es","8":"tag-cels-de-sal","9":"tag-josep-oribuel","10":"tag-poesia","11":"tag-trajectoria","12":"tag-vint-i-cinc-anys","13":"cs-entry","14":"cs-video-wrap"},"yoast_head":"<!-- This site is optimized with the Yoast SEO Premium plugin v26.6 (Yoast SEO v27.3) - https:\/\/yoast.com\/product\/yoast-seo-premium-wordpress\/ -->\n<title>Els 25 anys de traject\u00f2ria po\u00e8tica de Josep Orihuel a escena - Canfali<\/title>\n<meta name=\"robots\" content=\"index, follow, max-snippet:-1, max-image-preview:large, max-video-preview:-1\" \/>\n<link rel=\"canonical\" href=\"https:\/\/canfali.com\/ca-es\/els-25-anys-de-trajectoria-poetica-de-josep-orihuel-a-escena\/\" \/>\n<meta property=\"og:locale\" content=\"en_US\" \/>\n<meta property=\"og:type\" content=\"article\" \/>\n<meta property=\"og:title\" content=\"Els 25 anys de traject\u00f2ria po\u00e8tica de Josep Orihuel a escena\" \/>\n<meta property=\"og:description\" content=\"El rapsoda pegol\u00ed presenta dissabte l\u2019espectacle Cels de sal\u00a0 El m\u00f3n cultural de la Marina Alta es reunir\u00e0&hellip;\" \/>\n<meta property=\"og:url\" content=\"https:\/\/canfali.com\/ca-es\/els-25-anys-de-trajectoria-poetica-de-josep-orihuel-a-escena\/\" \/>\n<meta property=\"og:site_name\" content=\"Canfali\" \/>\n<meta property=\"article:publisher\" content=\"https:\/\/es-es.facebook.com\/CANFALIMarinaAlta\" \/>\n<meta property=\"article:published_time\" content=\"2025-10-23T14:20:52+00:00\" \/>\n<meta property=\"article:modified_time\" content=\"2025-10-23T14:20:53+00:00\" \/>\n<meta property=\"og:image\" content=\"https:\/\/canfali.com\/app\/uploads\/2025\/10\/joseporihuel.jpg\" \/>\n\t<meta property=\"og:image:width\" content=\"1903\" \/>\n\t<meta property=\"og:image:height\" content=\"997\" \/>\n\t<meta property=\"og:image:type\" content=\"image\/jpeg\" \/>\n<meta name=\"author\" content=\"JJ Mas\" \/>\n<meta name=\"twitter:card\" content=\"summary_large_image\" \/>\n<meta name=\"twitter:creator\" content=\"@canfalima\" \/>\n<meta name=\"twitter:site\" content=\"@canfalima\" \/>\n<meta name=\"twitter:label1\" content=\"Written by\" \/>\n\t<meta name=\"twitter:data1\" content=\"JJ Mas\" \/>\n\t<meta name=\"twitter:label2\" content=\"Est. reading time\" \/>\n\t<meta name=\"twitter:data2\" content=\"2 minutes\" \/>\n<script type=\"application\/ld+json\" class=\"yoast-schema-graph\">{\"@context\":\"https:\\\/\\\/schema.org\",\"@graph\":[{\"@type\":\"NewsArticle\",\"@id\":\"https:\\\/\\\/canfali.com\\\/ca-es\\\/els-25-anys-de-trajectoria-poetica-de-josep-orihuel-a-escena\\\/#article\",\"isPartOf\":{\"@id\":\"https:\\\/\\\/canfali.com\\\/ca-es\\\/els-25-anys-de-trajectoria-poetica-de-josep-orihuel-a-escena\\\/\"},\"author\":{\"name\":\"JJ Mas\",\"@id\":\"https:\\\/\\\/canfali.com\\\/ca-es\\\/#\\\/schema\\\/person\\\/d834d2d4df17cac754d3c314d4c404ef\"},\"headline\":\"Els 25 anys de traject\u00f2ria po\u00e8tica de Josep Orihuel a escena\",\"datePublished\":\"2025-10-23T14:20:52+00:00\",\"dateModified\":\"2025-10-23T14:20:53+00:00\",\"mainEntityOfPage\":{\"@id\":\"https:\\\/\\\/canfali.com\\\/ca-es\\\/els-25-anys-de-trajectoria-poetica-de-josep-orihuel-a-escena\\\/\"},\"wordCount\":338,\"publisher\":{\"@id\":\"https:\\\/\\\/canfali.com\\\/ca-es\\\/#organization\"},\"image\":{\"@id\":\"https:\\\/\\\/canfali.com\\\/ca-es\\\/els-25-anys-de-trajectoria-poetica-de-josep-orihuel-a-escena\\\/#primaryimage\"},\"thumbnailUrl\":\"https:\\\/\\\/canfali.com\\\/app\\\/uploads\\\/2025\\\/10\\\/joseporihuel.jpg\",\"keywords\":[\"Cels de sal\",\"Josep Oribuel\",\"poesia\",\"traject\u00f2ria\",\"vint-i-cinc anys\"],\"articleSection\":[\"Cultura\"],\"inLanguage\":\"va-ES\",\"copyrightYear\":\"2025\",\"copyrightHolder\":{\"@id\":\"https:\\\/\\\/canfali.com\\\/#organization\"}},{\"@type\":\"WebPage\",\"@id\":\"https:\\\/\\\/canfali.com\\\/ca-es\\\/els-25-anys-de-trajectoria-poetica-de-josep-orihuel-a-escena\\\/\",\"url\":\"https:\\\/\\\/canfali.com\\\/ca-es\\\/els-25-anys-de-trajectoria-poetica-de-josep-orihuel-a-escena\\\/\",\"name\":\"Els 25 anys de traject\u00f2ria po\u00e8tica de Josep Orihuel a escena - Canfali\",\"isPartOf\":{\"@id\":\"https:\\\/\\\/canfali.com\\\/ca-es\\\/#website\"},\"primaryImageOfPage\":{\"@id\":\"https:\\\/\\\/canfali.com\\\/ca-es\\\/els-25-anys-de-trajectoria-poetica-de-josep-orihuel-a-escena\\\/#primaryimage\"},\"image\":{\"@id\":\"https:\\\/\\\/canfali.com\\\/ca-es\\\/els-25-anys-de-trajectoria-poetica-de-josep-orihuel-a-escena\\\/#primaryimage\"},\"thumbnailUrl\":\"https:\\\/\\\/canfali.com\\\/app\\\/uploads\\\/2025\\\/10\\\/joseporihuel.jpg\",\"datePublished\":\"2025-10-23T14:20:52+00:00\",\"dateModified\":\"2025-10-23T14:20:53+00:00\",\"breadcrumb\":{\"@id\":\"https:\\\/\\\/canfali.com\\\/ca-es\\\/els-25-anys-de-trajectoria-poetica-de-josep-orihuel-a-escena\\\/#breadcrumb\"},\"inLanguage\":\"va-ES\",\"potentialAction\":[{\"@type\":\"ReadAction\",\"target\":[\"https:\\\/\\\/canfali.com\\\/ca-es\\\/els-25-anys-de-trajectoria-poetica-de-josep-orihuel-a-escena\\\/\"]}]},{\"@type\":\"ImageObject\",\"inLanguage\":\"va-ES\",\"@id\":\"https:\\\/\\\/canfali.com\\\/ca-es\\\/els-25-anys-de-trajectoria-poetica-de-josep-orihuel-a-escena\\\/#primaryimage\",\"url\":\"https:\\\/\\\/canfali.com\\\/app\\\/uploads\\\/2025\\\/10\\\/joseporihuel.jpg\",\"contentUrl\":\"https:\\\/\\\/canfali.com\\\/app\\\/uploads\\\/2025\\\/10\\\/joseporihuel.jpg\",\"width\":1903,\"height\":997,\"caption\":\"Plantilla-web\"},{\"@type\":\"BreadcrumbList\",\"@id\":\"https:\\\/\\\/canfali.com\\\/ca-es\\\/els-25-anys-de-trajectoria-poetica-de-josep-orihuel-a-escena\\\/#breadcrumb\",\"itemListElement\":[{\"@type\":\"ListItem\",\"position\":1,\"name\":\"Portada\",\"item\":\"https:\\\/\\\/canfali.com\\\/ca-es\\\/\"},{\"@type\":\"ListItem\",\"position\":2,\"name\":\"Els 25 anys de traject\u00f2ria po\u00e8tica de Josep Orihuel a escena\"}]},{\"@type\":\"WebSite\",\"@id\":\"https:\\\/\\\/canfali.com\\\/ca-es\\\/#website\",\"url\":\"https:\\\/\\\/canfali.com\\\/ca-es\\\/\",\"name\":\"Canfali\",\"description\":\"\",\"publisher\":{\"@id\":\"https:\\\/\\\/canfali.com\\\/ca-es\\\/#organization\"},\"potentialAction\":[{\"@type\":\"SearchAction\",\"target\":{\"@type\":\"EntryPoint\",\"urlTemplate\":\"https:\\\/\\\/canfali.com\\\/ca-es\\\/?s={search_term_string}\"},\"query-input\":{\"@type\":\"PropertyValueSpecification\",\"valueRequired\":true,\"valueName\":\"search_term_string\"}}],\"inLanguage\":\"va-ES\"},{\"@type\":\"Organization\",\"@id\":\"https:\\\/\\\/canfali.com\\\/ca-es\\\/#organization\",\"name\":\"Canfali\",\"url\":\"https:\\\/\\\/canfali.com\\\/ca-es\\\/\",\"logo\":{\"@type\":\"ImageObject\",\"inLanguage\":\"va-ES\",\"@id\":\"https:\\\/\\\/canfali.com\\\/ca-es\\\/#\\\/schema\\\/logo\\\/image\\\/\",\"url\":\"https:\\\/\\\/canfali.com\\\/app\\\/uploads\\\/2025\\\/12\\\/canfali_marina_alta_logo.png\",\"contentUrl\":\"https:\\\/\\\/canfali.com\\\/app\\\/uploads\\\/2025\\\/12\\\/canfali_marina_alta_logo.png\",\"width\":225,\"height\":225,\"caption\":\"Canfali\"},\"image\":{\"@id\":\"https:\\\/\\\/canfali.com\\\/ca-es\\\/#\\\/schema\\\/logo\\\/image\\\/\"},\"sameAs\":[\"https:\\\/\\\/es-es.facebook.com\\\/CANFALIMarinaAlta\",\"https:\\\/\\\/x.com\\\/canfalima\",\"https:\\\/\\\/www.instagram.com\\\/canfalimarinaalta\\\/\"]},{\"@type\":\"Person\",\"@id\":\"https:\\\/\\\/canfali.com\\\/ca-es\\\/#\\\/schema\\\/person\\\/d834d2d4df17cac754d3c314d4c404ef\",\"name\":\"JJ Mas\",\"image\":{\"@type\":\"ImageObject\",\"inLanguage\":\"va-ES\",\"@id\":\"https:\\\/\\\/secure.gravatar.com\\\/avatar\\\/65a5191f5438bf88c2394f6d1a625a6ff903c8785268e603c623a83bc15ba1ee?s=96&d=mm&r=g\",\"url\":\"https:\\\/\\\/secure.gravatar.com\\\/avatar\\\/65a5191f5438bf88c2394f6d1a625a6ff903c8785268e603c623a83bc15ba1ee?s=96&d=mm&r=g\",\"contentUrl\":\"https:\\\/\\\/secure.gravatar.com\\\/avatar\\\/65a5191f5438bf88c2394f6d1a625a6ff903c8785268e603c623a83bc15ba1ee?s=96&d=mm&r=g\",\"caption\":\"JJ Mas\"},\"url\":\"https:\\\/\\\/canfali.com\\\/ca-es\\\/author\\\/jj\\\/\"}]}<\/script>\n<!-- \/ Yoast SEO Premium plugin. -->","yoast_head_json":{"title":"Els 25 anys de traject\u00f2ria po\u00e8tica de Josep Orihuel a escena - Canfali","robots":{"index":"index","follow":"follow","max-snippet":"max-snippet:-1","max-image-preview":"max-image-preview:large","max-video-preview":"max-video-preview:-1"},"canonical":"https:\/\/canfali.com\/ca-es\/els-25-anys-de-trajectoria-poetica-de-josep-orihuel-a-escena\/","og_locale":"en_US","og_type":"article","og_title":"Els 25 anys de traject\u00f2ria po\u00e8tica de Josep Orihuel a escena","og_description":"El rapsoda pegol\u00ed presenta dissabte l\u2019espectacle Cels de sal\u00a0 El m\u00f3n cultural de la Marina Alta es reunir\u00e0&hellip;","og_url":"https:\/\/canfali.com\/ca-es\/els-25-anys-de-trajectoria-poetica-de-josep-orihuel-a-escena\/","og_site_name":"Canfali","article_publisher":"https:\/\/es-es.facebook.com\/CANFALIMarinaAlta","article_published_time":"2025-10-23T14:20:52+00:00","article_modified_time":"2025-10-23T14:20:53+00:00","og_image":[{"width":1903,"height":997,"url":"https:\/\/canfali.com\/app\/uploads\/2025\/10\/joseporihuel.jpg","type":"image\/jpeg"}],"author":"JJ Mas","twitter_card":"summary_large_image","twitter_creator":"@canfalima","twitter_site":"@canfalima","twitter_misc":{"Written by":"JJ Mas","Est. reading time":"2 minutes"},"schema":{"@context":"https:\/\/schema.org","@graph":[{"@type":"NewsArticle","@id":"https:\/\/canfali.com\/ca-es\/els-25-anys-de-trajectoria-poetica-de-josep-orihuel-a-escena\/#article","isPartOf":{"@id":"https:\/\/canfali.com\/ca-es\/els-25-anys-de-trajectoria-poetica-de-josep-orihuel-a-escena\/"},"author":{"name":"JJ Mas","@id":"https:\/\/canfali.com\/ca-es\/#\/schema\/person\/d834d2d4df17cac754d3c314d4c404ef"},"headline":"Els 25 anys de traject\u00f2ria po\u00e8tica de Josep Orihuel a escena","datePublished":"2025-10-23T14:20:52+00:00","dateModified":"2025-10-23T14:20:53+00:00","mainEntityOfPage":{"@id":"https:\/\/canfali.com\/ca-es\/els-25-anys-de-trajectoria-poetica-de-josep-orihuel-a-escena\/"},"wordCount":338,"publisher":{"@id":"https:\/\/canfali.com\/ca-es\/#organization"},"image":{"@id":"https:\/\/canfali.com\/ca-es\/els-25-anys-de-trajectoria-poetica-de-josep-orihuel-a-escena\/#primaryimage"},"thumbnailUrl":"https:\/\/canfali.com\/app\/uploads\/2025\/10\/joseporihuel.jpg","keywords":["Cels de sal","Josep Oribuel","poesia","traject\u00f2ria","vint-i-cinc anys"],"articleSection":["Cultura"],"inLanguage":"va-ES","copyrightYear":"2025","copyrightHolder":{"@id":"https:\/\/canfali.com\/#organization"}},{"@type":"WebPage","@id":"https:\/\/canfali.com\/ca-es\/els-25-anys-de-trajectoria-poetica-de-josep-orihuel-a-escena\/","url":"https:\/\/canfali.com\/ca-es\/els-25-anys-de-trajectoria-poetica-de-josep-orihuel-a-escena\/","name":"Els 25 anys de traject\u00f2ria po\u00e8tica de Josep Orihuel a escena - Canfali","isPartOf":{"@id":"https:\/\/canfali.com\/ca-es\/#website"},"primaryImageOfPage":{"@id":"https:\/\/canfali.com\/ca-es\/els-25-anys-de-trajectoria-poetica-de-josep-orihuel-a-escena\/#primaryimage"},"image":{"@id":"https:\/\/canfali.com\/ca-es\/els-25-anys-de-trajectoria-poetica-de-josep-orihuel-a-escena\/#primaryimage"},"thumbnailUrl":"https:\/\/canfali.com\/app\/uploads\/2025\/10\/joseporihuel.jpg","datePublished":"2025-10-23T14:20:52+00:00","dateModified":"2025-10-23T14:20:53+00:00","breadcrumb":{"@id":"https:\/\/canfali.com\/ca-es\/els-25-anys-de-trajectoria-poetica-de-josep-orihuel-a-escena\/#breadcrumb"},"inLanguage":"va-ES","potentialAction":[{"@type":"ReadAction","target":["https:\/\/canfali.com\/ca-es\/els-25-anys-de-trajectoria-poetica-de-josep-orihuel-a-escena\/"]}]},{"@type":"ImageObject","inLanguage":"va-ES","@id":"https:\/\/canfali.com\/ca-es\/els-25-anys-de-trajectoria-poetica-de-josep-orihuel-a-escena\/#primaryimage","url":"https:\/\/canfali.com\/app\/uploads\/2025\/10\/joseporihuel.jpg","contentUrl":"https:\/\/canfali.com\/app\/uploads\/2025\/10\/joseporihuel.jpg","width":1903,"height":997,"caption":"Plantilla-web"},{"@type":"BreadcrumbList","@id":"https:\/\/canfali.com\/ca-es\/els-25-anys-de-trajectoria-poetica-de-josep-orihuel-a-escena\/#breadcrumb","itemListElement":[{"@type":"ListItem","position":1,"name":"Portada","item":"https:\/\/canfali.com\/ca-es\/"},{"@type":"ListItem","position":2,"name":"Els 25 anys de traject\u00f2ria po\u00e8tica de Josep Orihuel a escena"}]},{"@type":"WebSite","@id":"https:\/\/canfali.com\/ca-es\/#website","url":"https:\/\/canfali.com\/ca-es\/","name":"Canfali","description":"","publisher":{"@id":"https:\/\/canfali.com\/ca-es\/#organization"},"potentialAction":[{"@type":"SearchAction","target":{"@type":"EntryPoint","urlTemplate":"https:\/\/canfali.com\/ca-es\/?s={search_term_string}"},"query-input":{"@type":"PropertyValueSpecification","valueRequired":true,"valueName":"search_term_string"}}],"inLanguage":"va-ES"},{"@type":"Organization","@id":"https:\/\/canfali.com\/ca-es\/#organization","name":"Canfali","url":"https:\/\/canfali.com\/ca-es\/","logo":{"@type":"ImageObject","inLanguage":"va-ES","@id":"https:\/\/canfali.com\/ca-es\/#\/schema\/logo\/image\/","url":"https:\/\/canfali.com\/app\/uploads\/2025\/12\/canfali_marina_alta_logo.png","contentUrl":"https:\/\/canfali.com\/app\/uploads\/2025\/12\/canfali_marina_alta_logo.png","width":225,"height":225,"caption":"Canfali"},"image":{"@id":"https:\/\/canfali.com\/ca-es\/#\/schema\/logo\/image\/"},"sameAs":["https:\/\/es-es.facebook.com\/CANFALIMarinaAlta","https:\/\/x.com\/canfalima","https:\/\/www.instagram.com\/canfalimarinaalta\/"]},{"@type":"Person","@id":"https:\/\/canfali.com\/ca-es\/#\/schema\/person\/d834d2d4df17cac754d3c314d4c404ef","name":"JJ Mas","image":{"@type":"ImageObject","inLanguage":"va-ES","@id":"https:\/\/secure.gravatar.com\/avatar\/65a5191f5438bf88c2394f6d1a625a6ff903c8785268e603c623a83bc15ba1ee?s=96&d=mm&r=g","url":"https:\/\/secure.gravatar.com\/avatar\/65a5191f5438bf88c2394f6d1a625a6ff903c8785268e603c623a83bc15ba1ee?s=96&d=mm&r=g","contentUrl":"https:\/\/secure.gravatar.com\/avatar\/65a5191f5438bf88c2394f6d1a625a6ff903c8785268e603c623a83bc15ba1ee?s=96&d=mm&r=g","caption":"JJ Mas"},"url":"https:\/\/canfali.com\/ca-es\/author\/jj\/"}]}},"_links":{"self":[{"href":"https:\/\/canfali.com\/ca-es\/wp-json\/wp\/v2\/posts\/79247","targetHints":{"allow":["GET"]}}],"collection":[{"href":"https:\/\/canfali.com\/ca-es\/wp-json\/wp\/v2\/posts"}],"about":[{"href":"https:\/\/canfali.com\/ca-es\/wp-json\/wp\/v2\/types\/post"}],"author":[{"embeddable":true,"href":"https:\/\/canfali.com\/ca-es\/wp-json\/wp\/v2\/users\/4"}],"replies":[{"embeddable":true,"href":"https:\/\/canfali.com\/ca-es\/wp-json\/wp\/v2\/comments?post=79247"}],"version-history":[{"count":1,"href":"https:\/\/canfali.com\/ca-es\/wp-json\/wp\/v2\/posts\/79247\/revisions"}],"predecessor-version":[{"id":79250,"href":"https:\/\/canfali.com\/ca-es\/wp-json\/wp\/v2\/posts\/79247\/revisions\/79250"}],"wp:featuredmedia":[{"embeddable":true,"href":"https:\/\/canfali.com\/ca-es\/wp-json\/wp\/v2\/media\/79248"}],"wp:attachment":[{"href":"https:\/\/canfali.com\/ca-es\/wp-json\/wp\/v2\/media?parent=79247"}],"wp:term":[{"taxonomy":"category","embeddable":true,"href":"https:\/\/canfali.com\/ca-es\/wp-json\/wp\/v2\/categories?post=79247"},{"taxonomy":"post_tag","embeddable":true,"href":"https:\/\/canfali.com\/ca-es\/wp-json\/wp\/v2\/tags?post=79247"}],"curies":[{"name":"wp","href":"https:\/\/api.w.org\/{rel}","templated":true}]}}