{"id":79237,"date":"2025-10-22T09:51:02","date_gmt":"2025-10-22T07:51:02","guid":{"rendered":"https:\/\/canfali.com\/lhospital-de-denia-en-els-top-20-de-larea-del-cor\/"},"modified":"2025-10-22T10:00:51","modified_gmt":"2025-10-22T08:00:51","slug":"lhospital-de-denia-en-els-top-20-de-larea-del-cor","status":"publish","type":"post","link":"https:\/\/canfali.com\/ca-es\/lhospital-de-denia-en-els-top-20-de-larea-del-cor\/","title":{"rendered":"L&#8217;Hospital de D\u00e9nia, en els Top 20 de l&#8217;\u00e0rea del cor"},"content":{"rendered":"\n<p><\/p>\n\n<figure class=\"wp-block-pullquote\"><blockquote><p>El centre tamb\u00e9 va ser nominat en l&#8217;\u00e0rea de Gesti\u00f3  Hospital\u00e0ria Global<\/p><\/blockquote><\/figure>\n\n<p><br\/><br\/>L&#8217;Hospital de D\u00e9nia ha estat guardonat en la categoria d&#8217;\u00c0rea de Cor en l&#8217;\u00faltima edici\u00f3 dels Premis Top 20. A m\u00e9s, el centre va ser nominat en el Premi a la Gesti\u00f3 Hospital\u00e0ria Global, consolidant la seva posici\u00f3 com un dels hospitals m\u00e9s destacats del pa\u00eds en mat\u00e8ria de qualitat assistencial. El reconeixement va ser recollit pel gerent del Departament de Salut de D\u00e9nia, Juan Puig Larrosa, acompanyat del director m\u00e8dic, Alexandre Garc\u00eda Escriv\u00e1, i el cap del Servei de Cardiologia, Alfonso Valle Mu\u00f1oz.<br\/><br\/><br\/><\/p>\n\n<p>El director m\u00e8dic de l&#8217;Hospital de D\u00e9nia ha destacat que \u201cha estat un honor que s&#8217;haja concedit aquest premi i la nominaci\u00f3 en una \u00e0rea tan important com \u00e9s la gesti\u00f3 global. Volem seguir en aquesta l\u00ednia i que es reconega tot l&#8217;esfor\u00e7 que estem fent\u201d.<br\/><\/p>\n\n<p>Garc\u00eda Escriv\u00e1 ha subratllat a m\u00e9s que \u201cper a l&#8217;obtenci\u00f3 del premi s&#8217;ha valorat l&#8217;activitat de la nostra unitat de cardiologia, que no sols realitza cateterismes i intervencionismes, sin\u00f3 que tamb\u00e9 destaca per la qualitat assistencial, els bons temps d&#8217;espera i la baixa demora\u201d. <\/p>\n\n<figure class=\"wp-block-image size-large\"><img decoding=\"async\" src=\"https:\/\/canfali.com\/app\/uploads\/2025\/10\/hospipremi-2-1024x768.jpg.webp\" alt=\"\" class=\"wp-image-79234\"\/><figcaption class=\"wp-element-caption\">El gerent del Departament de Salut de D\u00e9nia, Juan Puig Larrosa, el director m\u00e8dic, Alexandre Garc\u00eda Escriv\u00e1, i el cap del Servei de Cardiologia, Alfonso Valle Mu\u00f1oz, arreplegant el premi.<\/figcaption><\/figure>\n\n<p>Els Premis Top 20, amb m\u00e9s de dues d\u00e8cades de traject\u00f2ria, analitzen el rendiment de m\u00e9s de 200 centres sanitaris espanyols mitjan\u00e7ant una trentena d&#8217;indicadors objectius. El programa distingeix als hospitals amb millor funcionament, qualitat i efici\u00e8ncia assistencial, tenint en compte factors com la gesti\u00f3 de l&#8217;estada hospital\u00e0ria, la cirurgia sense ingr\u00e9s, els reingressos, les complicacions i la mortalitat ajustada a risc.<\/p>\n\n<p>Al llarg dels anys, l&#8217;Hospital de D\u00e9nia ha acumulat nombrosos reconeixements Top 20. En 2024 va ser premiat en la categoria de Salut de la Dona, i en 2022 va destacar amb quatre guardons en Gesti\u00f3 Hospital\u00e0ria Global, Sistema Nervi\u00f3s, Respiratori i Rony\u00f3 i Vies Urin\u00e0ries.<\/p>\n","protected":false},"excerpt":{"rendered":"El centre tamb\u00e9 va ser nominat en l&#8217;\u00e0rea de Gesti\u00f3 Hospital\u00e0ria Global L&#8217;Hospital de D\u00e9nia ha estat guardonat&hellip;","protected":false},"author":6,"featured_media":79233,"comment_status":"closed","ping_status":"closed","sticky":false,"template":"","format":"standard","meta":{"csco_display_header_overlay":false,"csco_singular_sidebar":"","csco_page_header_type":"","csco_page_load_nextpost":"","csco_post_video_location":[],"csco_post_video_location_hash":"","csco_post_video_url":"","csco_post_video_bg_start_time":0,"csco_post_video_bg_end_time":0,"footnotes":""},"categories":[612],"tags":[4624,3131,4623],"class_list":{"0":"post-79237","1":"post","2":"type-post","3":"status-publish","4":"format-standard","5":"has-post-thumbnail","7":"category-salut","8":"tag-cor-ca-es","9":"tag-hospital-de-denia-ca-es","10":"tag-top-20-ca-es","11":"cs-entry","12":"cs-video-wrap"},"yoast_head":"<!-- This site is optimized with the Yoast SEO Premium plugin v26.6 (Yoast SEO v27.3) - https:\/\/yoast.com\/product\/yoast-seo-premium-wordpress\/ -->\n<title>L&#039;Hospital de D\u00e9nia, en els Top 20 de l&#039;\u00e0rea del cor - Canfali<\/title>\n<meta name=\"robots\" content=\"index, follow, max-snippet:-1, max-image-preview:large, max-video-preview:-1\" \/>\n<link rel=\"canonical\" href=\"https:\/\/canfali.com\/ca-es\/lhospital-de-denia-en-els-top-20-de-larea-del-cor\/\" \/>\n<meta property=\"og:locale\" content=\"en_US\" \/>\n<meta property=\"og:type\" content=\"article\" \/>\n<meta property=\"og:title\" content=\"L&#039;Hospital de D\u00e9nia, en els Top 20 de l&#039;\u00e0rea del cor\" \/>\n<meta property=\"og:description\" content=\"El centre tamb\u00e9 va ser nominat en l&#8217;\u00e0rea de Gesti\u00f3 Hospital\u00e0ria Global L&#8217;Hospital de D\u00e9nia ha estat guardonat&hellip;\" \/>\n<meta property=\"og:url\" content=\"https:\/\/canfali.com\/ca-es\/lhospital-de-denia-en-els-top-20-de-larea-del-cor\/\" \/>\n<meta property=\"og:site_name\" content=\"Canfali\" \/>\n<meta property=\"article:publisher\" content=\"https:\/\/es-es.facebook.com\/CANFALIMarinaAlta\" \/>\n<meta property=\"article:published_time\" content=\"2025-10-22T07:51:02+00:00\" \/>\n<meta property=\"article:modified_time\" content=\"2025-10-22T08:00:51+00:00\" \/>\n<meta property=\"og:image\" content=\"https:\/\/canfali.com\/app\/uploads\/2025\/10\/hospipremi-1.jpg\" \/>\n\t<meta property=\"og:image:width\" content=\"2000\" \/>\n\t<meta property=\"og:image:height\" content=\"1327\" \/>\n\t<meta property=\"og:image:type\" content=\"image\/jpeg\" \/>\n<meta name=\"author\" content=\"Rosa\" \/>\n<meta name=\"twitter:card\" content=\"summary_large_image\" \/>\n<meta name=\"twitter:creator\" content=\"@canfalima\" \/>\n<meta name=\"twitter:site\" content=\"@canfalima\" \/>\n<meta name=\"twitter:label1\" content=\"Written by\" \/>\n\t<meta name=\"twitter:data1\" content=\"Rosa\" \/>\n\t<meta name=\"twitter:label2\" content=\"Est. reading time\" \/>\n\t<meta name=\"twitter:data2\" content=\"2 minutes\" \/>\n<script type=\"application\/ld+json\" class=\"yoast-schema-graph\">{\"@context\":\"https:\\\/\\\/schema.org\",\"@graph\":[{\"@type\":\"NewsArticle\",\"@id\":\"https:\\\/\\\/canfali.com\\\/ca-es\\\/lhospital-de-denia-en-els-top-20-de-larea-del-cor\\\/#article\",\"isPartOf\":{\"@id\":\"https:\\\/\\\/canfali.com\\\/ca-es\\\/lhospital-de-denia-en-els-top-20-de-larea-del-cor\\\/\"},\"author\":{\"name\":\"Rosa\",\"@id\":\"https:\\\/\\\/canfali.com\\\/ca-es\\\/#\\\/schema\\\/person\\\/c861a7aa2b2495357b95f35bd5d82f88\"},\"headline\":\"L&#8217;Hospital de D\u00e9nia, en els Top 20 de l&#8217;\u00e0rea del cor\",\"datePublished\":\"2025-10-22T07:51:02+00:00\",\"dateModified\":\"2025-10-22T08:00:51+00:00\",\"mainEntityOfPage\":{\"@id\":\"https:\\\/\\\/canfali.com\\\/ca-es\\\/lhospital-de-denia-en-els-top-20-de-larea-del-cor\\\/\"},\"wordCount\":377,\"publisher\":{\"@id\":\"https:\\\/\\\/canfali.com\\\/ca-es\\\/#organization\"},\"image\":{\"@id\":\"https:\\\/\\\/canfali.com\\\/ca-es\\\/lhospital-de-denia-en-els-top-20-de-larea-del-cor\\\/#primaryimage\"},\"thumbnailUrl\":\"https:\\\/\\\/canfali.com\\\/app\\\/uploads\\\/2025\\\/10\\\/hospipremi-1.jpg\",\"keywords\":[\"cor\",\"Hospital de D\u00e9nia\",\"top 20\"],\"articleSection\":[\"Salut\"],\"inLanguage\":\"va-ES\",\"copyrightYear\":\"2025\",\"copyrightHolder\":{\"@id\":\"https:\\\/\\\/canfali.com\\\/#organization\"}},{\"@type\":\"WebPage\",\"@id\":\"https:\\\/\\\/canfali.com\\\/ca-es\\\/lhospital-de-denia-en-els-top-20-de-larea-del-cor\\\/\",\"url\":\"https:\\\/\\\/canfali.com\\\/ca-es\\\/lhospital-de-denia-en-els-top-20-de-larea-del-cor\\\/\",\"name\":\"L'Hospital de D\u00e9nia, en els Top 20 de l'\u00e0rea del cor - Canfali\",\"isPartOf\":{\"@id\":\"https:\\\/\\\/canfali.com\\\/ca-es\\\/#website\"},\"primaryImageOfPage\":{\"@id\":\"https:\\\/\\\/canfali.com\\\/ca-es\\\/lhospital-de-denia-en-els-top-20-de-larea-del-cor\\\/#primaryimage\"},\"image\":{\"@id\":\"https:\\\/\\\/canfali.com\\\/ca-es\\\/lhospital-de-denia-en-els-top-20-de-larea-del-cor\\\/#primaryimage\"},\"thumbnailUrl\":\"https:\\\/\\\/canfali.com\\\/app\\\/uploads\\\/2025\\\/10\\\/hospipremi-1.jpg\",\"datePublished\":\"2025-10-22T07:51:02+00:00\",\"dateModified\":\"2025-10-22T08:00:51+00:00\",\"breadcrumb\":{\"@id\":\"https:\\\/\\\/canfali.com\\\/ca-es\\\/lhospital-de-denia-en-els-top-20-de-larea-del-cor\\\/#breadcrumb\"},\"inLanguage\":\"va-ES\",\"potentialAction\":[{\"@type\":\"ReadAction\",\"target\":[\"https:\\\/\\\/canfali.com\\\/ca-es\\\/lhospital-de-denia-en-els-top-20-de-larea-del-cor\\\/\"]}]},{\"@type\":\"ImageObject\",\"inLanguage\":\"va-ES\",\"@id\":\"https:\\\/\\\/canfali.com\\\/ca-es\\\/lhospital-de-denia-en-els-top-20-de-larea-del-cor\\\/#primaryimage\",\"url\":\"https:\\\/\\\/canfali.com\\\/app\\\/uploads\\\/2025\\\/10\\\/hospipremi-1.jpg\",\"contentUrl\":\"https:\\\/\\\/canfali.com\\\/app\\\/uploads\\\/2025\\\/10\\\/hospipremi-1.jpg\",\"width\":2000,\"height\":1327},{\"@type\":\"BreadcrumbList\",\"@id\":\"https:\\\/\\\/canfali.com\\\/ca-es\\\/lhospital-de-denia-en-els-top-20-de-larea-del-cor\\\/#breadcrumb\",\"itemListElement\":[{\"@type\":\"ListItem\",\"position\":1,\"name\":\"Portada\",\"item\":\"https:\\\/\\\/canfali.com\\\/ca-es\\\/\"},{\"@type\":\"ListItem\",\"position\":2,\"name\":\"L&#8217;Hospital de D\u00e9nia, en els Top 20 de l&#8217;\u00e0rea del cor\"}]},{\"@type\":\"WebSite\",\"@id\":\"https:\\\/\\\/canfali.com\\\/ca-es\\\/#website\",\"url\":\"https:\\\/\\\/canfali.com\\\/ca-es\\\/\",\"name\":\"Canfali\",\"description\":\"\",\"publisher\":{\"@id\":\"https:\\\/\\\/canfali.com\\\/ca-es\\\/#organization\"},\"potentialAction\":[{\"@type\":\"SearchAction\",\"target\":{\"@type\":\"EntryPoint\",\"urlTemplate\":\"https:\\\/\\\/canfali.com\\\/ca-es\\\/?s={search_term_string}\"},\"query-input\":{\"@type\":\"PropertyValueSpecification\",\"valueRequired\":true,\"valueName\":\"search_term_string\"}}],\"inLanguage\":\"va-ES\"},{\"@type\":\"Organization\",\"@id\":\"https:\\\/\\\/canfali.com\\\/ca-es\\\/#organization\",\"name\":\"Canfali\",\"url\":\"https:\\\/\\\/canfali.com\\\/ca-es\\\/\",\"logo\":{\"@type\":\"ImageObject\",\"inLanguage\":\"va-ES\",\"@id\":\"https:\\\/\\\/canfali.com\\\/ca-es\\\/#\\\/schema\\\/logo\\\/image\\\/\",\"url\":\"https:\\\/\\\/canfali.com\\\/app\\\/uploads\\\/2025\\\/12\\\/canfali_marina_alta_logo.png\",\"contentUrl\":\"https:\\\/\\\/canfali.com\\\/app\\\/uploads\\\/2025\\\/12\\\/canfali_marina_alta_logo.png\",\"width\":225,\"height\":225,\"caption\":\"Canfali\"},\"image\":{\"@id\":\"https:\\\/\\\/canfali.com\\\/ca-es\\\/#\\\/schema\\\/logo\\\/image\\\/\"},\"sameAs\":[\"https:\\\/\\\/es-es.facebook.com\\\/CANFALIMarinaAlta\",\"https:\\\/\\\/x.com\\\/canfalima\",\"https:\\\/\\\/www.instagram.com\\\/canfalimarinaalta\\\/\"]},{\"@type\":\"Person\",\"@id\":\"https:\\\/\\\/canfali.com\\\/ca-es\\\/#\\\/schema\\\/person\\\/c861a7aa2b2495357b95f35bd5d82f88\",\"name\":\"Rosa\",\"image\":{\"@type\":\"ImageObject\",\"inLanguage\":\"va-ES\",\"@id\":\"https:\\\/\\\/secure.gravatar.com\\\/avatar\\\/47fb83d99423a6ef1cf9f83f02a5e91366c671dec76c5c24badf1b0494e1d960?s=96&d=mm&r=g\",\"url\":\"https:\\\/\\\/secure.gravatar.com\\\/avatar\\\/47fb83d99423a6ef1cf9f83f02a5e91366c671dec76c5c24badf1b0494e1d960?s=96&d=mm&r=g\",\"contentUrl\":\"https:\\\/\\\/secure.gravatar.com\\\/avatar\\\/47fb83d99423a6ef1cf9f83f02a5e91366c671dec76c5c24badf1b0494e1d960?s=96&d=mm&r=g\",\"caption\":\"Rosa\"},\"url\":\"https:\\\/\\\/canfali.com\\\/ca-es\\\/author\\\/rosa\\\/\"}]}<\/script>\n<!-- \/ Yoast SEO Premium plugin. -->","yoast_head_json":{"title":"L'Hospital de D\u00e9nia, en els Top 20 de l'\u00e0rea del cor - Canfali","robots":{"index":"index","follow":"follow","max-snippet":"max-snippet:-1","max-image-preview":"max-image-preview:large","max-video-preview":"max-video-preview:-1"},"canonical":"https:\/\/canfali.com\/ca-es\/lhospital-de-denia-en-els-top-20-de-larea-del-cor\/","og_locale":"en_US","og_type":"article","og_title":"L'Hospital de D\u00e9nia, en els Top 20 de l'\u00e0rea del cor","og_description":"El centre tamb\u00e9 va ser nominat en l&#8217;\u00e0rea de Gesti\u00f3 Hospital\u00e0ria Global L&#8217;Hospital de D\u00e9nia ha estat guardonat&hellip;","og_url":"https:\/\/canfali.com\/ca-es\/lhospital-de-denia-en-els-top-20-de-larea-del-cor\/","og_site_name":"Canfali","article_publisher":"https:\/\/es-es.facebook.com\/CANFALIMarinaAlta","article_published_time":"2025-10-22T07:51:02+00:00","article_modified_time":"2025-10-22T08:00:51+00:00","og_image":[{"width":2000,"height":1327,"url":"https:\/\/canfali.com\/app\/uploads\/2025\/10\/hospipremi-1.jpg","type":"image\/jpeg"}],"author":"Rosa","twitter_card":"summary_large_image","twitter_creator":"@canfalima","twitter_site":"@canfalima","twitter_misc":{"Written by":"Rosa","Est. reading time":"2 minutes"},"schema":{"@context":"https:\/\/schema.org","@graph":[{"@type":"NewsArticle","@id":"https:\/\/canfali.com\/ca-es\/lhospital-de-denia-en-els-top-20-de-larea-del-cor\/#article","isPartOf":{"@id":"https:\/\/canfali.com\/ca-es\/lhospital-de-denia-en-els-top-20-de-larea-del-cor\/"},"author":{"name":"Rosa","@id":"https:\/\/canfali.com\/ca-es\/#\/schema\/person\/c861a7aa2b2495357b95f35bd5d82f88"},"headline":"L&#8217;Hospital de D\u00e9nia, en els Top 20 de l&#8217;\u00e0rea del cor","datePublished":"2025-10-22T07:51:02+00:00","dateModified":"2025-10-22T08:00:51+00:00","mainEntityOfPage":{"@id":"https:\/\/canfali.com\/ca-es\/lhospital-de-denia-en-els-top-20-de-larea-del-cor\/"},"wordCount":377,"publisher":{"@id":"https:\/\/canfali.com\/ca-es\/#organization"},"image":{"@id":"https:\/\/canfali.com\/ca-es\/lhospital-de-denia-en-els-top-20-de-larea-del-cor\/#primaryimage"},"thumbnailUrl":"https:\/\/canfali.com\/app\/uploads\/2025\/10\/hospipremi-1.jpg","keywords":["cor","Hospital de D\u00e9nia","top 20"],"articleSection":["Salut"],"inLanguage":"va-ES","copyrightYear":"2025","copyrightHolder":{"@id":"https:\/\/canfali.com\/#organization"}},{"@type":"WebPage","@id":"https:\/\/canfali.com\/ca-es\/lhospital-de-denia-en-els-top-20-de-larea-del-cor\/","url":"https:\/\/canfali.com\/ca-es\/lhospital-de-denia-en-els-top-20-de-larea-del-cor\/","name":"L'Hospital de D\u00e9nia, en els Top 20 de l'\u00e0rea del cor - Canfali","isPartOf":{"@id":"https:\/\/canfali.com\/ca-es\/#website"},"primaryImageOfPage":{"@id":"https:\/\/canfali.com\/ca-es\/lhospital-de-denia-en-els-top-20-de-larea-del-cor\/#primaryimage"},"image":{"@id":"https:\/\/canfali.com\/ca-es\/lhospital-de-denia-en-els-top-20-de-larea-del-cor\/#primaryimage"},"thumbnailUrl":"https:\/\/canfali.com\/app\/uploads\/2025\/10\/hospipremi-1.jpg","datePublished":"2025-10-22T07:51:02+00:00","dateModified":"2025-10-22T08:00:51+00:00","breadcrumb":{"@id":"https:\/\/canfali.com\/ca-es\/lhospital-de-denia-en-els-top-20-de-larea-del-cor\/#breadcrumb"},"inLanguage":"va-ES","potentialAction":[{"@type":"ReadAction","target":["https:\/\/canfali.com\/ca-es\/lhospital-de-denia-en-els-top-20-de-larea-del-cor\/"]}]},{"@type":"ImageObject","inLanguage":"va-ES","@id":"https:\/\/canfali.com\/ca-es\/lhospital-de-denia-en-els-top-20-de-larea-del-cor\/#primaryimage","url":"https:\/\/canfali.com\/app\/uploads\/2025\/10\/hospipremi-1.jpg","contentUrl":"https:\/\/canfali.com\/app\/uploads\/2025\/10\/hospipremi-1.jpg","width":2000,"height":1327},{"@type":"BreadcrumbList","@id":"https:\/\/canfali.com\/ca-es\/lhospital-de-denia-en-els-top-20-de-larea-del-cor\/#breadcrumb","itemListElement":[{"@type":"ListItem","position":1,"name":"Portada","item":"https:\/\/canfali.com\/ca-es\/"},{"@type":"ListItem","position":2,"name":"L&#8217;Hospital de D\u00e9nia, en els Top 20 de l&#8217;\u00e0rea del cor"}]},{"@type":"WebSite","@id":"https:\/\/canfali.com\/ca-es\/#website","url":"https:\/\/canfali.com\/ca-es\/","name":"Canfali","description":"","publisher":{"@id":"https:\/\/canfali.com\/ca-es\/#organization"},"potentialAction":[{"@type":"SearchAction","target":{"@type":"EntryPoint","urlTemplate":"https:\/\/canfali.com\/ca-es\/?s={search_term_string}"},"query-input":{"@type":"PropertyValueSpecification","valueRequired":true,"valueName":"search_term_string"}}],"inLanguage":"va-ES"},{"@type":"Organization","@id":"https:\/\/canfali.com\/ca-es\/#organization","name":"Canfali","url":"https:\/\/canfali.com\/ca-es\/","logo":{"@type":"ImageObject","inLanguage":"va-ES","@id":"https:\/\/canfali.com\/ca-es\/#\/schema\/logo\/image\/","url":"https:\/\/canfali.com\/app\/uploads\/2025\/12\/canfali_marina_alta_logo.png","contentUrl":"https:\/\/canfali.com\/app\/uploads\/2025\/12\/canfali_marina_alta_logo.png","width":225,"height":225,"caption":"Canfali"},"image":{"@id":"https:\/\/canfali.com\/ca-es\/#\/schema\/logo\/image\/"},"sameAs":["https:\/\/es-es.facebook.com\/CANFALIMarinaAlta","https:\/\/x.com\/canfalima","https:\/\/www.instagram.com\/canfalimarinaalta\/"]},{"@type":"Person","@id":"https:\/\/canfali.com\/ca-es\/#\/schema\/person\/c861a7aa2b2495357b95f35bd5d82f88","name":"Rosa","image":{"@type":"ImageObject","inLanguage":"va-ES","@id":"https:\/\/secure.gravatar.com\/avatar\/47fb83d99423a6ef1cf9f83f02a5e91366c671dec76c5c24badf1b0494e1d960?s=96&d=mm&r=g","url":"https:\/\/secure.gravatar.com\/avatar\/47fb83d99423a6ef1cf9f83f02a5e91366c671dec76c5c24badf1b0494e1d960?s=96&d=mm&r=g","contentUrl":"https:\/\/secure.gravatar.com\/avatar\/47fb83d99423a6ef1cf9f83f02a5e91366c671dec76c5c24badf1b0494e1d960?s=96&d=mm&r=g","caption":"Rosa"},"url":"https:\/\/canfali.com\/ca-es\/author\/rosa\/"}]}},"_links":{"self":[{"href":"https:\/\/canfali.com\/ca-es\/wp-json\/wp\/v2\/posts\/79237","targetHints":{"allow":["GET"]}}],"collection":[{"href":"https:\/\/canfali.com\/ca-es\/wp-json\/wp\/v2\/posts"}],"about":[{"href":"https:\/\/canfali.com\/ca-es\/wp-json\/wp\/v2\/types\/post"}],"author":[{"embeddable":true,"href":"https:\/\/canfali.com\/ca-es\/wp-json\/wp\/v2\/users\/6"}],"replies":[{"embeddable":true,"href":"https:\/\/canfali.com\/ca-es\/wp-json\/wp\/v2\/comments?post=79237"}],"version-history":[{"count":1,"href":"https:\/\/canfali.com\/ca-es\/wp-json\/wp\/v2\/posts\/79237\/revisions"}],"predecessor-version":[{"id":79238,"href":"https:\/\/canfali.com\/ca-es\/wp-json\/wp\/v2\/posts\/79237\/revisions\/79238"}],"wp:featuredmedia":[{"embeddable":true,"href":"https:\/\/canfali.com\/ca-es\/wp-json\/wp\/v2\/media\/79233"}],"wp:attachment":[{"href":"https:\/\/canfali.com\/ca-es\/wp-json\/wp\/v2\/media?parent=79237"}],"wp:term":[{"taxonomy":"category","embeddable":true,"href":"https:\/\/canfali.com\/ca-es\/wp-json\/wp\/v2\/categories?post=79237"},{"taxonomy":"post_tag","embeddable":true,"href":"https:\/\/canfali.com\/ca-es\/wp-json\/wp\/v2\/tags?post=79237"}],"curies":[{"name":"wp","href":"https:\/\/api.w.org\/{rel}","templated":true}]}}