{"id":79203,"date":"2025-10-21T12:33:41","date_gmt":"2025-10-21T10:33:41","guid":{"rendered":"https:\/\/canfali.com\/dol-a-teulada-per-vicent-berenguer\/"},"modified":"2025-10-21T12:39:54","modified_gmt":"2025-10-21T10:39:54","slug":"dol-a-teulada-per-vicent-berenguer","status":"publish","type":"post","link":"https:\/\/canfali.com\/ca-es\/dol-a-teulada-per-vicent-berenguer\/","title":{"rendered":"Dol a Teulada per Vicent Berenguer"},"content":{"rendered":"\n<p>L&#8217;Ajuntament de Teulada ha declarat dol oficial per la defunci\u00f3 de Vicente Berenguer Llopis, Fill Predilecte de la localitat, en reconeixement a la seva extraordin\u00e0ria traject\u00f2ria com a missioner i a la profunda petjada d&#8217;humanitat, solidaritat i dedicaci\u00f3 que deixa en el m\u00f3n. Durant el dimarts i el dimecres, les banderes  onejaran a mitja asta i es suspenen tots els actes previstos, en senyal de respecte i dol.<\/p>\n\n<p>\tNascut a Teulada, Vicente Berenguer Llopis va dedicar la seva vida a la missi\u00f3, l&#8217;educaci\u00f3 i la solidaritat a Mo\u00e7ambic, on va exercir una labor exemplar durant m\u00e9s de quatre d\u00e8cades. El seu comprom\u00eds amb les comunitats m\u00e9s vulnerables, especialment en el reassentament de la poblaci\u00f3 de Ressano Garc\u00eda, li va valer diversos reconeixements nacionals i internacionals.<\/p>\n\n<p>1985 va rebre el Diploma d&#8217;Honor per la seva labor en els primers deu anys de la independ\u00e8ncia de Mo\u00e7ambic i l&#8217;any 2000 va ser nomenat Fill Predilecte de Teulada. Dos anys m\u00e9s tard, Vicent\u00edn, com se&#8217;l coneixia al seu poble, va rebre el Premi 9 d\u2019Octubre a la Solidaritat Vila de X\u00e0bia i en el 2008 el VII Premi Fundaci\u00f3 per la Just\u00edcia, a Val\u00e8ncia. En 2012 se li va concedir l&#8217;Esment d&#8217;Honor pel reassentament de la poblaci\u00f3 en Ressano Garc\u00eda, a Maputo, i la distinci\u00f3 de la Generalitat Valenciana a la Solidaritat. A m\u00e9s, va ser nomenat Representant de la Marca Espanya pel Ministeri d&#8217;Afers exteriors. I en el 2024, Vicente Berenguer va ser condecorat amb l&#8217;Orde del M\u00e8rit Civil pel rei Felip VI.<\/p>\n\n<p>\tEl llegat de Vicente Berenguer Llopis ha transcendit davanteres i el seu exemple de lliurament, humilitat i comprom\u00eds amb la just\u00edcia social continuar\u00e0 sent un orgull i referent per a Teulada Moraira, segons resa un comunicat publicat per l&#8217;Ajuntament de Teulada.<\/p>\n\n<p>CANFALI MARINA ALTA s&#8217;uneix al dolor de la seva fam\u00edlia, amics i de totes aquelles persones que van compartir amb Vicente Berenguer, Vicent\u00edn, la seva vocaci\u00f3 de servei i lliurament als altres. Descanse en pau.<\/p>\n","protected":false},"excerpt":{"rendered":"L&#8217;Ajuntament de Teulada ha declarat dol oficial per la defunci\u00f3 de Vicente Berenguer Llopis, Fill Predilecte de la&hellip;","protected":false},"author":5,"featured_media":79201,"comment_status":"closed","ping_status":"closed","sticky":false,"template":"","format":"standard","meta":{"csco_display_header_overlay":false,"csco_singular_sidebar":"","csco_page_header_type":"","csco_page_load_nextpost":"","csco_post_video_location":[],"csco_post_video_location_hash":"","csco_post_video_url":"","csco_post_video_bg_start_time":0,"csco_post_video_bg_end_time":0,"footnotes":""},"categories":[594],"tags":[4615,4614,4613],"class_list":{"0":"post-79203","1":"post","2":"type-post","3":"status-publish","4":"format-standard","5":"has-post-thumbnail","7":"category-societat","8":"tag-dol-ca-es","9":"tag-missioner","10":"tag-vicent-berenguer-ca-es","11":"cs-entry","12":"cs-video-wrap"},"yoast_head":"<!-- This site is optimized with the Yoast SEO Premium plugin v26.6 (Yoast SEO v27.3) - https:\/\/yoast.com\/product\/yoast-seo-premium-wordpress\/ -->\n<title>Dol a Teulada per Vicent Berenguer - Canfali<\/title>\n<meta name=\"robots\" content=\"index, follow, max-snippet:-1, max-image-preview:large, max-video-preview:-1\" \/>\n<link rel=\"canonical\" href=\"https:\/\/canfali.com\/ca-es\/dol-a-teulada-per-vicent-berenguer\/\" \/>\n<meta property=\"og:locale\" content=\"en_US\" \/>\n<meta property=\"og:type\" content=\"article\" \/>\n<meta property=\"og:title\" content=\"Dol a Teulada per Vicent Berenguer\" \/>\n<meta property=\"og:description\" content=\"L&#8217;Ajuntament de Teulada ha declarat dol oficial per la defunci\u00f3 de Vicente Berenguer Llopis, Fill Predilecte de la&hellip;\" \/>\n<meta property=\"og:url\" content=\"https:\/\/canfali.com\/ca-es\/dol-a-teulada-per-vicent-berenguer\/\" \/>\n<meta property=\"og:site_name\" content=\"Canfali\" \/>\n<meta property=\"article:publisher\" content=\"https:\/\/es-es.facebook.com\/CANFALIMarinaAlta\" \/>\n<meta property=\"article:published_time\" content=\"2025-10-21T10:33:41+00:00\" \/>\n<meta property=\"article:modified_time\" content=\"2025-10-21T10:39:54+00:00\" \/>\n<meta property=\"og:image\" content=\"https:\/\/canfali.com\/app\/uploads\/2025\/10\/vicent-berenguer.jpg\" \/>\n\t<meta property=\"og:image:width\" content=\"1100\" \/>\n\t<meta property=\"og:image:height\" content=\"750\" \/>\n\t<meta property=\"og:image:type\" content=\"image\/jpeg\" \/>\n<meta name=\"author\" content=\"D\u00eddac\" \/>\n<meta name=\"twitter:card\" content=\"summary_large_image\" \/>\n<meta name=\"twitter:creator\" content=\"@canfalima\" \/>\n<meta name=\"twitter:site\" content=\"@canfalima\" \/>\n<meta name=\"twitter:label1\" content=\"Written by\" \/>\n\t<meta name=\"twitter:data1\" content=\"D\u00eddac\" \/>\n\t<meta name=\"twitter:label2\" content=\"Est. reading time\" \/>\n\t<meta name=\"twitter:data2\" content=\"2 minutes\" \/>\n<script type=\"application\/ld+json\" class=\"yoast-schema-graph\">{\"@context\":\"https:\\\/\\\/schema.org\",\"@graph\":[{\"@type\":\"NewsArticle\",\"@id\":\"https:\\\/\\\/canfali.com\\\/ca-es\\\/dol-a-teulada-per-vicent-berenguer\\\/#article\",\"isPartOf\":{\"@id\":\"https:\\\/\\\/canfali.com\\\/ca-es\\\/dol-a-teulada-per-vicent-berenguer\\\/\"},\"author\":{\"name\":\"D\u00eddac\",\"@id\":\"https:\\\/\\\/canfali.com\\\/ca-es\\\/#\\\/schema\\\/person\\\/5211f51be1ed486a218e6a4f53355b6d\"},\"headline\":\"Dol a Teulada per Vicent Berenguer\",\"datePublished\":\"2025-10-21T10:33:41+00:00\",\"dateModified\":\"2025-10-21T10:39:54+00:00\",\"mainEntityOfPage\":{\"@id\":\"https:\\\/\\\/canfali.com\\\/ca-es\\\/dol-a-teulada-per-vicent-berenguer\\\/\"},\"wordCount\":363,\"publisher\":{\"@id\":\"https:\\\/\\\/canfali.com\\\/ca-es\\\/#organization\"},\"image\":{\"@id\":\"https:\\\/\\\/canfali.com\\\/ca-es\\\/dol-a-teulada-per-vicent-berenguer\\\/#primaryimage\"},\"thumbnailUrl\":\"https:\\\/\\\/canfali.com\\\/app\\\/uploads\\\/2025\\\/10\\\/vicent-berenguer.jpg\",\"keywords\":[\"dol\",\"missioner\",\"vicent berenguer\"],\"articleSection\":[\"Societat\"],\"inLanguage\":\"va-ES\",\"copyrightYear\":\"2025\",\"copyrightHolder\":{\"@id\":\"https:\\\/\\\/canfali.com\\\/#organization\"}},{\"@type\":\"WebPage\",\"@id\":\"https:\\\/\\\/canfali.com\\\/ca-es\\\/dol-a-teulada-per-vicent-berenguer\\\/\",\"url\":\"https:\\\/\\\/canfali.com\\\/ca-es\\\/dol-a-teulada-per-vicent-berenguer\\\/\",\"name\":\"Dol a Teulada per Vicent Berenguer - Canfali\",\"isPartOf\":{\"@id\":\"https:\\\/\\\/canfali.com\\\/ca-es\\\/#website\"},\"primaryImageOfPage\":{\"@id\":\"https:\\\/\\\/canfali.com\\\/ca-es\\\/dol-a-teulada-per-vicent-berenguer\\\/#primaryimage\"},\"image\":{\"@id\":\"https:\\\/\\\/canfali.com\\\/ca-es\\\/dol-a-teulada-per-vicent-berenguer\\\/#primaryimage\"},\"thumbnailUrl\":\"https:\\\/\\\/canfali.com\\\/app\\\/uploads\\\/2025\\\/10\\\/vicent-berenguer.jpg\",\"datePublished\":\"2025-10-21T10:33:41+00:00\",\"dateModified\":\"2025-10-21T10:39:54+00:00\",\"breadcrumb\":{\"@id\":\"https:\\\/\\\/canfali.com\\\/ca-es\\\/dol-a-teulada-per-vicent-berenguer\\\/#breadcrumb\"},\"inLanguage\":\"va-ES\",\"potentialAction\":[{\"@type\":\"ReadAction\",\"target\":[\"https:\\\/\\\/canfali.com\\\/ca-es\\\/dol-a-teulada-per-vicent-berenguer\\\/\"]}]},{\"@type\":\"ImageObject\",\"inLanguage\":\"va-ES\",\"@id\":\"https:\\\/\\\/canfali.com\\\/ca-es\\\/dol-a-teulada-per-vicent-berenguer\\\/#primaryimage\",\"url\":\"https:\\\/\\\/canfali.com\\\/app\\\/uploads\\\/2025\\\/10\\\/vicent-berenguer.jpg\",\"contentUrl\":\"https:\\\/\\\/canfali.com\\\/app\\\/uploads\\\/2025\\\/10\\\/vicent-berenguer.jpg\",\"width\":1100,\"height\":750},{\"@type\":\"BreadcrumbList\",\"@id\":\"https:\\\/\\\/canfali.com\\\/ca-es\\\/dol-a-teulada-per-vicent-berenguer\\\/#breadcrumb\",\"itemListElement\":[{\"@type\":\"ListItem\",\"position\":1,\"name\":\"Portada\",\"item\":\"https:\\\/\\\/canfali.com\\\/ca-es\\\/\"},{\"@type\":\"ListItem\",\"position\":2,\"name\":\"Dol a Teulada per Vicent Berenguer\"}]},{\"@type\":\"WebSite\",\"@id\":\"https:\\\/\\\/canfali.com\\\/ca-es\\\/#website\",\"url\":\"https:\\\/\\\/canfali.com\\\/ca-es\\\/\",\"name\":\"Canfali\",\"description\":\"\",\"publisher\":{\"@id\":\"https:\\\/\\\/canfali.com\\\/ca-es\\\/#organization\"},\"potentialAction\":[{\"@type\":\"SearchAction\",\"target\":{\"@type\":\"EntryPoint\",\"urlTemplate\":\"https:\\\/\\\/canfali.com\\\/ca-es\\\/?s={search_term_string}\"},\"query-input\":{\"@type\":\"PropertyValueSpecification\",\"valueRequired\":true,\"valueName\":\"search_term_string\"}}],\"inLanguage\":\"va-ES\"},{\"@type\":\"Organization\",\"@id\":\"https:\\\/\\\/canfali.com\\\/ca-es\\\/#organization\",\"name\":\"Canfali\",\"url\":\"https:\\\/\\\/canfali.com\\\/ca-es\\\/\",\"logo\":{\"@type\":\"ImageObject\",\"inLanguage\":\"va-ES\",\"@id\":\"https:\\\/\\\/canfali.com\\\/ca-es\\\/#\\\/schema\\\/logo\\\/image\\\/\",\"url\":\"https:\\\/\\\/canfali.com\\\/app\\\/uploads\\\/2025\\\/12\\\/canfali_marina_alta_logo.png\",\"contentUrl\":\"https:\\\/\\\/canfali.com\\\/app\\\/uploads\\\/2025\\\/12\\\/canfali_marina_alta_logo.png\",\"width\":225,\"height\":225,\"caption\":\"Canfali\"},\"image\":{\"@id\":\"https:\\\/\\\/canfali.com\\\/ca-es\\\/#\\\/schema\\\/logo\\\/image\\\/\"},\"sameAs\":[\"https:\\\/\\\/es-es.facebook.com\\\/CANFALIMarinaAlta\",\"https:\\\/\\\/x.com\\\/canfalima\",\"https:\\\/\\\/www.instagram.com\\\/canfalimarinaalta\\\/\"]},{\"@type\":\"Person\",\"@id\":\"https:\\\/\\\/canfali.com\\\/ca-es\\\/#\\\/schema\\\/person\\\/5211f51be1ed486a218e6a4f53355b6d\",\"name\":\"D\u00eddac\",\"image\":{\"@type\":\"ImageObject\",\"inLanguage\":\"va-ES\",\"@id\":\"https:\\\/\\\/secure.gravatar.com\\\/avatar\\\/a68a2078c12da8a6dd6cff4f3f3f69f7eb69a2d31ac1aac4da61c3761e4557f4?s=96&d=mm&r=g\",\"url\":\"https:\\\/\\\/secure.gravatar.com\\\/avatar\\\/a68a2078c12da8a6dd6cff4f3f3f69f7eb69a2d31ac1aac4da61c3761e4557f4?s=96&d=mm&r=g\",\"contentUrl\":\"https:\\\/\\\/secure.gravatar.com\\\/avatar\\\/a68a2078c12da8a6dd6cff4f3f3f69f7eb69a2d31ac1aac4da61c3761e4557f4?s=96&d=mm&r=g\",\"caption\":\"D\u00eddac\"},\"url\":\"https:\\\/\\\/canfali.com\\\/ca-es\\\/author\\\/didac\\\/\"}]}<\/script>\n<!-- \/ Yoast SEO Premium plugin. -->","yoast_head_json":{"title":"Dol a Teulada per Vicent Berenguer - Canfali","robots":{"index":"index","follow":"follow","max-snippet":"max-snippet:-1","max-image-preview":"max-image-preview:large","max-video-preview":"max-video-preview:-1"},"canonical":"https:\/\/canfali.com\/ca-es\/dol-a-teulada-per-vicent-berenguer\/","og_locale":"en_US","og_type":"article","og_title":"Dol a Teulada per Vicent Berenguer","og_description":"L&#8217;Ajuntament de Teulada ha declarat dol oficial per la defunci\u00f3 de Vicente Berenguer Llopis, Fill Predilecte de la&hellip;","og_url":"https:\/\/canfali.com\/ca-es\/dol-a-teulada-per-vicent-berenguer\/","og_site_name":"Canfali","article_publisher":"https:\/\/es-es.facebook.com\/CANFALIMarinaAlta","article_published_time":"2025-10-21T10:33:41+00:00","article_modified_time":"2025-10-21T10:39:54+00:00","og_image":[{"width":1100,"height":750,"url":"https:\/\/canfali.com\/app\/uploads\/2025\/10\/vicent-berenguer.jpg","type":"image\/jpeg"}],"author":"D\u00eddac","twitter_card":"summary_large_image","twitter_creator":"@canfalima","twitter_site":"@canfalima","twitter_misc":{"Written by":"D\u00eddac","Est. reading time":"2 minutes"},"schema":{"@context":"https:\/\/schema.org","@graph":[{"@type":"NewsArticle","@id":"https:\/\/canfali.com\/ca-es\/dol-a-teulada-per-vicent-berenguer\/#article","isPartOf":{"@id":"https:\/\/canfali.com\/ca-es\/dol-a-teulada-per-vicent-berenguer\/"},"author":{"name":"D\u00eddac","@id":"https:\/\/canfali.com\/ca-es\/#\/schema\/person\/5211f51be1ed486a218e6a4f53355b6d"},"headline":"Dol a Teulada per Vicent Berenguer","datePublished":"2025-10-21T10:33:41+00:00","dateModified":"2025-10-21T10:39:54+00:00","mainEntityOfPage":{"@id":"https:\/\/canfali.com\/ca-es\/dol-a-teulada-per-vicent-berenguer\/"},"wordCount":363,"publisher":{"@id":"https:\/\/canfali.com\/ca-es\/#organization"},"image":{"@id":"https:\/\/canfali.com\/ca-es\/dol-a-teulada-per-vicent-berenguer\/#primaryimage"},"thumbnailUrl":"https:\/\/canfali.com\/app\/uploads\/2025\/10\/vicent-berenguer.jpg","keywords":["dol","missioner","vicent berenguer"],"articleSection":["Societat"],"inLanguage":"va-ES","copyrightYear":"2025","copyrightHolder":{"@id":"https:\/\/canfali.com\/#organization"}},{"@type":"WebPage","@id":"https:\/\/canfali.com\/ca-es\/dol-a-teulada-per-vicent-berenguer\/","url":"https:\/\/canfali.com\/ca-es\/dol-a-teulada-per-vicent-berenguer\/","name":"Dol a Teulada per Vicent Berenguer - Canfali","isPartOf":{"@id":"https:\/\/canfali.com\/ca-es\/#website"},"primaryImageOfPage":{"@id":"https:\/\/canfali.com\/ca-es\/dol-a-teulada-per-vicent-berenguer\/#primaryimage"},"image":{"@id":"https:\/\/canfali.com\/ca-es\/dol-a-teulada-per-vicent-berenguer\/#primaryimage"},"thumbnailUrl":"https:\/\/canfali.com\/app\/uploads\/2025\/10\/vicent-berenguer.jpg","datePublished":"2025-10-21T10:33:41+00:00","dateModified":"2025-10-21T10:39:54+00:00","breadcrumb":{"@id":"https:\/\/canfali.com\/ca-es\/dol-a-teulada-per-vicent-berenguer\/#breadcrumb"},"inLanguage":"va-ES","potentialAction":[{"@type":"ReadAction","target":["https:\/\/canfali.com\/ca-es\/dol-a-teulada-per-vicent-berenguer\/"]}]},{"@type":"ImageObject","inLanguage":"va-ES","@id":"https:\/\/canfali.com\/ca-es\/dol-a-teulada-per-vicent-berenguer\/#primaryimage","url":"https:\/\/canfali.com\/app\/uploads\/2025\/10\/vicent-berenguer.jpg","contentUrl":"https:\/\/canfali.com\/app\/uploads\/2025\/10\/vicent-berenguer.jpg","width":1100,"height":750},{"@type":"BreadcrumbList","@id":"https:\/\/canfali.com\/ca-es\/dol-a-teulada-per-vicent-berenguer\/#breadcrumb","itemListElement":[{"@type":"ListItem","position":1,"name":"Portada","item":"https:\/\/canfali.com\/ca-es\/"},{"@type":"ListItem","position":2,"name":"Dol a Teulada per Vicent Berenguer"}]},{"@type":"WebSite","@id":"https:\/\/canfali.com\/ca-es\/#website","url":"https:\/\/canfali.com\/ca-es\/","name":"Canfali","description":"","publisher":{"@id":"https:\/\/canfali.com\/ca-es\/#organization"},"potentialAction":[{"@type":"SearchAction","target":{"@type":"EntryPoint","urlTemplate":"https:\/\/canfali.com\/ca-es\/?s={search_term_string}"},"query-input":{"@type":"PropertyValueSpecification","valueRequired":true,"valueName":"search_term_string"}}],"inLanguage":"va-ES"},{"@type":"Organization","@id":"https:\/\/canfali.com\/ca-es\/#organization","name":"Canfali","url":"https:\/\/canfali.com\/ca-es\/","logo":{"@type":"ImageObject","inLanguage":"va-ES","@id":"https:\/\/canfali.com\/ca-es\/#\/schema\/logo\/image\/","url":"https:\/\/canfali.com\/app\/uploads\/2025\/12\/canfali_marina_alta_logo.png","contentUrl":"https:\/\/canfali.com\/app\/uploads\/2025\/12\/canfali_marina_alta_logo.png","width":225,"height":225,"caption":"Canfali"},"image":{"@id":"https:\/\/canfali.com\/ca-es\/#\/schema\/logo\/image\/"},"sameAs":["https:\/\/es-es.facebook.com\/CANFALIMarinaAlta","https:\/\/x.com\/canfalima","https:\/\/www.instagram.com\/canfalimarinaalta\/"]},{"@type":"Person","@id":"https:\/\/canfali.com\/ca-es\/#\/schema\/person\/5211f51be1ed486a218e6a4f53355b6d","name":"D\u00eddac","image":{"@type":"ImageObject","inLanguage":"va-ES","@id":"https:\/\/secure.gravatar.com\/avatar\/a68a2078c12da8a6dd6cff4f3f3f69f7eb69a2d31ac1aac4da61c3761e4557f4?s=96&d=mm&r=g","url":"https:\/\/secure.gravatar.com\/avatar\/a68a2078c12da8a6dd6cff4f3f3f69f7eb69a2d31ac1aac4da61c3761e4557f4?s=96&d=mm&r=g","contentUrl":"https:\/\/secure.gravatar.com\/avatar\/a68a2078c12da8a6dd6cff4f3f3f69f7eb69a2d31ac1aac4da61c3761e4557f4?s=96&d=mm&r=g","caption":"D\u00eddac"},"url":"https:\/\/canfali.com\/ca-es\/author\/didac\/"}]}},"_links":{"self":[{"href":"https:\/\/canfali.com\/ca-es\/wp-json\/wp\/v2\/posts\/79203","targetHints":{"allow":["GET"]}}],"collection":[{"href":"https:\/\/canfali.com\/ca-es\/wp-json\/wp\/v2\/posts"}],"about":[{"href":"https:\/\/canfali.com\/ca-es\/wp-json\/wp\/v2\/types\/post"}],"author":[{"embeddable":true,"href":"https:\/\/canfali.com\/ca-es\/wp-json\/wp\/v2\/users\/5"}],"replies":[{"embeddable":true,"href":"https:\/\/canfali.com\/ca-es\/wp-json\/wp\/v2\/comments?post=79203"}],"version-history":[{"count":2,"href":"https:\/\/canfali.com\/ca-es\/wp-json\/wp\/v2\/posts\/79203\/revisions"}],"predecessor-version":[{"id":79206,"href":"https:\/\/canfali.com\/ca-es\/wp-json\/wp\/v2\/posts\/79203\/revisions\/79206"}],"wp:featuredmedia":[{"embeddable":true,"href":"https:\/\/canfali.com\/ca-es\/wp-json\/wp\/v2\/media\/79201"}],"wp:attachment":[{"href":"https:\/\/canfali.com\/ca-es\/wp-json\/wp\/v2\/media?parent=79203"}],"wp:term":[{"taxonomy":"category","embeddable":true,"href":"https:\/\/canfali.com\/ca-es\/wp-json\/wp\/v2\/categories?post=79203"},{"taxonomy":"post_tag","embeddable":true,"href":"https:\/\/canfali.com\/ca-es\/wp-json\/wp\/v2\/tags?post=79203"}],"curies":[{"name":"wp","href":"https:\/\/api.w.org\/{rel}","templated":true}]}}