{"id":79160,"date":"2025-10-21T10:35:48","date_gmt":"2025-10-21T08:35:48","guid":{"rendered":"https:\/\/canfali.com\/detenir-se-per-a-mirar-amb-altres-ulls\/"},"modified":"2025-10-21T10:39:26","modified_gmt":"2025-10-21T08:39:26","slug":"detenir-se-per-a-mirar-amb-altres-ulls","status":"publish","type":"post","link":"https:\/\/canfali.com\/ca-es\/detenir-se-per-a-mirar-amb-altres-ulls\/","title":{"rendered":"Detenir-se per a mirar amb altres ulls"},"content":{"rendered":"\n<p>Un itinerari escult\u00f2ric uneix Teulada i Moraira en els pr\u00f2xims sis mesos<\/p>\n\n<p>Buscar una alternativa -encara que sense renunciar a res- al sol i la platja i a l&#8217;agricultura de la vinya que dona sentit al nostre territori. Teulada aposta pel turisme cultural i per a aix\u00f2 ha creat un aut\u00e8ntic museu a l&#8217;aire lliure, a peu de carrer. Es tracta d&#8217;un itinerari escult\u00f2ric que unir\u00e0 els nuclis urbans de Teulada i de Moraira en els pr\u00f2xims sis mesos. No es tracta \u00fanicament d&#8217;embellir l&#8217;entorn sin\u00f3 que aquesta iniciativa es converteix \u201cen una invitaci\u00f3 a detenir-se i mirar amb altres ulls\u201d, en paraules de l&#8217;alcalde, Ra\u00fal Llobell.<\/p>\n\n<p>\tAmb car\u00e0cter biennal, Teulada Moraira adornar\u00e0 les seves places i espais m\u00e9s emblem\u00e0tics amb impressionants escultures contempor\u00e0nies creades per alguns dels escultors m\u00e9s rellevants del panorama art\u00edstic, tant nacional com internacional. Coderch &amp; Malavia exposen fins a cinc de les vuit parades obligat\u00f2ries en aquest circuit cultural. La resta d&#8217;obres s\u00f3n d&#8217;Antonio L\u00f3pez, Lorenzo Quinn i V\u00edctor Ochoa. A m\u00e9s, el Auditori acull una extensa exposici\u00f3 amb m\u00e9s de 60 obres de diferents autors. I per a octubre de 2026 ser\u00e0 la seu del Congr\u00e9s Internacional d&#8217;Escultura Monumental.<\/p>\n\n<figure class=\"wp-block-image size-large\"><img fetchpriority=\"high\" decoding=\"async\" width=\"1024\" height=\"683\" src=\"https:\/\/canfali.com\/app\/uploads\/2025\/10\/escultures-1-1024x683.jpg\" alt=\"\" class=\"wp-image-79153\" srcset=\"https:\/\/canfali.com\/app\/uploads\/2025\/10\/escultures-1-1024x683.jpg 1024w, https:\/\/canfali.com\/app\/uploads\/2025\/10\/escultures-1-300x200.jpg 300w, https:\/\/canfali.com\/app\/uploads\/2025\/10\/escultures-1-768x512.jpg 768w, https:\/\/canfali.com\/app\/uploads\/2025\/10\/escultures-1-1536x1024.jpg 1536w, https:\/\/canfali.com\/app\/uploads\/2025\/10\/escultures-1-2048x1365.jpg 2048w, https:\/\/canfali.com\/app\/uploads\/2025\/10\/escultures-1.jpg 2304w\" sizes=\"(max-width: 1024px) 100vw, 1024px\" \/><\/figure>\n\n<p>\tLuisa Noriega Montiel \u00e9s la comiss\u00e0ria de Teulada Moraira Ciutat de Cultura i Escultura, una iniciativa que es va presentar en societat a la sala Mar\u00eda Moliner del Cercle de Belles Arts de Madrid. Cada pe\u00e7a ha estat meticulosament seleccionada i situada per a real\u00e7ar la seva bellesa i potenciar el seu missatge. Els llocs triats que configuren l&#8217;itinerari escult\u00f2ric s\u00f3n Platgetes, el Bosc Urb\u00e0, l&#8217;Avinguda de la Pau, la Pla\u00e7a del Portitxolet i l&#8217;Esplanada del Castell, tots en Moraira. I la Pla\u00e7a dels Porxes, el Auditori i la Pla\u00e7a de la Consitituci\u00f3, a Teulada.<\/p>\n\n<p>\tCadascuna de les vuit escultures t\u00e9 un codi QR que permet al visitant aprofundir en el coneixement de cada artista i de la hist\u00f2ria que hi ha darrere de cada creaci\u00f3. La ruta \u00e9s circular, \u00e9s a dir, pot iniciar-se tant des de Moraira com des de Teulada<\/p>\n\n<p>A tall d&#8217;exemple, Learning to fly, de Coderch &amp; Malavia, est\u00e0 en la Pla\u00e7a dels Porxes i representa la figura d&#8217;\u00cdcar, el s\u00edmbol de la tem\u00e0tica juvenil de la rebel\u00b7lia cap a la societat en la qual vivim. Per\u00f2, al mateix temps, tamb\u00e9 simbolitza la curiositat innata de la joventut. En l&#8217;entrada al Auditori est\u00e0 situada Together, de Lorenzo Quinn, feta amb acer inoxidable. Una obra nascuda arran de la pand\u00e8mia i en la qual l&#8217;autor expressa l&#8217;anhel pel contacte hum\u00e0 a trav\u00e9s de dues mans entrella\u00e7ades. Representa l&#8217;esperan\u00e7a del retrobament de la humanitat, de donar-se suport m\u00fatuament i continuar vivint en unitat.<\/p>\n\n<figure class=\"wp-block-image size-large\"><img decoding=\"async\" width=\"1024\" height=\"683\" src=\"https:\/\/canfali.com\/app\/uploads\/2025\/10\/escultures-3-1024x683.jpg\" alt=\"\" class=\"wp-image-79157\" srcset=\"https:\/\/canfali.com\/app\/uploads\/2025\/10\/escultures-3-1024x683.jpg 1024w, https:\/\/canfali.com\/app\/uploads\/2025\/10\/escultures-3-300x200.jpg 300w, https:\/\/canfali.com\/app\/uploads\/2025\/10\/escultures-3-768x512.jpg 768w, https:\/\/canfali.com\/app\/uploads\/2025\/10\/escultures-3-1536x1024.jpg 1536w, https:\/\/canfali.com\/app\/uploads\/2025\/10\/escultures-3-2048x1365.jpg 2048w, https:\/\/canfali.com\/app\/uploads\/2025\/10\/escultures-3.jpg 2304w\" sizes=\"(max-width: 1024px) 100vw, 1024px\" \/><\/figure>\n\n<p>I una tercera, i \u00faltima, de regal. En la Pla\u00e7a de la Constituci\u00f3, enfront de l&#8217;ajuntament, est\u00e0 El zulo, feta en bronze, de V\u00edctor Ochoa. El mateix autor comenta que \u201cel que realment subjeu en aquesta figura \u00e9s la pretesa dignitat o humanitat amb qu\u00e8 tots fem front als dram\u00e0tics desvaris de la nostra exist\u00e8ncia\u201d.<\/p>\n\n<p>\tSi volen con\u00e8ixer la resta de peces de la ruta escult\u00f2rica de Teulada Moraira, ja saben. No hi ha m\u00e9s que fer-se una passejada per a detenir-se i mirar amb altres ulls.<\/p>\n","protected":false},"excerpt":{"rendered":"Un itinerari escult\u00f2ric uneix Teulada i Moraira en els pr\u00f2xims sis mesos Buscar una alternativa -encara que sense&hellip;","protected":false},"author":5,"featured_media":79156,"comment_status":"closed","ping_status":"closed","sticky":false,"template":"","format":"standard","meta":{"csco_display_header_overlay":false,"csco_singular_sidebar":"","csco_page_header_type":"","csco_page_load_nextpost":"","csco_post_video_location":[],"csco_post_video_location_hash":"","csco_post_video_url":"","csco_post_video_bg_start_time":0,"csco_post_video_bg_end_time":0,"footnotes":""},"categories":[579],"tags":[4592,3310,4591],"class_list":{"0":"post-79160","1":"post","2":"type-post","3":"status-publish","4":"format-standard","5":"has-post-thumbnail","7":"category-cultura-2","8":"tag-biennal","9":"tag-escultures","10":"tag-itinerari-cultural","11":"cs-entry","12":"cs-video-wrap"},"yoast_head":"<!-- This site is optimized with the Yoast SEO Premium plugin v26.6 (Yoast SEO v27.3) - https:\/\/yoast.com\/product\/yoast-seo-premium-wordpress\/ -->\n<title>Detenir-se per a mirar amb altres ulls - Canfali<\/title>\n<meta name=\"robots\" content=\"index, follow, max-snippet:-1, max-image-preview:large, max-video-preview:-1\" \/>\n<link rel=\"canonical\" href=\"https:\/\/canfali.com\/ca-es\/detenir-se-per-a-mirar-amb-altres-ulls\/\" \/>\n<meta property=\"og:locale\" content=\"en_US\" \/>\n<meta property=\"og:type\" content=\"article\" \/>\n<meta property=\"og:title\" content=\"Detenir-se per a mirar amb altres ulls\" \/>\n<meta property=\"og:description\" content=\"Un itinerari escult\u00f2ric uneix Teulada i Moraira en els pr\u00f2xims sis mesos Buscar una alternativa -encara que sense&hellip;\" \/>\n<meta property=\"og:url\" content=\"https:\/\/canfali.com\/ca-es\/detenir-se-per-a-mirar-amb-altres-ulls\/\" \/>\n<meta property=\"og:site_name\" content=\"Canfali\" \/>\n<meta property=\"article:publisher\" content=\"https:\/\/es-es.facebook.com\/CANFALIMarinaAlta\" \/>\n<meta property=\"article:published_time\" content=\"2025-10-21T08:35:48+00:00\" \/>\n<meta property=\"article:modified_time\" content=\"2025-10-21T08:39:26+00:00\" \/>\n<meta property=\"og:image\" content=\"https:\/\/canfali.com\/app\/uploads\/2025\/10\/escultures-2.jpg\" \/>\n\t<meta property=\"og:image:width\" content=\"2304\" \/>\n\t<meta property=\"og:image:height\" content=\"1536\" \/>\n\t<meta property=\"og:image:type\" content=\"image\/jpeg\" \/>\n<meta name=\"author\" content=\"D\u00eddac\" \/>\n<meta name=\"twitter:card\" content=\"summary_large_image\" \/>\n<meta name=\"twitter:creator\" content=\"@canfalima\" \/>\n<meta name=\"twitter:site\" content=\"@canfalima\" \/>\n<meta name=\"twitter:label1\" content=\"Written by\" \/>\n\t<meta name=\"twitter:data1\" content=\"D\u00eddac\" \/>\n\t<meta name=\"twitter:label2\" content=\"Est. reading time\" \/>\n\t<meta name=\"twitter:data2\" content=\"3 minutes\" \/>\n<script type=\"application\/ld+json\" class=\"yoast-schema-graph\">{\"@context\":\"https:\\\/\\\/schema.org\",\"@graph\":[{\"@type\":\"NewsArticle\",\"@id\":\"https:\\\/\\\/canfali.com\\\/ca-es\\\/detenir-se-per-a-mirar-amb-altres-ulls\\\/#article\",\"isPartOf\":{\"@id\":\"https:\\\/\\\/canfali.com\\\/ca-es\\\/detenir-se-per-a-mirar-amb-altres-ulls\\\/\"},\"author\":{\"name\":\"D\u00eddac\",\"@id\":\"https:\\\/\\\/canfali.com\\\/ca-es\\\/#\\\/schema\\\/person\\\/5211f51be1ed486a218e6a4f53355b6d\"},\"headline\":\"Detenir-se per a mirar amb altres ulls\",\"datePublished\":\"2025-10-21T08:35:48+00:00\",\"dateModified\":\"2025-10-21T08:39:26+00:00\",\"mainEntityOfPage\":{\"@id\":\"https:\\\/\\\/canfali.com\\\/ca-es\\\/detenir-se-per-a-mirar-amb-altres-ulls\\\/\"},\"wordCount\":597,\"publisher\":{\"@id\":\"https:\\\/\\\/canfali.com\\\/ca-es\\\/#organization\"},\"image\":{\"@id\":\"https:\\\/\\\/canfali.com\\\/ca-es\\\/detenir-se-per-a-mirar-amb-altres-ulls\\\/#primaryimage\"},\"thumbnailUrl\":\"https:\\\/\\\/canfali.com\\\/app\\\/uploads\\\/2025\\\/10\\\/escultures-2.jpg\",\"keywords\":[\"biennal\",\"escultures\",\"itinerari cultural\"],\"articleSection\":[\"Cultura\"],\"inLanguage\":\"va-ES\",\"copyrightYear\":\"2025\",\"copyrightHolder\":{\"@id\":\"https:\\\/\\\/canfali.com\\\/#organization\"}},{\"@type\":\"WebPage\",\"@id\":\"https:\\\/\\\/canfali.com\\\/ca-es\\\/detenir-se-per-a-mirar-amb-altres-ulls\\\/\",\"url\":\"https:\\\/\\\/canfali.com\\\/ca-es\\\/detenir-se-per-a-mirar-amb-altres-ulls\\\/\",\"name\":\"Detenir-se per a mirar amb altres ulls - Canfali\",\"isPartOf\":{\"@id\":\"https:\\\/\\\/canfali.com\\\/ca-es\\\/#website\"},\"primaryImageOfPage\":{\"@id\":\"https:\\\/\\\/canfali.com\\\/ca-es\\\/detenir-se-per-a-mirar-amb-altres-ulls\\\/#primaryimage\"},\"image\":{\"@id\":\"https:\\\/\\\/canfali.com\\\/ca-es\\\/detenir-se-per-a-mirar-amb-altres-ulls\\\/#primaryimage\"},\"thumbnailUrl\":\"https:\\\/\\\/canfali.com\\\/app\\\/uploads\\\/2025\\\/10\\\/escultures-2.jpg\",\"datePublished\":\"2025-10-21T08:35:48+00:00\",\"dateModified\":\"2025-10-21T08:39:26+00:00\",\"breadcrumb\":{\"@id\":\"https:\\\/\\\/canfali.com\\\/ca-es\\\/detenir-se-per-a-mirar-amb-altres-ulls\\\/#breadcrumb\"},\"inLanguage\":\"va-ES\",\"potentialAction\":[{\"@type\":\"ReadAction\",\"target\":[\"https:\\\/\\\/canfali.com\\\/ca-es\\\/detenir-se-per-a-mirar-amb-altres-ulls\\\/\"]}]},{\"@type\":\"ImageObject\",\"inLanguage\":\"va-ES\",\"@id\":\"https:\\\/\\\/canfali.com\\\/ca-es\\\/detenir-se-per-a-mirar-amb-altres-ulls\\\/#primaryimage\",\"url\":\"https:\\\/\\\/canfali.com\\\/app\\\/uploads\\\/2025\\\/10\\\/escultures-2.jpg\",\"contentUrl\":\"https:\\\/\\\/canfali.com\\\/app\\\/uploads\\\/2025\\\/10\\\/escultures-2.jpg\",\"width\":2304,\"height\":1536},{\"@type\":\"BreadcrumbList\",\"@id\":\"https:\\\/\\\/canfali.com\\\/ca-es\\\/detenir-se-per-a-mirar-amb-altres-ulls\\\/#breadcrumb\",\"itemListElement\":[{\"@type\":\"ListItem\",\"position\":1,\"name\":\"Portada\",\"item\":\"https:\\\/\\\/canfali.com\\\/ca-es\\\/\"},{\"@type\":\"ListItem\",\"position\":2,\"name\":\"Detenir-se per a mirar amb altres ulls\"}]},{\"@type\":\"WebSite\",\"@id\":\"https:\\\/\\\/canfali.com\\\/ca-es\\\/#website\",\"url\":\"https:\\\/\\\/canfali.com\\\/ca-es\\\/\",\"name\":\"Canfali\",\"description\":\"\",\"publisher\":{\"@id\":\"https:\\\/\\\/canfali.com\\\/ca-es\\\/#organization\"},\"potentialAction\":[{\"@type\":\"SearchAction\",\"target\":{\"@type\":\"EntryPoint\",\"urlTemplate\":\"https:\\\/\\\/canfali.com\\\/ca-es\\\/?s={search_term_string}\"},\"query-input\":{\"@type\":\"PropertyValueSpecification\",\"valueRequired\":true,\"valueName\":\"search_term_string\"}}],\"inLanguage\":\"va-ES\"},{\"@type\":\"Organization\",\"@id\":\"https:\\\/\\\/canfali.com\\\/ca-es\\\/#organization\",\"name\":\"Canfali\",\"url\":\"https:\\\/\\\/canfali.com\\\/ca-es\\\/\",\"logo\":{\"@type\":\"ImageObject\",\"inLanguage\":\"va-ES\",\"@id\":\"https:\\\/\\\/canfali.com\\\/ca-es\\\/#\\\/schema\\\/logo\\\/image\\\/\",\"url\":\"https:\\\/\\\/canfali.com\\\/app\\\/uploads\\\/2025\\\/12\\\/canfali_marina_alta_logo.png\",\"contentUrl\":\"https:\\\/\\\/canfali.com\\\/app\\\/uploads\\\/2025\\\/12\\\/canfali_marina_alta_logo.png\",\"width\":225,\"height\":225,\"caption\":\"Canfali\"},\"image\":{\"@id\":\"https:\\\/\\\/canfali.com\\\/ca-es\\\/#\\\/schema\\\/logo\\\/image\\\/\"},\"sameAs\":[\"https:\\\/\\\/es-es.facebook.com\\\/CANFALIMarinaAlta\",\"https:\\\/\\\/x.com\\\/canfalima\",\"https:\\\/\\\/www.instagram.com\\\/canfalimarinaalta\\\/\"]},{\"@type\":\"Person\",\"@id\":\"https:\\\/\\\/canfali.com\\\/ca-es\\\/#\\\/schema\\\/person\\\/5211f51be1ed486a218e6a4f53355b6d\",\"name\":\"D\u00eddac\",\"image\":{\"@type\":\"ImageObject\",\"inLanguage\":\"va-ES\",\"@id\":\"https:\\\/\\\/secure.gravatar.com\\\/avatar\\\/a68a2078c12da8a6dd6cff4f3f3f69f7eb69a2d31ac1aac4da61c3761e4557f4?s=96&d=mm&r=g\",\"url\":\"https:\\\/\\\/secure.gravatar.com\\\/avatar\\\/a68a2078c12da8a6dd6cff4f3f3f69f7eb69a2d31ac1aac4da61c3761e4557f4?s=96&d=mm&r=g\",\"contentUrl\":\"https:\\\/\\\/secure.gravatar.com\\\/avatar\\\/a68a2078c12da8a6dd6cff4f3f3f69f7eb69a2d31ac1aac4da61c3761e4557f4?s=96&d=mm&r=g\",\"caption\":\"D\u00eddac\"},\"url\":\"https:\\\/\\\/canfali.com\\\/ca-es\\\/author\\\/didac\\\/\"}]}<\/script>\n<!-- \/ Yoast SEO Premium plugin. -->","yoast_head_json":{"title":"Detenir-se per a mirar amb altres ulls - Canfali","robots":{"index":"index","follow":"follow","max-snippet":"max-snippet:-1","max-image-preview":"max-image-preview:large","max-video-preview":"max-video-preview:-1"},"canonical":"https:\/\/canfali.com\/ca-es\/detenir-se-per-a-mirar-amb-altres-ulls\/","og_locale":"en_US","og_type":"article","og_title":"Detenir-se per a mirar amb altres ulls","og_description":"Un itinerari escult\u00f2ric uneix Teulada i Moraira en els pr\u00f2xims sis mesos Buscar una alternativa -encara que sense&hellip;","og_url":"https:\/\/canfali.com\/ca-es\/detenir-se-per-a-mirar-amb-altres-ulls\/","og_site_name":"Canfali","article_publisher":"https:\/\/es-es.facebook.com\/CANFALIMarinaAlta","article_published_time":"2025-10-21T08:35:48+00:00","article_modified_time":"2025-10-21T08:39:26+00:00","og_image":[{"width":2304,"height":1536,"url":"https:\/\/canfali.com\/app\/uploads\/2025\/10\/escultures-2.jpg","type":"image\/jpeg"}],"author":"D\u00eddac","twitter_card":"summary_large_image","twitter_creator":"@canfalima","twitter_site":"@canfalima","twitter_misc":{"Written by":"D\u00eddac","Est. reading time":"3 minutes"},"schema":{"@context":"https:\/\/schema.org","@graph":[{"@type":"NewsArticle","@id":"https:\/\/canfali.com\/ca-es\/detenir-se-per-a-mirar-amb-altres-ulls\/#article","isPartOf":{"@id":"https:\/\/canfali.com\/ca-es\/detenir-se-per-a-mirar-amb-altres-ulls\/"},"author":{"name":"D\u00eddac","@id":"https:\/\/canfali.com\/ca-es\/#\/schema\/person\/5211f51be1ed486a218e6a4f53355b6d"},"headline":"Detenir-se per a mirar amb altres ulls","datePublished":"2025-10-21T08:35:48+00:00","dateModified":"2025-10-21T08:39:26+00:00","mainEntityOfPage":{"@id":"https:\/\/canfali.com\/ca-es\/detenir-se-per-a-mirar-amb-altres-ulls\/"},"wordCount":597,"publisher":{"@id":"https:\/\/canfali.com\/ca-es\/#organization"},"image":{"@id":"https:\/\/canfali.com\/ca-es\/detenir-se-per-a-mirar-amb-altres-ulls\/#primaryimage"},"thumbnailUrl":"https:\/\/canfali.com\/app\/uploads\/2025\/10\/escultures-2.jpg","keywords":["biennal","escultures","itinerari cultural"],"articleSection":["Cultura"],"inLanguage":"va-ES","copyrightYear":"2025","copyrightHolder":{"@id":"https:\/\/canfali.com\/#organization"}},{"@type":"WebPage","@id":"https:\/\/canfali.com\/ca-es\/detenir-se-per-a-mirar-amb-altres-ulls\/","url":"https:\/\/canfali.com\/ca-es\/detenir-se-per-a-mirar-amb-altres-ulls\/","name":"Detenir-se per a mirar amb altres ulls - Canfali","isPartOf":{"@id":"https:\/\/canfali.com\/ca-es\/#website"},"primaryImageOfPage":{"@id":"https:\/\/canfali.com\/ca-es\/detenir-se-per-a-mirar-amb-altres-ulls\/#primaryimage"},"image":{"@id":"https:\/\/canfali.com\/ca-es\/detenir-se-per-a-mirar-amb-altres-ulls\/#primaryimage"},"thumbnailUrl":"https:\/\/canfali.com\/app\/uploads\/2025\/10\/escultures-2.jpg","datePublished":"2025-10-21T08:35:48+00:00","dateModified":"2025-10-21T08:39:26+00:00","breadcrumb":{"@id":"https:\/\/canfali.com\/ca-es\/detenir-se-per-a-mirar-amb-altres-ulls\/#breadcrumb"},"inLanguage":"va-ES","potentialAction":[{"@type":"ReadAction","target":["https:\/\/canfali.com\/ca-es\/detenir-se-per-a-mirar-amb-altres-ulls\/"]}]},{"@type":"ImageObject","inLanguage":"va-ES","@id":"https:\/\/canfali.com\/ca-es\/detenir-se-per-a-mirar-amb-altres-ulls\/#primaryimage","url":"https:\/\/canfali.com\/app\/uploads\/2025\/10\/escultures-2.jpg","contentUrl":"https:\/\/canfali.com\/app\/uploads\/2025\/10\/escultures-2.jpg","width":2304,"height":1536},{"@type":"BreadcrumbList","@id":"https:\/\/canfali.com\/ca-es\/detenir-se-per-a-mirar-amb-altres-ulls\/#breadcrumb","itemListElement":[{"@type":"ListItem","position":1,"name":"Portada","item":"https:\/\/canfali.com\/ca-es\/"},{"@type":"ListItem","position":2,"name":"Detenir-se per a mirar amb altres ulls"}]},{"@type":"WebSite","@id":"https:\/\/canfali.com\/ca-es\/#website","url":"https:\/\/canfali.com\/ca-es\/","name":"Canfali","description":"","publisher":{"@id":"https:\/\/canfali.com\/ca-es\/#organization"},"potentialAction":[{"@type":"SearchAction","target":{"@type":"EntryPoint","urlTemplate":"https:\/\/canfali.com\/ca-es\/?s={search_term_string}"},"query-input":{"@type":"PropertyValueSpecification","valueRequired":true,"valueName":"search_term_string"}}],"inLanguage":"va-ES"},{"@type":"Organization","@id":"https:\/\/canfali.com\/ca-es\/#organization","name":"Canfali","url":"https:\/\/canfali.com\/ca-es\/","logo":{"@type":"ImageObject","inLanguage":"va-ES","@id":"https:\/\/canfali.com\/ca-es\/#\/schema\/logo\/image\/","url":"https:\/\/canfali.com\/app\/uploads\/2025\/12\/canfali_marina_alta_logo.png","contentUrl":"https:\/\/canfali.com\/app\/uploads\/2025\/12\/canfali_marina_alta_logo.png","width":225,"height":225,"caption":"Canfali"},"image":{"@id":"https:\/\/canfali.com\/ca-es\/#\/schema\/logo\/image\/"},"sameAs":["https:\/\/es-es.facebook.com\/CANFALIMarinaAlta","https:\/\/x.com\/canfalima","https:\/\/www.instagram.com\/canfalimarinaalta\/"]},{"@type":"Person","@id":"https:\/\/canfali.com\/ca-es\/#\/schema\/person\/5211f51be1ed486a218e6a4f53355b6d","name":"D\u00eddac","image":{"@type":"ImageObject","inLanguage":"va-ES","@id":"https:\/\/secure.gravatar.com\/avatar\/a68a2078c12da8a6dd6cff4f3f3f69f7eb69a2d31ac1aac4da61c3761e4557f4?s=96&d=mm&r=g","url":"https:\/\/secure.gravatar.com\/avatar\/a68a2078c12da8a6dd6cff4f3f3f69f7eb69a2d31ac1aac4da61c3761e4557f4?s=96&d=mm&r=g","contentUrl":"https:\/\/secure.gravatar.com\/avatar\/a68a2078c12da8a6dd6cff4f3f3f69f7eb69a2d31ac1aac4da61c3761e4557f4?s=96&d=mm&r=g","caption":"D\u00eddac"},"url":"https:\/\/canfali.com\/ca-es\/author\/didac\/"}]}},"_links":{"self":[{"href":"https:\/\/canfali.com\/ca-es\/wp-json\/wp\/v2\/posts\/79160","targetHints":{"allow":["GET"]}}],"collection":[{"href":"https:\/\/canfali.com\/ca-es\/wp-json\/wp\/v2\/posts"}],"about":[{"href":"https:\/\/canfali.com\/ca-es\/wp-json\/wp\/v2\/types\/post"}],"author":[{"embeddable":true,"href":"https:\/\/canfali.com\/ca-es\/wp-json\/wp\/v2\/users\/5"}],"replies":[{"embeddable":true,"href":"https:\/\/canfali.com\/ca-es\/wp-json\/wp\/v2\/comments?post=79160"}],"version-history":[{"count":1,"href":"https:\/\/canfali.com\/ca-es\/wp-json\/wp\/v2\/posts\/79160\/revisions"}],"predecessor-version":[{"id":79161,"href":"https:\/\/canfali.com\/ca-es\/wp-json\/wp\/v2\/posts\/79160\/revisions\/79161"}],"wp:featuredmedia":[{"embeddable":true,"href":"https:\/\/canfali.com\/ca-es\/wp-json\/wp\/v2\/media\/79156"}],"wp:attachment":[{"href":"https:\/\/canfali.com\/ca-es\/wp-json\/wp\/v2\/media?parent=79160"}],"wp:term":[{"taxonomy":"category","embeddable":true,"href":"https:\/\/canfali.com\/ca-es\/wp-json\/wp\/v2\/categories?post=79160"},{"taxonomy":"post_tag","embeddable":true,"href":"https:\/\/canfali.com\/ca-es\/wp-json\/wp\/v2\/tags?post=79160"}],"curies":[{"name":"wp","href":"https:\/\/api.w.org\/{rel}","templated":true}]}}