{"id":79148,"date":"2025-10-20T19:29:07","date_gmt":"2025-10-20T17:29:07","guid":{"rendered":"https:\/\/canfali.com\/denia-obri-una-nova-pagina-a-la-reflexio-col%c2%b7lectiva\/"},"modified":"2025-10-20T19:52:45","modified_gmt":"2025-10-20T17:52:45","slug":"denia-obri-una-nova-pagina-a-la-reflexio-col%c2%b7lectiva","status":"publish","type":"post","link":"https:\/\/canfali.com\/ca-es\/denia-obri-una-nova-pagina-a-la-reflexio-col%c2%b7lectiva\/","title":{"rendered":"D\u00e9nia obri una nova p\u00e0gina a la reflexi\u00f3 col\u00b7lectiva"},"content":{"rendered":"\n<p><\/p>\n\n<h2 class=\"wp-block-heading\">Les jornades \u2018*Ciutat del pensament\u2019 trauen a relluir les conseq\u00fc\u00e8ncies del canvi clim\u00e0tic<br\/><\/h2>\n\n<figure class=\"wp-block-pullquote\"><blockquote><p>Jorge Olcina: \u201c\u00c9s sorprenent que a la Marina Alta no hi haja una planificaci\u00f3 conjunta de l&#8217;aigua\u201d<br\/><br\/><\/p><\/blockquote><\/figure>\n\n<p>\u201cD\u00e9nia \u00e9s, des de fa anys, un lloc on la creativitat arrela, on la cultura s&#8217;ha convertit en una manera de fer ciutat\u201d. Amb aquestes paraules obria el vicealcalde de la ciutat, Rafa Carri\u00f3, les jornades de reflexi\u00f3 \u2018D\u00e9nia, ciutat del pensament\u2019. \u201cAmb elles -afegia- fem un pas m\u00e9s cap endavant: no sols creem, sin\u00f3 que pensem all\u00f2 que creem; no sols contemplem, sin\u00f3 que dialoguem; no sols actuem, sin\u00f3 que ens preguntem perqu\u00e8 i per a qu\u00e8\u201d. Durant quatre dies, professionals i experts dialoguen, intercanvien idees i conversen sobre el canvi clim\u00e0tic, la gesti\u00f3 de l&#8217;aigua, la corrupci\u00f3, la gastronomia, les emocions, el turisme, la pesca i l&#8217;agricultura en un f\u00f2rum de debat participatiu obert a la ciutadania. La Marina Alta \u00e9s l&#8217;eix central de la reflexi\u00f3 col\u00b7lectiva, una comarca que \u201c\u00e9s el paradigma de no haver pensat m\u00e9s en les conseq\u00fc\u00e8ncies\u201d que impliquen determinats models territorials i el canvi clim\u00e0tic, indicava la regidora de Transici\u00f3 Ecol\u00f2gica, Sandra Gertr\u00fadix, en la primera sessi\u00f3. <\/p>\n\n<figure class=\"wp-block-gallery has-nested-images columns-default is-cropped wp-block-gallery-15 is-layout-flex wp-block-gallery-is-layout-flex\">\n<figure class=\"wp-block-image size-large\"><img decoding=\"async\" data-id=\"79133\" src=\"https:\/\/canfali.com\/app\/uploads\/2025\/10\/pensament-2-1024x683.jpg.webp\" alt=\"\" class=\"wp-image-79133\"\/><\/figure>\n\n\n\n<figure class=\"wp-block-image size-large\"><img decoding=\"async\" data-id=\"79131\" src=\"https:\/\/canfali.com\/app\/uploads\/2025\/10\/IMG_4445-1024x683.jpg.webp\" alt=\"\" class=\"wp-image-79131\"\/><\/figure>\n<\/figure>\n\n<figure class=\"wp-block-gallery has-nested-images columns-default is-cropped wp-block-gallery-16 is-layout-flex wp-block-gallery-is-layout-flex\">\n<figure class=\"wp-block-image size-large\"><img decoding=\"async\" data-id=\"79137\" src=\"https:\/\/canfali.com\/app\/uploads\/2025\/10\/IMG_4407-1-1024x683.jpg.webp\" alt=\"\" class=\"wp-image-79137\"\/><\/figure>\n\n\n\n<figure class=\"wp-block-image size-large\"><img decoding=\"async\" data-id=\"79139\" src=\"https:\/\/canfali.com\/app\/uploads\/2025\/10\/IMG_4512-1024x683.jpg.webp\" alt=\"\" class=\"wp-image-79139\"\/><\/figure>\n<\/figure>\n\n<h2 class=\"wp-block-heading\"><strong>Calor que mata<\/strong><\/h2>\n\n<p>Jorge Olcina, catedr\u00e0tic d&#8217;An\u00e0lisi Geogr\u00e0fica Regional de la Universitat d&#8217;Alacant i membre del Grup d&#8217;Experts de Canvi Clim\u00e0tic de Nacions Unides, va alertar en la seva intervenci\u00f3 dels efectes del canvi clim\u00e0tic i el context d&#8217;incertesa en el qual ens movem, per l&#8217;augment de les temperatures -amb nits tropicals en les quals la temperatura multiplica per 4 i per 5 els registres dels anys 70-, l&#8217;increment de dies secs i tamb\u00e9 de processos en\u00e8rgics de precipitacions. Plou menys dies per\u00f2 de manera m\u00e9s intensa; plou m\u00e9s en la costa mediterr\u00e0nia que a l&#8217;interior, amb la qual cosa no s&#8217;emplenen d&#8217;igual forma els aq\u00fc\u00edfers; i plou menys a la primavera que a la tardor, una tend\u00e8ncia que ha de fer-nos replantejar com garantir l&#8217;aigua a l&#8217;estiu -quan es disparen els consums- i com adaptar les collites a aquest canvi, per exemple.<\/p>\n\n<p>Olcina qualifica de \u201csorprenent\u201d que a la Marina Alta no hi haja una planificaci\u00f3 conjunta en mat\u00e8ria d&#8217;aigua i no existisca una entitat mancomunada capa\u00e7 de planificar i interconnectar recursos per a poder fer front als mesos de sequera intensa. En la seua opini\u00f3, D\u00e9nia hauria de liderar una actuaci\u00f3 que considera m\u00e9s que necess\u00e0ria, perqu\u00e8 no s&#8217;ent\u00e9n que en la zona m\u00e9s plujosa de la prov\u00edncia d&#8217;Alacant -va dir- hi haja problemes de prove\u00efment, com va oc\u00f3rrer aquest estiu a Teulada Moraira.<br\/><br\/><\/p>\n\n<figure class=\"wp-block-gallery has-nested-images columns-default is-cropped wp-block-gallery-17 is-layout-flex wp-block-gallery-is-layout-flex\">\n<figure class=\"wp-block-image size-large\"><img decoding=\"async\" data-id=\"79143\" src=\"https:\/\/canfali.com\/app\/uploads\/2025\/10\/IMG_4515-1024x683.jpg.webp\" alt=\"\" class=\"wp-image-79143\"\/><\/figure>\n<\/figure>\n\n<p>L&#8217;expert en canvi clim\u00e0tic ha advertit tamb\u00e9 de la import\u00e0ncia de fer una bona planificaci\u00f3 territorial \u201ci no depassar els l\u00edmits\u201d, adaptar calendaris i varietats en l&#8217;agricultura a la calor i treballar amb plans d&#8217;emerg\u00e8ncia per a protegir-se de les altes temperatures. \u201cLa calor que mata no \u00e9s la di\u00fcrna, \u00e9s la nocturn, la que no deixa descansar\u201d, va matisar. A la prov\u00edncia d&#8217;Alacant, les nits amb temperatures que superen els 20 graus no baixen de 90. \u201cLa calor -va puntualitzar Jorge Olcina- s&#8217;ha convertit en un element perill\u00f3s\u201d.<br\/><\/p>\n\n<figure class=\"wp-block-pullquote\"><blockquote><p><div>Joaquim Bosch, Quico Arab\u00ed i Domingo Garc\u00eda-Marz\u00e1 parlaran el dimarts sobre corrupci\u00f3 i confian\u00e7a<\/div><br\/><div><\/div><br\/><div><\/div><\/p><\/blockquote><\/figure>\n\n<p>Les jornades s&#8217;han organitzat amb l&#8217;\u00e0nim de reflexionar sobre present i passat i de pensar el futur. Dem\u00e0 dimarts, a la Sala L\u2019Androna del Bale\u00e0ria Port, se celebrar\u00e0 la taula de debat \u2018Quan la corrupci\u00f3 erosiona la confian\u00e7a\u2019, amb la participaci\u00f3 del magistrat i jurista Joaquim Bosch, el catedr\u00e0tic d&#8217;\u00c8tica Domingo Garc\u00eda-Marz\u00e0 i la moderaci\u00f3 del periodista Quico Arab\u00ed.<br\/><\/p>\n\n<p>La jornada se centrar\u00e0 en com la corrupci\u00f3 no sols danya les institucions, sin\u00f3 que afebleix el vincle moral que sost\u00e9 la conviv\u00e8ncia democr\u00e0tica. Els ponents presentaran les seves recents publicacions: \u2018Escac a la democr\u00e0cia\u2019 (Bosch), \u2018Teoria de la democr\u00e0cia. Una aposta per la participaci\u00f3\u2019 (Garc\u00eda-Marz\u00e0) i \u2018Els tentacles del truhan\u2019 (Arab\u00ed), que ofereixen perspectives sobre \u00e8tica, participaci\u00f3 ciutadana i regeneraci\u00f3 democr\u00e0tica. La programaci\u00f3 completa es pot consultar en www.deniaciutatdelpensament.org<\/p>\n<div class=\"wp-block-image\">\n<figure class=\"aligncenter size-large\"><img decoding=\"async\" src=\"https:\/\/canfali.com\/app\/uploads\/2025\/10\/pensament-6-1024x678.jpg.webp\" alt=\"\" class=\"wp-image-79141\"\/><figcaption class=\"wp-element-caption\">Taula redona sobre l&#8217;impacte que el canvi clim\u00e0tic t\u00e9 en sectors b\u00e0sics de la comarca com l&#8217;agr\u00edcola, el tur\u00edstic i el pesquer.<\/figcaption><\/figure>\n<\/div>\n<p>\u2018D\u00e9nia, Ciutat del *Pensament\u2019 \u00e9s un projecte organitzat per la Fundaci\u00f3 D\u00e9nia Ciutat Creativa, de la qual formen part l&#8217;Ajuntament de D\u00e9nia, el Cercle Empresarial de la Marina Alta (CEDMA), l&#8217;Associaci\u00f3 d&#8217;Empresaris d&#8217;Hostaleria i Turisme D\u00e9nia-Marina Alta (AEHTMA) i Bale\u00e0ria.<\/p>\n\n<p><\/p>\n","protected":false},"excerpt":{"rendered":"Les jornades \u2018*Ciutat del pensament\u2019 trauen a relluir les conseq\u00fc\u00e8ncies del canvi clim\u00e0tic Jorge Olcina: \u201c\u00c9s sorprenent que&hellip;","protected":false},"author":6,"featured_media":79128,"comment_status":"closed","ping_status":"closed","sticky":false,"template":"","format":"standard","meta":{"csco_display_header_overlay":false,"csco_singular_sidebar":"","csco_page_header_type":"","csco_page_load_nextpost":"","csco_post_video_location":[],"csco_post_video_location_hash":"","csco_post_video_url":"","csco_post_video_bg_start_time":0,"csco_post_video_bg_end_time":0,"footnotes":""},"categories":[574],"tags":[4587,848,2334,4460,4588,1203,4586],"class_list":{"0":"post-79148","1":"post","2":"type-post","3":"status-publish","4":"format-standard","5":"has-post-thumbnail","7":"category-sociedad-2","8":"tag-agricultrua-ca-es","9":"tag-aigua-2","10":"tag-canvi-climatic","11":"tag-ciutat-del-pensament-ca-es","12":"tag-jorge-olcina-ca-es","13":"tag-pesca-ca-es","14":"tag-refelxio","15":"cs-entry","16":"cs-video-wrap"},"yoast_head":"<!-- This site is optimized with the Yoast SEO Premium plugin v26.6 (Yoast SEO v27.3) - https:\/\/yoast.com\/product\/yoast-seo-premium-wordpress\/ -->\n<title>D\u00e9nia obri una nova p\u00e0gina a la reflexi\u00f3 col\u00b7lectiva - Canfali<\/title>\n<meta name=\"robots\" content=\"index, follow, max-snippet:-1, max-image-preview:large, max-video-preview:-1\" \/>\n<link rel=\"canonical\" href=\"https:\/\/canfali.com\/ca-es\/denia-obri-una-nova-pagina-a-la-reflexio-col%c2%b7lectiva\/\" \/>\n<meta property=\"og:locale\" content=\"en_US\" \/>\n<meta property=\"og:type\" content=\"article\" \/>\n<meta property=\"og:title\" content=\"D\u00e9nia obri una nova p\u00e0gina a la reflexi\u00f3 col\u00b7lectiva\" \/>\n<meta property=\"og:description\" content=\"Les jornades \u2018*Ciutat del pensament\u2019 trauen a relluir les conseq\u00fc\u00e8ncies del canvi clim\u00e0tic Jorge Olcina: \u201c\u00c9s sorprenent que&hellip;\" \/>\n<meta property=\"og:url\" content=\"https:\/\/canfali.com\/ca-es\/denia-obri-una-nova-pagina-a-la-reflexio-col%c2%b7lectiva\/\" \/>\n<meta property=\"og:site_name\" content=\"Canfali\" \/>\n<meta property=\"article:publisher\" content=\"https:\/\/es-es.facebook.com\/CANFALIMarinaAlta\" \/>\n<meta property=\"article:published_time\" content=\"2025-10-20T17:29:07+00:00\" \/>\n<meta property=\"article:modified_time\" content=\"2025-10-20T17:52:45+00:00\" \/>\n<meta property=\"og:image\" content=\"https:\/\/canfali.com\/app\/uploads\/2025\/10\/pensament-3-scaled.jpg\" \/>\n\t<meta property=\"og:image:width\" content=\"2560\" \/>\n\t<meta property=\"og:image:height\" content=\"1696\" \/>\n\t<meta property=\"og:image:type\" content=\"image\/jpeg\" \/>\n<meta name=\"author\" content=\"Rosa\" \/>\n<meta name=\"twitter:card\" content=\"summary_large_image\" \/>\n<meta name=\"twitter:creator\" content=\"@canfalima\" \/>\n<meta name=\"twitter:site\" content=\"@canfalima\" \/>\n<meta name=\"twitter:label1\" content=\"Written by\" \/>\n\t<meta name=\"twitter:data1\" content=\"Rosa\" \/>\n\t<meta name=\"twitter:label2\" content=\"Est. reading time\" \/>\n\t<meta name=\"twitter:data2\" content=\"4 minutes\" \/>\n<script type=\"application\/ld+json\" class=\"yoast-schema-graph\">{\"@context\":\"https:\\\/\\\/schema.org\",\"@graph\":[{\"@type\":\"NewsArticle\",\"@id\":\"https:\\\/\\\/canfali.com\\\/ca-es\\\/denia-obri-una-nova-pagina-a-la-reflexio-col%c2%b7lectiva\\\/#article\",\"isPartOf\":{\"@id\":\"https:\\\/\\\/canfali.com\\\/ca-es\\\/denia-obri-una-nova-pagina-a-la-reflexio-col%c2%b7lectiva\\\/\"},\"author\":{\"name\":\"Rosa\",\"@id\":\"https:\\\/\\\/canfali.com\\\/ca-es\\\/#\\\/schema\\\/person\\\/c861a7aa2b2495357b95f35bd5d82f88\"},\"headline\":\"D\u00e9nia obri una nova p\u00e0gina a la reflexi\u00f3 col\u00b7lectiva\",\"datePublished\":\"2025-10-20T17:29:07+00:00\",\"dateModified\":\"2025-10-20T17:52:45+00:00\",\"mainEntityOfPage\":{\"@id\":\"https:\\\/\\\/canfali.com\\\/ca-es\\\/denia-obri-una-nova-pagina-a-la-reflexio-col%c2%b7lectiva\\\/\"},\"wordCount\":819,\"publisher\":{\"@id\":\"https:\\\/\\\/canfali.com\\\/ca-es\\\/#organization\"},\"image\":{\"@id\":\"https:\\\/\\\/canfali.com\\\/ca-es\\\/denia-obri-una-nova-pagina-a-la-reflexio-col%c2%b7lectiva\\\/#primaryimage\"},\"thumbnailUrl\":\"https:\\\/\\\/canfali.com\\\/app\\\/uploads\\\/2025\\\/10\\\/pensament-3-scaled.jpg\",\"keywords\":[\"agricultrua\",\"aigua\",\"canvi clim\u00e0tic\",\"ciutat del pensament\",\"Jorge Olcina\",\"pesca\",\"refelxi\u00f3\"],\"articleSection\":[\"Sociedad\"],\"inLanguage\":\"va-ES\",\"copyrightYear\":\"2025\",\"copyrightHolder\":{\"@id\":\"https:\\\/\\\/canfali.com\\\/#organization\"}},{\"@type\":\"WebPage\",\"@id\":\"https:\\\/\\\/canfali.com\\\/ca-es\\\/denia-obri-una-nova-pagina-a-la-reflexio-col%c2%b7lectiva\\\/\",\"url\":\"https:\\\/\\\/canfali.com\\\/ca-es\\\/denia-obri-una-nova-pagina-a-la-reflexio-col%c2%b7lectiva\\\/\",\"name\":\"D\u00e9nia obri una nova p\u00e0gina a la reflexi\u00f3 col\u00b7lectiva - Canfali\",\"isPartOf\":{\"@id\":\"https:\\\/\\\/canfali.com\\\/ca-es\\\/#website\"},\"primaryImageOfPage\":{\"@id\":\"https:\\\/\\\/canfali.com\\\/ca-es\\\/denia-obri-una-nova-pagina-a-la-reflexio-col%c2%b7lectiva\\\/#primaryimage\"},\"image\":{\"@id\":\"https:\\\/\\\/canfali.com\\\/ca-es\\\/denia-obri-una-nova-pagina-a-la-reflexio-col%c2%b7lectiva\\\/#primaryimage\"},\"thumbnailUrl\":\"https:\\\/\\\/canfali.com\\\/app\\\/uploads\\\/2025\\\/10\\\/pensament-3-scaled.jpg\",\"datePublished\":\"2025-10-20T17:29:07+00:00\",\"dateModified\":\"2025-10-20T17:52:45+00:00\",\"breadcrumb\":{\"@id\":\"https:\\\/\\\/canfali.com\\\/ca-es\\\/denia-obri-una-nova-pagina-a-la-reflexio-col%c2%b7lectiva\\\/#breadcrumb\"},\"inLanguage\":\"va-ES\",\"potentialAction\":[{\"@type\":\"ReadAction\",\"target\":[\"https:\\\/\\\/canfali.com\\\/ca-es\\\/denia-obri-una-nova-pagina-a-la-reflexio-col%c2%b7lectiva\\\/\"]}]},{\"@type\":\"ImageObject\",\"inLanguage\":\"va-ES\",\"@id\":\"https:\\\/\\\/canfali.com\\\/ca-es\\\/denia-obri-una-nova-pagina-a-la-reflexio-col%c2%b7lectiva\\\/#primaryimage\",\"url\":\"https:\\\/\\\/canfali.com\\\/app\\\/uploads\\\/2025\\\/10\\\/pensament-3-scaled.jpg\",\"contentUrl\":\"https:\\\/\\\/canfali.com\\\/app\\\/uploads\\\/2025\\\/10\\\/pensament-3-scaled.jpg\",\"width\":2560,\"height\":1696},{\"@type\":\"BreadcrumbList\",\"@id\":\"https:\\\/\\\/canfali.com\\\/ca-es\\\/denia-obri-una-nova-pagina-a-la-reflexio-col%c2%b7lectiva\\\/#breadcrumb\",\"itemListElement\":[{\"@type\":\"ListItem\",\"position\":1,\"name\":\"Portada\",\"item\":\"https:\\\/\\\/canfali.com\\\/ca-es\\\/\"},{\"@type\":\"ListItem\",\"position\":2,\"name\":\"D\u00e9nia obri una nova p\u00e0gina a la reflexi\u00f3 col\u00b7lectiva\"}]},{\"@type\":\"WebSite\",\"@id\":\"https:\\\/\\\/canfali.com\\\/ca-es\\\/#website\",\"url\":\"https:\\\/\\\/canfali.com\\\/ca-es\\\/\",\"name\":\"Canfali\",\"description\":\"\",\"publisher\":{\"@id\":\"https:\\\/\\\/canfali.com\\\/ca-es\\\/#organization\"},\"potentialAction\":[{\"@type\":\"SearchAction\",\"target\":{\"@type\":\"EntryPoint\",\"urlTemplate\":\"https:\\\/\\\/canfali.com\\\/ca-es\\\/?s={search_term_string}\"},\"query-input\":{\"@type\":\"PropertyValueSpecification\",\"valueRequired\":true,\"valueName\":\"search_term_string\"}}],\"inLanguage\":\"va-ES\"},{\"@type\":\"Organization\",\"@id\":\"https:\\\/\\\/canfali.com\\\/ca-es\\\/#organization\",\"name\":\"Canfali\",\"url\":\"https:\\\/\\\/canfali.com\\\/ca-es\\\/\",\"logo\":{\"@type\":\"ImageObject\",\"inLanguage\":\"va-ES\",\"@id\":\"https:\\\/\\\/canfali.com\\\/ca-es\\\/#\\\/schema\\\/logo\\\/image\\\/\",\"url\":\"https:\\\/\\\/canfali.com\\\/app\\\/uploads\\\/2025\\\/12\\\/canfali_marina_alta_logo.png\",\"contentUrl\":\"https:\\\/\\\/canfali.com\\\/app\\\/uploads\\\/2025\\\/12\\\/canfali_marina_alta_logo.png\",\"width\":225,\"height\":225,\"caption\":\"Canfali\"},\"image\":{\"@id\":\"https:\\\/\\\/canfali.com\\\/ca-es\\\/#\\\/schema\\\/logo\\\/image\\\/\"},\"sameAs\":[\"https:\\\/\\\/es-es.facebook.com\\\/CANFALIMarinaAlta\",\"https:\\\/\\\/x.com\\\/canfalima\",\"https:\\\/\\\/www.instagram.com\\\/canfalimarinaalta\\\/\"]},{\"@type\":\"Person\",\"@id\":\"https:\\\/\\\/canfali.com\\\/ca-es\\\/#\\\/schema\\\/person\\\/c861a7aa2b2495357b95f35bd5d82f88\",\"name\":\"Rosa\",\"image\":{\"@type\":\"ImageObject\",\"inLanguage\":\"va-ES\",\"@id\":\"https:\\\/\\\/secure.gravatar.com\\\/avatar\\\/47fb83d99423a6ef1cf9f83f02a5e91366c671dec76c5c24badf1b0494e1d960?s=96&d=mm&r=g\",\"url\":\"https:\\\/\\\/secure.gravatar.com\\\/avatar\\\/47fb83d99423a6ef1cf9f83f02a5e91366c671dec76c5c24badf1b0494e1d960?s=96&d=mm&r=g\",\"contentUrl\":\"https:\\\/\\\/secure.gravatar.com\\\/avatar\\\/47fb83d99423a6ef1cf9f83f02a5e91366c671dec76c5c24badf1b0494e1d960?s=96&d=mm&r=g\",\"caption\":\"Rosa\"},\"url\":\"https:\\\/\\\/canfali.com\\\/ca-es\\\/author\\\/rosa\\\/\"}]}<\/script>\n<!-- \/ Yoast SEO Premium plugin. -->","yoast_head_json":{"title":"D\u00e9nia obri una nova p\u00e0gina a la reflexi\u00f3 col\u00b7lectiva - Canfali","robots":{"index":"index","follow":"follow","max-snippet":"max-snippet:-1","max-image-preview":"max-image-preview:large","max-video-preview":"max-video-preview:-1"},"canonical":"https:\/\/canfali.com\/ca-es\/denia-obri-una-nova-pagina-a-la-reflexio-col%c2%b7lectiva\/","og_locale":"en_US","og_type":"article","og_title":"D\u00e9nia obri una nova p\u00e0gina a la reflexi\u00f3 col\u00b7lectiva","og_description":"Les jornades \u2018*Ciutat del pensament\u2019 trauen a relluir les conseq\u00fc\u00e8ncies del canvi clim\u00e0tic Jorge Olcina: \u201c\u00c9s sorprenent que&hellip;","og_url":"https:\/\/canfali.com\/ca-es\/denia-obri-una-nova-pagina-a-la-reflexio-col%c2%b7lectiva\/","og_site_name":"Canfali","article_publisher":"https:\/\/es-es.facebook.com\/CANFALIMarinaAlta","article_published_time":"2025-10-20T17:29:07+00:00","article_modified_time":"2025-10-20T17:52:45+00:00","og_image":[{"width":2560,"height":1696,"url":"https:\/\/canfali.com\/app\/uploads\/2025\/10\/pensament-3-scaled.jpg","type":"image\/jpeg"}],"author":"Rosa","twitter_card":"summary_large_image","twitter_creator":"@canfalima","twitter_site":"@canfalima","twitter_misc":{"Written by":"Rosa","Est. reading time":"4 minutes"},"schema":{"@context":"https:\/\/schema.org","@graph":[{"@type":"NewsArticle","@id":"https:\/\/canfali.com\/ca-es\/denia-obri-una-nova-pagina-a-la-reflexio-col%c2%b7lectiva\/#article","isPartOf":{"@id":"https:\/\/canfali.com\/ca-es\/denia-obri-una-nova-pagina-a-la-reflexio-col%c2%b7lectiva\/"},"author":{"name":"Rosa","@id":"https:\/\/canfali.com\/ca-es\/#\/schema\/person\/c861a7aa2b2495357b95f35bd5d82f88"},"headline":"D\u00e9nia obri una nova p\u00e0gina a la reflexi\u00f3 col\u00b7lectiva","datePublished":"2025-10-20T17:29:07+00:00","dateModified":"2025-10-20T17:52:45+00:00","mainEntityOfPage":{"@id":"https:\/\/canfali.com\/ca-es\/denia-obri-una-nova-pagina-a-la-reflexio-col%c2%b7lectiva\/"},"wordCount":819,"publisher":{"@id":"https:\/\/canfali.com\/ca-es\/#organization"},"image":{"@id":"https:\/\/canfali.com\/ca-es\/denia-obri-una-nova-pagina-a-la-reflexio-col%c2%b7lectiva\/#primaryimage"},"thumbnailUrl":"https:\/\/canfali.com\/app\/uploads\/2025\/10\/pensament-3-scaled.jpg","keywords":["agricultrua","aigua","canvi clim\u00e0tic","ciutat del pensament","Jorge Olcina","pesca","refelxi\u00f3"],"articleSection":["Sociedad"],"inLanguage":"va-ES","copyrightYear":"2025","copyrightHolder":{"@id":"https:\/\/canfali.com\/#organization"}},{"@type":"WebPage","@id":"https:\/\/canfali.com\/ca-es\/denia-obri-una-nova-pagina-a-la-reflexio-col%c2%b7lectiva\/","url":"https:\/\/canfali.com\/ca-es\/denia-obri-una-nova-pagina-a-la-reflexio-col%c2%b7lectiva\/","name":"D\u00e9nia obri una nova p\u00e0gina a la reflexi\u00f3 col\u00b7lectiva - Canfali","isPartOf":{"@id":"https:\/\/canfali.com\/ca-es\/#website"},"primaryImageOfPage":{"@id":"https:\/\/canfali.com\/ca-es\/denia-obri-una-nova-pagina-a-la-reflexio-col%c2%b7lectiva\/#primaryimage"},"image":{"@id":"https:\/\/canfali.com\/ca-es\/denia-obri-una-nova-pagina-a-la-reflexio-col%c2%b7lectiva\/#primaryimage"},"thumbnailUrl":"https:\/\/canfali.com\/app\/uploads\/2025\/10\/pensament-3-scaled.jpg","datePublished":"2025-10-20T17:29:07+00:00","dateModified":"2025-10-20T17:52:45+00:00","breadcrumb":{"@id":"https:\/\/canfali.com\/ca-es\/denia-obri-una-nova-pagina-a-la-reflexio-col%c2%b7lectiva\/#breadcrumb"},"inLanguage":"va-ES","potentialAction":[{"@type":"ReadAction","target":["https:\/\/canfali.com\/ca-es\/denia-obri-una-nova-pagina-a-la-reflexio-col%c2%b7lectiva\/"]}]},{"@type":"ImageObject","inLanguage":"va-ES","@id":"https:\/\/canfali.com\/ca-es\/denia-obri-una-nova-pagina-a-la-reflexio-col%c2%b7lectiva\/#primaryimage","url":"https:\/\/canfali.com\/app\/uploads\/2025\/10\/pensament-3-scaled.jpg","contentUrl":"https:\/\/canfali.com\/app\/uploads\/2025\/10\/pensament-3-scaled.jpg","width":2560,"height":1696},{"@type":"BreadcrumbList","@id":"https:\/\/canfali.com\/ca-es\/denia-obri-una-nova-pagina-a-la-reflexio-col%c2%b7lectiva\/#breadcrumb","itemListElement":[{"@type":"ListItem","position":1,"name":"Portada","item":"https:\/\/canfali.com\/ca-es\/"},{"@type":"ListItem","position":2,"name":"D\u00e9nia obri una nova p\u00e0gina a la reflexi\u00f3 col\u00b7lectiva"}]},{"@type":"WebSite","@id":"https:\/\/canfali.com\/ca-es\/#website","url":"https:\/\/canfali.com\/ca-es\/","name":"Canfali","description":"","publisher":{"@id":"https:\/\/canfali.com\/ca-es\/#organization"},"potentialAction":[{"@type":"SearchAction","target":{"@type":"EntryPoint","urlTemplate":"https:\/\/canfali.com\/ca-es\/?s={search_term_string}"},"query-input":{"@type":"PropertyValueSpecification","valueRequired":true,"valueName":"search_term_string"}}],"inLanguage":"va-ES"},{"@type":"Organization","@id":"https:\/\/canfali.com\/ca-es\/#organization","name":"Canfali","url":"https:\/\/canfali.com\/ca-es\/","logo":{"@type":"ImageObject","inLanguage":"va-ES","@id":"https:\/\/canfali.com\/ca-es\/#\/schema\/logo\/image\/","url":"https:\/\/canfali.com\/app\/uploads\/2025\/12\/canfali_marina_alta_logo.png","contentUrl":"https:\/\/canfali.com\/app\/uploads\/2025\/12\/canfali_marina_alta_logo.png","width":225,"height":225,"caption":"Canfali"},"image":{"@id":"https:\/\/canfali.com\/ca-es\/#\/schema\/logo\/image\/"},"sameAs":["https:\/\/es-es.facebook.com\/CANFALIMarinaAlta","https:\/\/x.com\/canfalima","https:\/\/www.instagram.com\/canfalimarinaalta\/"]},{"@type":"Person","@id":"https:\/\/canfali.com\/ca-es\/#\/schema\/person\/c861a7aa2b2495357b95f35bd5d82f88","name":"Rosa","image":{"@type":"ImageObject","inLanguage":"va-ES","@id":"https:\/\/secure.gravatar.com\/avatar\/47fb83d99423a6ef1cf9f83f02a5e91366c671dec76c5c24badf1b0494e1d960?s=96&d=mm&r=g","url":"https:\/\/secure.gravatar.com\/avatar\/47fb83d99423a6ef1cf9f83f02a5e91366c671dec76c5c24badf1b0494e1d960?s=96&d=mm&r=g","contentUrl":"https:\/\/secure.gravatar.com\/avatar\/47fb83d99423a6ef1cf9f83f02a5e91366c671dec76c5c24badf1b0494e1d960?s=96&d=mm&r=g","caption":"Rosa"},"url":"https:\/\/canfali.com\/ca-es\/author\/rosa\/"}]}},"_links":{"self":[{"href":"https:\/\/canfali.com\/ca-es\/wp-json\/wp\/v2\/posts\/79148","targetHints":{"allow":["GET"]}}],"collection":[{"href":"https:\/\/canfali.com\/ca-es\/wp-json\/wp\/v2\/posts"}],"about":[{"href":"https:\/\/canfali.com\/ca-es\/wp-json\/wp\/v2\/types\/post"}],"author":[{"embeddable":true,"href":"https:\/\/canfali.com\/ca-es\/wp-json\/wp\/v2\/users\/6"}],"replies":[{"embeddable":true,"href":"https:\/\/canfali.com\/ca-es\/wp-json\/wp\/v2\/comments?post=79148"}],"version-history":[{"count":2,"href":"https:\/\/canfali.com\/ca-es\/wp-json\/wp\/v2\/posts\/79148\/revisions"}],"predecessor-version":[{"id":79151,"href":"https:\/\/canfali.com\/ca-es\/wp-json\/wp\/v2\/posts\/79148\/revisions\/79151"}],"wp:featuredmedia":[{"embeddable":true,"href":"https:\/\/canfali.com\/ca-es\/wp-json\/wp\/v2\/media\/79128"}],"wp:attachment":[{"href":"https:\/\/canfali.com\/ca-es\/wp-json\/wp\/v2\/media?parent=79148"}],"wp:term":[{"taxonomy":"category","embeddable":true,"href":"https:\/\/canfali.com\/ca-es\/wp-json\/wp\/v2\/categories?post=79148"},{"taxonomy":"post_tag","embeddable":true,"href":"https:\/\/canfali.com\/ca-es\/wp-json\/wp\/v2\/tags?post=79148"}],"curies":[{"name":"wp","href":"https:\/\/api.w.org\/{rel}","templated":true}]}}