{"id":79111,"date":"2025-10-20T11:22:39","date_gmt":"2025-10-20T09:22:39","guid":{"rendered":"https:\/\/canfali.com\/segona-ffcv-triomfs-per-a-gorgos-el-verger-i-benissa\/"},"modified":"2025-10-20T11:23:23","modified_gmt":"2025-10-20T09:23:23","slug":"segona-ffcv-triomfs-per-a-gorgos-el-verger-i-benissa","status":"publish","type":"post","link":"https:\/\/canfali.com\/ca-es\/segona-ffcv-triomfs-per-a-gorgos-el-verger-i-benissa\/","title":{"rendered":"Segona FFCV: Triomfs per a Gorgos, El Verger i Benissa"},"content":{"rendered":"\n<p>La cinquena jornada del Grup VI de la Segona FFCV va deixar el primer triomf per a El Verger, que va superar el Bellreguard per 5-2. El triplet d&#8217;Andr\u00e9s Riascos, juntament amb els gols de Vicent Garc\u00eda i Gonzalo, van redonir la golejada en un partit m\u00e9s complicat del que reflecteix el marcador. Es va avan\u00e7ar el conjunt visitant, per\u00f2 El Verger va aconseguir remuntar per arribar als \u00faltims 20 minuts amb una avantatge de 3-2. Els gols d&#8217;El Verger per sentenciar van arribar gaireb\u00e9 al final del partit.<br\/><\/p>\n\n<p>Un altre equip que est\u00e0 en ratxa \u00e9s el Gorgos, que va golejar a casa del Daim\u00fas per 0-4 i s&#8217;acosta a la part alta de la classificaci\u00f3. Axel va obrir la llauna abans del descans, i Ferran i Vicent Font van resoldre abans de l&#8217;hora de partit. La golejada es va redonir gaireb\u00e9 al final amb un autogol.<br\/><\/p>\n\n<p>L&#8217;Orba va desfer-se d&#8217;un bon inici de partit amb una nefasta segona part, en la qual el Cullera va ser molt superior per acabar golejant (5-1). El gol de Rodrigo al minut 14 donava l&#8217;avantatge als de l&#8217;Orba, per\u00f2 tot va canviar amb el penal i l&#8217;expulsi\u00f3 d&#8217;Esteban a falta de cinc minuts per al final de la primera part, quan va comen\u00e7ar la remuntada local.<br\/><\/p>\n\n<figure class=\"wp-block-image size-large\"><img fetchpriority=\"high\" decoding=\"async\" width=\"1024\" height=\"812\" src=\"https:\/\/canfali.com\/app\/uploads\/2025\/10\/WhatsApp-Image-2025-10-19-at-22.04.51-1024x812.jpeg\" alt=\"\" class=\"wp-image-79102\" srcset=\"https:\/\/canfali.com\/app\/uploads\/2025\/10\/WhatsApp-Image-2025-10-19-at-22.04.51-1024x812.jpeg 1024w, https:\/\/canfali.com\/app\/uploads\/2025\/10\/WhatsApp-Image-2025-10-19-at-22.04.51-300x238.jpeg 300w, https:\/\/canfali.com\/app\/uploads\/2025\/10\/WhatsApp-Image-2025-10-19-at-22.04.51-768x609.jpeg 768w, https:\/\/canfali.com\/app\/uploads\/2025\/10\/WhatsApp-Image-2025-10-19-at-22.04.51.jpeg 1536w\" sizes=\"(max-width: 1024px) 100vw, 1024px\" \/><\/figure>\n\n<p><p class=\"p1\"><b>EL BENISSA L\u00cdDER<\/b><b><\/b><\/p><\/p>\n\n<p>Al Grup VII, el Benissa va resoldre el derbi contra l&#8217;Altea (3-1) als \u00faltims quinze minuts del partit. Alex va avan\u00e7ar els locals al primer minut de joc, per\u00f2 l&#8217;Altea va empatar al minut 22. Ja a la segona part, Lino Bolufer va posar el 2-1 al minut 74, i Jaume Dom\u00e8nech va sentenciar al 84. Amb aquest triomf, el Benissa continua una setmana m\u00e9s invicte i liderant en solitari la classificaci\u00f3.<br\/><\/p>\n\n<figure class=\"wp-block-image size-large\"><img decoding=\"async\" width=\"1024\" height=\"1024\" src=\"https:\/\/canfali.com\/app\/uploads\/2025\/10\/WhatsApp-Image-2025-10-20-at-09.00.05-1024x1024.jpeg\" alt=\"\" class=\"wp-image-79104\" srcset=\"https:\/\/canfali.com\/app\/uploads\/2025\/10\/WhatsApp-Image-2025-10-20-at-09.00.05-1024x1024.jpeg 1024w, https:\/\/canfali.com\/app\/uploads\/2025\/10\/WhatsApp-Image-2025-10-20-at-09.00.05-300x300.jpeg 300w, https:\/\/canfali.com\/app\/uploads\/2025\/10\/WhatsApp-Image-2025-10-20-at-09.00.05-150x150.jpeg 150w, https:\/\/canfali.com\/app\/uploads\/2025\/10\/WhatsApp-Image-2025-10-20-at-09.00.05-768x768.jpeg 768w, https:\/\/canfali.com\/app\/uploads\/2025\/10\/WhatsApp-Image-2025-10-20-at-09.00.05.jpeg 1528w\" sizes=\"(max-width: 1024px) 100vw, 1024px\" \/><\/figure>\n\n<p>En aquest mateix grup, el Benitatxell i l&#8217;Intercity B van protagonitzar un partit molt intens i entretingut que va concloure amb empat a dos. Es va avan\u00e7ar el Benitatxell a l&#8217;arrencada del partit amb un gol de Joel, per\u00f2 el conjunt alacant\u00ed va empatar abans del descans. A la segona part, l&#8217;Intercity es va posar per davant, i Javi Hern\u00e1ndez va aconseguir empatar gaireb\u00e9 al final. El partit va concloure amb una forta pol\u00e8mica, ja que el col\u00b7legiat va assenyalar un fora de joc quan dos jugadors locals encaraven la meta visitant i hi havia un defensor visitant dins de l&#8217;\u00e0rea lligant-se les botes. Enmig d&#8217;una pluja de targetes, Javi Hern\u00e1ndez va veure roja directa, ja en el descompte.<br\/><\/p>\n","protected":false},"excerpt":{"rendered":"La cinquena jornada del Grup VI de la Segona FFCV va deixar el primer triomf per a El&hellip;","protected":false},"author":8,"featured_media":79101,"comment_status":"closed","ping_status":"closed","sticky":false,"template":"","format":"standard","meta":{"csco_display_header_overlay":false,"csco_singular_sidebar":"","csco_page_header_type":"","csco_page_load_nextpost":"","csco_post_video_location":[],"csco_post_video_location_hash":"","csco_post_video_url":"","csco_post_video_bg_start_time":0,"csco_post_video_bg_end_time":0,"footnotes":""},"categories":[1],"tags":[],"class_list":{"0":"post-79111","1":"post","2":"type-post","3":"status-publish","4":"format-standard","5":"has-post-thumbnail","7":"category-sin-categorizar","8":"cs-entry","9":"cs-video-wrap"},"yoast_head":"<!-- This site is optimized with the Yoast SEO Premium plugin v26.6 (Yoast SEO v27.3) - https:\/\/yoast.com\/product\/yoast-seo-premium-wordpress\/ -->\n<title>Segona FFCV: Triomfs per a Gorgos, El Verger i Benissa - Canfali<\/title>\n<meta name=\"robots\" content=\"index, follow, max-snippet:-1, max-image-preview:large, max-video-preview:-1\" \/>\n<link rel=\"canonical\" href=\"https:\/\/canfali.com\/ca-es\/segona-ffcv-triomfs-per-a-gorgos-el-verger-i-benissa\/\" \/>\n<meta property=\"og:locale\" content=\"en_US\" \/>\n<meta property=\"og:type\" content=\"article\" \/>\n<meta property=\"og:title\" content=\"Segona FFCV: Triomfs per a Gorgos, El Verger i Benissa\" \/>\n<meta property=\"og:description\" content=\"La cinquena jornada del Grup VI de la Segona FFCV va deixar el primer triomf per a El&hellip;\" \/>\n<meta property=\"og:url\" content=\"https:\/\/canfali.com\/ca-es\/segona-ffcv-triomfs-per-a-gorgos-el-verger-i-benissa\/\" \/>\n<meta property=\"og:site_name\" content=\"Canfali\" \/>\n<meta property=\"article:publisher\" content=\"https:\/\/es-es.facebook.com\/CANFALIMarinaAlta\" \/>\n<meta property=\"article:published_time\" content=\"2025-10-20T09:22:39+00:00\" \/>\n<meta property=\"article:modified_time\" content=\"2025-10-20T09:23:23+00:00\" \/>\n<meta property=\"og:image\" content=\"https:\/\/canfali.com\/app\/uploads\/2025\/10\/8gorgos-1.jpg\" \/>\n\t<meta property=\"og:image:width\" content=\"1600\" \/>\n\t<meta property=\"og:image:height\" content=\"1204\" \/>\n\t<meta property=\"og:image:type\" content=\"image\/jpeg\" \/>\n<meta name=\"author\" content=\"Lluis\" \/>\n<meta name=\"twitter:card\" content=\"summary_large_image\" \/>\n<meta name=\"twitter:creator\" content=\"@canfalima\" \/>\n<meta name=\"twitter:site\" content=\"@canfalima\" \/>\n<meta name=\"twitter:label1\" content=\"Written by\" \/>\n\t<meta name=\"twitter:data1\" content=\"Lluis\" \/>\n\t<meta name=\"twitter:label2\" content=\"Est. reading time\" \/>\n\t<meta name=\"twitter:data2\" content=\"2 minutes\" \/>\n<script type=\"application\/ld+json\" class=\"yoast-schema-graph\">{\"@context\":\"https:\\\/\\\/schema.org\",\"@graph\":[{\"@type\":\"NewsArticle\",\"@id\":\"https:\\\/\\\/canfali.com\\\/ca-es\\\/segona-ffcv-triomfs-per-a-gorgos-el-verger-i-benissa\\\/#article\",\"isPartOf\":{\"@id\":\"https:\\\/\\\/canfali.com\\\/ca-es\\\/segona-ffcv-triomfs-per-a-gorgos-el-verger-i-benissa\\\/\"},\"author\":{\"name\":\"Lluis\",\"@id\":\"https:\\\/\\\/canfali.com\\\/ca-es\\\/#\\\/schema\\\/person\\\/f540a86fb33e10daaae53c59ceaa1194\"},\"headline\":\"Segona FFCV: Triomfs per a Gorgos, El Verger i Benissa\",\"datePublished\":\"2025-10-20T09:22:39+00:00\",\"dateModified\":\"2025-10-20T09:23:23+00:00\",\"mainEntityOfPage\":{\"@id\":\"https:\\\/\\\/canfali.com\\\/ca-es\\\/segona-ffcv-triomfs-per-a-gorgos-el-verger-i-benissa\\\/\"},\"wordCount\":445,\"publisher\":{\"@id\":\"https:\\\/\\\/canfali.com\\\/ca-es\\\/#organization\"},\"image\":{\"@id\":\"https:\\\/\\\/canfali.com\\\/ca-es\\\/segona-ffcv-triomfs-per-a-gorgos-el-verger-i-benissa\\\/#primaryimage\"},\"thumbnailUrl\":\"https:\\\/\\\/canfali.com\\\/app\\\/uploads\\\/2025\\\/10\\\/8gorgos-1.jpg\",\"articleSection\":[\"Sin categorizar\"],\"inLanguage\":\"va-ES\",\"copyrightYear\":\"2025\",\"copyrightHolder\":{\"@id\":\"https:\\\/\\\/canfali.com\\\/#organization\"}},{\"@type\":\"WebPage\",\"@id\":\"https:\\\/\\\/canfali.com\\\/ca-es\\\/segona-ffcv-triomfs-per-a-gorgos-el-verger-i-benissa\\\/\",\"url\":\"https:\\\/\\\/canfali.com\\\/ca-es\\\/segona-ffcv-triomfs-per-a-gorgos-el-verger-i-benissa\\\/\",\"name\":\"Segona FFCV: Triomfs per a Gorgos, El Verger i Benissa - Canfali\",\"isPartOf\":{\"@id\":\"https:\\\/\\\/canfali.com\\\/ca-es\\\/#website\"},\"primaryImageOfPage\":{\"@id\":\"https:\\\/\\\/canfali.com\\\/ca-es\\\/segona-ffcv-triomfs-per-a-gorgos-el-verger-i-benissa\\\/#primaryimage\"},\"image\":{\"@id\":\"https:\\\/\\\/canfali.com\\\/ca-es\\\/segona-ffcv-triomfs-per-a-gorgos-el-verger-i-benissa\\\/#primaryimage\"},\"thumbnailUrl\":\"https:\\\/\\\/canfali.com\\\/app\\\/uploads\\\/2025\\\/10\\\/8gorgos-1.jpg\",\"datePublished\":\"2025-10-20T09:22:39+00:00\",\"dateModified\":\"2025-10-20T09:23:23+00:00\",\"breadcrumb\":{\"@id\":\"https:\\\/\\\/canfali.com\\\/ca-es\\\/segona-ffcv-triomfs-per-a-gorgos-el-verger-i-benissa\\\/#breadcrumb\"},\"inLanguage\":\"va-ES\",\"potentialAction\":[{\"@type\":\"ReadAction\",\"target\":[\"https:\\\/\\\/canfali.com\\\/ca-es\\\/segona-ffcv-triomfs-per-a-gorgos-el-verger-i-benissa\\\/\"]}]},{\"@type\":\"ImageObject\",\"inLanguage\":\"va-ES\",\"@id\":\"https:\\\/\\\/canfali.com\\\/ca-es\\\/segona-ffcv-triomfs-per-a-gorgos-el-verger-i-benissa\\\/#primaryimage\",\"url\":\"https:\\\/\\\/canfali.com\\\/app\\\/uploads\\\/2025\\\/10\\\/8gorgos-1.jpg\",\"contentUrl\":\"https:\\\/\\\/canfali.com\\\/app\\\/uploads\\\/2025\\\/10\\\/8gorgos-1.jpg\",\"width\":1600,\"height\":1204},{\"@type\":\"BreadcrumbList\",\"@id\":\"https:\\\/\\\/canfali.com\\\/ca-es\\\/segona-ffcv-triomfs-per-a-gorgos-el-verger-i-benissa\\\/#breadcrumb\",\"itemListElement\":[{\"@type\":\"ListItem\",\"position\":1,\"name\":\"Portada\",\"item\":\"https:\\\/\\\/canfali.com\\\/ca-es\\\/\"},{\"@type\":\"ListItem\",\"position\":2,\"name\":\"Segona FFCV: Triomfs per a Gorgos, El Verger i Benissa\"}]},{\"@type\":\"WebSite\",\"@id\":\"https:\\\/\\\/canfali.com\\\/ca-es\\\/#website\",\"url\":\"https:\\\/\\\/canfali.com\\\/ca-es\\\/\",\"name\":\"Canfali\",\"description\":\"\",\"publisher\":{\"@id\":\"https:\\\/\\\/canfali.com\\\/ca-es\\\/#organization\"},\"potentialAction\":[{\"@type\":\"SearchAction\",\"target\":{\"@type\":\"EntryPoint\",\"urlTemplate\":\"https:\\\/\\\/canfali.com\\\/ca-es\\\/?s={search_term_string}\"},\"query-input\":{\"@type\":\"PropertyValueSpecification\",\"valueRequired\":true,\"valueName\":\"search_term_string\"}}],\"inLanguage\":\"va-ES\"},{\"@type\":\"Organization\",\"@id\":\"https:\\\/\\\/canfali.com\\\/ca-es\\\/#organization\",\"name\":\"Canfali\",\"url\":\"https:\\\/\\\/canfali.com\\\/ca-es\\\/\",\"logo\":{\"@type\":\"ImageObject\",\"inLanguage\":\"va-ES\",\"@id\":\"https:\\\/\\\/canfali.com\\\/ca-es\\\/#\\\/schema\\\/logo\\\/image\\\/\",\"url\":\"https:\\\/\\\/canfali.com\\\/app\\\/uploads\\\/2025\\\/12\\\/canfali_marina_alta_logo.png\",\"contentUrl\":\"https:\\\/\\\/canfali.com\\\/app\\\/uploads\\\/2025\\\/12\\\/canfali_marina_alta_logo.png\",\"width\":225,\"height\":225,\"caption\":\"Canfali\"},\"image\":{\"@id\":\"https:\\\/\\\/canfali.com\\\/ca-es\\\/#\\\/schema\\\/logo\\\/image\\\/\"},\"sameAs\":[\"https:\\\/\\\/es-es.facebook.com\\\/CANFALIMarinaAlta\",\"https:\\\/\\\/x.com\\\/canfalima\",\"https:\\\/\\\/www.instagram.com\\\/canfalimarinaalta\\\/\"]},{\"@type\":\"Person\",\"@id\":\"https:\\\/\\\/canfali.com\\\/ca-es\\\/#\\\/schema\\\/person\\\/f540a86fb33e10daaae53c59ceaa1194\",\"name\":\"Lluis\",\"image\":{\"@type\":\"ImageObject\",\"inLanguage\":\"va-ES\",\"@id\":\"https:\\\/\\\/secure.gravatar.com\\\/avatar\\\/a21ec8835290e4e02ed0886b8cb327d807d0eb6ec8ccf25d4c2a0a415f506c0d?s=96&d=mm&r=g\",\"url\":\"https:\\\/\\\/secure.gravatar.com\\\/avatar\\\/a21ec8835290e4e02ed0886b8cb327d807d0eb6ec8ccf25d4c2a0a415f506c0d?s=96&d=mm&r=g\",\"contentUrl\":\"https:\\\/\\\/secure.gravatar.com\\\/avatar\\\/a21ec8835290e4e02ed0886b8cb327d807d0eb6ec8ccf25d4c2a0a415f506c0d?s=96&d=mm&r=g\",\"caption\":\"Lluis\"},\"url\":\"https:\\\/\\\/canfali.com\\\/ca-es\\\/author\\\/lluis\\\/\"}]}<\/script>\n<!-- \/ Yoast SEO Premium plugin. -->","yoast_head_json":{"title":"Segona FFCV: Triomfs per a Gorgos, El Verger i Benissa - Canfali","robots":{"index":"index","follow":"follow","max-snippet":"max-snippet:-1","max-image-preview":"max-image-preview:large","max-video-preview":"max-video-preview:-1"},"canonical":"https:\/\/canfali.com\/ca-es\/segona-ffcv-triomfs-per-a-gorgos-el-verger-i-benissa\/","og_locale":"en_US","og_type":"article","og_title":"Segona FFCV: Triomfs per a Gorgos, El Verger i Benissa","og_description":"La cinquena jornada del Grup VI de la Segona FFCV va deixar el primer triomf per a El&hellip;","og_url":"https:\/\/canfali.com\/ca-es\/segona-ffcv-triomfs-per-a-gorgos-el-verger-i-benissa\/","og_site_name":"Canfali","article_publisher":"https:\/\/es-es.facebook.com\/CANFALIMarinaAlta","article_published_time":"2025-10-20T09:22:39+00:00","article_modified_time":"2025-10-20T09:23:23+00:00","og_image":[{"width":1600,"height":1204,"url":"https:\/\/canfali.com\/app\/uploads\/2025\/10\/8gorgos-1.jpg","type":"image\/jpeg"}],"author":"Lluis","twitter_card":"summary_large_image","twitter_creator":"@canfalima","twitter_site":"@canfalima","twitter_misc":{"Written by":"Lluis","Est. reading time":"2 minutes"},"schema":{"@context":"https:\/\/schema.org","@graph":[{"@type":"NewsArticle","@id":"https:\/\/canfali.com\/ca-es\/segona-ffcv-triomfs-per-a-gorgos-el-verger-i-benissa\/#article","isPartOf":{"@id":"https:\/\/canfali.com\/ca-es\/segona-ffcv-triomfs-per-a-gorgos-el-verger-i-benissa\/"},"author":{"name":"Lluis","@id":"https:\/\/canfali.com\/ca-es\/#\/schema\/person\/f540a86fb33e10daaae53c59ceaa1194"},"headline":"Segona FFCV: Triomfs per a Gorgos, El Verger i Benissa","datePublished":"2025-10-20T09:22:39+00:00","dateModified":"2025-10-20T09:23:23+00:00","mainEntityOfPage":{"@id":"https:\/\/canfali.com\/ca-es\/segona-ffcv-triomfs-per-a-gorgos-el-verger-i-benissa\/"},"wordCount":445,"publisher":{"@id":"https:\/\/canfali.com\/ca-es\/#organization"},"image":{"@id":"https:\/\/canfali.com\/ca-es\/segona-ffcv-triomfs-per-a-gorgos-el-verger-i-benissa\/#primaryimage"},"thumbnailUrl":"https:\/\/canfali.com\/app\/uploads\/2025\/10\/8gorgos-1.jpg","articleSection":["Sin categorizar"],"inLanguage":"va-ES","copyrightYear":"2025","copyrightHolder":{"@id":"https:\/\/canfali.com\/#organization"}},{"@type":"WebPage","@id":"https:\/\/canfali.com\/ca-es\/segona-ffcv-triomfs-per-a-gorgos-el-verger-i-benissa\/","url":"https:\/\/canfali.com\/ca-es\/segona-ffcv-triomfs-per-a-gorgos-el-verger-i-benissa\/","name":"Segona FFCV: Triomfs per a Gorgos, El Verger i Benissa - Canfali","isPartOf":{"@id":"https:\/\/canfali.com\/ca-es\/#website"},"primaryImageOfPage":{"@id":"https:\/\/canfali.com\/ca-es\/segona-ffcv-triomfs-per-a-gorgos-el-verger-i-benissa\/#primaryimage"},"image":{"@id":"https:\/\/canfali.com\/ca-es\/segona-ffcv-triomfs-per-a-gorgos-el-verger-i-benissa\/#primaryimage"},"thumbnailUrl":"https:\/\/canfali.com\/app\/uploads\/2025\/10\/8gorgos-1.jpg","datePublished":"2025-10-20T09:22:39+00:00","dateModified":"2025-10-20T09:23:23+00:00","breadcrumb":{"@id":"https:\/\/canfali.com\/ca-es\/segona-ffcv-triomfs-per-a-gorgos-el-verger-i-benissa\/#breadcrumb"},"inLanguage":"va-ES","potentialAction":[{"@type":"ReadAction","target":["https:\/\/canfali.com\/ca-es\/segona-ffcv-triomfs-per-a-gorgos-el-verger-i-benissa\/"]}]},{"@type":"ImageObject","inLanguage":"va-ES","@id":"https:\/\/canfali.com\/ca-es\/segona-ffcv-triomfs-per-a-gorgos-el-verger-i-benissa\/#primaryimage","url":"https:\/\/canfali.com\/app\/uploads\/2025\/10\/8gorgos-1.jpg","contentUrl":"https:\/\/canfali.com\/app\/uploads\/2025\/10\/8gorgos-1.jpg","width":1600,"height":1204},{"@type":"BreadcrumbList","@id":"https:\/\/canfali.com\/ca-es\/segona-ffcv-triomfs-per-a-gorgos-el-verger-i-benissa\/#breadcrumb","itemListElement":[{"@type":"ListItem","position":1,"name":"Portada","item":"https:\/\/canfali.com\/ca-es\/"},{"@type":"ListItem","position":2,"name":"Segona FFCV: Triomfs per a Gorgos, El Verger i Benissa"}]},{"@type":"WebSite","@id":"https:\/\/canfali.com\/ca-es\/#website","url":"https:\/\/canfali.com\/ca-es\/","name":"Canfali","description":"","publisher":{"@id":"https:\/\/canfali.com\/ca-es\/#organization"},"potentialAction":[{"@type":"SearchAction","target":{"@type":"EntryPoint","urlTemplate":"https:\/\/canfali.com\/ca-es\/?s={search_term_string}"},"query-input":{"@type":"PropertyValueSpecification","valueRequired":true,"valueName":"search_term_string"}}],"inLanguage":"va-ES"},{"@type":"Organization","@id":"https:\/\/canfali.com\/ca-es\/#organization","name":"Canfali","url":"https:\/\/canfali.com\/ca-es\/","logo":{"@type":"ImageObject","inLanguage":"va-ES","@id":"https:\/\/canfali.com\/ca-es\/#\/schema\/logo\/image\/","url":"https:\/\/canfali.com\/app\/uploads\/2025\/12\/canfali_marina_alta_logo.png","contentUrl":"https:\/\/canfali.com\/app\/uploads\/2025\/12\/canfali_marina_alta_logo.png","width":225,"height":225,"caption":"Canfali"},"image":{"@id":"https:\/\/canfali.com\/ca-es\/#\/schema\/logo\/image\/"},"sameAs":["https:\/\/es-es.facebook.com\/CANFALIMarinaAlta","https:\/\/x.com\/canfalima","https:\/\/www.instagram.com\/canfalimarinaalta\/"]},{"@type":"Person","@id":"https:\/\/canfali.com\/ca-es\/#\/schema\/person\/f540a86fb33e10daaae53c59ceaa1194","name":"Lluis","image":{"@type":"ImageObject","inLanguage":"va-ES","@id":"https:\/\/secure.gravatar.com\/avatar\/a21ec8835290e4e02ed0886b8cb327d807d0eb6ec8ccf25d4c2a0a415f506c0d?s=96&d=mm&r=g","url":"https:\/\/secure.gravatar.com\/avatar\/a21ec8835290e4e02ed0886b8cb327d807d0eb6ec8ccf25d4c2a0a415f506c0d?s=96&d=mm&r=g","contentUrl":"https:\/\/secure.gravatar.com\/avatar\/a21ec8835290e4e02ed0886b8cb327d807d0eb6ec8ccf25d4c2a0a415f506c0d?s=96&d=mm&r=g","caption":"Lluis"},"url":"https:\/\/canfali.com\/ca-es\/author\/lluis\/"}]}},"_links":{"self":[{"href":"https:\/\/canfali.com\/ca-es\/wp-json\/wp\/v2\/posts\/79111","targetHints":{"allow":["GET"]}}],"collection":[{"href":"https:\/\/canfali.com\/ca-es\/wp-json\/wp\/v2\/posts"}],"about":[{"href":"https:\/\/canfali.com\/ca-es\/wp-json\/wp\/v2\/types\/post"}],"author":[{"embeddable":true,"href":"https:\/\/canfali.com\/ca-es\/wp-json\/wp\/v2\/users\/8"}],"replies":[{"embeddable":true,"href":"https:\/\/canfali.com\/ca-es\/wp-json\/wp\/v2\/comments?post=79111"}],"version-history":[{"count":1,"href":"https:\/\/canfali.com\/ca-es\/wp-json\/wp\/v2\/posts\/79111\/revisions"}],"predecessor-version":[{"id":79112,"href":"https:\/\/canfali.com\/ca-es\/wp-json\/wp\/v2\/posts\/79111\/revisions\/79112"}],"wp:featuredmedia":[{"embeddable":true,"href":"https:\/\/canfali.com\/ca-es\/wp-json\/wp\/v2\/media\/79101"}],"wp:attachment":[{"href":"https:\/\/canfali.com\/ca-es\/wp-json\/wp\/v2\/media?parent=79111"}],"wp:term":[{"taxonomy":"category","embeddable":true,"href":"https:\/\/canfali.com\/ca-es\/wp-json\/wp\/v2\/categories?post=79111"},{"taxonomy":"post_tag","embeddable":true,"href":"https:\/\/canfali.com\/ca-es\/wp-json\/wp\/v2\/tags?post=79111"}],"curies":[{"name":"wp","href":"https:\/\/api.w.org\/{rel}","templated":true}]}}