{"id":79085,"date":"2025-10-20T08:34:17","date_gmt":"2025-10-20T06:34:17","guid":{"rendered":"https:\/\/canfali.com\/el-millor-vi-del-mediterrani\/"},"modified":"2025-10-20T08:37:33","modified_gmt":"2025-10-20T06:37:33","slug":"el-millor-vi-del-mediterrani","status":"publish","type":"post","link":"https:\/\/canfali.com\/ca-es\/el-millor-vi-del-mediterrani\/","title":{"rendered":"El millor vi del Mediterrani"},"content":{"rendered":"\n<p>M d&#8217;Alexandria guanya dues medalles en el seu des\u00e8 aniversari<\/p>\n\n<p>Un des\u00e8 aniversari en gran. M d&#8217;Alexandria, un vi de moscatell nascut a Teulada, ha obtingut sengles reconeixements en el marc de la fira Alacant Gastron\u00f2mica celebrada fa un parell de setmanes. Entre les activitats fixades en el programa estava la quarta edici\u00f3 del Concurs Millor Vi Mediterrani, una convocat\u00f2ria organitzada per Alacant Gastron\u00f2mica i la Cambra de Comer\u00e7 d&#8217;Alacant, amb la col\u00b7laboraci\u00f3 de l&#8217;Associaci\u00f3 de Sommeliers de la Prov\u00edncia d&#8217;Alacant (ASPA).<\/p>\n\n<p>\tI el reconeixement ha estat per partida doble, amb una Medalla d&#8217;Or en la categoria de Dol\u00e7os i una Gran Medalla d&#8217;Or per ser el m\u00e9s valorat pel jurat entre els 130 vins presentats al concurs. I els n\u00fameros avalen la decisi\u00f3, ja que M d&#8217;Alexandria va obtenir 98 punts dels 100 m\u00e0xims possibles.<\/p>\n\n<p>\tLes vinyes de moscatell per a elaborar aquest vi creixen en la finca familiar l?Alberca situada a Teulada. La varietat aut\u00f2ctona i el proc\u00e9s de congelaci\u00f3 del ra\u00efm donen com a resultat un vi singular que ha estat molt valorats per experts i entesos del sector. Al capdavant del projecte estan dos Cristinas, mare i filla, Cristina Rodr\u00edguez Vicente i Cristina Tro Rodr\u00edguez. De cada verema s&#8217;obtenen s\u00e8ries limitades i numerades i actualment es pot trobar en el mercat les 2.900 ampolles obtingudes de la campanya de 2024.<\/p>\n\n<p>\tLa mare exerceix de CEO i valora molt aquest reconeixement \u201cja que coincideix amb el des\u00e8 aniversari i \u00e9s un senyal m\u00e9s que el cam\u00ed \u00e9s el correcte en un projecte on preval la qualitat i l&#8217;excel\u00b7l\u00e8ncia\u201d. La seva filla s&#8217;ha incorporat aquest mateix any a l&#8217;empresa familiar i, vist el vist,  amb \u201cmolt bon peu\u201d, com se sol dir. Per a Cristina Jr, aquestes dues distincions \u201csuposen que el treball i la cultura de l&#8217;esfor\u00e7 tenen el seu recompensa, alguna cosa que la meva mare sempre ha volgut inculcar-me\u201d. Ella va ser l&#8217;encarregada de rebre els premis de m\u00e0 de Carlos Ba\u00f1o, president de la Cambra de Comer\u00e7, Alejandro Morant, director d&#8217;IFA, Jos\u00e9 Juan Reus, president de la DO Alacant, i Jos\u00e9 Diego Ortega Carri\u00f3n, president d&#8217;ASPA.<\/p>\n\n<p>\tMare i filla han dedicat aquest premi a totes les persones que han cregut i fet costat a M d&#8217;Alexandria al llarg d&#8217;aquests deu anys \u201ci de fet\u201d, apunten, \u201caquest reconeixement tamb\u00e9 \u00e9s seu\u201d. I, posats a agrair, no obliden l&#8217;oportunitat brindada per l&#8217;organitzaci\u00f3 d&#8217;Alacant Gastron\u00f2mica, la Cambra de Comer\u00e7 i l&#8217;Associaci\u00f3 de Sommeliers de la Prov\u00edncia d&#8217;Alacant \u201cper l&#8217;oportunitat de participar en aquest certamen i en el concurs a projectes tan petits com el nostre\u201d.<\/p>\n\n<p>\tUn premi, o m\u00e9s aviat dos, en forma de reconeixement que ha estat decidit i valorat per en\u00f2legs i sommeliers professionals que saben molt. El que s&#8217;ha dit, M d&#8217;Alexandria celebrar\u00e0 la seva festa d&#8217;aniversari amb tots els honors i amb la satisfacci\u00f3 del treball ben fet.<\/p>\n","protected":false},"excerpt":{"rendered":"M d&#8217;Alexandria guanya dues medalles en el seu des\u00e8 aniversari Un des\u00e8 aniversari en gran. M d&#8217;Alexandria, un&hellip;","protected":false},"author":5,"featured_media":79083,"comment_status":"closed","ping_status":"closed","sticky":false,"template":"","format":"standard","meta":{"csco_display_header_overlay":false,"csco_singular_sidebar":"","csco_page_header_type":"","csco_page_load_nextpost":"","csco_post_video_location":[],"csco_post_video_location_hash":"","csco_post_video_url":"","csco_post_video_bg_start_time":0,"csco_post_video_bg_end_time":0,"footnotes":""},"categories":[594],"tags":[3870,3732,1375],"class_list":{"0":"post-79085","1":"post","2":"type-post","3":"status-publish","4":"format-standard","5":"has-post-thumbnail","7":"category-societat","8":"tag-moscatell","9":"tag-premi","10":"tag-vins","11":"cs-entry","12":"cs-video-wrap"},"yoast_head":"<!-- This site is optimized with the Yoast SEO Premium plugin v26.6 (Yoast SEO v27.3) - https:\/\/yoast.com\/product\/yoast-seo-premium-wordpress\/ -->\n<title>El millor vi del Mediterrani - Canfali<\/title>\n<meta name=\"robots\" content=\"index, follow, max-snippet:-1, max-image-preview:large, max-video-preview:-1\" \/>\n<link rel=\"canonical\" href=\"https:\/\/canfali.com\/ca-es\/el-millor-vi-del-mediterrani\/\" \/>\n<meta property=\"og:locale\" content=\"en_US\" \/>\n<meta property=\"og:type\" content=\"article\" \/>\n<meta property=\"og:title\" content=\"El millor vi del Mediterrani\" \/>\n<meta property=\"og:description\" content=\"M d&#8217;Alexandria guanya dues medalles en el seu des\u00e8 aniversari Un des\u00e8 aniversari en gran. M d&#8217;Alexandria, un&hellip;\" \/>\n<meta property=\"og:url\" content=\"https:\/\/canfali.com\/ca-es\/el-millor-vi-del-mediterrani\/\" \/>\n<meta property=\"og:site_name\" content=\"Canfali\" \/>\n<meta property=\"article:publisher\" content=\"https:\/\/es-es.facebook.com\/CANFALIMarinaAlta\" \/>\n<meta property=\"article:published_time\" content=\"2025-10-20T06:34:17+00:00\" \/>\n<meta property=\"article:modified_time\" content=\"2025-10-20T06:37:33+00:00\" \/>\n<meta property=\"og:image\" content=\"https:\/\/canfali.com\/app\/uploads\/2025\/10\/alejandria-premi.jpg\" \/>\n\t<meta property=\"og:image:width\" content=\"2048\" \/>\n\t<meta property=\"og:image:height\" content=\"1536\" \/>\n\t<meta property=\"og:image:type\" content=\"image\/jpeg\" \/>\n<meta name=\"author\" content=\"D\u00eddac\" \/>\n<meta name=\"twitter:card\" content=\"summary_large_image\" \/>\n<meta name=\"twitter:creator\" content=\"@canfalima\" \/>\n<meta name=\"twitter:site\" content=\"@canfalima\" \/>\n<meta name=\"twitter:label1\" content=\"Written by\" \/>\n\t<meta name=\"twitter:data1\" content=\"D\u00eddac\" \/>\n\t<meta name=\"twitter:label2\" content=\"Est. reading time\" \/>\n\t<meta name=\"twitter:data2\" content=\"2 minutes\" \/>\n<script type=\"application\/ld+json\" class=\"yoast-schema-graph\">{\"@context\":\"https:\\\/\\\/schema.org\",\"@graph\":[{\"@type\":\"NewsArticle\",\"@id\":\"https:\\\/\\\/canfali.com\\\/ca-es\\\/el-millor-vi-del-mediterrani\\\/#article\",\"isPartOf\":{\"@id\":\"https:\\\/\\\/canfali.com\\\/ca-es\\\/el-millor-vi-del-mediterrani\\\/\"},\"author\":{\"name\":\"D\u00eddac\",\"@id\":\"https:\\\/\\\/canfali.com\\\/ca-es\\\/#\\\/schema\\\/person\\\/5211f51be1ed486a218e6a4f53355b6d\"},\"headline\":\"El millor vi del Mediterrani\",\"datePublished\":\"2025-10-20T06:34:17+00:00\",\"dateModified\":\"2025-10-20T06:37:33+00:00\",\"mainEntityOfPage\":{\"@id\":\"https:\\\/\\\/canfali.com\\\/ca-es\\\/el-millor-vi-del-mediterrani\\\/\"},\"wordCount\":527,\"publisher\":{\"@id\":\"https:\\\/\\\/canfali.com\\\/ca-es\\\/#organization\"},\"image\":{\"@id\":\"https:\\\/\\\/canfali.com\\\/ca-es\\\/el-millor-vi-del-mediterrani\\\/#primaryimage\"},\"thumbnailUrl\":\"https:\\\/\\\/canfali.com\\\/app\\\/uploads\\\/2025\\\/10\\\/alejandria-premi.jpg\",\"keywords\":[\"moscatell\",\"premi\",\"vins\"],\"articleSection\":[\"Societat\"],\"inLanguage\":\"va-ES\",\"copyrightYear\":\"2025\",\"copyrightHolder\":{\"@id\":\"https:\\\/\\\/canfali.com\\\/#organization\"}},{\"@type\":\"WebPage\",\"@id\":\"https:\\\/\\\/canfali.com\\\/ca-es\\\/el-millor-vi-del-mediterrani\\\/\",\"url\":\"https:\\\/\\\/canfali.com\\\/ca-es\\\/el-millor-vi-del-mediterrani\\\/\",\"name\":\"El millor vi del Mediterrani - Canfali\",\"isPartOf\":{\"@id\":\"https:\\\/\\\/canfali.com\\\/ca-es\\\/#website\"},\"primaryImageOfPage\":{\"@id\":\"https:\\\/\\\/canfali.com\\\/ca-es\\\/el-millor-vi-del-mediterrani\\\/#primaryimage\"},\"image\":{\"@id\":\"https:\\\/\\\/canfali.com\\\/ca-es\\\/el-millor-vi-del-mediterrani\\\/#primaryimage\"},\"thumbnailUrl\":\"https:\\\/\\\/canfali.com\\\/app\\\/uploads\\\/2025\\\/10\\\/alejandria-premi.jpg\",\"datePublished\":\"2025-10-20T06:34:17+00:00\",\"dateModified\":\"2025-10-20T06:37:33+00:00\",\"breadcrumb\":{\"@id\":\"https:\\\/\\\/canfali.com\\\/ca-es\\\/el-millor-vi-del-mediterrani\\\/#breadcrumb\"},\"inLanguage\":\"va-ES\",\"potentialAction\":[{\"@type\":\"ReadAction\",\"target\":[\"https:\\\/\\\/canfali.com\\\/ca-es\\\/el-millor-vi-del-mediterrani\\\/\"]}]},{\"@type\":\"ImageObject\",\"inLanguage\":\"va-ES\",\"@id\":\"https:\\\/\\\/canfali.com\\\/ca-es\\\/el-millor-vi-del-mediterrani\\\/#primaryimage\",\"url\":\"https:\\\/\\\/canfali.com\\\/app\\\/uploads\\\/2025\\\/10\\\/alejandria-premi.jpg\",\"contentUrl\":\"https:\\\/\\\/canfali.com\\\/app\\\/uploads\\\/2025\\\/10\\\/alejandria-premi.jpg\",\"width\":2048,\"height\":1536},{\"@type\":\"BreadcrumbList\",\"@id\":\"https:\\\/\\\/canfali.com\\\/ca-es\\\/el-millor-vi-del-mediterrani\\\/#breadcrumb\",\"itemListElement\":[{\"@type\":\"ListItem\",\"position\":1,\"name\":\"Portada\",\"item\":\"https:\\\/\\\/canfali.com\\\/ca-es\\\/\"},{\"@type\":\"ListItem\",\"position\":2,\"name\":\"El millor vi del Mediterrani\"}]},{\"@type\":\"WebSite\",\"@id\":\"https:\\\/\\\/canfali.com\\\/ca-es\\\/#website\",\"url\":\"https:\\\/\\\/canfali.com\\\/ca-es\\\/\",\"name\":\"Canfali\",\"description\":\"\",\"publisher\":{\"@id\":\"https:\\\/\\\/canfali.com\\\/ca-es\\\/#organization\"},\"potentialAction\":[{\"@type\":\"SearchAction\",\"target\":{\"@type\":\"EntryPoint\",\"urlTemplate\":\"https:\\\/\\\/canfali.com\\\/ca-es\\\/?s={search_term_string}\"},\"query-input\":{\"@type\":\"PropertyValueSpecification\",\"valueRequired\":true,\"valueName\":\"search_term_string\"}}],\"inLanguage\":\"va-ES\"},{\"@type\":\"Organization\",\"@id\":\"https:\\\/\\\/canfali.com\\\/ca-es\\\/#organization\",\"name\":\"Canfali\",\"url\":\"https:\\\/\\\/canfali.com\\\/ca-es\\\/\",\"logo\":{\"@type\":\"ImageObject\",\"inLanguage\":\"va-ES\",\"@id\":\"https:\\\/\\\/canfali.com\\\/ca-es\\\/#\\\/schema\\\/logo\\\/image\\\/\",\"url\":\"https:\\\/\\\/canfali.com\\\/app\\\/uploads\\\/2025\\\/12\\\/canfali_marina_alta_logo.png\",\"contentUrl\":\"https:\\\/\\\/canfali.com\\\/app\\\/uploads\\\/2025\\\/12\\\/canfali_marina_alta_logo.png\",\"width\":225,\"height\":225,\"caption\":\"Canfali\"},\"image\":{\"@id\":\"https:\\\/\\\/canfali.com\\\/ca-es\\\/#\\\/schema\\\/logo\\\/image\\\/\"},\"sameAs\":[\"https:\\\/\\\/es-es.facebook.com\\\/CANFALIMarinaAlta\",\"https:\\\/\\\/x.com\\\/canfalima\",\"https:\\\/\\\/www.instagram.com\\\/canfalimarinaalta\\\/\"]},{\"@type\":\"Person\",\"@id\":\"https:\\\/\\\/canfali.com\\\/ca-es\\\/#\\\/schema\\\/person\\\/5211f51be1ed486a218e6a4f53355b6d\",\"name\":\"D\u00eddac\",\"image\":{\"@type\":\"ImageObject\",\"inLanguage\":\"va-ES\",\"@id\":\"https:\\\/\\\/secure.gravatar.com\\\/avatar\\\/a68a2078c12da8a6dd6cff4f3f3f69f7eb69a2d31ac1aac4da61c3761e4557f4?s=96&d=mm&r=g\",\"url\":\"https:\\\/\\\/secure.gravatar.com\\\/avatar\\\/a68a2078c12da8a6dd6cff4f3f3f69f7eb69a2d31ac1aac4da61c3761e4557f4?s=96&d=mm&r=g\",\"contentUrl\":\"https:\\\/\\\/secure.gravatar.com\\\/avatar\\\/a68a2078c12da8a6dd6cff4f3f3f69f7eb69a2d31ac1aac4da61c3761e4557f4?s=96&d=mm&r=g\",\"caption\":\"D\u00eddac\"},\"url\":\"https:\\\/\\\/canfali.com\\\/ca-es\\\/author\\\/didac\\\/\"}]}<\/script>\n<!-- \/ Yoast SEO Premium plugin. -->","yoast_head_json":{"title":"El millor vi del Mediterrani - Canfali","robots":{"index":"index","follow":"follow","max-snippet":"max-snippet:-1","max-image-preview":"max-image-preview:large","max-video-preview":"max-video-preview:-1"},"canonical":"https:\/\/canfali.com\/ca-es\/el-millor-vi-del-mediterrani\/","og_locale":"en_US","og_type":"article","og_title":"El millor vi del Mediterrani","og_description":"M d&#8217;Alexandria guanya dues medalles en el seu des\u00e8 aniversari Un des\u00e8 aniversari en gran. M d&#8217;Alexandria, un&hellip;","og_url":"https:\/\/canfali.com\/ca-es\/el-millor-vi-del-mediterrani\/","og_site_name":"Canfali","article_publisher":"https:\/\/es-es.facebook.com\/CANFALIMarinaAlta","article_published_time":"2025-10-20T06:34:17+00:00","article_modified_time":"2025-10-20T06:37:33+00:00","og_image":[{"width":2048,"height":1536,"url":"https:\/\/canfali.com\/app\/uploads\/2025\/10\/alejandria-premi.jpg","type":"image\/jpeg"}],"author":"D\u00eddac","twitter_card":"summary_large_image","twitter_creator":"@canfalima","twitter_site":"@canfalima","twitter_misc":{"Written by":"D\u00eddac","Est. reading time":"2 minutes"},"schema":{"@context":"https:\/\/schema.org","@graph":[{"@type":"NewsArticle","@id":"https:\/\/canfali.com\/ca-es\/el-millor-vi-del-mediterrani\/#article","isPartOf":{"@id":"https:\/\/canfali.com\/ca-es\/el-millor-vi-del-mediterrani\/"},"author":{"name":"D\u00eddac","@id":"https:\/\/canfali.com\/ca-es\/#\/schema\/person\/5211f51be1ed486a218e6a4f53355b6d"},"headline":"El millor vi del Mediterrani","datePublished":"2025-10-20T06:34:17+00:00","dateModified":"2025-10-20T06:37:33+00:00","mainEntityOfPage":{"@id":"https:\/\/canfali.com\/ca-es\/el-millor-vi-del-mediterrani\/"},"wordCount":527,"publisher":{"@id":"https:\/\/canfali.com\/ca-es\/#organization"},"image":{"@id":"https:\/\/canfali.com\/ca-es\/el-millor-vi-del-mediterrani\/#primaryimage"},"thumbnailUrl":"https:\/\/canfali.com\/app\/uploads\/2025\/10\/alejandria-premi.jpg","keywords":["moscatell","premi","vins"],"articleSection":["Societat"],"inLanguage":"va-ES","copyrightYear":"2025","copyrightHolder":{"@id":"https:\/\/canfali.com\/#organization"}},{"@type":"WebPage","@id":"https:\/\/canfali.com\/ca-es\/el-millor-vi-del-mediterrani\/","url":"https:\/\/canfali.com\/ca-es\/el-millor-vi-del-mediterrani\/","name":"El millor vi del Mediterrani - Canfali","isPartOf":{"@id":"https:\/\/canfali.com\/ca-es\/#website"},"primaryImageOfPage":{"@id":"https:\/\/canfali.com\/ca-es\/el-millor-vi-del-mediterrani\/#primaryimage"},"image":{"@id":"https:\/\/canfali.com\/ca-es\/el-millor-vi-del-mediterrani\/#primaryimage"},"thumbnailUrl":"https:\/\/canfali.com\/app\/uploads\/2025\/10\/alejandria-premi.jpg","datePublished":"2025-10-20T06:34:17+00:00","dateModified":"2025-10-20T06:37:33+00:00","breadcrumb":{"@id":"https:\/\/canfali.com\/ca-es\/el-millor-vi-del-mediterrani\/#breadcrumb"},"inLanguage":"va-ES","potentialAction":[{"@type":"ReadAction","target":["https:\/\/canfali.com\/ca-es\/el-millor-vi-del-mediterrani\/"]}]},{"@type":"ImageObject","inLanguage":"va-ES","@id":"https:\/\/canfali.com\/ca-es\/el-millor-vi-del-mediterrani\/#primaryimage","url":"https:\/\/canfali.com\/app\/uploads\/2025\/10\/alejandria-premi.jpg","contentUrl":"https:\/\/canfali.com\/app\/uploads\/2025\/10\/alejandria-premi.jpg","width":2048,"height":1536},{"@type":"BreadcrumbList","@id":"https:\/\/canfali.com\/ca-es\/el-millor-vi-del-mediterrani\/#breadcrumb","itemListElement":[{"@type":"ListItem","position":1,"name":"Portada","item":"https:\/\/canfali.com\/ca-es\/"},{"@type":"ListItem","position":2,"name":"El millor vi del Mediterrani"}]},{"@type":"WebSite","@id":"https:\/\/canfali.com\/ca-es\/#website","url":"https:\/\/canfali.com\/ca-es\/","name":"Canfali","description":"","publisher":{"@id":"https:\/\/canfali.com\/ca-es\/#organization"},"potentialAction":[{"@type":"SearchAction","target":{"@type":"EntryPoint","urlTemplate":"https:\/\/canfali.com\/ca-es\/?s={search_term_string}"},"query-input":{"@type":"PropertyValueSpecification","valueRequired":true,"valueName":"search_term_string"}}],"inLanguage":"va-ES"},{"@type":"Organization","@id":"https:\/\/canfali.com\/ca-es\/#organization","name":"Canfali","url":"https:\/\/canfali.com\/ca-es\/","logo":{"@type":"ImageObject","inLanguage":"va-ES","@id":"https:\/\/canfali.com\/ca-es\/#\/schema\/logo\/image\/","url":"https:\/\/canfali.com\/app\/uploads\/2025\/12\/canfali_marina_alta_logo.png","contentUrl":"https:\/\/canfali.com\/app\/uploads\/2025\/12\/canfali_marina_alta_logo.png","width":225,"height":225,"caption":"Canfali"},"image":{"@id":"https:\/\/canfali.com\/ca-es\/#\/schema\/logo\/image\/"},"sameAs":["https:\/\/es-es.facebook.com\/CANFALIMarinaAlta","https:\/\/x.com\/canfalima","https:\/\/www.instagram.com\/canfalimarinaalta\/"]},{"@type":"Person","@id":"https:\/\/canfali.com\/ca-es\/#\/schema\/person\/5211f51be1ed486a218e6a4f53355b6d","name":"D\u00eddac","image":{"@type":"ImageObject","inLanguage":"va-ES","@id":"https:\/\/secure.gravatar.com\/avatar\/a68a2078c12da8a6dd6cff4f3f3f69f7eb69a2d31ac1aac4da61c3761e4557f4?s=96&d=mm&r=g","url":"https:\/\/secure.gravatar.com\/avatar\/a68a2078c12da8a6dd6cff4f3f3f69f7eb69a2d31ac1aac4da61c3761e4557f4?s=96&d=mm&r=g","contentUrl":"https:\/\/secure.gravatar.com\/avatar\/a68a2078c12da8a6dd6cff4f3f3f69f7eb69a2d31ac1aac4da61c3761e4557f4?s=96&d=mm&r=g","caption":"D\u00eddac"},"url":"https:\/\/canfali.com\/ca-es\/author\/didac\/"}]}},"_links":{"self":[{"href":"https:\/\/canfali.com\/ca-es\/wp-json\/wp\/v2\/posts\/79085","targetHints":{"allow":["GET"]}}],"collection":[{"href":"https:\/\/canfali.com\/ca-es\/wp-json\/wp\/v2\/posts"}],"about":[{"href":"https:\/\/canfali.com\/ca-es\/wp-json\/wp\/v2\/types\/post"}],"author":[{"embeddable":true,"href":"https:\/\/canfali.com\/ca-es\/wp-json\/wp\/v2\/users\/5"}],"replies":[{"embeddable":true,"href":"https:\/\/canfali.com\/ca-es\/wp-json\/wp\/v2\/comments?post=79085"}],"version-history":[{"count":1,"href":"https:\/\/canfali.com\/ca-es\/wp-json\/wp\/v2\/posts\/79085\/revisions"}],"predecessor-version":[{"id":79086,"href":"https:\/\/canfali.com\/ca-es\/wp-json\/wp\/v2\/posts\/79085\/revisions\/79086"}],"wp:featuredmedia":[{"embeddable":true,"href":"https:\/\/canfali.com\/ca-es\/wp-json\/wp\/v2\/media\/79083"}],"wp:attachment":[{"href":"https:\/\/canfali.com\/ca-es\/wp-json\/wp\/v2\/media?parent=79085"}],"wp:term":[{"taxonomy":"category","embeddable":true,"href":"https:\/\/canfali.com\/ca-es\/wp-json\/wp\/v2\/categories?post=79085"},{"taxonomy":"post_tag","embeddable":true,"href":"https:\/\/canfali.com\/ca-es\/wp-json\/wp\/v2\/tags?post=79085"}],"curies":[{"name":"wp","href":"https:\/\/api.w.org\/{rel}","templated":true}]}}