{"id":79064,"date":"2025-10-19T20:55:54","date_gmt":"2025-10-19T18:55:54","guid":{"rendered":"https:\/\/canfali.com\/?p=79064"},"modified":"2025-10-19T20:55:55","modified_gmt":"2025-10-19T18:55:55","slug":"el-canter-vertebra-vi-setmana-del-fang-dorba","status":"publish","type":"post","link":"https:\/\/canfali.com\/ca-es\/el-canter-vertebra-vi-setmana-del-fang-dorba\/","title":{"rendered":"El c\u00e0nter vertebra VI Setmana del fang d\u2019Orba"},"content":{"rendered":"\n<p><strong>Culmina amb el mercat de la mat\u00e8ria que ha tingut com a reclam les demostracions de torn d\u2019olla, botiges i canterelles<\/strong><\/p>\n\n\n\n<p>La VI Setmana del Fang a Orba ha tingut al c\u00e0nter com a protagonista a l\u2019hora de reivindicar al municipi com refer\u00e8ncia hist\u00f2rica de la cer\u00e0mica tradicional a la comarca, pel fet d\u2019haver estat escollit de forma majorit\u00e0ria com a la figura per a ambientar l\u2019esdeveniment als balcons.<\/p>\n\n\n\n<figure class=\"wp-block-image size-large\"><img decoding=\"async\" src=\"https:\/\/canfali.com\/app\/uploads\/2025\/10\/digi3-2-1024x679.jpg.webp\" alt=\"\" class=\"wp-image-79067\"\/><\/figure>\n\n\n\n<p>Des del lema, passant pel referit motiu de decoraci\u00f3 r\u00fastica, fins a les evolucions del diferents actes que ha disposat l\u2019Associaci\u00f3 Amics del Fang d\u2019Orba i Orbeta amb la col\u00b7laboraci\u00f3 de l\u2019Ajuntament i la subvenci\u00f3 del Patronat Costa Blanca i la Diputaci\u00f3 Provincial, ha estat present l\u2019esperit dels terrissers orbers que modelaven i co\u00efen als forn artesanals aquest recipient d\u2019argila. I \u00e9s que el c\u00e0nter, abans de la popularitzaci\u00f3 de materials com el pl\u00e0stic o l\u2019alumini, resultava un element essencial a l\u2019hora de guardar i transportar l\u00edquids que les \u00e8poques on les cases no comptaven amb aigua corrent.<\/p>\n\n\n\n<figure class=\"wp-block-image size-large\"><img decoding=\"async\" src=\"https:\/\/canfali.com\/app\/uploads\/2025\/10\/xopena2-1024x679.jpg.webp\" alt=\"\" class=\"wp-image-79069\"\/><\/figure>\n\n\n\n<p>Aix\u00ed, des dels tallers que han diversificat la mat\u00e8ria per a abastar des de la fabricaci\u00f3 de rajoles, socarrats, pitxers i botelles a torn, fins a altres com el cine-f\u00f2rum al voltant d\u2019eixa tem\u00e0tica o la ruta dels riu-raus han evocat al llarg de la setmana la tradici\u00f3 que va suposar un dels principals pilars econ\u00f2mics d\u2019Orba fins els anys seixanta.<\/p>\n\n\n\n<figure class=\"wp-block-image size-large\"><img decoding=\"async\" src=\"https:\/\/canfali.com\/app\/uploads\/2025\/10\/DSC_0625-1024x679.jpg.webp\" alt=\"\" class=\"wp-image-79071\"\/><\/figure>\n\n\n\n<p>Tot aix\u00f2 ha estat rematat diumenge amb la sisena edici\u00f3 del Mercat del Fang que, a banda de concentrar la trentena &nbsp;de paradetes de cer\u00e0mica procedents de tota la geografia valenciana concentrades al carrer Major, ha oferit tallers de torn d\u2019olla, botiges i canterelles, a banda del concurs d\u2019allioli amb morter que ha aconseguit institucionalitzar i les visites guiades al museu habilitat a l\u2019antiga Senyoria per a posar en valor la transcend\u00e8ncia l\u2019aquest ofici des del punt de vista etnogr\u00e0fic.&nbsp;<\/p>\n","protected":false},"excerpt":{"rendered":"Culmina amb el mercat de la mat\u00e8ria que ha tingut com a reclam les demostracions de torn d\u2019olla,&hellip;","protected":false},"author":4,"featured_media":79065,"comment_status":"closed","ping_status":"closed","sticky":false,"template":"","format":"standard","meta":{"csco_display_header_overlay":false,"csco_singular_sidebar":"","csco_page_header_type":"","csco_page_load_nextpost":"","csco_post_video_location":[],"csco_post_video_location_hash":"","csco_post_video_url":"","csco_post_video_bg_start_time":0,"csco_post_video_bg_end_time":0,"footnotes":""},"categories":[597],"tags":[4577,4576,4575,4574,806,1231],"class_list":{"0":"post-79064","1":"post","2":"type-post","3":"status-publish","4":"format-standard","5":"has-post-thumbnail","7":"category-cultura-ca-es","8":"tag-canter","9":"tag-ceramica-2","10":"tag-demostracions","11":"tag-fang","12":"tag-orba","13":"tag-setmana","14":"cs-entry","15":"cs-video-wrap"},"yoast_head":"<!-- This site is optimized with the Yoast SEO Premium plugin v26.6 (Yoast SEO v27.3) - https:\/\/yoast.com\/product\/yoast-seo-premium-wordpress\/ -->\n<title>El c\u00e0nter vertebra VI Setmana del fang d\u2019Orba - Canfali<\/title>\n<meta name=\"robots\" content=\"index, follow, max-snippet:-1, max-image-preview:large, max-video-preview:-1\" \/>\n<link rel=\"canonical\" href=\"https:\/\/canfali.com\/ca-es\/el-canter-vertebra-vi-setmana-del-fang-dorba\/\" \/>\n<meta property=\"og:locale\" content=\"en_US\" \/>\n<meta property=\"og:type\" content=\"article\" \/>\n<meta property=\"og:title\" content=\"El c\u00e0nter vertebra VI Setmana del fang d\u2019Orba\" \/>\n<meta property=\"og:description\" content=\"Culmina amb el mercat de la mat\u00e8ria que ha tingut com a reclam les demostracions de torn d\u2019olla,&hellip;\" \/>\n<meta property=\"og:url\" content=\"https:\/\/canfali.com\/ca-es\/el-canter-vertebra-vi-setmana-del-fang-dorba\/\" \/>\n<meta property=\"og:site_name\" content=\"Canfali\" \/>\n<meta property=\"article:publisher\" content=\"https:\/\/es-es.facebook.com\/CANFALIMarinaAlta\" \/>\n<meta property=\"article:published_time\" content=\"2025-10-19T18:55:54+00:00\" \/>\n<meta property=\"article:modified_time\" content=\"2025-10-19T18:55:55+00:00\" \/>\n<meta property=\"og:image\" content=\"https:\/\/canfali.com\/app\/uploads\/2025\/10\/digi1-2.jpg\" \/>\n\t<meta property=\"og:image:width\" content=\"2256\" \/>\n\t<meta property=\"og:image:height\" content=\"1496\" \/>\n\t<meta property=\"og:image:type\" content=\"image\/jpeg\" \/>\n<meta name=\"author\" content=\"JJ Mas\" \/>\n<meta name=\"twitter:card\" content=\"summary_large_image\" \/>\n<meta name=\"twitter:creator\" content=\"@canfalima\" \/>\n<meta name=\"twitter:site\" content=\"@canfalima\" \/>\n<meta name=\"twitter:label1\" content=\"Written by\" \/>\n\t<meta name=\"twitter:data1\" content=\"JJ Mas\" \/>\n\t<meta name=\"twitter:label2\" content=\"Est. reading time\" \/>\n\t<meta name=\"twitter:data2\" content=\"2 minutes\" \/>\n<script type=\"application\/ld+json\" class=\"yoast-schema-graph\">{\"@context\":\"https:\\\/\\\/schema.org\",\"@graph\":[{\"@type\":\"NewsArticle\",\"@id\":\"https:\\\/\\\/canfali.com\\\/ca-es\\\/el-canter-vertebra-vi-setmana-del-fang-dorba\\\/#article\",\"isPartOf\":{\"@id\":\"https:\\\/\\\/canfali.com\\\/ca-es\\\/el-canter-vertebra-vi-setmana-del-fang-dorba\\\/\"},\"author\":{\"name\":\"JJ Mas\",\"@id\":\"https:\\\/\\\/canfali.com\\\/ca-es\\\/#\\\/schema\\\/person\\\/d834d2d4df17cac754d3c314d4c404ef\"},\"headline\":\"El c\u00e0nter vertebra VI Setmana del fang d\u2019Orba\",\"datePublished\":\"2025-10-19T18:55:54+00:00\",\"dateModified\":\"2025-10-19T18:55:55+00:00\",\"mainEntityOfPage\":{\"@id\":\"https:\\\/\\\/canfali.com\\\/ca-es\\\/el-canter-vertebra-vi-setmana-del-fang-dorba\\\/\"},\"wordCount\":356,\"publisher\":{\"@id\":\"https:\\\/\\\/canfali.com\\\/ca-es\\\/#organization\"},\"image\":{\"@id\":\"https:\\\/\\\/canfali.com\\\/ca-es\\\/el-canter-vertebra-vi-setmana-del-fang-dorba\\\/#primaryimage\"},\"thumbnailUrl\":\"https:\\\/\\\/canfali.com\\\/app\\\/uploads\\\/2025\\\/10\\\/digi1-2.jpg\",\"keywords\":[\"c\u00e0nter\",\"cer\u00e0mica\",\"demostracions\",\"fang\",\"orba\",\"setmana\"],\"articleSection\":[\"Cultura\"],\"inLanguage\":\"va-ES\",\"copyrightYear\":\"2025\",\"copyrightHolder\":{\"@id\":\"https:\\\/\\\/canfali.com\\\/#organization\"}},{\"@type\":\"WebPage\",\"@id\":\"https:\\\/\\\/canfali.com\\\/ca-es\\\/el-canter-vertebra-vi-setmana-del-fang-dorba\\\/\",\"url\":\"https:\\\/\\\/canfali.com\\\/ca-es\\\/el-canter-vertebra-vi-setmana-del-fang-dorba\\\/\",\"name\":\"El c\u00e0nter vertebra VI Setmana del fang d\u2019Orba - Canfali\",\"isPartOf\":{\"@id\":\"https:\\\/\\\/canfali.com\\\/ca-es\\\/#website\"},\"primaryImageOfPage\":{\"@id\":\"https:\\\/\\\/canfali.com\\\/ca-es\\\/el-canter-vertebra-vi-setmana-del-fang-dorba\\\/#primaryimage\"},\"image\":{\"@id\":\"https:\\\/\\\/canfali.com\\\/ca-es\\\/el-canter-vertebra-vi-setmana-del-fang-dorba\\\/#primaryimage\"},\"thumbnailUrl\":\"https:\\\/\\\/canfali.com\\\/app\\\/uploads\\\/2025\\\/10\\\/digi1-2.jpg\",\"datePublished\":\"2025-10-19T18:55:54+00:00\",\"dateModified\":\"2025-10-19T18:55:55+00:00\",\"breadcrumb\":{\"@id\":\"https:\\\/\\\/canfali.com\\\/ca-es\\\/el-canter-vertebra-vi-setmana-del-fang-dorba\\\/#breadcrumb\"},\"inLanguage\":\"va-ES\",\"potentialAction\":[{\"@type\":\"ReadAction\",\"target\":[\"https:\\\/\\\/canfali.com\\\/ca-es\\\/el-canter-vertebra-vi-setmana-del-fang-dorba\\\/\"]}]},{\"@type\":\"ImageObject\",\"inLanguage\":\"va-ES\",\"@id\":\"https:\\\/\\\/canfali.com\\\/ca-es\\\/el-canter-vertebra-vi-setmana-del-fang-dorba\\\/#primaryimage\",\"url\":\"https:\\\/\\\/canfali.com\\\/app\\\/uploads\\\/2025\\\/10\\\/digi1-2.jpg\",\"contentUrl\":\"https:\\\/\\\/canfali.com\\\/app\\\/uploads\\\/2025\\\/10\\\/digi1-2.jpg\",\"width\":2256,\"height\":1496},{\"@type\":\"BreadcrumbList\",\"@id\":\"https:\\\/\\\/canfali.com\\\/ca-es\\\/el-canter-vertebra-vi-setmana-del-fang-dorba\\\/#breadcrumb\",\"itemListElement\":[{\"@type\":\"ListItem\",\"position\":1,\"name\":\"Portada\",\"item\":\"https:\\\/\\\/canfali.com\\\/ca-es\\\/\"},{\"@type\":\"ListItem\",\"position\":2,\"name\":\"El c\u00e0nter vertebra VI Setmana del fang d\u2019Orba\"}]},{\"@type\":\"WebSite\",\"@id\":\"https:\\\/\\\/canfali.com\\\/ca-es\\\/#website\",\"url\":\"https:\\\/\\\/canfali.com\\\/ca-es\\\/\",\"name\":\"Canfali\",\"description\":\"\",\"publisher\":{\"@id\":\"https:\\\/\\\/canfali.com\\\/ca-es\\\/#organization\"},\"potentialAction\":[{\"@type\":\"SearchAction\",\"target\":{\"@type\":\"EntryPoint\",\"urlTemplate\":\"https:\\\/\\\/canfali.com\\\/ca-es\\\/?s={search_term_string}\"},\"query-input\":{\"@type\":\"PropertyValueSpecification\",\"valueRequired\":true,\"valueName\":\"search_term_string\"}}],\"inLanguage\":\"va-ES\"},{\"@type\":\"Organization\",\"@id\":\"https:\\\/\\\/canfali.com\\\/ca-es\\\/#organization\",\"name\":\"Canfali\",\"url\":\"https:\\\/\\\/canfali.com\\\/ca-es\\\/\",\"logo\":{\"@type\":\"ImageObject\",\"inLanguage\":\"va-ES\",\"@id\":\"https:\\\/\\\/canfali.com\\\/ca-es\\\/#\\\/schema\\\/logo\\\/image\\\/\",\"url\":\"https:\\\/\\\/canfali.com\\\/app\\\/uploads\\\/2025\\\/12\\\/canfali_marina_alta_logo.png\",\"contentUrl\":\"https:\\\/\\\/canfali.com\\\/app\\\/uploads\\\/2025\\\/12\\\/canfali_marina_alta_logo.png\",\"width\":225,\"height\":225,\"caption\":\"Canfali\"},\"image\":{\"@id\":\"https:\\\/\\\/canfali.com\\\/ca-es\\\/#\\\/schema\\\/logo\\\/image\\\/\"},\"sameAs\":[\"https:\\\/\\\/es-es.facebook.com\\\/CANFALIMarinaAlta\",\"https:\\\/\\\/x.com\\\/canfalima\",\"https:\\\/\\\/www.instagram.com\\\/canfalimarinaalta\\\/\"]},{\"@type\":\"Person\",\"@id\":\"https:\\\/\\\/canfali.com\\\/ca-es\\\/#\\\/schema\\\/person\\\/d834d2d4df17cac754d3c314d4c404ef\",\"name\":\"JJ Mas\",\"image\":{\"@type\":\"ImageObject\",\"inLanguage\":\"va-ES\",\"@id\":\"https:\\\/\\\/secure.gravatar.com\\\/avatar\\\/65a5191f5438bf88c2394f6d1a625a6ff903c8785268e603c623a83bc15ba1ee?s=96&d=mm&r=g\",\"url\":\"https:\\\/\\\/secure.gravatar.com\\\/avatar\\\/65a5191f5438bf88c2394f6d1a625a6ff903c8785268e603c623a83bc15ba1ee?s=96&d=mm&r=g\",\"contentUrl\":\"https:\\\/\\\/secure.gravatar.com\\\/avatar\\\/65a5191f5438bf88c2394f6d1a625a6ff903c8785268e603c623a83bc15ba1ee?s=96&d=mm&r=g\",\"caption\":\"JJ Mas\"},\"url\":\"https:\\\/\\\/canfali.com\\\/ca-es\\\/author\\\/jj\\\/\"}]}<\/script>\n<!-- \/ Yoast SEO Premium plugin. -->","yoast_head_json":{"title":"El c\u00e0nter vertebra VI Setmana del fang d\u2019Orba - Canfali","robots":{"index":"index","follow":"follow","max-snippet":"max-snippet:-1","max-image-preview":"max-image-preview:large","max-video-preview":"max-video-preview:-1"},"canonical":"https:\/\/canfali.com\/ca-es\/el-canter-vertebra-vi-setmana-del-fang-dorba\/","og_locale":"en_US","og_type":"article","og_title":"El c\u00e0nter vertebra VI Setmana del fang d\u2019Orba","og_description":"Culmina amb el mercat de la mat\u00e8ria que ha tingut com a reclam les demostracions de torn d\u2019olla,&hellip;","og_url":"https:\/\/canfali.com\/ca-es\/el-canter-vertebra-vi-setmana-del-fang-dorba\/","og_site_name":"Canfali","article_publisher":"https:\/\/es-es.facebook.com\/CANFALIMarinaAlta","article_published_time":"2025-10-19T18:55:54+00:00","article_modified_time":"2025-10-19T18:55:55+00:00","og_image":[{"width":2256,"height":1496,"url":"https:\/\/canfali.com\/app\/uploads\/2025\/10\/digi1-2.jpg","type":"image\/jpeg"}],"author":"JJ Mas","twitter_card":"summary_large_image","twitter_creator":"@canfalima","twitter_site":"@canfalima","twitter_misc":{"Written by":"JJ Mas","Est. reading time":"2 minutes"},"schema":{"@context":"https:\/\/schema.org","@graph":[{"@type":"NewsArticle","@id":"https:\/\/canfali.com\/ca-es\/el-canter-vertebra-vi-setmana-del-fang-dorba\/#article","isPartOf":{"@id":"https:\/\/canfali.com\/ca-es\/el-canter-vertebra-vi-setmana-del-fang-dorba\/"},"author":{"name":"JJ Mas","@id":"https:\/\/canfali.com\/ca-es\/#\/schema\/person\/d834d2d4df17cac754d3c314d4c404ef"},"headline":"El c\u00e0nter vertebra VI Setmana del fang d\u2019Orba","datePublished":"2025-10-19T18:55:54+00:00","dateModified":"2025-10-19T18:55:55+00:00","mainEntityOfPage":{"@id":"https:\/\/canfali.com\/ca-es\/el-canter-vertebra-vi-setmana-del-fang-dorba\/"},"wordCount":356,"publisher":{"@id":"https:\/\/canfali.com\/ca-es\/#organization"},"image":{"@id":"https:\/\/canfali.com\/ca-es\/el-canter-vertebra-vi-setmana-del-fang-dorba\/#primaryimage"},"thumbnailUrl":"https:\/\/canfali.com\/app\/uploads\/2025\/10\/digi1-2.jpg","keywords":["c\u00e0nter","cer\u00e0mica","demostracions","fang","orba","setmana"],"articleSection":["Cultura"],"inLanguage":"va-ES","copyrightYear":"2025","copyrightHolder":{"@id":"https:\/\/canfali.com\/#organization"}},{"@type":"WebPage","@id":"https:\/\/canfali.com\/ca-es\/el-canter-vertebra-vi-setmana-del-fang-dorba\/","url":"https:\/\/canfali.com\/ca-es\/el-canter-vertebra-vi-setmana-del-fang-dorba\/","name":"El c\u00e0nter vertebra VI Setmana del fang d\u2019Orba - Canfali","isPartOf":{"@id":"https:\/\/canfali.com\/ca-es\/#website"},"primaryImageOfPage":{"@id":"https:\/\/canfali.com\/ca-es\/el-canter-vertebra-vi-setmana-del-fang-dorba\/#primaryimage"},"image":{"@id":"https:\/\/canfali.com\/ca-es\/el-canter-vertebra-vi-setmana-del-fang-dorba\/#primaryimage"},"thumbnailUrl":"https:\/\/canfali.com\/app\/uploads\/2025\/10\/digi1-2.jpg","datePublished":"2025-10-19T18:55:54+00:00","dateModified":"2025-10-19T18:55:55+00:00","breadcrumb":{"@id":"https:\/\/canfali.com\/ca-es\/el-canter-vertebra-vi-setmana-del-fang-dorba\/#breadcrumb"},"inLanguage":"va-ES","potentialAction":[{"@type":"ReadAction","target":["https:\/\/canfali.com\/ca-es\/el-canter-vertebra-vi-setmana-del-fang-dorba\/"]}]},{"@type":"ImageObject","inLanguage":"va-ES","@id":"https:\/\/canfali.com\/ca-es\/el-canter-vertebra-vi-setmana-del-fang-dorba\/#primaryimage","url":"https:\/\/canfali.com\/app\/uploads\/2025\/10\/digi1-2.jpg","contentUrl":"https:\/\/canfali.com\/app\/uploads\/2025\/10\/digi1-2.jpg","width":2256,"height":1496},{"@type":"BreadcrumbList","@id":"https:\/\/canfali.com\/ca-es\/el-canter-vertebra-vi-setmana-del-fang-dorba\/#breadcrumb","itemListElement":[{"@type":"ListItem","position":1,"name":"Portada","item":"https:\/\/canfali.com\/ca-es\/"},{"@type":"ListItem","position":2,"name":"El c\u00e0nter vertebra VI Setmana del fang d\u2019Orba"}]},{"@type":"WebSite","@id":"https:\/\/canfali.com\/ca-es\/#website","url":"https:\/\/canfali.com\/ca-es\/","name":"Canfali","description":"","publisher":{"@id":"https:\/\/canfali.com\/ca-es\/#organization"},"potentialAction":[{"@type":"SearchAction","target":{"@type":"EntryPoint","urlTemplate":"https:\/\/canfali.com\/ca-es\/?s={search_term_string}"},"query-input":{"@type":"PropertyValueSpecification","valueRequired":true,"valueName":"search_term_string"}}],"inLanguage":"va-ES"},{"@type":"Organization","@id":"https:\/\/canfali.com\/ca-es\/#organization","name":"Canfali","url":"https:\/\/canfali.com\/ca-es\/","logo":{"@type":"ImageObject","inLanguage":"va-ES","@id":"https:\/\/canfali.com\/ca-es\/#\/schema\/logo\/image\/","url":"https:\/\/canfali.com\/app\/uploads\/2025\/12\/canfali_marina_alta_logo.png","contentUrl":"https:\/\/canfali.com\/app\/uploads\/2025\/12\/canfali_marina_alta_logo.png","width":225,"height":225,"caption":"Canfali"},"image":{"@id":"https:\/\/canfali.com\/ca-es\/#\/schema\/logo\/image\/"},"sameAs":["https:\/\/es-es.facebook.com\/CANFALIMarinaAlta","https:\/\/x.com\/canfalima","https:\/\/www.instagram.com\/canfalimarinaalta\/"]},{"@type":"Person","@id":"https:\/\/canfali.com\/ca-es\/#\/schema\/person\/d834d2d4df17cac754d3c314d4c404ef","name":"JJ Mas","image":{"@type":"ImageObject","inLanguage":"va-ES","@id":"https:\/\/secure.gravatar.com\/avatar\/65a5191f5438bf88c2394f6d1a625a6ff903c8785268e603c623a83bc15ba1ee?s=96&d=mm&r=g","url":"https:\/\/secure.gravatar.com\/avatar\/65a5191f5438bf88c2394f6d1a625a6ff903c8785268e603c623a83bc15ba1ee?s=96&d=mm&r=g","contentUrl":"https:\/\/secure.gravatar.com\/avatar\/65a5191f5438bf88c2394f6d1a625a6ff903c8785268e603c623a83bc15ba1ee?s=96&d=mm&r=g","caption":"JJ Mas"},"url":"https:\/\/canfali.com\/ca-es\/author\/jj\/"}]}},"_links":{"self":[{"href":"https:\/\/canfali.com\/ca-es\/wp-json\/wp\/v2\/posts\/79064","targetHints":{"allow":["GET"]}}],"collection":[{"href":"https:\/\/canfali.com\/ca-es\/wp-json\/wp\/v2\/posts"}],"about":[{"href":"https:\/\/canfali.com\/ca-es\/wp-json\/wp\/v2\/types\/post"}],"author":[{"embeddable":true,"href":"https:\/\/canfali.com\/ca-es\/wp-json\/wp\/v2\/users\/4"}],"replies":[{"embeddable":true,"href":"https:\/\/canfali.com\/ca-es\/wp-json\/wp\/v2\/comments?post=79064"}],"version-history":[{"count":1,"href":"https:\/\/canfali.com\/ca-es\/wp-json\/wp\/v2\/posts\/79064\/revisions"}],"predecessor-version":[{"id":79073,"href":"https:\/\/canfali.com\/ca-es\/wp-json\/wp\/v2\/posts\/79064\/revisions\/79073"}],"wp:featuredmedia":[{"embeddable":true,"href":"https:\/\/canfali.com\/ca-es\/wp-json\/wp\/v2\/media\/79065"}],"wp:attachment":[{"href":"https:\/\/canfali.com\/ca-es\/wp-json\/wp\/v2\/media?parent=79064"}],"wp:term":[{"taxonomy":"category","embeddable":true,"href":"https:\/\/canfali.com\/ca-es\/wp-json\/wp\/v2\/categories?post=79064"},{"taxonomy":"post_tag","embeddable":true,"href":"https:\/\/canfali.com\/ca-es\/wp-json\/wp\/v2\/tags?post=79064"}],"curies":[{"name":"wp","href":"https:\/\/api.w.org\/{rel}","templated":true}]}}