{"id":79058,"date":"2025-10-19T20:13:53","date_gmt":"2025-10-19T18:13:53","guid":{"rendered":"https:\/\/canfali.com\/lliga-comunitat-javea-i-calpe-empaten-com-a-visitants\/"},"modified":"2025-10-19T20:14:13","modified_gmt":"2025-10-19T18:14:13","slug":"lliga-comunitat-javea-i-calpe-empaten-com-a-visitants","status":"publish","type":"post","link":"https:\/\/canfali.com\/ca-es\/lliga-comunitat-javea-i-calpe-empaten-com-a-visitants\/","title":{"rendered":"Lliga Comunitat: J\u00e1vea i Calpe empaten com a visitants"},"content":{"rendered":"\n<p>El J\u00e1vea i el Calpe van tancar els seus respectius partits de la sisena jornada en el Grup Sud de la Lliga Comunitat amb el mateix marcador: empat a un gol. El Calpe es va avan\u00e7ar davant el Thader en el minut 43 amb un gol de Xavi L\u00f3pez, amb el qual es va arribar al descans. El conjunt de Toni Gonz\u00e1lez va treballar b\u00e9 i va saber contenir l&#8217;empenta de l&#8217;equip local, tot i que al final el Thader va aprofitar un refus per empatar.<br\/><\/p>\n\n<p>Per la seua part, el J\u00e1vea es va portar un punt de la seua visita al Redov\u00e1n, tot i que va tindre ocasions de sobres per aconseguir els tres punts. Els locals es van avan\u00e7ar en el minut 39, per\u00f2 poc despr\u00e9s va igualar Maxi, just abans de tancar la primera meitat. El J\u00e1vea va eixir a per la vict\u00f2ria en la segona part, per\u00f2 va ser incapa\u00e7 de perforar de nou la porteria contr\u00e0ria.<br\/><\/p>\n","protected":false},"excerpt":{"rendered":"El J\u00e1vea i el Calpe van tancar els seus respectius partits de la sisena jornada en el Grup&hellip;","protected":false},"author":8,"featured_media":79052,"comment_status":"closed","ping_status":"closed","sticky":false,"template":"","format":"standard","meta":{"csco_display_header_overlay":false,"csco_singular_sidebar":"","csco_page_header_type":"","csco_page_load_nextpost":"","csco_post_video_location":[],"csco_post_video_location_hash":"","csco_post_video_url":"","csco_post_video_bg_start_time":0,"csco_post_video_bg_end_time":0,"footnotes":""},"categories":[573,598,601],"tags":[],"class_list":{"0":"post-79058","1":"post","2":"type-post","3":"status-publish","4":"format-standard","5":"has-post-thumbnail","7":"category-deportes-2","8":"category-esports","9":"category-futbol-ca-es","10":"cs-entry","11":"cs-video-wrap"},"yoast_head":"<!-- This site is optimized with the Yoast SEO Premium plugin v26.6 (Yoast SEO v27.3) - https:\/\/yoast.com\/product\/yoast-seo-premium-wordpress\/ -->\n<title>Lliga Comunitat: J\u00e1vea i Calpe empaten com a visitants - Canfali<\/title>\n<meta name=\"robots\" content=\"index, follow, max-snippet:-1, max-image-preview:large, max-video-preview:-1\" \/>\n<link rel=\"canonical\" href=\"https:\/\/canfali.com\/ca-es\/lliga-comunitat-javea-i-calpe-empaten-com-a-visitants\/\" \/>\n<meta property=\"og:locale\" content=\"en_US\" \/>\n<meta property=\"og:type\" content=\"article\" \/>\n<meta property=\"og:title\" content=\"Lliga Comunitat: J\u00e1vea i Calpe empaten com a visitants\" \/>\n<meta property=\"og:description\" content=\"El J\u00e1vea i el Calpe van tancar els seus respectius partits de la sisena jornada en el Grup&hellip;\" \/>\n<meta property=\"og:url\" content=\"https:\/\/canfali.com\/ca-es\/lliga-comunitat-javea-i-calpe-empaten-com-a-visitants\/\" \/>\n<meta property=\"og:site_name\" content=\"Canfali\" \/>\n<meta property=\"article:publisher\" content=\"https:\/\/es-es.facebook.com\/CANFALIMarinaAlta\" \/>\n<meta property=\"article:published_time\" content=\"2025-10-19T18:13:53+00:00\" \/>\n<meta property=\"article:modified_time\" content=\"2025-10-19T18:14:13+00:00\" \/>\n<meta property=\"og:image\" content=\"https:\/\/canfali.com\/app\/uploads\/2025\/10\/8cdjavea.jpg\" \/>\n\t<meta property=\"og:image:width\" content=\"1406\" \/>\n\t<meta property=\"og:image:height\" content=\"811\" \/>\n\t<meta property=\"og:image:type\" content=\"image\/jpeg\" \/>\n<meta name=\"author\" content=\"Lluis\" \/>\n<meta name=\"twitter:card\" content=\"summary_large_image\" \/>\n<meta name=\"twitter:creator\" content=\"@canfalima\" \/>\n<meta name=\"twitter:site\" content=\"@canfalima\" \/>\n<meta name=\"twitter:label1\" content=\"Written by\" \/>\n\t<meta name=\"twitter:data1\" content=\"Lluis\" \/>\n\t<meta name=\"twitter:label2\" content=\"Est. reading time\" \/>\n\t<meta name=\"twitter:data2\" content=\"1 minute\" \/>\n<script type=\"application\/ld+json\" class=\"yoast-schema-graph\">{\"@context\":\"https:\\\/\\\/schema.org\",\"@graph\":[{\"@type\":\"NewsArticle\",\"@id\":\"https:\\\/\\\/canfali.com\\\/ca-es\\\/lliga-comunitat-javea-i-calpe-empaten-com-a-visitants\\\/#article\",\"isPartOf\":{\"@id\":\"https:\\\/\\\/canfali.com\\\/ca-es\\\/lliga-comunitat-javea-i-calpe-empaten-com-a-visitants\\\/\"},\"author\":{\"name\":\"Lluis\",\"@id\":\"https:\\\/\\\/canfali.com\\\/ca-es\\\/#\\\/schema\\\/person\\\/f540a86fb33e10daaae53c59ceaa1194\"},\"headline\":\"Lliga Comunitat: J\u00e1vea i Calpe empaten com a visitants\",\"datePublished\":\"2025-10-19T18:13:53+00:00\",\"dateModified\":\"2025-10-19T18:14:13+00:00\",\"mainEntityOfPage\":{\"@id\":\"https:\\\/\\\/canfali.com\\\/ca-es\\\/lliga-comunitat-javea-i-calpe-empaten-com-a-visitants\\\/\"},\"wordCount\":182,\"publisher\":{\"@id\":\"https:\\\/\\\/canfali.com\\\/ca-es\\\/#organization\"},\"image\":{\"@id\":\"https:\\\/\\\/canfali.com\\\/ca-es\\\/lliga-comunitat-javea-i-calpe-empaten-com-a-visitants\\\/#primaryimage\"},\"thumbnailUrl\":\"https:\\\/\\\/canfali.com\\\/app\\\/uploads\\\/2025\\\/10\\\/8cdjavea.jpg\",\"articleSection\":[\"Deportes\",\"Esports\",\"Futbol\"],\"inLanguage\":\"va-ES\",\"copyrightYear\":\"2025\",\"copyrightHolder\":{\"@id\":\"https:\\\/\\\/canfali.com\\\/#organization\"}},{\"@type\":\"WebPage\",\"@id\":\"https:\\\/\\\/canfali.com\\\/ca-es\\\/lliga-comunitat-javea-i-calpe-empaten-com-a-visitants\\\/\",\"url\":\"https:\\\/\\\/canfali.com\\\/ca-es\\\/lliga-comunitat-javea-i-calpe-empaten-com-a-visitants\\\/\",\"name\":\"Lliga Comunitat: J\u00e1vea i Calpe empaten com a visitants - Canfali\",\"isPartOf\":{\"@id\":\"https:\\\/\\\/canfali.com\\\/ca-es\\\/#website\"},\"primaryImageOfPage\":{\"@id\":\"https:\\\/\\\/canfali.com\\\/ca-es\\\/lliga-comunitat-javea-i-calpe-empaten-com-a-visitants\\\/#primaryimage\"},\"image\":{\"@id\":\"https:\\\/\\\/canfali.com\\\/ca-es\\\/lliga-comunitat-javea-i-calpe-empaten-com-a-visitants\\\/#primaryimage\"},\"thumbnailUrl\":\"https:\\\/\\\/canfali.com\\\/app\\\/uploads\\\/2025\\\/10\\\/8cdjavea.jpg\",\"datePublished\":\"2025-10-19T18:13:53+00:00\",\"dateModified\":\"2025-10-19T18:14:13+00:00\",\"breadcrumb\":{\"@id\":\"https:\\\/\\\/canfali.com\\\/ca-es\\\/lliga-comunitat-javea-i-calpe-empaten-com-a-visitants\\\/#breadcrumb\"},\"inLanguage\":\"va-ES\",\"potentialAction\":[{\"@type\":\"ReadAction\",\"target\":[\"https:\\\/\\\/canfali.com\\\/ca-es\\\/lliga-comunitat-javea-i-calpe-empaten-com-a-visitants\\\/\"]}]},{\"@type\":\"ImageObject\",\"inLanguage\":\"va-ES\",\"@id\":\"https:\\\/\\\/canfali.com\\\/ca-es\\\/lliga-comunitat-javea-i-calpe-empaten-com-a-visitants\\\/#primaryimage\",\"url\":\"https:\\\/\\\/canfali.com\\\/app\\\/uploads\\\/2025\\\/10\\\/8cdjavea.jpg\",\"contentUrl\":\"https:\\\/\\\/canfali.com\\\/app\\\/uploads\\\/2025\\\/10\\\/8cdjavea.jpg\",\"width\":1406,\"height\":811},{\"@type\":\"BreadcrumbList\",\"@id\":\"https:\\\/\\\/canfali.com\\\/ca-es\\\/lliga-comunitat-javea-i-calpe-empaten-com-a-visitants\\\/#breadcrumb\",\"itemListElement\":[{\"@type\":\"ListItem\",\"position\":1,\"name\":\"Portada\",\"item\":\"https:\\\/\\\/canfali.com\\\/ca-es\\\/\"},{\"@type\":\"ListItem\",\"position\":2,\"name\":\"Lliga Comunitat: J\u00e1vea i Calpe empaten com a visitants\"}]},{\"@type\":\"WebSite\",\"@id\":\"https:\\\/\\\/canfali.com\\\/ca-es\\\/#website\",\"url\":\"https:\\\/\\\/canfali.com\\\/ca-es\\\/\",\"name\":\"Canfali\",\"description\":\"\",\"publisher\":{\"@id\":\"https:\\\/\\\/canfali.com\\\/ca-es\\\/#organization\"},\"potentialAction\":[{\"@type\":\"SearchAction\",\"target\":{\"@type\":\"EntryPoint\",\"urlTemplate\":\"https:\\\/\\\/canfali.com\\\/ca-es\\\/?s={search_term_string}\"},\"query-input\":{\"@type\":\"PropertyValueSpecification\",\"valueRequired\":true,\"valueName\":\"search_term_string\"}}],\"inLanguage\":\"va-ES\"},{\"@type\":\"Organization\",\"@id\":\"https:\\\/\\\/canfali.com\\\/ca-es\\\/#organization\",\"name\":\"Canfali\",\"url\":\"https:\\\/\\\/canfali.com\\\/ca-es\\\/\",\"logo\":{\"@type\":\"ImageObject\",\"inLanguage\":\"va-ES\",\"@id\":\"https:\\\/\\\/canfali.com\\\/ca-es\\\/#\\\/schema\\\/logo\\\/image\\\/\",\"url\":\"https:\\\/\\\/canfali.com\\\/app\\\/uploads\\\/2025\\\/12\\\/canfali_marina_alta_logo.png\",\"contentUrl\":\"https:\\\/\\\/canfali.com\\\/app\\\/uploads\\\/2025\\\/12\\\/canfali_marina_alta_logo.png\",\"width\":225,\"height\":225,\"caption\":\"Canfali\"},\"image\":{\"@id\":\"https:\\\/\\\/canfali.com\\\/ca-es\\\/#\\\/schema\\\/logo\\\/image\\\/\"},\"sameAs\":[\"https:\\\/\\\/es-es.facebook.com\\\/CANFALIMarinaAlta\",\"https:\\\/\\\/x.com\\\/canfalima\",\"https:\\\/\\\/www.instagram.com\\\/canfalimarinaalta\\\/\"]},{\"@type\":\"Person\",\"@id\":\"https:\\\/\\\/canfali.com\\\/ca-es\\\/#\\\/schema\\\/person\\\/f540a86fb33e10daaae53c59ceaa1194\",\"name\":\"Lluis\",\"image\":{\"@type\":\"ImageObject\",\"inLanguage\":\"va-ES\",\"@id\":\"https:\\\/\\\/secure.gravatar.com\\\/avatar\\\/a21ec8835290e4e02ed0886b8cb327d807d0eb6ec8ccf25d4c2a0a415f506c0d?s=96&d=mm&r=g\",\"url\":\"https:\\\/\\\/secure.gravatar.com\\\/avatar\\\/a21ec8835290e4e02ed0886b8cb327d807d0eb6ec8ccf25d4c2a0a415f506c0d?s=96&d=mm&r=g\",\"contentUrl\":\"https:\\\/\\\/secure.gravatar.com\\\/avatar\\\/a21ec8835290e4e02ed0886b8cb327d807d0eb6ec8ccf25d4c2a0a415f506c0d?s=96&d=mm&r=g\",\"caption\":\"Lluis\"},\"url\":\"https:\\\/\\\/canfali.com\\\/ca-es\\\/author\\\/lluis\\\/\"}]}<\/script>\n<!-- \/ Yoast SEO Premium plugin. -->","yoast_head_json":{"title":"Lliga Comunitat: J\u00e1vea i Calpe empaten com a visitants - Canfali","robots":{"index":"index","follow":"follow","max-snippet":"max-snippet:-1","max-image-preview":"max-image-preview:large","max-video-preview":"max-video-preview:-1"},"canonical":"https:\/\/canfali.com\/ca-es\/lliga-comunitat-javea-i-calpe-empaten-com-a-visitants\/","og_locale":"en_US","og_type":"article","og_title":"Lliga Comunitat: J\u00e1vea i Calpe empaten com a visitants","og_description":"El J\u00e1vea i el Calpe van tancar els seus respectius partits de la sisena jornada en el Grup&hellip;","og_url":"https:\/\/canfali.com\/ca-es\/lliga-comunitat-javea-i-calpe-empaten-com-a-visitants\/","og_site_name":"Canfali","article_publisher":"https:\/\/es-es.facebook.com\/CANFALIMarinaAlta","article_published_time":"2025-10-19T18:13:53+00:00","article_modified_time":"2025-10-19T18:14:13+00:00","og_image":[{"width":1406,"height":811,"url":"https:\/\/canfali.com\/app\/uploads\/2025\/10\/8cdjavea.jpg","type":"image\/jpeg"}],"author":"Lluis","twitter_card":"summary_large_image","twitter_creator":"@canfalima","twitter_site":"@canfalima","twitter_misc":{"Written by":"Lluis","Est. reading time":"1 minute"},"schema":{"@context":"https:\/\/schema.org","@graph":[{"@type":"NewsArticle","@id":"https:\/\/canfali.com\/ca-es\/lliga-comunitat-javea-i-calpe-empaten-com-a-visitants\/#article","isPartOf":{"@id":"https:\/\/canfali.com\/ca-es\/lliga-comunitat-javea-i-calpe-empaten-com-a-visitants\/"},"author":{"name":"Lluis","@id":"https:\/\/canfali.com\/ca-es\/#\/schema\/person\/f540a86fb33e10daaae53c59ceaa1194"},"headline":"Lliga Comunitat: J\u00e1vea i Calpe empaten com a visitants","datePublished":"2025-10-19T18:13:53+00:00","dateModified":"2025-10-19T18:14:13+00:00","mainEntityOfPage":{"@id":"https:\/\/canfali.com\/ca-es\/lliga-comunitat-javea-i-calpe-empaten-com-a-visitants\/"},"wordCount":182,"publisher":{"@id":"https:\/\/canfali.com\/ca-es\/#organization"},"image":{"@id":"https:\/\/canfali.com\/ca-es\/lliga-comunitat-javea-i-calpe-empaten-com-a-visitants\/#primaryimage"},"thumbnailUrl":"https:\/\/canfali.com\/app\/uploads\/2025\/10\/8cdjavea.jpg","articleSection":["Deportes","Esports","Futbol"],"inLanguage":"va-ES","copyrightYear":"2025","copyrightHolder":{"@id":"https:\/\/canfali.com\/#organization"}},{"@type":"WebPage","@id":"https:\/\/canfali.com\/ca-es\/lliga-comunitat-javea-i-calpe-empaten-com-a-visitants\/","url":"https:\/\/canfali.com\/ca-es\/lliga-comunitat-javea-i-calpe-empaten-com-a-visitants\/","name":"Lliga Comunitat: J\u00e1vea i Calpe empaten com a visitants - Canfali","isPartOf":{"@id":"https:\/\/canfali.com\/ca-es\/#website"},"primaryImageOfPage":{"@id":"https:\/\/canfali.com\/ca-es\/lliga-comunitat-javea-i-calpe-empaten-com-a-visitants\/#primaryimage"},"image":{"@id":"https:\/\/canfali.com\/ca-es\/lliga-comunitat-javea-i-calpe-empaten-com-a-visitants\/#primaryimage"},"thumbnailUrl":"https:\/\/canfali.com\/app\/uploads\/2025\/10\/8cdjavea.jpg","datePublished":"2025-10-19T18:13:53+00:00","dateModified":"2025-10-19T18:14:13+00:00","breadcrumb":{"@id":"https:\/\/canfali.com\/ca-es\/lliga-comunitat-javea-i-calpe-empaten-com-a-visitants\/#breadcrumb"},"inLanguage":"va-ES","potentialAction":[{"@type":"ReadAction","target":["https:\/\/canfali.com\/ca-es\/lliga-comunitat-javea-i-calpe-empaten-com-a-visitants\/"]}]},{"@type":"ImageObject","inLanguage":"va-ES","@id":"https:\/\/canfali.com\/ca-es\/lliga-comunitat-javea-i-calpe-empaten-com-a-visitants\/#primaryimage","url":"https:\/\/canfali.com\/app\/uploads\/2025\/10\/8cdjavea.jpg","contentUrl":"https:\/\/canfali.com\/app\/uploads\/2025\/10\/8cdjavea.jpg","width":1406,"height":811},{"@type":"BreadcrumbList","@id":"https:\/\/canfali.com\/ca-es\/lliga-comunitat-javea-i-calpe-empaten-com-a-visitants\/#breadcrumb","itemListElement":[{"@type":"ListItem","position":1,"name":"Portada","item":"https:\/\/canfali.com\/ca-es\/"},{"@type":"ListItem","position":2,"name":"Lliga Comunitat: J\u00e1vea i Calpe empaten com a visitants"}]},{"@type":"WebSite","@id":"https:\/\/canfali.com\/ca-es\/#website","url":"https:\/\/canfali.com\/ca-es\/","name":"Canfali","description":"","publisher":{"@id":"https:\/\/canfali.com\/ca-es\/#organization"},"potentialAction":[{"@type":"SearchAction","target":{"@type":"EntryPoint","urlTemplate":"https:\/\/canfali.com\/ca-es\/?s={search_term_string}"},"query-input":{"@type":"PropertyValueSpecification","valueRequired":true,"valueName":"search_term_string"}}],"inLanguage":"va-ES"},{"@type":"Organization","@id":"https:\/\/canfali.com\/ca-es\/#organization","name":"Canfali","url":"https:\/\/canfali.com\/ca-es\/","logo":{"@type":"ImageObject","inLanguage":"va-ES","@id":"https:\/\/canfali.com\/ca-es\/#\/schema\/logo\/image\/","url":"https:\/\/canfali.com\/app\/uploads\/2025\/12\/canfali_marina_alta_logo.png","contentUrl":"https:\/\/canfali.com\/app\/uploads\/2025\/12\/canfali_marina_alta_logo.png","width":225,"height":225,"caption":"Canfali"},"image":{"@id":"https:\/\/canfali.com\/ca-es\/#\/schema\/logo\/image\/"},"sameAs":["https:\/\/es-es.facebook.com\/CANFALIMarinaAlta","https:\/\/x.com\/canfalima","https:\/\/www.instagram.com\/canfalimarinaalta\/"]},{"@type":"Person","@id":"https:\/\/canfali.com\/ca-es\/#\/schema\/person\/f540a86fb33e10daaae53c59ceaa1194","name":"Lluis","image":{"@type":"ImageObject","inLanguage":"va-ES","@id":"https:\/\/secure.gravatar.com\/avatar\/a21ec8835290e4e02ed0886b8cb327d807d0eb6ec8ccf25d4c2a0a415f506c0d?s=96&d=mm&r=g","url":"https:\/\/secure.gravatar.com\/avatar\/a21ec8835290e4e02ed0886b8cb327d807d0eb6ec8ccf25d4c2a0a415f506c0d?s=96&d=mm&r=g","contentUrl":"https:\/\/secure.gravatar.com\/avatar\/a21ec8835290e4e02ed0886b8cb327d807d0eb6ec8ccf25d4c2a0a415f506c0d?s=96&d=mm&r=g","caption":"Lluis"},"url":"https:\/\/canfali.com\/ca-es\/author\/lluis\/"}]}},"_links":{"self":[{"href":"https:\/\/canfali.com\/ca-es\/wp-json\/wp\/v2\/posts\/79058","targetHints":{"allow":["GET"]}}],"collection":[{"href":"https:\/\/canfali.com\/ca-es\/wp-json\/wp\/v2\/posts"}],"about":[{"href":"https:\/\/canfali.com\/ca-es\/wp-json\/wp\/v2\/types\/post"}],"author":[{"embeddable":true,"href":"https:\/\/canfali.com\/ca-es\/wp-json\/wp\/v2\/users\/8"}],"replies":[{"embeddable":true,"href":"https:\/\/canfali.com\/ca-es\/wp-json\/wp\/v2\/comments?post=79058"}],"version-history":[{"count":1,"href":"https:\/\/canfali.com\/ca-es\/wp-json\/wp\/v2\/posts\/79058\/revisions"}],"predecessor-version":[{"id":79059,"href":"https:\/\/canfali.com\/ca-es\/wp-json\/wp\/v2\/posts\/79058\/revisions\/79059"}],"wp:featuredmedia":[{"embeddable":true,"href":"https:\/\/canfali.com\/ca-es\/wp-json\/wp\/v2\/media\/79052"}],"wp:attachment":[{"href":"https:\/\/canfali.com\/ca-es\/wp-json\/wp\/v2\/media?parent=79058"}],"wp:term":[{"taxonomy":"category","embeddable":true,"href":"https:\/\/canfali.com\/ca-es\/wp-json\/wp\/v2\/categories?post=79058"},{"taxonomy":"post_tag","embeddable":true,"href":"https:\/\/canfali.com\/ca-es\/wp-json\/wp\/v2\/tags?post=79058"}],"curies":[{"name":"wp","href":"https:\/\/api.w.org\/{rel}","templated":true}]}}