{"id":79033,"date":"2025-10-19T18:37:15","date_gmt":"2025-10-19T16:37:15","guid":{"rendered":"https:\/\/canfali.com\/?p=79033"},"modified":"2025-10-19T18:40:50","modified_gmt":"2025-10-19T16:40:50","slug":"homenatge-postum-de-la-aecc-dondara-a-silvia-zaragoza-y-vicente-pastor","status":"publish","type":"post","link":"https:\/\/canfali.com\/ca-es\/homenatge-postum-de-la-aecc-dondara-a-silvia-zaragoza-y-vicente-pastor\/","title":{"rendered":"Homenatge p\u00f2stum de la AECC d\u2019Ondara a Silvia Zaragoza i Vicente Pastor"},"content":{"rendered":"\n<p><strong>La Cursa solidaria arreplega 10.025 euros per a la lluita contra el c\u00e0ncer a la VIII edici\u00f3<\/strong><\/p>\n\n\n\n<p>La VIII Cursa Solid\u00e0ria d\u2019Ondara a benefici de l&#8217;Associaci\u00f3 Espanyola Contra el C\u00e0ncer ha aprofitat a la Junta Local d\u2019Ondara per a retre un emotiu homenatge p\u00f2stum als seus socis desapareguts Silvia Zaragoza i Vicente Pastor.<\/p>\n\n\n\n<figure class=\"wp-block-image size-large\"><img decoding=\"async\" src=\"https:\/\/canfali.com\/app\/uploads\/2025\/10\/cursacancerdig5-1024x679.jpg.webp\" alt=\"\" class=\"wp-image-79042\"\/><\/figure>\n\n\n\n<p>&nbsp;&nbsp;&nbsp;&nbsp;&nbsp;&nbsp; L\u2019esdeveniment ha complit en les previsions de superar el r\u00e8cord de participants al reunir a 1.350 persones, les quals, amb la donaci\u00f3 realitzada a l\u2019hora d\u2019inscriure\u2019s, han proporcionat una recaptaci\u00f3 de 10.025 euros per a la investigaci\u00f3 contra la malaltia.<\/p>\n\n\n\n<figure class=\"wp-block-image size-large\"><img decoding=\"async\" src=\"https:\/\/canfali.com\/app\/uploads\/2025\/10\/cursacancer-dig2-1024x512.jpg.webp\" alt=\"\" class=\"wp-image-79036\"\/><\/figure>\n\n\n\n<p>&nbsp;&nbsp;&nbsp;&nbsp;&nbsp;&nbsp; El muntatge, que ha comptat amb el suport del Club Ondara Tri Esport i les Regidories d\u2019Esports i Sanitat. ha tingut com a pre\u00e0mbul el lliurament del xec simb\u00f2lic amb eixa quantitat a la presidenta de la Junta Local, Mari Carmen Bisquert per part de l\u2019alcalde, Jos\u00e9 Ramiro i del regidor d\u2019Esports, Jordi Ruiz.<\/p>\n\n\n\n<figure class=\"wp-block-image size-large\"><img decoding=\"async\" src=\"https:\/\/canfali.com\/app\/uploads\/2025\/10\/cursa-cancer-dig3-1024x679.jpg.webp\" alt=\"\" class=\"wp-image-79038\"\/><\/figure>\n\n\n\n<p>La comitiva ha recorregut els 7.000 metres als centenar llarg de corredors que s\u2019han congregat per a a encap\u00e7alar una comitiva que, portant les samarretes commemoratives, ha reivindicat el lema del moviment de solidaritat de color rosa al llarg dels 4.200 metres de trajecte pel terme municipal amb eixida i arribada a les rodalies del Prado.<\/p>\n\n\n\n<figure class=\"wp-block-image size-large\"><img decoding=\"async\" src=\"https:\/\/canfali.com\/app\/uploads\/2025\/10\/cursacancer-digi4-1024x679.jpg.webp\" alt=\"\" class=\"wp-image-79040\"\/><\/figure>\n\n\n\n<p>&nbsp;&nbsp;&nbsp;&nbsp;&nbsp;&nbsp; Bisquert ha agra\u00eft expressament la disposici\u00f3 dels participants d\u2019Ondara i altres pobles de la rodalia per a donar suport a una iniciativa que enguany preveu destinar la recaptaci\u00f3 espec\u00edficament a la investigaci\u00f3 per a erradicar el c\u00e0ncer de mama al Dia Mundial contra eixe tipus de malaltia.<\/p>\n","protected":false},"excerpt":{"rendered":"La Cursa solidaria arreplega 10.025 euros per a la lluita contra el c\u00e0ncer a la VIII edici\u00f3","protected":false},"author":4,"featured_media":79034,"comment_status":"closed","ping_status":"closed","sticky":false,"template":"","format":"standard","meta":{"csco_display_header_overlay":false,"csco_singular_sidebar":"","csco_page_header_type":"","csco_page_load_nextpost":"","csco_post_video_location":[],"csco_post_video_location_hash":"","csco_post_video_url":"","csco_post_video_bg_start_time":0,"csco_post_video_bg_end_time":0,"footnotes":""},"categories":[612],"tags":[1214,3634,661,3969],"class_list":{"0":"post-79033","1":"post","2":"type-post","3":"status-publish","4":"format-standard","5":"has-post-thumbnail","7":"category-salut","8":"tag-cursa","9":"tag-homenatge","10":"tag-ondara-2","11":"tag-solidaria-2","12":"cs-entry","13":"cs-video-wrap"},"yoast_head":"<!-- This site is optimized with the Yoast SEO Premium plugin v26.6 (Yoast SEO v27.3) - https:\/\/yoast.com\/product\/yoast-seo-premium-wordpress\/ -->\n<title>Homenatge p\u00f2stum de la AECC d\u2019Ondara a Silvia Zaragoza i Vicente Pastor - Canfali<\/title>\n<meta name=\"robots\" content=\"index, follow, max-snippet:-1, max-image-preview:large, max-video-preview:-1\" \/>\n<link rel=\"canonical\" href=\"https:\/\/canfali.com\/ca-es\/homenatge-postum-de-la-aecc-dondara-a-silvia-zaragoza-y-vicente-pastor\/\" \/>\n<meta property=\"og:locale\" content=\"en_US\" \/>\n<meta property=\"og:type\" content=\"article\" \/>\n<meta property=\"og:title\" content=\"Homenatge p\u00f2stum de la AECC d\u2019Ondara a Silvia Zaragoza i Vicente Pastor\" \/>\n<meta property=\"og:description\" content=\"La Cursa solidaria arreplega 10.025 euros per a la lluita contra el c\u00e0ncer a la VIII edici\u00f3\" \/>\n<meta property=\"og:url\" content=\"https:\/\/canfali.com\/ca-es\/homenatge-postum-de-la-aecc-dondara-a-silvia-zaragoza-y-vicente-pastor\/\" \/>\n<meta property=\"og:site_name\" content=\"Canfali\" \/>\n<meta property=\"article:publisher\" content=\"https:\/\/es-es.facebook.com\/CANFALIMarinaAlta\" \/>\n<meta property=\"article:published_time\" content=\"2025-10-19T16:37:15+00:00\" \/>\n<meta property=\"article:modified_time\" content=\"2025-10-19T16:40:50+00:00\" \/>\n<meta property=\"og:image\" content=\"https:\/\/canfali.com\/app\/uploads\/2025\/10\/digi1-1.jpg\" \/>\n\t<meta property=\"og:image:width\" content=\"2256\" \/>\n\t<meta property=\"og:image:height\" content=\"1496\" \/>\n\t<meta property=\"og:image:type\" content=\"image\/jpeg\" \/>\n<meta name=\"author\" content=\"JJ Mas\" \/>\n<meta name=\"twitter:card\" content=\"summary_large_image\" \/>\n<meta name=\"twitter:creator\" content=\"@canfalima\" \/>\n<meta name=\"twitter:site\" content=\"@canfalima\" \/>\n<meta name=\"twitter:label1\" content=\"Written by\" \/>\n\t<meta name=\"twitter:data1\" content=\"JJ Mas\" \/>\n\t<meta name=\"twitter:label2\" content=\"Est. reading time\" \/>\n\t<meta name=\"twitter:data2\" content=\"1 minute\" \/>\n<script type=\"application\/ld+json\" class=\"yoast-schema-graph\">{\"@context\":\"https:\\\/\\\/schema.org\",\"@graph\":[{\"@type\":\"NewsArticle\",\"@id\":\"https:\\\/\\\/canfali.com\\\/ca-es\\\/homenatge-postum-de-la-aecc-dondara-a-silvia-zaragoza-y-vicente-pastor\\\/#article\",\"isPartOf\":{\"@id\":\"https:\\\/\\\/canfali.com\\\/ca-es\\\/homenatge-postum-de-la-aecc-dondara-a-silvia-zaragoza-y-vicente-pastor\\\/\"},\"author\":{\"name\":\"JJ Mas\",\"@id\":\"https:\\\/\\\/canfali.com\\\/ca-es\\\/#\\\/schema\\\/person\\\/d834d2d4df17cac754d3c314d4c404ef\"},\"headline\":\"Homenatge p\u00f2stum de la AECC d\u2019Ondara a Silvia Zaragoza i Vicente Pastor\",\"datePublished\":\"2025-10-19T16:37:15+00:00\",\"dateModified\":\"2025-10-19T16:40:50+00:00\",\"mainEntityOfPage\":{\"@id\":\"https:\\\/\\\/canfali.com\\\/ca-es\\\/homenatge-postum-de-la-aecc-dondara-a-silvia-zaragoza-y-vicente-pastor\\\/\"},\"wordCount\":300,\"publisher\":{\"@id\":\"https:\\\/\\\/canfali.com\\\/ca-es\\\/#organization\"},\"image\":{\"@id\":\"https:\\\/\\\/canfali.com\\\/ca-es\\\/homenatge-postum-de-la-aecc-dondara-a-silvia-zaragoza-y-vicente-pastor\\\/#primaryimage\"},\"thumbnailUrl\":\"https:\\\/\\\/canfali.com\\\/app\\\/uploads\\\/2025\\\/10\\\/digi1-1.jpg\",\"keywords\":[\"cursa\",\"homenatge\",\"Ondara\",\"Solid\u00e0ria\"],\"articleSection\":[\"Salut\"],\"inLanguage\":\"va-ES\",\"copyrightYear\":\"2025\",\"copyrightHolder\":{\"@id\":\"https:\\\/\\\/canfali.com\\\/#organization\"}},{\"@type\":\"WebPage\",\"@id\":\"https:\\\/\\\/canfali.com\\\/ca-es\\\/homenatge-postum-de-la-aecc-dondara-a-silvia-zaragoza-y-vicente-pastor\\\/\",\"url\":\"https:\\\/\\\/canfali.com\\\/ca-es\\\/homenatge-postum-de-la-aecc-dondara-a-silvia-zaragoza-y-vicente-pastor\\\/\",\"name\":\"Homenatge p\u00f2stum de la AECC d\u2019Ondara a Silvia Zaragoza i Vicente Pastor - Canfali\",\"isPartOf\":{\"@id\":\"https:\\\/\\\/canfali.com\\\/ca-es\\\/#website\"},\"primaryImageOfPage\":{\"@id\":\"https:\\\/\\\/canfali.com\\\/ca-es\\\/homenatge-postum-de-la-aecc-dondara-a-silvia-zaragoza-y-vicente-pastor\\\/#primaryimage\"},\"image\":{\"@id\":\"https:\\\/\\\/canfali.com\\\/ca-es\\\/homenatge-postum-de-la-aecc-dondara-a-silvia-zaragoza-y-vicente-pastor\\\/#primaryimage\"},\"thumbnailUrl\":\"https:\\\/\\\/canfali.com\\\/app\\\/uploads\\\/2025\\\/10\\\/digi1-1.jpg\",\"datePublished\":\"2025-10-19T16:37:15+00:00\",\"dateModified\":\"2025-10-19T16:40:50+00:00\",\"breadcrumb\":{\"@id\":\"https:\\\/\\\/canfali.com\\\/ca-es\\\/homenatge-postum-de-la-aecc-dondara-a-silvia-zaragoza-y-vicente-pastor\\\/#breadcrumb\"},\"inLanguage\":\"va-ES\",\"potentialAction\":[{\"@type\":\"ReadAction\",\"target\":[\"https:\\\/\\\/canfali.com\\\/ca-es\\\/homenatge-postum-de-la-aecc-dondara-a-silvia-zaragoza-y-vicente-pastor\\\/\"]}]},{\"@type\":\"ImageObject\",\"inLanguage\":\"va-ES\",\"@id\":\"https:\\\/\\\/canfali.com\\\/ca-es\\\/homenatge-postum-de-la-aecc-dondara-a-silvia-zaragoza-y-vicente-pastor\\\/#primaryimage\",\"url\":\"https:\\\/\\\/canfali.com\\\/app\\\/uploads\\\/2025\\\/10\\\/digi1-1.jpg\",\"contentUrl\":\"https:\\\/\\\/canfali.com\\\/app\\\/uploads\\\/2025\\\/10\\\/digi1-1.jpg\",\"width\":2256,\"height\":1496},{\"@type\":\"BreadcrumbList\",\"@id\":\"https:\\\/\\\/canfali.com\\\/ca-es\\\/homenatge-postum-de-la-aecc-dondara-a-silvia-zaragoza-y-vicente-pastor\\\/#breadcrumb\",\"itemListElement\":[{\"@type\":\"ListItem\",\"position\":1,\"name\":\"Portada\",\"item\":\"https:\\\/\\\/canfali.com\\\/ca-es\\\/\"},{\"@type\":\"ListItem\",\"position\":2,\"name\":\"Homenatge p\u00f2stum de la AECC d\u2019Ondara a Silvia Zaragoza i Vicente Pastor\"}]},{\"@type\":\"WebSite\",\"@id\":\"https:\\\/\\\/canfali.com\\\/ca-es\\\/#website\",\"url\":\"https:\\\/\\\/canfali.com\\\/ca-es\\\/\",\"name\":\"Canfali\",\"description\":\"\",\"publisher\":{\"@id\":\"https:\\\/\\\/canfali.com\\\/ca-es\\\/#organization\"},\"potentialAction\":[{\"@type\":\"SearchAction\",\"target\":{\"@type\":\"EntryPoint\",\"urlTemplate\":\"https:\\\/\\\/canfali.com\\\/ca-es\\\/?s={search_term_string}\"},\"query-input\":{\"@type\":\"PropertyValueSpecification\",\"valueRequired\":true,\"valueName\":\"search_term_string\"}}],\"inLanguage\":\"va-ES\"},{\"@type\":\"Organization\",\"@id\":\"https:\\\/\\\/canfali.com\\\/ca-es\\\/#organization\",\"name\":\"Canfali\",\"url\":\"https:\\\/\\\/canfali.com\\\/ca-es\\\/\",\"logo\":{\"@type\":\"ImageObject\",\"inLanguage\":\"va-ES\",\"@id\":\"https:\\\/\\\/canfali.com\\\/ca-es\\\/#\\\/schema\\\/logo\\\/image\\\/\",\"url\":\"https:\\\/\\\/canfali.com\\\/app\\\/uploads\\\/2025\\\/12\\\/canfali_marina_alta_logo.png\",\"contentUrl\":\"https:\\\/\\\/canfali.com\\\/app\\\/uploads\\\/2025\\\/12\\\/canfali_marina_alta_logo.png\",\"width\":225,\"height\":225,\"caption\":\"Canfali\"},\"image\":{\"@id\":\"https:\\\/\\\/canfali.com\\\/ca-es\\\/#\\\/schema\\\/logo\\\/image\\\/\"},\"sameAs\":[\"https:\\\/\\\/es-es.facebook.com\\\/CANFALIMarinaAlta\",\"https:\\\/\\\/x.com\\\/canfalima\",\"https:\\\/\\\/www.instagram.com\\\/canfalimarinaalta\\\/\"]},{\"@type\":\"Person\",\"@id\":\"https:\\\/\\\/canfali.com\\\/ca-es\\\/#\\\/schema\\\/person\\\/d834d2d4df17cac754d3c314d4c404ef\",\"name\":\"JJ Mas\",\"image\":{\"@type\":\"ImageObject\",\"inLanguage\":\"va-ES\",\"@id\":\"https:\\\/\\\/secure.gravatar.com\\\/avatar\\\/65a5191f5438bf88c2394f6d1a625a6ff903c8785268e603c623a83bc15ba1ee?s=96&d=mm&r=g\",\"url\":\"https:\\\/\\\/secure.gravatar.com\\\/avatar\\\/65a5191f5438bf88c2394f6d1a625a6ff903c8785268e603c623a83bc15ba1ee?s=96&d=mm&r=g\",\"contentUrl\":\"https:\\\/\\\/secure.gravatar.com\\\/avatar\\\/65a5191f5438bf88c2394f6d1a625a6ff903c8785268e603c623a83bc15ba1ee?s=96&d=mm&r=g\",\"caption\":\"JJ Mas\"},\"url\":\"https:\\\/\\\/canfali.com\\\/ca-es\\\/author\\\/jj\\\/\"}]}<\/script>\n<!-- \/ Yoast SEO Premium plugin. -->","yoast_head_json":{"title":"Homenatge p\u00f2stum de la AECC d\u2019Ondara a Silvia Zaragoza i Vicente Pastor - Canfali","robots":{"index":"index","follow":"follow","max-snippet":"max-snippet:-1","max-image-preview":"max-image-preview:large","max-video-preview":"max-video-preview:-1"},"canonical":"https:\/\/canfali.com\/ca-es\/homenatge-postum-de-la-aecc-dondara-a-silvia-zaragoza-y-vicente-pastor\/","og_locale":"en_US","og_type":"article","og_title":"Homenatge p\u00f2stum de la AECC d\u2019Ondara a Silvia Zaragoza i Vicente Pastor","og_description":"La Cursa solidaria arreplega 10.025 euros per a la lluita contra el c\u00e0ncer a la VIII edici\u00f3","og_url":"https:\/\/canfali.com\/ca-es\/homenatge-postum-de-la-aecc-dondara-a-silvia-zaragoza-y-vicente-pastor\/","og_site_name":"Canfali","article_publisher":"https:\/\/es-es.facebook.com\/CANFALIMarinaAlta","article_published_time":"2025-10-19T16:37:15+00:00","article_modified_time":"2025-10-19T16:40:50+00:00","og_image":[{"width":2256,"height":1496,"url":"https:\/\/canfali.com\/app\/uploads\/2025\/10\/digi1-1.jpg","type":"image\/jpeg"}],"author":"JJ Mas","twitter_card":"summary_large_image","twitter_creator":"@canfalima","twitter_site":"@canfalima","twitter_misc":{"Written by":"JJ Mas","Est. reading time":"1 minute"},"schema":{"@context":"https:\/\/schema.org","@graph":[{"@type":"NewsArticle","@id":"https:\/\/canfali.com\/ca-es\/homenatge-postum-de-la-aecc-dondara-a-silvia-zaragoza-y-vicente-pastor\/#article","isPartOf":{"@id":"https:\/\/canfali.com\/ca-es\/homenatge-postum-de-la-aecc-dondara-a-silvia-zaragoza-y-vicente-pastor\/"},"author":{"name":"JJ Mas","@id":"https:\/\/canfali.com\/ca-es\/#\/schema\/person\/d834d2d4df17cac754d3c314d4c404ef"},"headline":"Homenatge p\u00f2stum de la AECC d\u2019Ondara a Silvia Zaragoza i Vicente Pastor","datePublished":"2025-10-19T16:37:15+00:00","dateModified":"2025-10-19T16:40:50+00:00","mainEntityOfPage":{"@id":"https:\/\/canfali.com\/ca-es\/homenatge-postum-de-la-aecc-dondara-a-silvia-zaragoza-y-vicente-pastor\/"},"wordCount":300,"publisher":{"@id":"https:\/\/canfali.com\/ca-es\/#organization"},"image":{"@id":"https:\/\/canfali.com\/ca-es\/homenatge-postum-de-la-aecc-dondara-a-silvia-zaragoza-y-vicente-pastor\/#primaryimage"},"thumbnailUrl":"https:\/\/canfali.com\/app\/uploads\/2025\/10\/digi1-1.jpg","keywords":["cursa","homenatge","Ondara","Solid\u00e0ria"],"articleSection":["Salut"],"inLanguage":"va-ES","copyrightYear":"2025","copyrightHolder":{"@id":"https:\/\/canfali.com\/#organization"}},{"@type":"WebPage","@id":"https:\/\/canfali.com\/ca-es\/homenatge-postum-de-la-aecc-dondara-a-silvia-zaragoza-y-vicente-pastor\/","url":"https:\/\/canfali.com\/ca-es\/homenatge-postum-de-la-aecc-dondara-a-silvia-zaragoza-y-vicente-pastor\/","name":"Homenatge p\u00f2stum de la AECC d\u2019Ondara a Silvia Zaragoza i Vicente Pastor - Canfali","isPartOf":{"@id":"https:\/\/canfali.com\/ca-es\/#website"},"primaryImageOfPage":{"@id":"https:\/\/canfali.com\/ca-es\/homenatge-postum-de-la-aecc-dondara-a-silvia-zaragoza-y-vicente-pastor\/#primaryimage"},"image":{"@id":"https:\/\/canfali.com\/ca-es\/homenatge-postum-de-la-aecc-dondara-a-silvia-zaragoza-y-vicente-pastor\/#primaryimage"},"thumbnailUrl":"https:\/\/canfali.com\/app\/uploads\/2025\/10\/digi1-1.jpg","datePublished":"2025-10-19T16:37:15+00:00","dateModified":"2025-10-19T16:40:50+00:00","breadcrumb":{"@id":"https:\/\/canfali.com\/ca-es\/homenatge-postum-de-la-aecc-dondara-a-silvia-zaragoza-y-vicente-pastor\/#breadcrumb"},"inLanguage":"va-ES","potentialAction":[{"@type":"ReadAction","target":["https:\/\/canfali.com\/ca-es\/homenatge-postum-de-la-aecc-dondara-a-silvia-zaragoza-y-vicente-pastor\/"]}]},{"@type":"ImageObject","inLanguage":"va-ES","@id":"https:\/\/canfali.com\/ca-es\/homenatge-postum-de-la-aecc-dondara-a-silvia-zaragoza-y-vicente-pastor\/#primaryimage","url":"https:\/\/canfali.com\/app\/uploads\/2025\/10\/digi1-1.jpg","contentUrl":"https:\/\/canfali.com\/app\/uploads\/2025\/10\/digi1-1.jpg","width":2256,"height":1496},{"@type":"BreadcrumbList","@id":"https:\/\/canfali.com\/ca-es\/homenatge-postum-de-la-aecc-dondara-a-silvia-zaragoza-y-vicente-pastor\/#breadcrumb","itemListElement":[{"@type":"ListItem","position":1,"name":"Portada","item":"https:\/\/canfali.com\/ca-es\/"},{"@type":"ListItem","position":2,"name":"Homenatge p\u00f2stum de la AECC d\u2019Ondara a Silvia Zaragoza i Vicente Pastor"}]},{"@type":"WebSite","@id":"https:\/\/canfali.com\/ca-es\/#website","url":"https:\/\/canfali.com\/ca-es\/","name":"Canfali","description":"","publisher":{"@id":"https:\/\/canfali.com\/ca-es\/#organization"},"potentialAction":[{"@type":"SearchAction","target":{"@type":"EntryPoint","urlTemplate":"https:\/\/canfali.com\/ca-es\/?s={search_term_string}"},"query-input":{"@type":"PropertyValueSpecification","valueRequired":true,"valueName":"search_term_string"}}],"inLanguage":"va-ES"},{"@type":"Organization","@id":"https:\/\/canfali.com\/ca-es\/#organization","name":"Canfali","url":"https:\/\/canfali.com\/ca-es\/","logo":{"@type":"ImageObject","inLanguage":"va-ES","@id":"https:\/\/canfali.com\/ca-es\/#\/schema\/logo\/image\/","url":"https:\/\/canfali.com\/app\/uploads\/2025\/12\/canfali_marina_alta_logo.png","contentUrl":"https:\/\/canfali.com\/app\/uploads\/2025\/12\/canfali_marina_alta_logo.png","width":225,"height":225,"caption":"Canfali"},"image":{"@id":"https:\/\/canfali.com\/ca-es\/#\/schema\/logo\/image\/"},"sameAs":["https:\/\/es-es.facebook.com\/CANFALIMarinaAlta","https:\/\/x.com\/canfalima","https:\/\/www.instagram.com\/canfalimarinaalta\/"]},{"@type":"Person","@id":"https:\/\/canfali.com\/ca-es\/#\/schema\/person\/d834d2d4df17cac754d3c314d4c404ef","name":"JJ Mas","image":{"@type":"ImageObject","inLanguage":"va-ES","@id":"https:\/\/secure.gravatar.com\/avatar\/65a5191f5438bf88c2394f6d1a625a6ff903c8785268e603c623a83bc15ba1ee?s=96&d=mm&r=g","url":"https:\/\/secure.gravatar.com\/avatar\/65a5191f5438bf88c2394f6d1a625a6ff903c8785268e603c623a83bc15ba1ee?s=96&d=mm&r=g","contentUrl":"https:\/\/secure.gravatar.com\/avatar\/65a5191f5438bf88c2394f6d1a625a6ff903c8785268e603c623a83bc15ba1ee?s=96&d=mm&r=g","caption":"JJ Mas"},"url":"https:\/\/canfali.com\/ca-es\/author\/jj\/"}]}},"_links":{"self":[{"href":"https:\/\/canfali.com\/ca-es\/wp-json\/wp\/v2\/posts\/79033","targetHints":{"allow":["GET"]}}],"collection":[{"href":"https:\/\/canfali.com\/ca-es\/wp-json\/wp\/v2\/posts"}],"about":[{"href":"https:\/\/canfali.com\/ca-es\/wp-json\/wp\/v2\/types\/post"}],"author":[{"embeddable":true,"href":"https:\/\/canfali.com\/ca-es\/wp-json\/wp\/v2\/users\/4"}],"replies":[{"embeddable":true,"href":"https:\/\/canfali.com\/ca-es\/wp-json\/wp\/v2\/comments?post=79033"}],"version-history":[{"count":4,"href":"https:\/\/canfali.com\/ca-es\/wp-json\/wp\/v2\/posts\/79033\/revisions"}],"predecessor-version":[{"id":79047,"href":"https:\/\/canfali.com\/ca-es\/wp-json\/wp\/v2\/posts\/79033\/revisions\/79047"}],"wp:featuredmedia":[{"embeddable":true,"href":"https:\/\/canfali.com\/ca-es\/wp-json\/wp\/v2\/media\/79034"}],"wp:attachment":[{"href":"https:\/\/canfali.com\/ca-es\/wp-json\/wp\/v2\/media?parent=79033"}],"wp:term":[{"taxonomy":"category","embeddable":true,"href":"https:\/\/canfali.com\/ca-es\/wp-json\/wp\/v2\/categories?post=79033"},{"taxonomy":"post_tag","embeddable":true,"href":"https:\/\/canfali.com\/ca-es\/wp-json\/wp\/v2\/tags?post=79033"}],"curies":[{"name":"wp","href":"https:\/\/api.w.org\/{rel}","templated":true}]}}