{"id":78501,"date":"2025-10-16T13:32:13","date_gmt":"2025-10-16T11:32:13","guid":{"rendered":"https:\/\/canfali.com\/denia-esta-com-un-formatge-nova-fira-en-els-magazinos\/"},"modified":"2025-10-16T13:45:28","modified_gmt":"2025-10-16T11:45:28","slug":"denia-esta-com-un-formatge-nova-fira-en-els-magazinos","status":"publish","type":"post","link":"https:\/\/canfali.com\/ca-es\/denia-esta-com-un-formatge-nova-fira-en-els-magazinos\/","title":{"rendered":"\u2018D\u00e9nia est\u00e0 com un formatge\u2019,  fira en Els Magazinos"},"content":{"rendered":"\n<p><\/p>\n\n\n\n<p>Els Magazinos celebra la cinquena edici\u00f3 de \u201cD\u00e9nia est\u00e0 com un formatge!\u201d, la Fira i Mercat d&#8217;Artesans del Formatge de la Comunitat Valenciana, el diumenge 26 d&#8217;octubre. Participaran quatre formatgeries alacantines i dues convidades: una manxega i una francesa. La jornada, emmarcada en el projecte Cuina de Territori, inclour\u00e0 una taula rodona (11 h.) amb tast de 6 formatges, dirigida per Joaqu\u00edn Fern\u00e1ndez, i Cervesa T\u00faria. L&#8217;aforament \u00e9s limitat i es requereix inscripci\u00f3 pr\u00e8via (6 euros) en la web d\u2019Els Magazinos. A m\u00e9s, el doctor en hist\u00f2ria Javier Calvo presentar\u00e0 un nou quadern de la s\u00e8rie \u201cEl Nostre Territori\u201d, on s&#8217;endinsa en la hist\u00f2ria del formatge com a s\u00edmbol d&#8217;occident.<br><\/p>\n\n\n\n<p>Entre les 12 i les 14.30 h. i les 16 i les 19 h., haur\u00e0 parade de les sis formatgeries convidades. I durant tot el dia, els locals del Carrer dels Sabors d\u2019Els Magazinos prepararan taules de formatges de totes les formatgeries participants per a poder degustar i compartir amb amics maridades amb Cervesa T\u00faria<\/p>\n\n\n\n<p>Un any m\u00e9s, el dissenyador valenci\u00e0 H\u00e9ctor Merienda d&#8217;Estudi Merienda ha estat l&#8217;encarregat de crear el cartell de l&#8217;esdeveniment. <\/p>\n\n\n\n<h2 class=\"wp-block-heading\">Els participants<\/h2>\n\n\n\n<p>Formatgeria Sant Antoni, de Callosa d&#8217;en Sarri\u00e0, ser\u00e0 present en la fira amb els seus formatges de cabra i de vaca. Tres generacions de mestres artesans estan darrere d&#8217;aquesta formatgeria artesanal, fundada en 1968 per Mar\u00eda Devesa Llorens i que des de 1997 dirigeix el matrimoni format per la mestra formatgera To\u00f1i Ronda Savall i Javier Ronda Sanch\u00eds. Elaboren formatges tant frescos com curats, fins i tot anyencs, i per a aix\u00f2 utilitzen llet de cabra murci\u00e0-granadina de petits ramaders alacantins que treuen el ramat de pasturatge i llet de vaca frisona que procedeix de la Regi\u00f3 de M\u00farcia. Acumulen m\u00e9s d&#8217;una vintena de reconeixements: els m\u00e9s recents, el premi de Millor Pasta premsada mescla al seu formatge semicurat de vaca i cabra en la Fira del Formatge Artes\u00e0 de Montanejos 2025; el Gran Or del Frankfurt International Trophy 2025 al seu \u201cFormatge de cabra anyenc\u201d, que tamb\u00e9 va rebre la Medalla d&#8217;Or del Concours International de Li\u00f3 2025. En els *World Cheese Awards 2024-2025 van aconseguir la Medalla de Bronze tant en el seu \u201cFormatge curat de cabra\u201d com en el \u201cFormatge curat de cabra amb roman\u00ed\u201d. I, en els mateixos reconeixements internacionals, tamb\u00e9 van obtenir la medalla de plata en el \u201cFormatge curat roda de vaca\u201d.<\/p>\n\n\n\n<figure class=\"wp-block-gallery has-nested-images columns-default is-cropped wp-block-gallery-15 is-layout-flex wp-block-gallery-is-layout-flex\">\n<figure class=\"wp-block-image size-large\"><img decoding=\"async\" data-id=\"78498\" src=\"https:\/\/canfali.com\/app\/uploads\/2025\/10\/formi-1024x681.jpg.webp\" alt=\"\" class=\"wp-image-78498\"\/><\/figure>\n<\/figure>\n\n\n\n<p>El de Sereix (Mutxamel) \u00e9s una formatgeria familiar que va n\u00e9ixer en 2019 i que gestionen els cosins Paco Ayela i Mar\u00eda Rodr\u00edguez, que elaboren formatges amb llet de cabra de la seva pr\u00f2pia ramaderia, de ra\u00e7a murci\u00e0-granadina, gestionada pel seu oncle i pare, respectivament, Antonio Rodr\u00edguez. A pesar que el projecte solament t\u00e9 uns anys, ja atresoren una Medalla de Plata per al seu &#8220;Formatge Jove&#8221; en els World *Cheese Awards 2024-25 i una Medalla de Bronze per al seu formatge \u201cBrusc\u201d en aquests reconeixements internacionals. En la Fira del Formatge Artes\u00e0 de Montanejos 2024 van obtenir el Premi al Millor Formatge de pasta tova de la Comunitat Valenciana pel seu formatge \u201cBrusc\u201d i el Premi al Millor Formatge premsat de cabra per al seu \u201cFormatge de cabra madurat\u201d.<\/p>\n\n\n\n<p>Una altra de les formatgeries convidades \u00e9s Els Molins, de Mon\u00f2ver. \u00c9s una formatgeria familiar amb ramaderia de cabres pr\u00f2pia que elabora formatges artesanals des de 2020, quan Juan Luis Gimeno, ramader, i Mar\u00eda Dolores Navarro, pastissera reconvertida en mestra formatgera, van iniciar el projecte. Aposten per formatges cl\u00e0ssics, com els tradicionals tendre, semicurat o curat, per\u00f2 a m\u00e9s per uns altres m\u00e9s innovadors com el Cantueso o el de Moscatell. Tamb\u00e9 elaboren altres deliciosos productes lactis com a cremes de formatge, mat\u00f3, iogurts o quallades.<\/p>\n\n\n\n<figure class=\"wp-block-image size-large\"><img decoding=\"async\" src=\"https:\/\/canfali.com\/app\/uploads\/2025\/10\/formi3-1024x681.jpg.webp\" alt=\"\" class=\"wp-image-78496\"\/><\/figure>\n\n\n\n<p>Alcaprone, d&#8217;Alcoi, va ser creada per l&#8217;afinador de formatges Joni Egea en 2020 i est\u00e0 enfocada en l&#8217;elaboraci\u00f3 de formatges de cabra de ramaderies ecol\u00f2giques de la Regi\u00f3 de M\u00farcia. En el projecte est\u00e0 acompanyat per la seva s\u00f2cia Julia Colomina i \u00e9s habitual trobar-los en mercats de productors de proximitat com el Mercat del Riurau de Jes\u00fas Pobre o en fires ecol\u00f2giques com EcoAltea. <\/p>\n\n\n\n<p>Com a formatgeria nacional convidada participar\u00e0 Finca La Quadra (Casa de la Hita, Albacete). Aquesta petita finca agr\u00edcola i ramadera compta amb una cabanya d&#8217;ovelles de ra\u00e7a manxega. En la seva traject\u00f2ria figuren diverses generacions i elaboren els seus formatges amb el segell de la Denominaci\u00f3 d&#8217;Origen Formatge Manxec. Aquesta formatgeria t\u00e9 un triple objectiu: perpetuar una ra\u00e7a en perill d&#8217;extinci\u00f3, mantenir viu un formatge que \u00e9s Patrimoni de la Humanitat i aconseguir que els amants de productes aut\u00e8ntics puguin continuar gaudint d&#8217;aquest formatge tan especial i reconegut.<\/p>\n\n\n\n<p>Com a formatge internacional convidat figura l&#8217;estrella de Fran\u00e7a: el Comt\u00e9 24 mesos de la formatgeria Rivoire Jacquemin, que compta amb Denominaci\u00f3 d&#8217;Origen Protegida des de 1952. Est\u00e0 elaborat artesanalment en les lleteries alpines a base de llet crua de vaca de la ra\u00e7a Montbeliarde i Simmenta. Hi ha formatges Comt\u00e9 que aconsegueixen fins als 40 quilos de pes i per a elaborar-los es necessiten 450 litres de llet. Arribar\u00e0 de la m\u00e0 del distribu\u00efdor i fromalier Doctor Formatge Selecci\u00f3 (Alacant).<\/p>\n","protected":false},"excerpt":{"rendered":"Els Magazinos celebra la cinquena edici\u00f3 de \u201cD\u00e9nia est\u00e0 com un formatge!\u201d, la Fira i Mercat d&#8217;Artesans del&hellip;","protected":false},"author":6,"featured_media":78495,"comment_status":"closed","ping_status":"closed","sticky":false,"template":"","format":"standard","meta":{"csco_display_header_overlay":false,"csco_singular_sidebar":"","csco_page_header_type":"","csco_page_load_nextpost":"","csco_post_video_location":[],"csco_post_video_location_hash":"","csco_post_video_url":"","csco_post_video_bg_start_time":0,"csco_post_video_bg_end_time":0,"footnotes":""},"categories":[589],"tags":[4538,4539,903,902,4537],"class_list":{"0":"post-78501","1":"post","2":"type-post","3":"status-publish","4":"format-standard","5":"has-post-thumbnail","7":"category-gastronomia-ca-es","8":"tag-artesans","9":"tag-cerveza-turia-ca-es","10":"tag-els-magazinos-ca-es","11":"tag-fira","12":"tag-formatges","13":"cs-entry","14":"cs-video-wrap"},"yoast_head":"<!-- This site is optimized with the Yoast SEO Premium plugin v26.6 (Yoast SEO v27.3) - https:\/\/yoast.com\/product\/yoast-seo-premium-wordpress\/ -->\n<title>\u2018D\u00e9nia est\u00e0 com un formatge\u2019, fira en Els Magazinos - Canfali<\/title>\n<meta name=\"robots\" content=\"index, follow, max-snippet:-1, max-image-preview:large, max-video-preview:-1\" \/>\n<link rel=\"canonical\" href=\"https:\/\/canfali.com\/ca-es\/denia-esta-com-un-formatge-nova-fira-en-els-magazinos\/\" \/>\n<meta property=\"og:locale\" content=\"en_US\" \/>\n<meta property=\"og:type\" content=\"article\" \/>\n<meta property=\"og:title\" content=\"\u2018D\u00e9nia est\u00e0 com un formatge\u2019, fira en Els Magazinos\" \/>\n<meta property=\"og:description\" content=\"Els Magazinos celebra la cinquena edici\u00f3 de \u201cD\u00e9nia est\u00e0 com un formatge!\u201d, la Fira i Mercat d&#8217;Artesans del&hellip;\" \/>\n<meta property=\"og:url\" content=\"https:\/\/canfali.com\/ca-es\/denia-esta-com-un-formatge-nova-fira-en-els-magazinos\/\" \/>\n<meta property=\"og:site_name\" content=\"Canfali\" \/>\n<meta property=\"article:publisher\" content=\"https:\/\/es-es.facebook.com\/CANFALIMarinaAlta\" \/>\n<meta property=\"article:published_time\" content=\"2025-10-16T11:32:13+00:00\" \/>\n<meta property=\"article:modified_time\" content=\"2025-10-16T11:45:28+00:00\" \/>\n<meta property=\"og:image\" content=\"https:\/\/canfali.com\/app\/uploads\/2025\/10\/formi2-scaled.jpg\" \/>\n\t<meta property=\"og:image:width\" content=\"2560\" \/>\n\t<meta property=\"og:image:height\" content=\"1703\" \/>\n\t<meta property=\"og:image:type\" content=\"image\/jpeg\" \/>\n<meta name=\"author\" content=\"Rosa\" \/>\n<meta name=\"twitter:card\" content=\"summary_large_image\" \/>\n<meta name=\"twitter:creator\" content=\"@canfalima\" \/>\n<meta name=\"twitter:site\" content=\"@canfalima\" \/>\n<meta name=\"twitter:label1\" content=\"Written by\" \/>\n\t<meta name=\"twitter:data1\" content=\"Rosa\" \/>\n\t<meta name=\"twitter:label2\" content=\"Est. reading time\" \/>\n\t<meta name=\"twitter:data2\" content=\"4 minutes\" \/>\n<script type=\"application\/ld+json\" class=\"yoast-schema-graph\">{\"@context\":\"https:\\\/\\\/schema.org\",\"@graph\":[{\"@type\":\"NewsArticle\",\"@id\":\"https:\\\/\\\/canfali.com\\\/ca-es\\\/denia-esta-com-un-formatge-nova-fira-en-els-magazinos\\\/#article\",\"isPartOf\":{\"@id\":\"https:\\\/\\\/canfali.com\\\/ca-es\\\/denia-esta-com-un-formatge-nova-fira-en-els-magazinos\\\/\"},\"author\":{\"name\":\"Rosa\",\"@id\":\"https:\\\/\\\/canfali.com\\\/ca-es\\\/#\\\/schema\\\/person\\\/c861a7aa2b2495357b95f35bd5d82f88\"},\"headline\":\"\u2018D\u00e9nia est\u00e0 com un formatge\u2019, fira en Els Magazinos\",\"datePublished\":\"2025-10-16T11:32:13+00:00\",\"dateModified\":\"2025-10-16T11:45:28+00:00\",\"mainEntityOfPage\":{\"@id\":\"https:\\\/\\\/canfali.com\\\/ca-es\\\/denia-esta-com-un-formatge-nova-fira-en-els-magazinos\\\/\"},\"wordCount\":902,\"publisher\":{\"@id\":\"https:\\\/\\\/canfali.com\\\/ca-es\\\/#organization\"},\"image\":{\"@id\":\"https:\\\/\\\/canfali.com\\\/ca-es\\\/denia-esta-com-un-formatge-nova-fira-en-els-magazinos\\\/#primaryimage\"},\"thumbnailUrl\":\"https:\\\/\\\/canfali.com\\\/app\\\/uploads\\\/2025\\\/10\\\/formi2-scaled.jpg\",\"keywords\":[\"artesans\",\"Cerveza Turia\",\"els magazinos\",\"fira\",\"formatges\"],\"articleSection\":[\"Gastronomia\"],\"inLanguage\":\"va-ES\",\"copyrightYear\":\"2025\",\"copyrightHolder\":{\"@id\":\"https:\\\/\\\/canfali.com\\\/#organization\"}},{\"@type\":\"WebPage\",\"@id\":\"https:\\\/\\\/canfali.com\\\/ca-es\\\/denia-esta-com-un-formatge-nova-fira-en-els-magazinos\\\/\",\"url\":\"https:\\\/\\\/canfali.com\\\/ca-es\\\/denia-esta-com-un-formatge-nova-fira-en-els-magazinos\\\/\",\"name\":\"\u2018D\u00e9nia est\u00e0 com un formatge\u2019, fira en Els Magazinos - Canfali\",\"isPartOf\":{\"@id\":\"https:\\\/\\\/canfali.com\\\/ca-es\\\/#website\"},\"primaryImageOfPage\":{\"@id\":\"https:\\\/\\\/canfali.com\\\/ca-es\\\/denia-esta-com-un-formatge-nova-fira-en-els-magazinos\\\/#primaryimage\"},\"image\":{\"@id\":\"https:\\\/\\\/canfali.com\\\/ca-es\\\/denia-esta-com-un-formatge-nova-fira-en-els-magazinos\\\/#primaryimage\"},\"thumbnailUrl\":\"https:\\\/\\\/canfali.com\\\/app\\\/uploads\\\/2025\\\/10\\\/formi2-scaled.jpg\",\"datePublished\":\"2025-10-16T11:32:13+00:00\",\"dateModified\":\"2025-10-16T11:45:28+00:00\",\"breadcrumb\":{\"@id\":\"https:\\\/\\\/canfali.com\\\/ca-es\\\/denia-esta-com-un-formatge-nova-fira-en-els-magazinos\\\/#breadcrumb\"},\"inLanguage\":\"va-ES\",\"potentialAction\":[{\"@type\":\"ReadAction\",\"target\":[\"https:\\\/\\\/canfali.com\\\/ca-es\\\/denia-esta-com-un-formatge-nova-fira-en-els-magazinos\\\/\"]}]},{\"@type\":\"ImageObject\",\"inLanguage\":\"va-ES\",\"@id\":\"https:\\\/\\\/canfali.com\\\/ca-es\\\/denia-esta-com-un-formatge-nova-fira-en-els-magazinos\\\/#primaryimage\",\"url\":\"https:\\\/\\\/canfali.com\\\/app\\\/uploads\\\/2025\\\/10\\\/formi2-scaled.jpg\",\"contentUrl\":\"https:\\\/\\\/canfali.com\\\/app\\\/uploads\\\/2025\\\/10\\\/formi2-scaled.jpg\",\"width\":2560,\"height\":1703},{\"@type\":\"BreadcrumbList\",\"@id\":\"https:\\\/\\\/canfali.com\\\/ca-es\\\/denia-esta-com-un-formatge-nova-fira-en-els-magazinos\\\/#breadcrumb\",\"itemListElement\":[{\"@type\":\"ListItem\",\"position\":1,\"name\":\"Portada\",\"item\":\"https:\\\/\\\/canfali.com\\\/ca-es\\\/\"},{\"@type\":\"ListItem\",\"position\":2,\"name\":\"\u2018D\u00e9nia est\u00e0 com un formatge\u2019, fira en Els Magazinos\"}]},{\"@type\":\"WebSite\",\"@id\":\"https:\\\/\\\/canfali.com\\\/ca-es\\\/#website\",\"url\":\"https:\\\/\\\/canfali.com\\\/ca-es\\\/\",\"name\":\"Canfali\",\"description\":\"\",\"publisher\":{\"@id\":\"https:\\\/\\\/canfali.com\\\/ca-es\\\/#organization\"},\"potentialAction\":[{\"@type\":\"SearchAction\",\"target\":{\"@type\":\"EntryPoint\",\"urlTemplate\":\"https:\\\/\\\/canfali.com\\\/ca-es\\\/?s={search_term_string}\"},\"query-input\":{\"@type\":\"PropertyValueSpecification\",\"valueRequired\":true,\"valueName\":\"search_term_string\"}}],\"inLanguage\":\"va-ES\"},{\"@type\":\"Organization\",\"@id\":\"https:\\\/\\\/canfali.com\\\/ca-es\\\/#organization\",\"name\":\"Canfali\",\"url\":\"https:\\\/\\\/canfali.com\\\/ca-es\\\/\",\"logo\":{\"@type\":\"ImageObject\",\"inLanguage\":\"va-ES\",\"@id\":\"https:\\\/\\\/canfali.com\\\/ca-es\\\/#\\\/schema\\\/logo\\\/image\\\/\",\"url\":\"https:\\\/\\\/canfali.com\\\/app\\\/uploads\\\/2025\\\/12\\\/canfali_marina_alta_logo.png\",\"contentUrl\":\"https:\\\/\\\/canfali.com\\\/app\\\/uploads\\\/2025\\\/12\\\/canfali_marina_alta_logo.png\",\"width\":225,\"height\":225,\"caption\":\"Canfali\"},\"image\":{\"@id\":\"https:\\\/\\\/canfali.com\\\/ca-es\\\/#\\\/schema\\\/logo\\\/image\\\/\"},\"sameAs\":[\"https:\\\/\\\/es-es.facebook.com\\\/CANFALIMarinaAlta\",\"https:\\\/\\\/x.com\\\/canfalima\",\"https:\\\/\\\/www.instagram.com\\\/canfalimarinaalta\\\/\"]},{\"@type\":\"Person\",\"@id\":\"https:\\\/\\\/canfali.com\\\/ca-es\\\/#\\\/schema\\\/person\\\/c861a7aa2b2495357b95f35bd5d82f88\",\"name\":\"Rosa\",\"image\":{\"@type\":\"ImageObject\",\"inLanguage\":\"va-ES\",\"@id\":\"https:\\\/\\\/secure.gravatar.com\\\/avatar\\\/47fb83d99423a6ef1cf9f83f02a5e91366c671dec76c5c24badf1b0494e1d960?s=96&d=mm&r=g\",\"url\":\"https:\\\/\\\/secure.gravatar.com\\\/avatar\\\/47fb83d99423a6ef1cf9f83f02a5e91366c671dec76c5c24badf1b0494e1d960?s=96&d=mm&r=g\",\"contentUrl\":\"https:\\\/\\\/secure.gravatar.com\\\/avatar\\\/47fb83d99423a6ef1cf9f83f02a5e91366c671dec76c5c24badf1b0494e1d960?s=96&d=mm&r=g\",\"caption\":\"Rosa\"},\"url\":\"https:\\\/\\\/canfali.com\\\/ca-es\\\/author\\\/rosa\\\/\"}]}<\/script>\n<!-- \/ Yoast SEO Premium plugin. -->","yoast_head_json":{"title":"\u2018D\u00e9nia est\u00e0 com un formatge\u2019, fira en Els Magazinos - Canfali","robots":{"index":"index","follow":"follow","max-snippet":"max-snippet:-1","max-image-preview":"max-image-preview:large","max-video-preview":"max-video-preview:-1"},"canonical":"https:\/\/canfali.com\/ca-es\/denia-esta-com-un-formatge-nova-fira-en-els-magazinos\/","og_locale":"en_US","og_type":"article","og_title":"\u2018D\u00e9nia est\u00e0 com un formatge\u2019, fira en Els Magazinos","og_description":"Els Magazinos celebra la cinquena edici\u00f3 de \u201cD\u00e9nia est\u00e0 com un formatge!\u201d, la Fira i Mercat d&#8217;Artesans del&hellip;","og_url":"https:\/\/canfali.com\/ca-es\/denia-esta-com-un-formatge-nova-fira-en-els-magazinos\/","og_site_name":"Canfali","article_publisher":"https:\/\/es-es.facebook.com\/CANFALIMarinaAlta","article_published_time":"2025-10-16T11:32:13+00:00","article_modified_time":"2025-10-16T11:45:28+00:00","og_image":[{"width":2560,"height":1703,"url":"https:\/\/canfali.com\/app\/uploads\/2025\/10\/formi2-scaled.jpg","type":"image\/jpeg"}],"author":"Rosa","twitter_card":"summary_large_image","twitter_creator":"@canfalima","twitter_site":"@canfalima","twitter_misc":{"Written by":"Rosa","Est. reading time":"4 minutes"},"schema":{"@context":"https:\/\/schema.org","@graph":[{"@type":"NewsArticle","@id":"https:\/\/canfali.com\/ca-es\/denia-esta-com-un-formatge-nova-fira-en-els-magazinos\/#article","isPartOf":{"@id":"https:\/\/canfali.com\/ca-es\/denia-esta-com-un-formatge-nova-fira-en-els-magazinos\/"},"author":{"name":"Rosa","@id":"https:\/\/canfali.com\/ca-es\/#\/schema\/person\/c861a7aa2b2495357b95f35bd5d82f88"},"headline":"\u2018D\u00e9nia est\u00e0 com un formatge\u2019, fira en Els Magazinos","datePublished":"2025-10-16T11:32:13+00:00","dateModified":"2025-10-16T11:45:28+00:00","mainEntityOfPage":{"@id":"https:\/\/canfali.com\/ca-es\/denia-esta-com-un-formatge-nova-fira-en-els-magazinos\/"},"wordCount":902,"publisher":{"@id":"https:\/\/canfali.com\/ca-es\/#organization"},"image":{"@id":"https:\/\/canfali.com\/ca-es\/denia-esta-com-un-formatge-nova-fira-en-els-magazinos\/#primaryimage"},"thumbnailUrl":"https:\/\/canfali.com\/app\/uploads\/2025\/10\/formi2-scaled.jpg","keywords":["artesans","Cerveza Turia","els magazinos","fira","formatges"],"articleSection":["Gastronomia"],"inLanguage":"va-ES","copyrightYear":"2025","copyrightHolder":{"@id":"https:\/\/canfali.com\/#organization"}},{"@type":"WebPage","@id":"https:\/\/canfali.com\/ca-es\/denia-esta-com-un-formatge-nova-fira-en-els-magazinos\/","url":"https:\/\/canfali.com\/ca-es\/denia-esta-com-un-formatge-nova-fira-en-els-magazinos\/","name":"\u2018D\u00e9nia est\u00e0 com un formatge\u2019, fira en Els Magazinos - Canfali","isPartOf":{"@id":"https:\/\/canfali.com\/ca-es\/#website"},"primaryImageOfPage":{"@id":"https:\/\/canfali.com\/ca-es\/denia-esta-com-un-formatge-nova-fira-en-els-magazinos\/#primaryimage"},"image":{"@id":"https:\/\/canfali.com\/ca-es\/denia-esta-com-un-formatge-nova-fira-en-els-magazinos\/#primaryimage"},"thumbnailUrl":"https:\/\/canfali.com\/app\/uploads\/2025\/10\/formi2-scaled.jpg","datePublished":"2025-10-16T11:32:13+00:00","dateModified":"2025-10-16T11:45:28+00:00","breadcrumb":{"@id":"https:\/\/canfali.com\/ca-es\/denia-esta-com-un-formatge-nova-fira-en-els-magazinos\/#breadcrumb"},"inLanguage":"va-ES","potentialAction":[{"@type":"ReadAction","target":["https:\/\/canfali.com\/ca-es\/denia-esta-com-un-formatge-nova-fira-en-els-magazinos\/"]}]},{"@type":"ImageObject","inLanguage":"va-ES","@id":"https:\/\/canfali.com\/ca-es\/denia-esta-com-un-formatge-nova-fira-en-els-magazinos\/#primaryimage","url":"https:\/\/canfali.com\/app\/uploads\/2025\/10\/formi2-scaled.jpg","contentUrl":"https:\/\/canfali.com\/app\/uploads\/2025\/10\/formi2-scaled.jpg","width":2560,"height":1703},{"@type":"BreadcrumbList","@id":"https:\/\/canfali.com\/ca-es\/denia-esta-com-un-formatge-nova-fira-en-els-magazinos\/#breadcrumb","itemListElement":[{"@type":"ListItem","position":1,"name":"Portada","item":"https:\/\/canfali.com\/ca-es\/"},{"@type":"ListItem","position":2,"name":"\u2018D\u00e9nia est\u00e0 com un formatge\u2019, fira en Els Magazinos"}]},{"@type":"WebSite","@id":"https:\/\/canfali.com\/ca-es\/#website","url":"https:\/\/canfali.com\/ca-es\/","name":"Canfali","description":"","publisher":{"@id":"https:\/\/canfali.com\/ca-es\/#organization"},"potentialAction":[{"@type":"SearchAction","target":{"@type":"EntryPoint","urlTemplate":"https:\/\/canfali.com\/ca-es\/?s={search_term_string}"},"query-input":{"@type":"PropertyValueSpecification","valueRequired":true,"valueName":"search_term_string"}}],"inLanguage":"va-ES"},{"@type":"Organization","@id":"https:\/\/canfali.com\/ca-es\/#organization","name":"Canfali","url":"https:\/\/canfali.com\/ca-es\/","logo":{"@type":"ImageObject","inLanguage":"va-ES","@id":"https:\/\/canfali.com\/ca-es\/#\/schema\/logo\/image\/","url":"https:\/\/canfali.com\/app\/uploads\/2025\/12\/canfali_marina_alta_logo.png","contentUrl":"https:\/\/canfali.com\/app\/uploads\/2025\/12\/canfali_marina_alta_logo.png","width":225,"height":225,"caption":"Canfali"},"image":{"@id":"https:\/\/canfali.com\/ca-es\/#\/schema\/logo\/image\/"},"sameAs":["https:\/\/es-es.facebook.com\/CANFALIMarinaAlta","https:\/\/x.com\/canfalima","https:\/\/www.instagram.com\/canfalimarinaalta\/"]},{"@type":"Person","@id":"https:\/\/canfali.com\/ca-es\/#\/schema\/person\/c861a7aa2b2495357b95f35bd5d82f88","name":"Rosa","image":{"@type":"ImageObject","inLanguage":"va-ES","@id":"https:\/\/secure.gravatar.com\/avatar\/47fb83d99423a6ef1cf9f83f02a5e91366c671dec76c5c24badf1b0494e1d960?s=96&d=mm&r=g","url":"https:\/\/secure.gravatar.com\/avatar\/47fb83d99423a6ef1cf9f83f02a5e91366c671dec76c5c24badf1b0494e1d960?s=96&d=mm&r=g","contentUrl":"https:\/\/secure.gravatar.com\/avatar\/47fb83d99423a6ef1cf9f83f02a5e91366c671dec76c5c24badf1b0494e1d960?s=96&d=mm&r=g","caption":"Rosa"},"url":"https:\/\/canfali.com\/ca-es\/author\/rosa\/"}]}},"_links":{"self":[{"href":"https:\/\/canfali.com\/ca-es\/wp-json\/wp\/v2\/posts\/78501","targetHints":{"allow":["GET"]}}],"collection":[{"href":"https:\/\/canfali.com\/ca-es\/wp-json\/wp\/v2\/posts"}],"about":[{"href":"https:\/\/canfali.com\/ca-es\/wp-json\/wp\/v2\/types\/post"}],"author":[{"embeddable":true,"href":"https:\/\/canfali.com\/ca-es\/wp-json\/wp\/v2\/users\/6"}],"replies":[{"embeddable":true,"href":"https:\/\/canfali.com\/ca-es\/wp-json\/wp\/v2\/comments?post=78501"}],"version-history":[{"count":4,"href":"https:\/\/canfali.com\/ca-es\/wp-json\/wp\/v2\/posts\/78501\/revisions"}],"predecessor-version":[{"id":78506,"href":"https:\/\/canfali.com\/ca-es\/wp-json\/wp\/v2\/posts\/78501\/revisions\/78506"}],"wp:featuredmedia":[{"embeddable":true,"href":"https:\/\/canfali.com\/ca-es\/wp-json\/wp\/v2\/media\/78495"}],"wp:attachment":[{"href":"https:\/\/canfali.com\/ca-es\/wp-json\/wp\/v2\/media?parent=78501"}],"wp:term":[{"taxonomy":"category","embeddable":true,"href":"https:\/\/canfali.com\/ca-es\/wp-json\/wp\/v2\/categories?post=78501"},{"taxonomy":"post_tag","embeddable":true,"href":"https:\/\/canfali.com\/ca-es\/wp-json\/wp\/v2\/tags?post=78501"}],"curies":[{"name":"wp","href":"https:\/\/api.w.org\/{rel}","templated":true}]}}