{"id":78459,"date":"2025-10-16T06:40:09","date_gmt":"2025-10-16T04:40:09","guid":{"rendered":"https:\/\/canfali.com\/primera-ffcv-gandia-pego-assalt-al-lideratge\/"},"modified":"2025-10-16T06:41:41","modified_gmt":"2025-10-16T04:41:41","slug":"primera-ffcv-gandia-pego-assalt-al-lideratge","status":"publish","type":"post","link":"https:\/\/canfali.com\/ca-es\/primera-ffcv-gandia-pego-assalt-al-lideratge\/","title":{"rendered":"Primera FFCV: Gandia-Pego, assalt al lideratge"},"content":{"rendered":"\n<p>L&#8217;Estadi Guillermo Olag\u00fce de Gandia ser\u00e0 l&#8217;escenari d&#8217;un emocionant partit entre dos hist\u00f2rics del futbol valenci\u00e0: el Gandia i el Pego. Tots dos equips, invictes en l&#8217;inici de la temporada, lluitaran per la primera pla\u00e7a del Grup III de Primera FFCV. El Gandia, equip amb l&#8217;objectiu clar de retornar com m\u00e9s aviat possible a la Lliga Comunitat, categoria que va abandonar la temporada passada, arriba amb la pressi\u00f3 de ser el gran favorit per liderar el grup. Amb una gran inversi\u00f3 en esfor\u00e7 i recursos, el conjunt gandienc est\u00e0 decidit a mantenir el seu pas ferm en la competici\u00f3.<\/p>\n\n<p>D&#8217;altra banda, el <b>Pego<\/b>, amb <b>10 punts<\/b>, es troba en la segona posici\u00f3 i ha aconseguit arrencar la temporada amb una notable solidesa, amb tres vict\u00f2ries i un empat. Despr\u00e9s d&#8217;un inici espectacular, l&#8217;equip dirigit per <b>Javi Signes<\/b> afronta el duel amb la tranquil\u00b7litat d&#8217;estar en una excel\u00b7lent posici\u00f3, compartint la segona pla\u00e7a amb el <b>Llutxent<\/b>.<\/p>\n\n<p>Per a <b>Signes<\/b>, el <b>Pego<\/b> afronta el partit despr\u00e9s d&#8217;un bon inici de temporada, \u201cd&#8217;acord amb la feina que estem fent\u201d, i adverteix que l&#8217;equip \u201ctractar\u00e0 d&#8217;estar a l&#8217;altura d&#8217;un partit que ens exigir\u00e0 molt, per\u00f2 per a nosaltres \u00e9s una motivaci\u00f3 i un repte, i volem demostrar que podem competir amb qualsevol\u201d.<\/p>\n\n<p>El partit ser\u00e0 el m\u00e9s destacat de la jornada, amb dos equips que han demostrat un gran nivell competitiu en aquest inici de temporada.<br\/><\/p>\n","protected":false},"excerpt":{"rendered":"L&#8217;Estadi Guillermo Olag\u00fce de Gandia ser\u00e0 l&#8217;escenari d&#8217;un emocionant partit entre dos hist\u00f2rics del futbol valenci\u00e0: el Gandia i el Pego.","protected":false},"author":8,"featured_media":78456,"comment_status":"closed","ping_status":"closed","sticky":false,"template":"","format":"standard","meta":{"csco_display_header_overlay":false,"csco_singular_sidebar":"","csco_page_header_type":"","csco_page_load_nextpost":"","csco_post_video_location":[],"csco_post_video_location_hash":"","csco_post_video_url":"","csco_post_video_bg_start_time":0,"csco_post_video_bg_end_time":0,"footnotes":""},"categories":[573,598,601],"tags":[],"class_list":{"0":"post-78459","1":"post","2":"type-post","3":"status-publish","4":"format-standard","5":"has-post-thumbnail","7":"category-deportes-2","8":"category-esports","9":"category-futbol-ca-es","10":"cs-entry","11":"cs-video-wrap"},"yoast_head":"<!-- This site is optimized with the Yoast SEO Premium plugin v26.6 (Yoast SEO v27.3) - https:\/\/yoast.com\/product\/yoast-seo-premium-wordpress\/ -->\n<title>Primera FFCV: Gandia-Pego, assalt al lideratge - Canfali<\/title>\n<meta name=\"robots\" content=\"index, follow, max-snippet:-1, max-image-preview:large, max-video-preview:-1\" \/>\n<link rel=\"canonical\" href=\"https:\/\/canfali.com\/ca-es\/primera-ffcv-gandia-pego-assalt-al-lideratge\/\" \/>\n<meta property=\"og:locale\" content=\"en_US\" \/>\n<meta property=\"og:type\" content=\"article\" \/>\n<meta property=\"og:title\" content=\"Primera FFCV: Gandia-Pego, assalt al lideratge\" \/>\n<meta property=\"og:description\" content=\"L&#039;Estadi Guillermo Olag\u00fce de Gandia ser\u00e0 l&#039;escenari d&#039;un emocionant partit entre dos hist\u00f2rics del futbol valenci\u00e0: el Gandia i el Pego.\" \/>\n<meta property=\"og:url\" content=\"https:\/\/canfali.com\/ca-es\/primera-ffcv-gandia-pego-assalt-al-lideratge\/\" \/>\n<meta property=\"og:site_name\" content=\"Canfali\" \/>\n<meta property=\"article:publisher\" content=\"https:\/\/es-es.facebook.com\/CANFALIMarinaAlta\" \/>\n<meta property=\"article:published_time\" content=\"2025-10-16T04:40:09+00:00\" \/>\n<meta property=\"article:modified_time\" content=\"2025-10-16T04:41:41+00:00\" \/>\n<meta property=\"og:image\" content=\"https:\/\/canfali.com\/app\/uploads\/2025\/10\/5Q0A2941-scaled.jpg\" \/>\n\t<meta property=\"og:image:width\" content=\"2560\" \/>\n\t<meta property=\"og:image:height\" content=\"1472\" \/>\n\t<meta property=\"og:image:type\" content=\"image\/jpeg\" \/>\n<meta name=\"author\" content=\"Lluis\" \/>\n<meta name=\"twitter:card\" content=\"summary_large_image\" \/>\n<meta name=\"twitter:creator\" content=\"@canfalima\" \/>\n<meta name=\"twitter:site\" content=\"@canfalima\" \/>\n<meta name=\"twitter:label1\" content=\"Written by\" \/>\n\t<meta name=\"twitter:data1\" content=\"Lluis\" \/>\n\t<meta name=\"twitter:label2\" content=\"Est. reading time\" \/>\n\t<meta name=\"twitter:data2\" content=\"1 minute\" \/>\n<script type=\"application\/ld+json\" class=\"yoast-schema-graph\">{\"@context\":\"https:\\\/\\\/schema.org\",\"@graph\":[{\"@type\":\"NewsArticle\",\"@id\":\"https:\\\/\\\/canfali.com\\\/ca-es\\\/primera-ffcv-gandia-pego-assalt-al-lideratge\\\/#article\",\"isPartOf\":{\"@id\":\"https:\\\/\\\/canfali.com\\\/ca-es\\\/primera-ffcv-gandia-pego-assalt-al-lideratge\\\/\"},\"author\":{\"name\":\"Lluis\",\"@id\":\"https:\\\/\\\/canfali.com\\\/ca-es\\\/#\\\/schema\\\/person\\\/f540a86fb33e10daaae53c59ceaa1194\"},\"headline\":\"Primera FFCV: Gandia-Pego, assalt al lideratge\",\"datePublished\":\"2025-10-16T04:40:09+00:00\",\"dateModified\":\"2025-10-16T04:41:41+00:00\",\"mainEntityOfPage\":{\"@id\":\"https:\\\/\\\/canfali.com\\\/ca-es\\\/primera-ffcv-gandia-pego-assalt-al-lideratge\\\/\"},\"wordCount\":263,\"publisher\":{\"@id\":\"https:\\\/\\\/canfali.com\\\/ca-es\\\/#organization\"},\"image\":{\"@id\":\"https:\\\/\\\/canfali.com\\\/ca-es\\\/primera-ffcv-gandia-pego-assalt-al-lideratge\\\/#primaryimage\"},\"thumbnailUrl\":\"https:\\\/\\\/canfali.com\\\/app\\\/uploads\\\/2025\\\/10\\\/5Q0A2941-scaled.jpg\",\"articleSection\":[\"Deportes\",\"Esports\",\"Futbol\"],\"inLanguage\":\"va-ES\",\"copyrightYear\":\"2025\",\"copyrightHolder\":{\"@id\":\"https:\\\/\\\/canfali.com\\\/#organization\"}},{\"@type\":\"WebPage\",\"@id\":\"https:\\\/\\\/canfali.com\\\/ca-es\\\/primera-ffcv-gandia-pego-assalt-al-lideratge\\\/\",\"url\":\"https:\\\/\\\/canfali.com\\\/ca-es\\\/primera-ffcv-gandia-pego-assalt-al-lideratge\\\/\",\"name\":\"Primera FFCV: Gandia-Pego, assalt al lideratge - Canfali\",\"isPartOf\":{\"@id\":\"https:\\\/\\\/canfali.com\\\/ca-es\\\/#website\"},\"primaryImageOfPage\":{\"@id\":\"https:\\\/\\\/canfali.com\\\/ca-es\\\/primera-ffcv-gandia-pego-assalt-al-lideratge\\\/#primaryimage\"},\"image\":{\"@id\":\"https:\\\/\\\/canfali.com\\\/ca-es\\\/primera-ffcv-gandia-pego-assalt-al-lideratge\\\/#primaryimage\"},\"thumbnailUrl\":\"https:\\\/\\\/canfali.com\\\/app\\\/uploads\\\/2025\\\/10\\\/5Q0A2941-scaled.jpg\",\"datePublished\":\"2025-10-16T04:40:09+00:00\",\"dateModified\":\"2025-10-16T04:41:41+00:00\",\"breadcrumb\":{\"@id\":\"https:\\\/\\\/canfali.com\\\/ca-es\\\/primera-ffcv-gandia-pego-assalt-al-lideratge\\\/#breadcrumb\"},\"inLanguage\":\"va-ES\",\"potentialAction\":[{\"@type\":\"ReadAction\",\"target\":[\"https:\\\/\\\/canfali.com\\\/ca-es\\\/primera-ffcv-gandia-pego-assalt-al-lideratge\\\/\"]}]},{\"@type\":\"ImageObject\",\"inLanguage\":\"va-ES\",\"@id\":\"https:\\\/\\\/canfali.com\\\/ca-es\\\/primera-ffcv-gandia-pego-assalt-al-lideratge\\\/#primaryimage\",\"url\":\"https:\\\/\\\/canfali.com\\\/app\\\/uploads\\\/2025\\\/10\\\/5Q0A2941-scaled.jpg\",\"contentUrl\":\"https:\\\/\\\/canfali.com\\\/app\\\/uploads\\\/2025\\\/10\\\/5Q0A2941-scaled.jpg\",\"width\":2560,\"height\":1472},{\"@type\":\"BreadcrumbList\",\"@id\":\"https:\\\/\\\/canfali.com\\\/ca-es\\\/primera-ffcv-gandia-pego-assalt-al-lideratge\\\/#breadcrumb\",\"itemListElement\":[{\"@type\":\"ListItem\",\"position\":1,\"name\":\"Portada\",\"item\":\"https:\\\/\\\/canfali.com\\\/ca-es\\\/\"},{\"@type\":\"ListItem\",\"position\":2,\"name\":\"Primera FFCV: Gandia-Pego, assalt al lideratge\"}]},{\"@type\":\"WebSite\",\"@id\":\"https:\\\/\\\/canfali.com\\\/ca-es\\\/#website\",\"url\":\"https:\\\/\\\/canfali.com\\\/ca-es\\\/\",\"name\":\"Canfali\",\"description\":\"\",\"publisher\":{\"@id\":\"https:\\\/\\\/canfali.com\\\/ca-es\\\/#organization\"},\"potentialAction\":[{\"@type\":\"SearchAction\",\"target\":{\"@type\":\"EntryPoint\",\"urlTemplate\":\"https:\\\/\\\/canfali.com\\\/ca-es\\\/?s={search_term_string}\"},\"query-input\":{\"@type\":\"PropertyValueSpecification\",\"valueRequired\":true,\"valueName\":\"search_term_string\"}}],\"inLanguage\":\"va-ES\"},{\"@type\":\"Organization\",\"@id\":\"https:\\\/\\\/canfali.com\\\/ca-es\\\/#organization\",\"name\":\"Canfali\",\"url\":\"https:\\\/\\\/canfali.com\\\/ca-es\\\/\",\"logo\":{\"@type\":\"ImageObject\",\"inLanguage\":\"va-ES\",\"@id\":\"https:\\\/\\\/canfali.com\\\/ca-es\\\/#\\\/schema\\\/logo\\\/image\\\/\",\"url\":\"https:\\\/\\\/canfali.com\\\/app\\\/uploads\\\/2025\\\/12\\\/canfali_marina_alta_logo.png\",\"contentUrl\":\"https:\\\/\\\/canfali.com\\\/app\\\/uploads\\\/2025\\\/12\\\/canfali_marina_alta_logo.png\",\"width\":225,\"height\":225,\"caption\":\"Canfali\"},\"image\":{\"@id\":\"https:\\\/\\\/canfali.com\\\/ca-es\\\/#\\\/schema\\\/logo\\\/image\\\/\"},\"sameAs\":[\"https:\\\/\\\/es-es.facebook.com\\\/CANFALIMarinaAlta\",\"https:\\\/\\\/x.com\\\/canfalima\",\"https:\\\/\\\/www.instagram.com\\\/canfalimarinaalta\\\/\"]},{\"@type\":\"Person\",\"@id\":\"https:\\\/\\\/canfali.com\\\/ca-es\\\/#\\\/schema\\\/person\\\/f540a86fb33e10daaae53c59ceaa1194\",\"name\":\"Lluis\",\"image\":{\"@type\":\"ImageObject\",\"inLanguage\":\"va-ES\",\"@id\":\"https:\\\/\\\/secure.gravatar.com\\\/avatar\\\/a21ec8835290e4e02ed0886b8cb327d807d0eb6ec8ccf25d4c2a0a415f506c0d?s=96&d=mm&r=g\",\"url\":\"https:\\\/\\\/secure.gravatar.com\\\/avatar\\\/a21ec8835290e4e02ed0886b8cb327d807d0eb6ec8ccf25d4c2a0a415f506c0d?s=96&d=mm&r=g\",\"contentUrl\":\"https:\\\/\\\/secure.gravatar.com\\\/avatar\\\/a21ec8835290e4e02ed0886b8cb327d807d0eb6ec8ccf25d4c2a0a415f506c0d?s=96&d=mm&r=g\",\"caption\":\"Lluis\"},\"url\":\"https:\\\/\\\/canfali.com\\\/ca-es\\\/author\\\/lluis\\\/\"}]}<\/script>\n<!-- \/ Yoast SEO Premium plugin. -->","yoast_head_json":{"title":"Primera FFCV: Gandia-Pego, assalt al lideratge - Canfali","robots":{"index":"index","follow":"follow","max-snippet":"max-snippet:-1","max-image-preview":"max-image-preview:large","max-video-preview":"max-video-preview:-1"},"canonical":"https:\/\/canfali.com\/ca-es\/primera-ffcv-gandia-pego-assalt-al-lideratge\/","og_locale":"en_US","og_type":"article","og_title":"Primera FFCV: Gandia-Pego, assalt al lideratge","og_description":"L'Estadi Guillermo Olag\u00fce de Gandia ser\u00e0 l'escenari d'un emocionant partit entre dos hist\u00f2rics del futbol valenci\u00e0: el Gandia i el Pego.","og_url":"https:\/\/canfali.com\/ca-es\/primera-ffcv-gandia-pego-assalt-al-lideratge\/","og_site_name":"Canfali","article_publisher":"https:\/\/es-es.facebook.com\/CANFALIMarinaAlta","article_published_time":"2025-10-16T04:40:09+00:00","article_modified_time":"2025-10-16T04:41:41+00:00","og_image":[{"width":2560,"height":1472,"url":"https:\/\/canfali.com\/app\/uploads\/2025\/10\/5Q0A2941-scaled.jpg","type":"image\/jpeg"}],"author":"Lluis","twitter_card":"summary_large_image","twitter_creator":"@canfalima","twitter_site":"@canfalima","twitter_misc":{"Written by":"Lluis","Est. reading time":"1 minute"},"schema":{"@context":"https:\/\/schema.org","@graph":[{"@type":"NewsArticle","@id":"https:\/\/canfali.com\/ca-es\/primera-ffcv-gandia-pego-assalt-al-lideratge\/#article","isPartOf":{"@id":"https:\/\/canfali.com\/ca-es\/primera-ffcv-gandia-pego-assalt-al-lideratge\/"},"author":{"name":"Lluis","@id":"https:\/\/canfali.com\/ca-es\/#\/schema\/person\/f540a86fb33e10daaae53c59ceaa1194"},"headline":"Primera FFCV: Gandia-Pego, assalt al lideratge","datePublished":"2025-10-16T04:40:09+00:00","dateModified":"2025-10-16T04:41:41+00:00","mainEntityOfPage":{"@id":"https:\/\/canfali.com\/ca-es\/primera-ffcv-gandia-pego-assalt-al-lideratge\/"},"wordCount":263,"publisher":{"@id":"https:\/\/canfali.com\/ca-es\/#organization"},"image":{"@id":"https:\/\/canfali.com\/ca-es\/primera-ffcv-gandia-pego-assalt-al-lideratge\/#primaryimage"},"thumbnailUrl":"https:\/\/canfali.com\/app\/uploads\/2025\/10\/5Q0A2941-scaled.jpg","articleSection":["Deportes","Esports","Futbol"],"inLanguage":"va-ES","copyrightYear":"2025","copyrightHolder":{"@id":"https:\/\/canfali.com\/#organization"}},{"@type":"WebPage","@id":"https:\/\/canfali.com\/ca-es\/primera-ffcv-gandia-pego-assalt-al-lideratge\/","url":"https:\/\/canfali.com\/ca-es\/primera-ffcv-gandia-pego-assalt-al-lideratge\/","name":"Primera FFCV: Gandia-Pego, assalt al lideratge - Canfali","isPartOf":{"@id":"https:\/\/canfali.com\/ca-es\/#website"},"primaryImageOfPage":{"@id":"https:\/\/canfali.com\/ca-es\/primera-ffcv-gandia-pego-assalt-al-lideratge\/#primaryimage"},"image":{"@id":"https:\/\/canfali.com\/ca-es\/primera-ffcv-gandia-pego-assalt-al-lideratge\/#primaryimage"},"thumbnailUrl":"https:\/\/canfali.com\/app\/uploads\/2025\/10\/5Q0A2941-scaled.jpg","datePublished":"2025-10-16T04:40:09+00:00","dateModified":"2025-10-16T04:41:41+00:00","breadcrumb":{"@id":"https:\/\/canfali.com\/ca-es\/primera-ffcv-gandia-pego-assalt-al-lideratge\/#breadcrumb"},"inLanguage":"va-ES","potentialAction":[{"@type":"ReadAction","target":["https:\/\/canfali.com\/ca-es\/primera-ffcv-gandia-pego-assalt-al-lideratge\/"]}]},{"@type":"ImageObject","inLanguage":"va-ES","@id":"https:\/\/canfali.com\/ca-es\/primera-ffcv-gandia-pego-assalt-al-lideratge\/#primaryimage","url":"https:\/\/canfali.com\/app\/uploads\/2025\/10\/5Q0A2941-scaled.jpg","contentUrl":"https:\/\/canfali.com\/app\/uploads\/2025\/10\/5Q0A2941-scaled.jpg","width":2560,"height":1472},{"@type":"BreadcrumbList","@id":"https:\/\/canfali.com\/ca-es\/primera-ffcv-gandia-pego-assalt-al-lideratge\/#breadcrumb","itemListElement":[{"@type":"ListItem","position":1,"name":"Portada","item":"https:\/\/canfali.com\/ca-es\/"},{"@type":"ListItem","position":2,"name":"Primera FFCV: Gandia-Pego, assalt al lideratge"}]},{"@type":"WebSite","@id":"https:\/\/canfali.com\/ca-es\/#website","url":"https:\/\/canfali.com\/ca-es\/","name":"Canfali","description":"","publisher":{"@id":"https:\/\/canfali.com\/ca-es\/#organization"},"potentialAction":[{"@type":"SearchAction","target":{"@type":"EntryPoint","urlTemplate":"https:\/\/canfali.com\/ca-es\/?s={search_term_string}"},"query-input":{"@type":"PropertyValueSpecification","valueRequired":true,"valueName":"search_term_string"}}],"inLanguage":"va-ES"},{"@type":"Organization","@id":"https:\/\/canfali.com\/ca-es\/#organization","name":"Canfali","url":"https:\/\/canfali.com\/ca-es\/","logo":{"@type":"ImageObject","inLanguage":"va-ES","@id":"https:\/\/canfali.com\/ca-es\/#\/schema\/logo\/image\/","url":"https:\/\/canfali.com\/app\/uploads\/2025\/12\/canfali_marina_alta_logo.png","contentUrl":"https:\/\/canfali.com\/app\/uploads\/2025\/12\/canfali_marina_alta_logo.png","width":225,"height":225,"caption":"Canfali"},"image":{"@id":"https:\/\/canfali.com\/ca-es\/#\/schema\/logo\/image\/"},"sameAs":["https:\/\/es-es.facebook.com\/CANFALIMarinaAlta","https:\/\/x.com\/canfalima","https:\/\/www.instagram.com\/canfalimarinaalta\/"]},{"@type":"Person","@id":"https:\/\/canfali.com\/ca-es\/#\/schema\/person\/f540a86fb33e10daaae53c59ceaa1194","name":"Lluis","image":{"@type":"ImageObject","inLanguage":"va-ES","@id":"https:\/\/secure.gravatar.com\/avatar\/a21ec8835290e4e02ed0886b8cb327d807d0eb6ec8ccf25d4c2a0a415f506c0d?s=96&d=mm&r=g","url":"https:\/\/secure.gravatar.com\/avatar\/a21ec8835290e4e02ed0886b8cb327d807d0eb6ec8ccf25d4c2a0a415f506c0d?s=96&d=mm&r=g","contentUrl":"https:\/\/secure.gravatar.com\/avatar\/a21ec8835290e4e02ed0886b8cb327d807d0eb6ec8ccf25d4c2a0a415f506c0d?s=96&d=mm&r=g","caption":"Lluis"},"url":"https:\/\/canfali.com\/ca-es\/author\/lluis\/"}]}},"_links":{"self":[{"href":"https:\/\/canfali.com\/ca-es\/wp-json\/wp\/v2\/posts\/78459","targetHints":{"allow":["GET"]}}],"collection":[{"href":"https:\/\/canfali.com\/ca-es\/wp-json\/wp\/v2\/posts"}],"about":[{"href":"https:\/\/canfali.com\/ca-es\/wp-json\/wp\/v2\/types\/post"}],"author":[{"embeddable":true,"href":"https:\/\/canfali.com\/ca-es\/wp-json\/wp\/v2\/users\/8"}],"replies":[{"embeddable":true,"href":"https:\/\/canfali.com\/ca-es\/wp-json\/wp\/v2\/comments?post=78459"}],"version-history":[{"count":1,"href":"https:\/\/canfali.com\/ca-es\/wp-json\/wp\/v2\/posts\/78459\/revisions"}],"predecessor-version":[{"id":78460,"href":"https:\/\/canfali.com\/ca-es\/wp-json\/wp\/v2\/posts\/78459\/revisions\/78460"}],"wp:featuredmedia":[{"embeddable":true,"href":"https:\/\/canfali.com\/ca-es\/wp-json\/wp\/v2\/media\/78456"}],"wp:attachment":[{"href":"https:\/\/canfali.com\/ca-es\/wp-json\/wp\/v2\/media?parent=78459"}],"wp:term":[{"taxonomy":"category","embeddable":true,"href":"https:\/\/canfali.com\/ca-es\/wp-json\/wp\/v2\/categories?post=78459"},{"taxonomy":"post_tag","embeddable":true,"href":"https:\/\/canfali.com\/ca-es\/wp-json\/wp\/v2\/tags?post=78459"}],"curies":[{"name":"wp","href":"https:\/\/api.w.org\/{rel}","templated":true}]}}