{"id":78451,"date":"2025-10-15T22:36:46","date_gmt":"2025-10-15T20:36:46","guid":{"rendered":"https:\/\/canfali.com\/quinta-marxa-contra-el-cancer-a-xabia\/"},"modified":"2025-10-15T22:37:34","modified_gmt":"2025-10-15T20:37:34","slug":"quinta-marxa-contra-el-cancer-a-xabia","status":"publish","type":"post","link":"https:\/\/canfali.com\/ca-es\/quinta-marxa-contra-el-cancer-a-xabia\/","title":{"rendered":"Quinta Marxa Contra el C\u00e0ncer a X\u00e0bia"},"content":{"rendered":"\n<p>L&#8217;Ajuntament de X\u00e0bia ha presentat oficialment la cinquena edici\u00f3 de la Marxa Contra el C\u00e0ncer, una cita solid\u00e0ria que, any rere any, mobilitza centenars de ve\u00efns i ve\u00efnes amb l&#8217;objectiu de visibilitzar la lluita contra aquesta malaltia i recaptar fons per a la investigaci\u00f3 oncol\u00f2gica.<br\/><\/p>\n\n<p>En la presentaci\u00f3 d&#8217;aquesta prova, celebrada a l&#8217;Ajuntament, han intervingut el regidor d&#8217;Esports, Toni Molina; la regidora de Serveis Socials i Sanitat, Raquel Violero; i la presidenta de la Junta Local de l&#8217;Associaci\u00f3 Espanyola Contra el C\u00e0ncer, Carmen Hern\u00e1ndez. Tots ells han coincidit en destacar el valor d&#8217;aquesta marxa com un exemple d&#8217;uni\u00f3, empatia i comprom\u00eds ciutad\u00e0.<br\/><\/p>\n\n<p>La V Marxa Contra el C\u00e0ncer es celebrar\u00e0 el diumenge 26 d&#8217;octubre, amb eixida a les 10 hores des de l&#8217;Avinguda Jaime I de Duanes. El recorregut ser\u00e0 accessible i simb\u00f2lic, portant els participants fins a la platja de l&#8217;Arenal abans de tornar al punt de partida. La inscripci\u00f3, amb un cost solidari de set euros, inclou dorsal, samarreta commemorativa i motxilla. Les inscripcions es poden formalitzar a trav\u00e9s de la Junta Local Contra el C\u00e0ncer o en la p\u00e0gina web de somesport.com. A m\u00e9s, amb cada dorsal, els participants podran optar a una rifa solid\u00e0ria amb diversos obsequis donats per comer\u00e7os i entitats col\u00b7laboradores.<br\/><\/p>\n\n<p>Abans de la eixida, es realitzar\u00e0 un calentament col\u00b7lectiu i, en finalitzar la marxa, una sessi\u00f3 de tornada a la calma amb m\u00fasica i exercicis d&#8217;estirament. Aquestes activitats busquen fomentar la participaci\u00f3 i crear un ambient alegre i saludable per a tots els assistents.<br\/><\/p>\n\n<p>Tota la recaptaci\u00f3 obtinguda de les inscripcions ser\u00e0 destinada \u00edntegrament a l&#8217;Associaci\u00f3 Espanyola Contra el C\u00e0ncer, amb l&#8217;objectiu de donar suport a projectes d&#8217;investigaci\u00f3 i programes d&#8217;atenci\u00f3 i acompanyament a les persones afectades per la malaltia i les seues fam\u00edlies.<br\/><\/p>\n\n<p>L&#8217;Ajuntament de X\u00e0bia ha agra\u00eft la col\u00b7laboraci\u00f3 de Protecci\u00f3 Civil, la Policia Local, les associacions i el voluntariat, el suport dels quals fa possible aquesta jornada. A m\u00e9s, convida tota la ciutadania a sumar-se a un esdeveniment que combina esport, salut i solidaritat.<br\/><\/p>\n","protected":false},"excerpt":{"rendered":"L&#8217;Ajuntament de X\u00e0bia ha presentat oficialment la cinquena edici\u00f3 de la Marxa Contra el C\u00e0ncer, una cita solid\u00e0ria&hellip;","protected":false},"author":8,"featured_media":78449,"comment_status":"closed","ping_status":"closed","sticky":false,"template":"","format":"standard","meta":{"csco_display_header_overlay":false,"csco_singular_sidebar":"","csco_page_header_type":"","csco_page_load_nextpost":"","csco_post_video_location":[],"csco_post_video_location_hash":"","csco_post_video_url":"","csco_post_video_bg_start_time":0,"csco_post_video_bg_end_time":0,"footnotes":""},"categories":[598,594],"tags":[],"class_list":{"0":"post-78451","1":"post","2":"type-post","3":"status-publish","4":"format-standard","5":"has-post-thumbnail","7":"category-esports","8":"category-societat","9":"cs-entry","10":"cs-video-wrap"},"yoast_head":"<!-- This site is optimized with the Yoast SEO Premium plugin v26.6 (Yoast SEO v27.3) - https:\/\/yoast.com\/product\/yoast-seo-premium-wordpress\/ -->\n<title>Quinta Marxa Contra el C\u00e0ncer a X\u00e0bia - Canfali<\/title>\n<meta name=\"robots\" content=\"index, follow, max-snippet:-1, max-image-preview:large, max-video-preview:-1\" \/>\n<link rel=\"canonical\" href=\"https:\/\/canfali.com\/ca-es\/quinta-marxa-contra-el-cancer-a-xabia\/\" \/>\n<meta property=\"og:locale\" content=\"en_US\" \/>\n<meta property=\"og:type\" content=\"article\" \/>\n<meta property=\"og:title\" content=\"Quinta Marxa Contra el C\u00e0ncer a X\u00e0bia\" \/>\n<meta property=\"og:description\" content=\"L&#8217;Ajuntament de X\u00e0bia ha presentat oficialment la cinquena edici\u00f3 de la Marxa Contra el C\u00e0ncer, una cita solid\u00e0ria&hellip;\" \/>\n<meta property=\"og:url\" content=\"https:\/\/canfali.com\/ca-es\/quinta-marxa-contra-el-cancer-a-xabia\/\" \/>\n<meta property=\"og:site_name\" content=\"Canfali\" \/>\n<meta property=\"article:publisher\" content=\"https:\/\/es-es.facebook.com\/CANFALIMarinaAlta\" \/>\n<meta property=\"article:published_time\" content=\"2025-10-15T20:36:46+00:00\" \/>\n<meta property=\"article:modified_time\" content=\"2025-10-15T20:37:34+00:00\" \/>\n<meta property=\"og:image\" content=\"https:\/\/canfali.com\/app\/uploads\/2025\/10\/8cancer-scaled.jpg\" \/>\n\t<meta property=\"og:image:width\" content=\"2560\" \/>\n\t<meta property=\"og:image:height\" content=\"1920\" \/>\n\t<meta property=\"og:image:type\" content=\"image\/jpeg\" \/>\n<meta name=\"author\" content=\"Lluis\" \/>\n<meta name=\"twitter:card\" content=\"summary_large_image\" \/>\n<meta name=\"twitter:creator\" content=\"@canfalima\" \/>\n<meta name=\"twitter:site\" content=\"@canfalima\" \/>\n<meta name=\"twitter:label1\" content=\"Written by\" \/>\n\t<meta name=\"twitter:data1\" content=\"Lluis\" \/>\n\t<meta name=\"twitter:label2\" content=\"Est. reading time\" \/>\n\t<meta name=\"twitter:data2\" content=\"2 minutes\" \/>\n<script type=\"application\/ld+json\" class=\"yoast-schema-graph\">{\"@context\":\"https:\\\/\\\/schema.org\",\"@graph\":[{\"@type\":\"NewsArticle\",\"@id\":\"https:\\\/\\\/canfali.com\\\/ca-es\\\/quinta-marxa-contra-el-cancer-a-xabia\\\/#article\",\"isPartOf\":{\"@id\":\"https:\\\/\\\/canfali.com\\\/ca-es\\\/quinta-marxa-contra-el-cancer-a-xabia\\\/\"},\"author\":{\"name\":\"Lluis\",\"@id\":\"https:\\\/\\\/canfali.com\\\/ca-es\\\/#\\\/schema\\\/person\\\/f540a86fb33e10daaae53c59ceaa1194\"},\"headline\":\"Quinta Marxa Contra el C\u00e0ncer a X\u00e0bia\",\"datePublished\":\"2025-10-15T20:36:46+00:00\",\"dateModified\":\"2025-10-15T20:37:34+00:00\",\"mainEntityOfPage\":{\"@id\":\"https:\\\/\\\/canfali.com\\\/ca-es\\\/quinta-marxa-contra-el-cancer-a-xabia\\\/\"},\"wordCount\":385,\"publisher\":{\"@id\":\"https:\\\/\\\/canfali.com\\\/ca-es\\\/#organization\"},\"image\":{\"@id\":\"https:\\\/\\\/canfali.com\\\/ca-es\\\/quinta-marxa-contra-el-cancer-a-xabia\\\/#primaryimage\"},\"thumbnailUrl\":\"https:\\\/\\\/canfali.com\\\/app\\\/uploads\\\/2025\\\/10\\\/8cancer-scaled.jpg\",\"articleSection\":[\"Esports\",\"Societat\"],\"inLanguage\":\"va-ES\",\"copyrightYear\":\"2025\",\"copyrightHolder\":{\"@id\":\"https:\\\/\\\/canfali.com\\\/#organization\"}},{\"@type\":\"WebPage\",\"@id\":\"https:\\\/\\\/canfali.com\\\/ca-es\\\/quinta-marxa-contra-el-cancer-a-xabia\\\/\",\"url\":\"https:\\\/\\\/canfali.com\\\/ca-es\\\/quinta-marxa-contra-el-cancer-a-xabia\\\/\",\"name\":\"Quinta Marxa Contra el C\u00e0ncer a X\u00e0bia - Canfali\",\"isPartOf\":{\"@id\":\"https:\\\/\\\/canfali.com\\\/ca-es\\\/#website\"},\"primaryImageOfPage\":{\"@id\":\"https:\\\/\\\/canfali.com\\\/ca-es\\\/quinta-marxa-contra-el-cancer-a-xabia\\\/#primaryimage\"},\"image\":{\"@id\":\"https:\\\/\\\/canfali.com\\\/ca-es\\\/quinta-marxa-contra-el-cancer-a-xabia\\\/#primaryimage\"},\"thumbnailUrl\":\"https:\\\/\\\/canfali.com\\\/app\\\/uploads\\\/2025\\\/10\\\/8cancer-scaled.jpg\",\"datePublished\":\"2025-10-15T20:36:46+00:00\",\"dateModified\":\"2025-10-15T20:37:34+00:00\",\"breadcrumb\":{\"@id\":\"https:\\\/\\\/canfali.com\\\/ca-es\\\/quinta-marxa-contra-el-cancer-a-xabia\\\/#breadcrumb\"},\"inLanguage\":\"va-ES\",\"potentialAction\":[{\"@type\":\"ReadAction\",\"target\":[\"https:\\\/\\\/canfali.com\\\/ca-es\\\/quinta-marxa-contra-el-cancer-a-xabia\\\/\"]}]},{\"@type\":\"ImageObject\",\"inLanguage\":\"va-ES\",\"@id\":\"https:\\\/\\\/canfali.com\\\/ca-es\\\/quinta-marxa-contra-el-cancer-a-xabia\\\/#primaryimage\",\"url\":\"https:\\\/\\\/canfali.com\\\/app\\\/uploads\\\/2025\\\/10\\\/8cancer-scaled.jpg\",\"contentUrl\":\"https:\\\/\\\/canfali.com\\\/app\\\/uploads\\\/2025\\\/10\\\/8cancer-scaled.jpg\",\"width\":2560,\"height\":1920},{\"@type\":\"BreadcrumbList\",\"@id\":\"https:\\\/\\\/canfali.com\\\/ca-es\\\/quinta-marxa-contra-el-cancer-a-xabia\\\/#breadcrumb\",\"itemListElement\":[{\"@type\":\"ListItem\",\"position\":1,\"name\":\"Portada\",\"item\":\"https:\\\/\\\/canfali.com\\\/ca-es\\\/\"},{\"@type\":\"ListItem\",\"position\":2,\"name\":\"Quinta Marxa Contra el C\u00e0ncer a X\u00e0bia\"}]},{\"@type\":\"WebSite\",\"@id\":\"https:\\\/\\\/canfali.com\\\/ca-es\\\/#website\",\"url\":\"https:\\\/\\\/canfali.com\\\/ca-es\\\/\",\"name\":\"Canfali\",\"description\":\"\",\"publisher\":{\"@id\":\"https:\\\/\\\/canfali.com\\\/ca-es\\\/#organization\"},\"potentialAction\":[{\"@type\":\"SearchAction\",\"target\":{\"@type\":\"EntryPoint\",\"urlTemplate\":\"https:\\\/\\\/canfali.com\\\/ca-es\\\/?s={search_term_string}\"},\"query-input\":{\"@type\":\"PropertyValueSpecification\",\"valueRequired\":true,\"valueName\":\"search_term_string\"}}],\"inLanguage\":\"va-ES\"},{\"@type\":\"Organization\",\"@id\":\"https:\\\/\\\/canfali.com\\\/ca-es\\\/#organization\",\"name\":\"Canfali\",\"url\":\"https:\\\/\\\/canfali.com\\\/ca-es\\\/\",\"logo\":{\"@type\":\"ImageObject\",\"inLanguage\":\"va-ES\",\"@id\":\"https:\\\/\\\/canfali.com\\\/ca-es\\\/#\\\/schema\\\/logo\\\/image\\\/\",\"url\":\"https:\\\/\\\/canfali.com\\\/app\\\/uploads\\\/2025\\\/12\\\/canfali_marina_alta_logo.png\",\"contentUrl\":\"https:\\\/\\\/canfali.com\\\/app\\\/uploads\\\/2025\\\/12\\\/canfali_marina_alta_logo.png\",\"width\":225,\"height\":225,\"caption\":\"Canfali\"},\"image\":{\"@id\":\"https:\\\/\\\/canfali.com\\\/ca-es\\\/#\\\/schema\\\/logo\\\/image\\\/\"},\"sameAs\":[\"https:\\\/\\\/es-es.facebook.com\\\/CANFALIMarinaAlta\",\"https:\\\/\\\/x.com\\\/canfalima\",\"https:\\\/\\\/www.instagram.com\\\/canfalimarinaalta\\\/\"]},{\"@type\":\"Person\",\"@id\":\"https:\\\/\\\/canfali.com\\\/ca-es\\\/#\\\/schema\\\/person\\\/f540a86fb33e10daaae53c59ceaa1194\",\"name\":\"Lluis\",\"image\":{\"@type\":\"ImageObject\",\"inLanguage\":\"va-ES\",\"@id\":\"https:\\\/\\\/secure.gravatar.com\\\/avatar\\\/a21ec8835290e4e02ed0886b8cb327d807d0eb6ec8ccf25d4c2a0a415f506c0d?s=96&d=mm&r=g\",\"url\":\"https:\\\/\\\/secure.gravatar.com\\\/avatar\\\/a21ec8835290e4e02ed0886b8cb327d807d0eb6ec8ccf25d4c2a0a415f506c0d?s=96&d=mm&r=g\",\"contentUrl\":\"https:\\\/\\\/secure.gravatar.com\\\/avatar\\\/a21ec8835290e4e02ed0886b8cb327d807d0eb6ec8ccf25d4c2a0a415f506c0d?s=96&d=mm&r=g\",\"caption\":\"Lluis\"},\"url\":\"https:\\\/\\\/canfali.com\\\/ca-es\\\/author\\\/lluis\\\/\"}]}<\/script>\n<!-- \/ Yoast SEO Premium plugin. -->","yoast_head_json":{"title":"Quinta Marxa Contra el C\u00e0ncer a X\u00e0bia - Canfali","robots":{"index":"index","follow":"follow","max-snippet":"max-snippet:-1","max-image-preview":"max-image-preview:large","max-video-preview":"max-video-preview:-1"},"canonical":"https:\/\/canfali.com\/ca-es\/quinta-marxa-contra-el-cancer-a-xabia\/","og_locale":"en_US","og_type":"article","og_title":"Quinta Marxa Contra el C\u00e0ncer a X\u00e0bia","og_description":"L&#8217;Ajuntament de X\u00e0bia ha presentat oficialment la cinquena edici\u00f3 de la Marxa Contra el C\u00e0ncer, una cita solid\u00e0ria&hellip;","og_url":"https:\/\/canfali.com\/ca-es\/quinta-marxa-contra-el-cancer-a-xabia\/","og_site_name":"Canfali","article_publisher":"https:\/\/es-es.facebook.com\/CANFALIMarinaAlta","article_published_time":"2025-10-15T20:36:46+00:00","article_modified_time":"2025-10-15T20:37:34+00:00","og_image":[{"width":2560,"height":1920,"url":"https:\/\/canfali.com\/app\/uploads\/2025\/10\/8cancer-scaled.jpg","type":"image\/jpeg"}],"author":"Lluis","twitter_card":"summary_large_image","twitter_creator":"@canfalima","twitter_site":"@canfalima","twitter_misc":{"Written by":"Lluis","Est. reading time":"2 minutes"},"schema":{"@context":"https:\/\/schema.org","@graph":[{"@type":"NewsArticle","@id":"https:\/\/canfali.com\/ca-es\/quinta-marxa-contra-el-cancer-a-xabia\/#article","isPartOf":{"@id":"https:\/\/canfali.com\/ca-es\/quinta-marxa-contra-el-cancer-a-xabia\/"},"author":{"name":"Lluis","@id":"https:\/\/canfali.com\/ca-es\/#\/schema\/person\/f540a86fb33e10daaae53c59ceaa1194"},"headline":"Quinta Marxa Contra el C\u00e0ncer a X\u00e0bia","datePublished":"2025-10-15T20:36:46+00:00","dateModified":"2025-10-15T20:37:34+00:00","mainEntityOfPage":{"@id":"https:\/\/canfali.com\/ca-es\/quinta-marxa-contra-el-cancer-a-xabia\/"},"wordCount":385,"publisher":{"@id":"https:\/\/canfali.com\/ca-es\/#organization"},"image":{"@id":"https:\/\/canfali.com\/ca-es\/quinta-marxa-contra-el-cancer-a-xabia\/#primaryimage"},"thumbnailUrl":"https:\/\/canfali.com\/app\/uploads\/2025\/10\/8cancer-scaled.jpg","articleSection":["Esports","Societat"],"inLanguage":"va-ES","copyrightYear":"2025","copyrightHolder":{"@id":"https:\/\/canfali.com\/#organization"}},{"@type":"WebPage","@id":"https:\/\/canfali.com\/ca-es\/quinta-marxa-contra-el-cancer-a-xabia\/","url":"https:\/\/canfali.com\/ca-es\/quinta-marxa-contra-el-cancer-a-xabia\/","name":"Quinta Marxa Contra el C\u00e0ncer a X\u00e0bia - Canfali","isPartOf":{"@id":"https:\/\/canfali.com\/ca-es\/#website"},"primaryImageOfPage":{"@id":"https:\/\/canfali.com\/ca-es\/quinta-marxa-contra-el-cancer-a-xabia\/#primaryimage"},"image":{"@id":"https:\/\/canfali.com\/ca-es\/quinta-marxa-contra-el-cancer-a-xabia\/#primaryimage"},"thumbnailUrl":"https:\/\/canfali.com\/app\/uploads\/2025\/10\/8cancer-scaled.jpg","datePublished":"2025-10-15T20:36:46+00:00","dateModified":"2025-10-15T20:37:34+00:00","breadcrumb":{"@id":"https:\/\/canfali.com\/ca-es\/quinta-marxa-contra-el-cancer-a-xabia\/#breadcrumb"},"inLanguage":"va-ES","potentialAction":[{"@type":"ReadAction","target":["https:\/\/canfali.com\/ca-es\/quinta-marxa-contra-el-cancer-a-xabia\/"]}]},{"@type":"ImageObject","inLanguage":"va-ES","@id":"https:\/\/canfali.com\/ca-es\/quinta-marxa-contra-el-cancer-a-xabia\/#primaryimage","url":"https:\/\/canfali.com\/app\/uploads\/2025\/10\/8cancer-scaled.jpg","contentUrl":"https:\/\/canfali.com\/app\/uploads\/2025\/10\/8cancer-scaled.jpg","width":2560,"height":1920},{"@type":"BreadcrumbList","@id":"https:\/\/canfali.com\/ca-es\/quinta-marxa-contra-el-cancer-a-xabia\/#breadcrumb","itemListElement":[{"@type":"ListItem","position":1,"name":"Portada","item":"https:\/\/canfali.com\/ca-es\/"},{"@type":"ListItem","position":2,"name":"Quinta Marxa Contra el C\u00e0ncer a X\u00e0bia"}]},{"@type":"WebSite","@id":"https:\/\/canfali.com\/ca-es\/#website","url":"https:\/\/canfali.com\/ca-es\/","name":"Canfali","description":"","publisher":{"@id":"https:\/\/canfali.com\/ca-es\/#organization"},"potentialAction":[{"@type":"SearchAction","target":{"@type":"EntryPoint","urlTemplate":"https:\/\/canfali.com\/ca-es\/?s={search_term_string}"},"query-input":{"@type":"PropertyValueSpecification","valueRequired":true,"valueName":"search_term_string"}}],"inLanguage":"va-ES"},{"@type":"Organization","@id":"https:\/\/canfali.com\/ca-es\/#organization","name":"Canfali","url":"https:\/\/canfali.com\/ca-es\/","logo":{"@type":"ImageObject","inLanguage":"va-ES","@id":"https:\/\/canfali.com\/ca-es\/#\/schema\/logo\/image\/","url":"https:\/\/canfali.com\/app\/uploads\/2025\/12\/canfali_marina_alta_logo.png","contentUrl":"https:\/\/canfali.com\/app\/uploads\/2025\/12\/canfali_marina_alta_logo.png","width":225,"height":225,"caption":"Canfali"},"image":{"@id":"https:\/\/canfali.com\/ca-es\/#\/schema\/logo\/image\/"},"sameAs":["https:\/\/es-es.facebook.com\/CANFALIMarinaAlta","https:\/\/x.com\/canfalima","https:\/\/www.instagram.com\/canfalimarinaalta\/"]},{"@type":"Person","@id":"https:\/\/canfali.com\/ca-es\/#\/schema\/person\/f540a86fb33e10daaae53c59ceaa1194","name":"Lluis","image":{"@type":"ImageObject","inLanguage":"va-ES","@id":"https:\/\/secure.gravatar.com\/avatar\/a21ec8835290e4e02ed0886b8cb327d807d0eb6ec8ccf25d4c2a0a415f506c0d?s=96&d=mm&r=g","url":"https:\/\/secure.gravatar.com\/avatar\/a21ec8835290e4e02ed0886b8cb327d807d0eb6ec8ccf25d4c2a0a415f506c0d?s=96&d=mm&r=g","contentUrl":"https:\/\/secure.gravatar.com\/avatar\/a21ec8835290e4e02ed0886b8cb327d807d0eb6ec8ccf25d4c2a0a415f506c0d?s=96&d=mm&r=g","caption":"Lluis"},"url":"https:\/\/canfali.com\/ca-es\/author\/lluis\/"}]}},"_links":{"self":[{"href":"https:\/\/canfali.com\/ca-es\/wp-json\/wp\/v2\/posts\/78451","targetHints":{"allow":["GET"]}}],"collection":[{"href":"https:\/\/canfali.com\/ca-es\/wp-json\/wp\/v2\/posts"}],"about":[{"href":"https:\/\/canfali.com\/ca-es\/wp-json\/wp\/v2\/types\/post"}],"author":[{"embeddable":true,"href":"https:\/\/canfali.com\/ca-es\/wp-json\/wp\/v2\/users\/8"}],"replies":[{"embeddable":true,"href":"https:\/\/canfali.com\/ca-es\/wp-json\/wp\/v2\/comments?post=78451"}],"version-history":[{"count":1,"href":"https:\/\/canfali.com\/ca-es\/wp-json\/wp\/v2\/posts\/78451\/revisions"}],"predecessor-version":[{"id":78452,"href":"https:\/\/canfali.com\/ca-es\/wp-json\/wp\/v2\/posts\/78451\/revisions\/78452"}],"wp:featuredmedia":[{"embeddable":true,"href":"https:\/\/canfali.com\/ca-es\/wp-json\/wp\/v2\/media\/78449"}],"wp:attachment":[{"href":"https:\/\/canfali.com\/ca-es\/wp-json\/wp\/v2\/media?parent=78451"}],"wp:term":[{"taxonomy":"category","embeddable":true,"href":"https:\/\/canfali.com\/ca-es\/wp-json\/wp\/v2\/categories?post=78451"},{"taxonomy":"post_tag","embeddable":true,"href":"https:\/\/canfali.com\/ca-es\/wp-json\/wp\/v2\/tags?post=78451"}],"curies":[{"name":"wp","href":"https:\/\/api.w.org\/{rel}","templated":true}]}}