{"id":78093,"date":"2025-10-09T10:47:24","date_gmt":"2025-10-09T08:47:24","guid":{"rendered":"https:\/\/canfali.com\/carlos-mazon-guixot-vixca-vixca-vixca\/"},"modified":"2025-10-09T10:49:51","modified_gmt":"2025-10-09T08:49:51","slug":"carlos-mazon-guixot-vixca-vixca-vixca","status":"publish","type":"post","link":"https:\/\/canfali.com\/ca-es\/carlos-mazon-guixot-vixca-vixca-vixca\/","title":{"rendered":"CARLOS MAZ\u00d3N GUIXOT (*)\/ Vixca, vixca, vixca"},"content":{"rendered":"\n<p><\/p>\n\n<p>(*) President de la Generalitat.<\/p>\n\n<p><\/p>\n\n<p><br\/>Les \u00faltimes paraules que sempre ressonen en el Sal\u00f3 de Corts del Palau de la Generalitat per a tancar l&#8217;acte institucional del Nou d\u2019Octubre no es pronuncien, es canten: \u201cVixca, Vixca, Vixca\u201d. Aix\u00ed va concloure Maximiliano Thous, de pr\u00f2pia m\u00e0, l&#8217;\u00faltim vers de l&#8217;Himne de l&#8217;Exposici\u00f3 que el mestre Jos\u00e9 Serrano va compondre en 1909. Enguany, el Nou d\u2019Octubre ve marcat \u2013a m\u00e9s de per la trag\u00e8dia que vam patir amb les riuades de l&#8217;any passat\u2013 per la commemoraci\u00f3 del centenari de l&#8217;aprovaci\u00f3 de la pe\u00e7a com a Himne Regional pels ajuntaments d&#8217;Alacant, Castell\u00f3 i Val\u00e8ncia. <br\/>Encara que va ser creat per a un esdeveniment concret, els valencians van adoptar l&#8217;Himne com a part de la seua identitat col\u00b7lectiva molt abans que una llei el consagrara oficialment. A difer\u00e8ncia d&#8217;uns altres que van n\u00e0ixer de conflictes, el valenci\u00e0 va sorgir de la voluntat d&#8217;un poble de mostrar al m\u00f3n el seu art, la seua ci\u00e8ncia i la seua capacitat per al progr\u00e9s. Per aix\u00f2 \u00e9s un himne que no va contra ning\u00fa, sin\u00f3 a favor de tots, i que parla d&#8217;hist\u00f2ria comuna, treball, progr\u00e9s, naturalesa, llibertat, futur i pau.<br\/>L&#8217;himne mostra qu\u00e8 hem sigut, enaltix qu\u00e8 som i inspira qu\u00e8 volem ser. Ac\u00ed residix el secret de la seua popularitat. Les seues notes i paraules ens han acompanyat en moments dol\u00e7os i tamb\u00e9 en els m\u00e9s amargs, com els viscuts fa quasi un any, quan la pitjor cat\u00e0strofe natural de la hist\u00f2ria recent d&#8217;Espanya va colpejar la nostra terra.<br\/>Per aix\u00f2, este Nou d\u2019Octubre rendim homenatge i recordem amb emoci\u00f3 les v\u00edctimes de les riuades de l&#8217;any passat, renovem els nostres condols i respecte a les seues fam\u00edlies i reforcem el nostre comprom\u00eds de solidaritat per als afectats i damnificats, pels qui continuem treballant incansablement per a la seua recuperaci\u00f3 material i emocional.<br\/>La magnitud de la trag\u00e8dia no t\u00e9 precedents. Tampoc els va tindre la resposta solid\u00e0ria que vam rebre de tot el poble espanyol. Per aix\u00f2, enguany atorguem l&#8217;Alta Distinci\u00f3 a les comunitats aut\u00f2nomes i la Distinci\u00f3 de la Generalitat a la solidaritat mostrada amb els valencians que van patir la riuada, amb mencions a dotzenes de persones, institucions i empreses com a mostra d&#8217;agra\u00efment per l&#8217;ajuda rebuda. Estos reconeixements s\u00f3n tamb\u00e9 una mirada cap a l&#8217;esperan\u00e7a i la capacitat del poble valenci\u00e0, que s&#8217;al\u00e7a de la m\u00e0 de la resta d&#8217;Espanya per a reconstruir tot el que hem perdut i per a previndre cat\u00e0strofes futures.<br\/>Seria impossible enumerar totes les mostres de solidaritat que vam rebre. Van ser molts els que van portar el seu comprom\u00eds m\u00e9s enll\u00e0 del deure i van demostrar un esperit fraternal que va omplir els cors de tota Espanya, mentres la Generalitat assumia el major repte de la seua hist\u00f2ria.<br\/>Un repte que hem dut a terme amb recursos propis i que involucra tots els departaments de la Generalitat. Un esfor\u00e7 que s&#8217;ha centrat en les v\u00edctimes, les seues fam\u00edlies, els afectats, aut\u00f2noms i empreses damnificades. Tamb\u00e9 s&#8217;han reconstru\u00eft infraestructures essencials com el metro, carreteres, depuradores, centres de salut i educatius.<br\/>Mai abans la Generalitat havia realitzat un desplegament semblant de recursos econ\u00f2mics i de gesti\u00f3. La tasca encara no ha concl\u00f2s, continuem treballant perqu\u00e8 la recuperaci\u00f3 no es detinga i perqu\u00e8 els plans dissenyats permeten previndre o mitigar emerg\u00e8ncies futures.<br\/>El Nou d\u2019Octubre no \u00e9s una efem\u00e8ride m\u00e9s. \u00c9s una realitat viva i festiva, present en els carrers dels nostres pobles i ciutats. \u00c9s l&#8217;expressi\u00f3 d&#8217;una identitat constru\u00efda des de la col\u00b7laboraci\u00f3, no des del conflicte. Des del dret i no des del privilegi i que t\u00e9 en les nostres institucions d&#8217;autogovern \u2013la Generalitat\u2013 la seua m\u00e0xima expressi\u00f3 institucional i pol\u00edtica.<br\/>Per aix\u00f2, el respecte i la lleialtat cap a elles no poden dependre de conjuntures passatgeres ni d\u2019interessos particulars. Les nostres institucions, com les nostres senyes d&#8217;identitat, pertanyen al poble valenci\u00e0 i s\u00f3n garantia d&#8217;estabilitat i defensa enfront de decisions que, objectivament, ens perjudiquen.<br\/>Enfortir l&#8217;estabilitat institucional requerix continu\u00eftat i renovaci\u00f3. I per aix\u00f2, encara que el context no siga el m\u00e9s favorable, hem de mostrar unitat i al\u00e7ar la mirada perqu\u00e8 les nostres institucions continuen generant la confian\u00e7a que necessitem per a la recuperaci\u00f3 i per a continuar avan\u00e7ant cap al futur.<br\/>\u00c9s moment d&#8217;obrir cam\u00ed, de demostrar que sabem acordar per a mantindre sa i fort el nostre autogovern. Que en el moment m\u00e9s complex, vam saber canviar el pas en nom de tots.<br\/>La recuperaci\u00f3 despr\u00e9s de les riuades \u00e9s el major repte que enfronta la Generalitat, per\u00f2 no l&#8217;\u00fanic. De l&#8217;Administraci\u00f3 auton\u00f2mica dep\u00e9n la prestaci\u00f3 de servicis p\u00fablics essencials com l&#8217;educaci\u00f3, la sanitat i l&#8217;atenci\u00f3 a la depend\u00e8ncia. Servicis que definixen a una societat avan\u00e7ada i que han d&#8217;estar a l&#8217;altura del que mereixen els habitants d&#8217;Alacant, Castell\u00f3 i Val\u00e8ncia.<br\/>El benestar de cinc milions de persones \u00e9s fonamental. Per aix\u00f2, continuar\u00e9 reclamant un sistema de finan\u00e7ament just, basat en criteris objectius i no en privilegis. L&#8217;Estat auton\u00f2mic \u00e9s el major \u00e8xit de la nostra hist\u00f2ria pol\u00edtica i no ha de malmetre&#8217;s per decisions curtterministes i esp\u00faries.<br\/>No es pot garantir una atenci\u00f3 sanit\u00e0ria de qualitat ni un sistema educatiu efica\u00e7 sense els fons necessaris. Tampoc es pot atendre els m\u00e9s vulnerables si el deute del Govern en mat\u00e8ria de depend\u00e8ncia se salda amb excuses i retards. No podem mantindre la competitivitat del nostre teixit productiu sense aigua per als nostres camps ni infraestructures estrat\u00e8giques per a la nostra ind\u00fastria. Tampoc podem continuar liderant sectors com el turisme si s&#8217;imposen traves o augments fiscals injustificats.<br\/>Fa dos anys i mig, la societat valenciana va expressar en les urnes la seua voluntat de canvi. I eixe canvi ja dona fruits. La Comunitat Valenciana continua creixent, continua sent terra d&#8217;oportunitats, amb una administraci\u00f3 que oferix estabilitat, efic\u00e0cia i llibertat.<br\/>Estabilitat fiscal, efic\u00e0cia administrativa i llibertat per a emprendre, que propicien inversi\u00f3 i ocupaci\u00f3. Mai abans va haver tanta inversi\u00f3 ni tanta gent treballant. Tamb\u00e9 hi ha estabilitat institucional, efic\u00e0cia en pol\u00edtiques p\u00fabliques i llibertat per a les fam\u00edlies, per a decidir com educar els seus fills, per a reduir llistes d&#8217;espera, impulsar infraestructures, protegir el nostre patrimoni i fomentar la cultura, la ci\u00e8ncia i l&#8217;esport.<br\/><br\/>Tots els Nou d\u2019Octubre s\u00f3n especials, per\u00f2 este ho \u00e9s encara m\u00e9s perqu\u00e8, des del record, emoci\u00f3 i permanent homenatge per les v\u00edctimes, els damnificats i els afectats, ha de marcar l&#8217;inici d&#8217;un temps nou d&#8217;esperan\u00e7a i unitat. <br\/><\/p>\n\n<p>   <\/p>\n\n<p>      <\/p>\n\n<p>     <\/p>\n\n<p>     <\/p>\n\n<p>  <\/p>\n\n<p>   <\/p>\n\n<p>   <\/p>\n\n<p>   <\/p>\n\n<p>  <\/p>\n\n<p>   <\/p>\n\n<p>   <\/p>\n\n<p>   <\/p>\n\n<p>    <\/p>\n\n<p>    <\/p>\n\n<p>    <\/p>\n\n<p>   <\/p>\n\n<p>    <\/p>\n","protected":false},"excerpt":{"rendered":"(*) President de la Generalitat. Les \u00faltimes paraules que sempre ressonen en el Sal\u00f3 de Corts del Palau&hellip;","protected":false},"author":7,"featured_media":78091,"comment_status":"closed","ping_status":"closed","sticky":false,"template":"","format":"standard","meta":{"csco_display_header_overlay":false,"csco_singular_sidebar":"","csco_page_header_type":"","csco_page_load_nextpost":"","csco_post_video_location":[],"csco_post_video_location_hash":"","csco_post_video_url":"","csco_post_video_bg_start_time":0,"csco_post_video_bg_end_time":0,"footnotes":""},"categories":[1],"tags":[3519,1906,1905],"class_list":{"0":"post-78093","1":"post","2":"type-post","3":"status-publish","4":"format-standard","5":"has-post-thumbnail","7":"category-sin-categorizar","8":"tag-9-doctubre","9":"tag-carlos-mazon","10":"tag-generalitat","11":"cs-entry","12":"cs-video-wrap"},"yoast_head":"<!-- This site is optimized with the Yoast SEO Premium plugin v26.6 (Yoast SEO v27.3) - https:\/\/yoast.com\/product\/yoast-seo-premium-wordpress\/ -->\n<title>CARLOS MAZ\u00d3N GUIXOT (*)\/ Vixca, vixca, vixca - Canfali<\/title>\n<meta name=\"robots\" content=\"index, follow, max-snippet:-1, max-image-preview:large, max-video-preview:-1\" \/>\n<link rel=\"canonical\" href=\"https:\/\/canfali.com\/ca-es\/carlos-mazon-guixot-vixca-vixca-vixca\/\" \/>\n<meta property=\"og:locale\" content=\"en_US\" \/>\n<meta property=\"og:type\" content=\"article\" \/>\n<meta property=\"og:title\" content=\"CARLOS MAZ\u00d3N GUIXOT (*)\/ Vixca, vixca, vixca\" \/>\n<meta property=\"og:description\" content=\"(*) President de la Generalitat. Les \u00faltimes paraules que sempre ressonen en el Sal\u00f3 de Corts del Palau&hellip;\" \/>\n<meta property=\"og:url\" content=\"https:\/\/canfali.com\/ca-es\/carlos-mazon-guixot-vixca-vixca-vixca\/\" \/>\n<meta property=\"og:site_name\" content=\"Canfali\" \/>\n<meta property=\"article:publisher\" content=\"https:\/\/es-es.facebook.com\/CANFALIMarinaAlta\" \/>\n<meta property=\"article:published_time\" content=\"2025-10-09T08:47:24+00:00\" \/>\n<meta property=\"article:modified_time\" content=\"2025-10-09T08:49:51+00:00\" \/>\n<meta property=\"og:image\" content=\"https:\/\/canfali.com\/app\/uploads\/2025\/10\/Foto-president-scaled.jpg\" \/>\n\t<meta property=\"og:image:width\" content=\"2560\" \/>\n\t<meta property=\"og:image:height\" content=\"1971\" \/>\n\t<meta property=\"og:image:type\" content=\"image\/jpeg\" \/>\n<meta name=\"author\" content=\"Bolta\" \/>\n<meta name=\"twitter:card\" content=\"summary_large_image\" \/>\n<meta name=\"twitter:creator\" content=\"@canfalima\" \/>\n<meta name=\"twitter:site\" content=\"@canfalima\" \/>\n<meta name=\"twitter:label1\" content=\"Written by\" \/>\n\t<meta name=\"twitter:data1\" content=\"Bolta\" \/>\n\t<meta name=\"twitter:label2\" content=\"Est. reading time\" \/>\n\t<meta name=\"twitter:data2\" content=\"6 minutes\" \/>\n<script type=\"application\/ld+json\" class=\"yoast-schema-graph\">{\"@context\":\"https:\\\/\\\/schema.org\",\"@graph\":[{\"@type\":\"NewsArticle\",\"@id\":\"https:\\\/\\\/canfali.com\\\/ca-es\\\/carlos-mazon-guixot-vixca-vixca-vixca\\\/#article\",\"isPartOf\":{\"@id\":\"https:\\\/\\\/canfali.com\\\/ca-es\\\/carlos-mazon-guixot-vixca-vixca-vixca\\\/\"},\"author\":{\"name\":\"Bolta\",\"@id\":\"https:\\\/\\\/canfali.com\\\/ca-es\\\/#\\\/schema\\\/person\\\/9c651adc904f3c4e0243f54407751557\"},\"headline\":\"CARLOS MAZ\u00d3N GUIXOT (*)\\\/ Vixca, vixca, vixca\",\"datePublished\":\"2025-10-09T08:47:24+00:00\",\"dateModified\":\"2025-10-09T08:49:51+00:00\",\"mainEntityOfPage\":{\"@id\":\"https:\\\/\\\/canfali.com\\\/ca-es\\\/carlos-mazon-guixot-vixca-vixca-vixca\\\/\"},\"wordCount\":1206,\"publisher\":{\"@id\":\"https:\\\/\\\/canfali.com\\\/ca-es\\\/#organization\"},\"image\":{\"@id\":\"https:\\\/\\\/canfali.com\\\/ca-es\\\/carlos-mazon-guixot-vixca-vixca-vixca\\\/#primaryimage\"},\"thumbnailUrl\":\"https:\\\/\\\/canfali.com\\\/app\\\/uploads\\\/2025\\\/10\\\/Foto-president-scaled.jpg\",\"keywords\":[\"9 d'Octubre\",\"Carlos Maz\u00f3n\",\"Generalitat\"],\"articleSection\":[\"Sin categorizar\"],\"inLanguage\":\"va-ES\",\"copyrightYear\":\"2025\",\"copyrightHolder\":{\"@id\":\"https:\\\/\\\/canfali.com\\\/#organization\"}},{\"@type\":\"WebPage\",\"@id\":\"https:\\\/\\\/canfali.com\\\/ca-es\\\/carlos-mazon-guixot-vixca-vixca-vixca\\\/\",\"url\":\"https:\\\/\\\/canfali.com\\\/ca-es\\\/carlos-mazon-guixot-vixca-vixca-vixca\\\/\",\"name\":\"CARLOS MAZ\u00d3N GUIXOT (*)\\\/ Vixca, vixca, vixca - Canfali\",\"isPartOf\":{\"@id\":\"https:\\\/\\\/canfali.com\\\/ca-es\\\/#website\"},\"primaryImageOfPage\":{\"@id\":\"https:\\\/\\\/canfali.com\\\/ca-es\\\/carlos-mazon-guixot-vixca-vixca-vixca\\\/#primaryimage\"},\"image\":{\"@id\":\"https:\\\/\\\/canfali.com\\\/ca-es\\\/carlos-mazon-guixot-vixca-vixca-vixca\\\/#primaryimage\"},\"thumbnailUrl\":\"https:\\\/\\\/canfali.com\\\/app\\\/uploads\\\/2025\\\/10\\\/Foto-president-scaled.jpg\",\"datePublished\":\"2025-10-09T08:47:24+00:00\",\"dateModified\":\"2025-10-09T08:49:51+00:00\",\"breadcrumb\":{\"@id\":\"https:\\\/\\\/canfali.com\\\/ca-es\\\/carlos-mazon-guixot-vixca-vixca-vixca\\\/#breadcrumb\"},\"inLanguage\":\"va-ES\",\"potentialAction\":[{\"@type\":\"ReadAction\",\"target\":[\"https:\\\/\\\/canfali.com\\\/ca-es\\\/carlos-mazon-guixot-vixca-vixca-vixca\\\/\"]}]},{\"@type\":\"ImageObject\",\"inLanguage\":\"va-ES\",\"@id\":\"https:\\\/\\\/canfali.com\\\/ca-es\\\/carlos-mazon-guixot-vixca-vixca-vixca\\\/#primaryimage\",\"url\":\"https:\\\/\\\/canfali.com\\\/app\\\/uploads\\\/2025\\\/10\\\/Foto-president-scaled.jpg\",\"contentUrl\":\"https:\\\/\\\/canfali.com\\\/app\\\/uploads\\\/2025\\\/10\\\/Foto-president-scaled.jpg\",\"width\":2560,\"height\":1971},{\"@type\":\"BreadcrumbList\",\"@id\":\"https:\\\/\\\/canfali.com\\\/ca-es\\\/carlos-mazon-guixot-vixca-vixca-vixca\\\/#breadcrumb\",\"itemListElement\":[{\"@type\":\"ListItem\",\"position\":1,\"name\":\"Portada\",\"item\":\"https:\\\/\\\/canfali.com\\\/ca-es\\\/\"},{\"@type\":\"ListItem\",\"position\":2,\"name\":\"CARLOS MAZ\u00d3N GUIXOT (*)\\\/ Vixca, vixca, vixca\"}]},{\"@type\":\"WebSite\",\"@id\":\"https:\\\/\\\/canfali.com\\\/ca-es\\\/#website\",\"url\":\"https:\\\/\\\/canfali.com\\\/ca-es\\\/\",\"name\":\"Canfali\",\"description\":\"\",\"publisher\":{\"@id\":\"https:\\\/\\\/canfali.com\\\/ca-es\\\/#organization\"},\"potentialAction\":[{\"@type\":\"SearchAction\",\"target\":{\"@type\":\"EntryPoint\",\"urlTemplate\":\"https:\\\/\\\/canfali.com\\\/ca-es\\\/?s={search_term_string}\"},\"query-input\":{\"@type\":\"PropertyValueSpecification\",\"valueRequired\":true,\"valueName\":\"search_term_string\"}}],\"inLanguage\":\"va-ES\"},{\"@type\":\"Organization\",\"@id\":\"https:\\\/\\\/canfali.com\\\/ca-es\\\/#organization\",\"name\":\"Canfali\",\"url\":\"https:\\\/\\\/canfali.com\\\/ca-es\\\/\",\"logo\":{\"@type\":\"ImageObject\",\"inLanguage\":\"va-ES\",\"@id\":\"https:\\\/\\\/canfali.com\\\/ca-es\\\/#\\\/schema\\\/logo\\\/image\\\/\",\"url\":\"https:\\\/\\\/canfali.com\\\/app\\\/uploads\\\/2025\\\/12\\\/canfali_marina_alta_logo.png\",\"contentUrl\":\"https:\\\/\\\/canfali.com\\\/app\\\/uploads\\\/2025\\\/12\\\/canfali_marina_alta_logo.png\",\"width\":225,\"height\":225,\"caption\":\"Canfali\"},\"image\":{\"@id\":\"https:\\\/\\\/canfali.com\\\/ca-es\\\/#\\\/schema\\\/logo\\\/image\\\/\"},\"sameAs\":[\"https:\\\/\\\/es-es.facebook.com\\\/CANFALIMarinaAlta\",\"https:\\\/\\\/x.com\\\/canfalima\",\"https:\\\/\\\/www.instagram.com\\\/canfalimarinaalta\\\/\"]},{\"@type\":\"Person\",\"@id\":\"https:\\\/\\\/canfali.com\\\/ca-es\\\/#\\\/schema\\\/person\\\/9c651adc904f3c4e0243f54407751557\",\"name\":\"Bolta\",\"image\":{\"@type\":\"ImageObject\",\"inLanguage\":\"va-ES\",\"@id\":\"https:\\\/\\\/secure.gravatar.com\\\/avatar\\\/550a5d97fe3cfba5caf077b9600e46529e1977e9d14396836e775d6d9d895a81?s=96&d=mm&r=g\",\"url\":\"https:\\\/\\\/secure.gravatar.com\\\/avatar\\\/550a5d97fe3cfba5caf077b9600e46529e1977e9d14396836e775d6d9d895a81?s=96&d=mm&r=g\",\"contentUrl\":\"https:\\\/\\\/secure.gravatar.com\\\/avatar\\\/550a5d97fe3cfba5caf077b9600e46529e1977e9d14396836e775d6d9d895a81?s=96&d=mm&r=g\",\"caption\":\"Bolta\"},\"url\":\"https:\\\/\\\/canfali.com\\\/ca-es\\\/author\\\/bolta\\\/\"}]}<\/script>\n<!-- \/ Yoast SEO Premium plugin. -->","yoast_head_json":{"title":"CARLOS MAZ\u00d3N GUIXOT (*)\/ Vixca, vixca, vixca - Canfali","robots":{"index":"index","follow":"follow","max-snippet":"max-snippet:-1","max-image-preview":"max-image-preview:large","max-video-preview":"max-video-preview:-1"},"canonical":"https:\/\/canfali.com\/ca-es\/carlos-mazon-guixot-vixca-vixca-vixca\/","og_locale":"en_US","og_type":"article","og_title":"CARLOS MAZ\u00d3N GUIXOT (*)\/ Vixca, vixca, vixca","og_description":"(*) President de la Generalitat. Les \u00faltimes paraules que sempre ressonen en el Sal\u00f3 de Corts del Palau&hellip;","og_url":"https:\/\/canfali.com\/ca-es\/carlos-mazon-guixot-vixca-vixca-vixca\/","og_site_name":"Canfali","article_publisher":"https:\/\/es-es.facebook.com\/CANFALIMarinaAlta","article_published_time":"2025-10-09T08:47:24+00:00","article_modified_time":"2025-10-09T08:49:51+00:00","og_image":[{"width":2560,"height":1971,"url":"https:\/\/canfali.com\/app\/uploads\/2025\/10\/Foto-president-scaled.jpg","type":"image\/jpeg"}],"author":"Bolta","twitter_card":"summary_large_image","twitter_creator":"@canfalima","twitter_site":"@canfalima","twitter_misc":{"Written by":"Bolta","Est. reading time":"6 minutes"},"schema":{"@context":"https:\/\/schema.org","@graph":[{"@type":"NewsArticle","@id":"https:\/\/canfali.com\/ca-es\/carlos-mazon-guixot-vixca-vixca-vixca\/#article","isPartOf":{"@id":"https:\/\/canfali.com\/ca-es\/carlos-mazon-guixot-vixca-vixca-vixca\/"},"author":{"name":"Bolta","@id":"https:\/\/canfali.com\/ca-es\/#\/schema\/person\/9c651adc904f3c4e0243f54407751557"},"headline":"CARLOS MAZ\u00d3N GUIXOT (*)\/ Vixca, vixca, vixca","datePublished":"2025-10-09T08:47:24+00:00","dateModified":"2025-10-09T08:49:51+00:00","mainEntityOfPage":{"@id":"https:\/\/canfali.com\/ca-es\/carlos-mazon-guixot-vixca-vixca-vixca\/"},"wordCount":1206,"publisher":{"@id":"https:\/\/canfali.com\/ca-es\/#organization"},"image":{"@id":"https:\/\/canfali.com\/ca-es\/carlos-mazon-guixot-vixca-vixca-vixca\/#primaryimage"},"thumbnailUrl":"https:\/\/canfali.com\/app\/uploads\/2025\/10\/Foto-president-scaled.jpg","keywords":["9 d'Octubre","Carlos Maz\u00f3n","Generalitat"],"articleSection":["Sin categorizar"],"inLanguage":"va-ES","copyrightYear":"2025","copyrightHolder":{"@id":"https:\/\/canfali.com\/#organization"}},{"@type":"WebPage","@id":"https:\/\/canfali.com\/ca-es\/carlos-mazon-guixot-vixca-vixca-vixca\/","url":"https:\/\/canfali.com\/ca-es\/carlos-mazon-guixot-vixca-vixca-vixca\/","name":"CARLOS MAZ\u00d3N GUIXOT (*)\/ Vixca, vixca, vixca - Canfali","isPartOf":{"@id":"https:\/\/canfali.com\/ca-es\/#website"},"primaryImageOfPage":{"@id":"https:\/\/canfali.com\/ca-es\/carlos-mazon-guixot-vixca-vixca-vixca\/#primaryimage"},"image":{"@id":"https:\/\/canfali.com\/ca-es\/carlos-mazon-guixot-vixca-vixca-vixca\/#primaryimage"},"thumbnailUrl":"https:\/\/canfali.com\/app\/uploads\/2025\/10\/Foto-president-scaled.jpg","datePublished":"2025-10-09T08:47:24+00:00","dateModified":"2025-10-09T08:49:51+00:00","breadcrumb":{"@id":"https:\/\/canfali.com\/ca-es\/carlos-mazon-guixot-vixca-vixca-vixca\/#breadcrumb"},"inLanguage":"va-ES","potentialAction":[{"@type":"ReadAction","target":["https:\/\/canfali.com\/ca-es\/carlos-mazon-guixot-vixca-vixca-vixca\/"]}]},{"@type":"ImageObject","inLanguage":"va-ES","@id":"https:\/\/canfali.com\/ca-es\/carlos-mazon-guixot-vixca-vixca-vixca\/#primaryimage","url":"https:\/\/canfali.com\/app\/uploads\/2025\/10\/Foto-president-scaled.jpg","contentUrl":"https:\/\/canfali.com\/app\/uploads\/2025\/10\/Foto-president-scaled.jpg","width":2560,"height":1971},{"@type":"BreadcrumbList","@id":"https:\/\/canfali.com\/ca-es\/carlos-mazon-guixot-vixca-vixca-vixca\/#breadcrumb","itemListElement":[{"@type":"ListItem","position":1,"name":"Portada","item":"https:\/\/canfali.com\/ca-es\/"},{"@type":"ListItem","position":2,"name":"CARLOS MAZ\u00d3N GUIXOT (*)\/ Vixca, vixca, vixca"}]},{"@type":"WebSite","@id":"https:\/\/canfali.com\/ca-es\/#website","url":"https:\/\/canfali.com\/ca-es\/","name":"Canfali","description":"","publisher":{"@id":"https:\/\/canfali.com\/ca-es\/#organization"},"potentialAction":[{"@type":"SearchAction","target":{"@type":"EntryPoint","urlTemplate":"https:\/\/canfali.com\/ca-es\/?s={search_term_string}"},"query-input":{"@type":"PropertyValueSpecification","valueRequired":true,"valueName":"search_term_string"}}],"inLanguage":"va-ES"},{"@type":"Organization","@id":"https:\/\/canfali.com\/ca-es\/#organization","name":"Canfali","url":"https:\/\/canfali.com\/ca-es\/","logo":{"@type":"ImageObject","inLanguage":"va-ES","@id":"https:\/\/canfali.com\/ca-es\/#\/schema\/logo\/image\/","url":"https:\/\/canfali.com\/app\/uploads\/2025\/12\/canfali_marina_alta_logo.png","contentUrl":"https:\/\/canfali.com\/app\/uploads\/2025\/12\/canfali_marina_alta_logo.png","width":225,"height":225,"caption":"Canfali"},"image":{"@id":"https:\/\/canfali.com\/ca-es\/#\/schema\/logo\/image\/"},"sameAs":["https:\/\/es-es.facebook.com\/CANFALIMarinaAlta","https:\/\/x.com\/canfalima","https:\/\/www.instagram.com\/canfalimarinaalta\/"]},{"@type":"Person","@id":"https:\/\/canfali.com\/ca-es\/#\/schema\/person\/9c651adc904f3c4e0243f54407751557","name":"Bolta","image":{"@type":"ImageObject","inLanguage":"va-ES","@id":"https:\/\/secure.gravatar.com\/avatar\/550a5d97fe3cfba5caf077b9600e46529e1977e9d14396836e775d6d9d895a81?s=96&d=mm&r=g","url":"https:\/\/secure.gravatar.com\/avatar\/550a5d97fe3cfba5caf077b9600e46529e1977e9d14396836e775d6d9d895a81?s=96&d=mm&r=g","contentUrl":"https:\/\/secure.gravatar.com\/avatar\/550a5d97fe3cfba5caf077b9600e46529e1977e9d14396836e775d6d9d895a81?s=96&d=mm&r=g","caption":"Bolta"},"url":"https:\/\/canfali.com\/ca-es\/author\/bolta\/"}]}},"_links":{"self":[{"href":"https:\/\/canfali.com\/ca-es\/wp-json\/wp\/v2\/posts\/78093","targetHints":{"allow":["GET"]}}],"collection":[{"href":"https:\/\/canfali.com\/ca-es\/wp-json\/wp\/v2\/posts"}],"about":[{"href":"https:\/\/canfali.com\/ca-es\/wp-json\/wp\/v2\/types\/post"}],"author":[{"embeddable":true,"href":"https:\/\/canfali.com\/ca-es\/wp-json\/wp\/v2\/users\/7"}],"replies":[{"embeddable":true,"href":"https:\/\/canfali.com\/ca-es\/wp-json\/wp\/v2\/comments?post=78093"}],"version-history":[{"count":1,"href":"https:\/\/canfali.com\/ca-es\/wp-json\/wp\/v2\/posts\/78093\/revisions"}],"predecessor-version":[{"id":78094,"href":"https:\/\/canfali.com\/ca-es\/wp-json\/wp\/v2\/posts\/78093\/revisions\/78094"}],"wp:featuredmedia":[{"embeddable":true,"href":"https:\/\/canfali.com\/ca-es\/wp-json\/wp\/v2\/media\/78091"}],"wp:attachment":[{"href":"https:\/\/canfali.com\/ca-es\/wp-json\/wp\/v2\/media?parent=78093"}],"wp:term":[{"taxonomy":"category","embeddable":true,"href":"https:\/\/canfali.com\/ca-es\/wp-json\/wp\/v2\/categories?post=78093"},{"taxonomy":"post_tag","embeddable":true,"href":"https:\/\/canfali.com\/ca-es\/wp-json\/wp\/v2\/tags?post=78093"}],"curies":[{"name":"wp","href":"https:\/\/api.w.org\/{rel}","templated":true}]}}