{"id":77802,"date":"2025-10-06T18:09:59","date_gmt":"2025-10-06T16:09:59","guid":{"rendered":"https:\/\/canfali.com\/denia-no-recorrera-els-deslindes-de-la-costa\/"},"modified":"2025-10-06T18:28:28","modified_gmt":"2025-10-06T16:28:28","slug":"denia-no-recorrera-els-deslindes-de-la-costa","status":"publish","type":"post","link":"https:\/\/canfali.com\/ca-es\/denia-no-recorrera-els-deslindes-de-la-costa\/","title":{"rendered":"D\u00e9nia no recorrer\u00e0 els deslindes de la costa"},"content":{"rendered":"\n<figure class=\"wp-block-pullquote\"><blockquote><p>El PP acusa el govern local d&#8217;abandonar als ve\u00efns afectats<\/p><\/blockquote><\/figure>\n\n<p>PSPV i Comprom\u00eds han rebutjat rec\u00f3rrer les partions de Les Deveses i El Ppalmar en el ple celebrat este dilluns. La petici\u00f3 havia sigut feta pel PP, que va rebre els suports de VOX i gent de D\u00e9nia. Durant l&#8217;ebate van tornar a aflorar les difer\u00e8ncies de criteri entre l&#8217;equip de govern i l&#8217;oposici\u00f3 sobre les partions de la costa i la defensa dels propietaris afectats.<br\/><br\/><\/p>\n\n<p>La moci\u00f3 presentada pels populars instava l&#8217;Ajuntament a interposar un recurs contenci\u00f3s administratiu contra la decisi\u00f3 del Ministeri per a la Transici\u00f3 Ecol\u00f2gica, que afecten deu quil\u00f2metres del litoral dianense. Una quinzena de propietaris va acudir al ple per a mostrar el seu malestar i aplaudir les intervencions dels grups de l&#8217;oposici\u00f3.<br\/><br\/><br\/><br\/><\/p>\n\n<figure class=\"wp-block-image size-full\"><img fetchpriority=\"high\" decoding=\"async\" width=\"956\" height=\"674\" src=\"https:\/\/canfali.com\/app\/uploads\/2025\/10\/pleno-2.jpg\" alt=\"\" class=\"wp-image-77784\" srcset=\"https:\/\/canfali.com\/app\/uploads\/2025\/10\/pleno-2.jpg 956w, https:\/\/canfali.com\/app\/uploads\/2025\/10\/pleno-2-300x212.jpg 300w, https:\/\/canfali.com\/app\/uploads\/2025\/10\/pleno-2-768x541.jpg 768w\" sizes=\"(max-width: 956px) 100vw, 956px\" \/><\/figure>\n\n<p><br\/><br\/><br\/><br\/><br\/><br\/><br\/><br\/>La portaveu del PP, Pepa Font, va defendre la necessitat de presentar el recurs i va criticar que el Ministeri no haja at\u00e9s les al\u00b7legacions presentades pels afectats. Segons va explicar, la regressi\u00f3 del litoral es deu a factors com la retenci\u00f3 de sediments en els pantans, la construcci\u00f3 de ports esportius i les extraccions d&#8217;\u00e0rids en zones com Les  Deveses o el riu Girona, no a l&#8217;actuaci\u00f3 dels propietaris. Dirigint-se als ve\u00efns presents, va lamentar que \u201cara us diuen que les vostres cases ja no s\u00f3n vostres, que heu de demanar una concessi\u00f3 i que algun dia us diran que no podeu viure en elles sense compensaci\u00f3 econ\u00f2mica\u201d. Va afegir que \u201csi no es presenta el recurs, dins de vint anys hi haur\u00e0 una altra parti\u00f3 que afectar\u00e0 nous propietaris\u201d. Font va demanar unitat entre els partits i va assegurar que \u201cha arribat el moment d&#8217;estar al costat dels ve\u00efns i acudir com una pinya als tribunals\u201d.<br\/><br\/><\/p>\n\n<p>Des de l&#8217;equip de govern, la portaveu socialista, Maria Josep Ripoll, va justificar el vot negatiu al\u00b7legant que \u201cno impugnarem les partions per responsabilitat\u201d. Va explicar que, gr\u00e0cies a les al\u00b7legacions presentades per l&#8217;Ajuntament, el Ministeri va reduir la franja afectada de 100 a 20 metres, deixant unes vint propietats afectades. Ripoll va insistir que les partions s\u00f3n \u201cnecess\u00e0ries per a garantir la seguretat de les persones davant els temporals, protegir l&#8217;ecosistema i preservar l&#8217;acc\u00e9s p\u00fablic a la mar\u201d. A m\u00e9s, va acusar el PP de \u201cdesinformar\u201d i de donar suport a una llei auton\u00f2mica \u201cque pret\u00e9n formigonar el litoral\u201d. \u201cLa vida de les persones \u00e9s m\u00e9s important que la propietat privada\u201d, va afirmar.<br\/><br\/><br\/><br\/><br\/><\/p>\n\n<figure class=\"wp-block-image size-full\"><img decoding=\"async\" width=\"509\" height=\"321\" src=\"https:\/\/canfali.com\/app\/uploads\/2025\/10\/4.jpg\" alt=\"\" class=\"wp-image-77788\" srcset=\"https:\/\/canfali.com\/app\/uploads\/2025\/10\/4.jpg 509w, https:\/\/canfali.com\/app\/uploads\/2025\/10\/4-300x189.jpg 300w\" sizes=\"(max-width: 509px) 100vw, 509px\" \/><\/figure>\n\n<p><br\/>L&#8217;alcalde, Vicent Grimalt, va denunciar que la moci\u00f3 del PP \u201cno busca ajudar directament als ve\u00efns, sin\u00f3 obrir un front judicial innecessari\u201d. Va recordar que el Consell Jur\u00eddic Consultiu ja ha advertit de les defici\u00e8ncies de la nova Llei de Costas Valenciana impulsada pel Consell, i va defendre que les regeneracions han de fer-se \u201cseguint criteris cient\u00edfics i respectant la Posid\u00f2nia\u201d.<\/p>\n\n<p>El portaveu de Comprom\u00eds, Rafa Carri\u00f3, va qualificar la proposta del PP de \u201cpura demag\u00f2gia i populisme\u201d. Va recordar que la Llei de Costas estatal \u00e9s de 1988 i que \u201cni el PP ni el PSOE la van modificar quan van governar a Madrid\u201d. Al seu ju\u00ed, \u201cla batalla real est\u00e0 a Madrid i a Europa, on hem d&#8217;exigir canvis legislatius i compensacions econ\u00f2miques\u201d. Carri\u00f3 va reiterar el comprom\u00eds del seu grup amb \u201cuna pol\u00edtica de territori, no de titulars\u201d i va defendre un equilibri \u201centre la sostenibilitat i el respecte a la propietat privada\u201d.<br\/><br\/><br\/><\/p>\n\n<figure class=\"wp-block-image size-full\"><img decoding=\"async\" width=\"540\" height=\"328\" src=\"https:\/\/canfali.com\/app\/uploads\/2025\/10\/3.jpg\" alt=\"\" class=\"wp-image-77790\" srcset=\"https:\/\/canfali.com\/app\/uploads\/2025\/10\/3.jpg 540w, https:\/\/canfali.com\/app\/uploads\/2025\/10\/3-300x182.jpg 300w\" sizes=\"(max-width: 540px) 100vw, 540px\" \/><\/figure>\n\n<p>El portaveu de Vox, F\u00e9lix Redondo, va acusar el Govern central de \u201canar pel m\u00e9s feble\u201d i va prometre que el seu partit derogar\u00e0 \u201ctotes les lleis ecologistes que arru\u00efnen a les fam\u00edlies\u201d.<br\/><br\/><\/p>\n\n<figure class=\"wp-block-image size-full\"><img loading=\"lazy\" decoding=\"async\" width=\"566\" height=\"329\" src=\"https:\/\/canfali.com\/app\/uploads\/2025\/10\/6-1.jpg\" alt=\"\" class=\"wp-image-77795\" srcset=\"https:\/\/canfali.com\/app\/uploads\/2025\/10\/6-1.jpg 566w, https:\/\/canfali.com\/app\/uploads\/2025\/10\/6-1-300x174.jpg 300w\" sizes=\"(max-width: 566px) 100vw, 566px\" \/><\/figure>\n\n<p>En la mateixa l\u00ednia, Mario Vidal, de Gent de D\u00e9nia, va considerar que el Ministeri \u201cculpa sempre als ve\u00efns\u201d i que aprovar les partions abans de regenerar les platges \u201c\u00e9s un desprop\u00f2sit\u201d.<br\/><br\/><\/p>\n\n<figure class=\"wp-block-image size-full\"><img loading=\"lazy\" decoding=\"async\" width=\"591\" height=\"333\" src=\"https:\/\/canfali.com\/app\/uploads\/2025\/10\/8.png\" alt=\"\" class=\"wp-image-77797\" srcset=\"https:\/\/canfali.com\/app\/uploads\/2025\/10\/8.png 591w, https:\/\/canfali.com\/app\/uploads\/2025\/10\/8-300x169.png 300w\" sizes=\"(max-width: 591px) 100vw, 591px\" \/><\/figure>\n\n<p><\/p>\n","protected":false},"excerpt":{"rendered":"El PP acusa el govern local d&#8217;abandonar als ve\u00efns afectats PSPV i Comprom\u00eds han rebutjat rec\u00f3rrer les partions&hellip;","protected":false},"author":7,"featured_media":77783,"comment_status":"closed","ping_status":"closed","sticky":false,"template":"","format":"standard","meta":{"csco_display_header_overlay":false,"csco_singular_sidebar":"","csco_page_header_type":"","csco_page_load_nextpost":"","csco_post_video_location":[],"csco_post_video_location_hash":"","csco_post_video_url":"","csco_post_video_bg_start_time":0,"csco_post_video_bg_end_time":0,"footnotes":""},"categories":[614,1],"tags":[3086,4232,2532],"class_list":{"0":"post-77802","1":"post","2":"type-post","3":"status-publish","4":"format-standard","5":"has-post-thumbnail","7":"category-municipal-ca-es","8":"category-sin-categorizar","9":"tag-costes","10":"tag-deslinde-ca-es","11":"tag-pp-ca-es","12":"cs-entry","13":"cs-video-wrap"},"yoast_head":"<!-- This site is optimized with the Yoast SEO Premium plugin v26.6 (Yoast SEO v27.3) - https:\/\/yoast.com\/product\/yoast-seo-premium-wordpress\/ -->\n<title>D\u00e9nia no recorrer\u00e0 els deslindes de la costa - Canfali<\/title>\n<meta name=\"robots\" content=\"index, follow, max-snippet:-1, max-image-preview:large, max-video-preview:-1\" \/>\n<link rel=\"canonical\" href=\"https:\/\/canfali.com\/ca-es\/denia-no-recorrera-els-deslindes-de-la-costa\/\" \/>\n<meta property=\"og:locale\" content=\"en_US\" \/>\n<meta property=\"og:type\" content=\"article\" \/>\n<meta property=\"og:title\" content=\"D\u00e9nia no recorrer\u00e0 els deslindes de la costa\" \/>\n<meta property=\"og:description\" content=\"El PP acusa el govern local d&#8217;abandonar als ve\u00efns afectats PSPV i Comprom\u00eds han rebutjat rec\u00f3rrer les partions&hellip;\" \/>\n<meta property=\"og:url\" content=\"https:\/\/canfali.com\/ca-es\/denia-no-recorrera-els-deslindes-de-la-costa\/\" \/>\n<meta property=\"og:site_name\" content=\"Canfali\" \/>\n<meta property=\"article:publisher\" content=\"https:\/\/es-es.facebook.com\/CANFALIMarinaAlta\" \/>\n<meta property=\"article:published_time\" content=\"2025-10-06T16:09:59+00:00\" \/>\n<meta property=\"article:modified_time\" content=\"2025-10-06T16:28:28+00:00\" \/>\n<meta property=\"og:image\" content=\"https:\/\/canfali.com\/app\/uploads\/2025\/10\/pleno-1.jpg\" \/>\n\t<meta property=\"og:image:width\" content=\"524\" \/>\n\t<meta property=\"og:image:height\" content=\"315\" \/>\n\t<meta property=\"og:image:type\" content=\"image\/jpeg\" \/>\n<meta name=\"author\" content=\"Bolta\" \/>\n<meta name=\"twitter:card\" content=\"summary_large_image\" \/>\n<meta name=\"twitter:creator\" content=\"@canfalima\" \/>\n<meta name=\"twitter:site\" content=\"@canfalima\" \/>\n<meta name=\"twitter:label1\" content=\"Written by\" \/>\n\t<meta name=\"twitter:data1\" content=\"Bolta\" \/>\n\t<meta name=\"twitter:label2\" content=\"Est. reading time\" \/>\n\t<meta name=\"twitter:data2\" content=\"3 minutes\" \/>\n<script type=\"application\/ld+json\" class=\"yoast-schema-graph\">{\"@context\":\"https:\\\/\\\/schema.org\",\"@graph\":[{\"@type\":\"NewsArticle\",\"@id\":\"https:\\\/\\\/canfali.com\\\/ca-es\\\/denia-no-recorrera-els-deslindes-de-la-costa\\\/#article\",\"isPartOf\":{\"@id\":\"https:\\\/\\\/canfali.com\\\/ca-es\\\/denia-no-recorrera-els-deslindes-de-la-costa\\\/\"},\"author\":{\"name\":\"Bolta\",\"@id\":\"https:\\\/\\\/canfali.com\\\/ca-es\\\/#\\\/schema\\\/person\\\/9c651adc904f3c4e0243f54407751557\"},\"headline\":\"D\u00e9nia no recorrer\u00e0 els deslindes de la costa\",\"datePublished\":\"2025-10-06T16:09:59+00:00\",\"dateModified\":\"2025-10-06T16:28:28+00:00\",\"mainEntityOfPage\":{\"@id\":\"https:\\\/\\\/canfali.com\\\/ca-es\\\/denia-no-recorrera-els-deslindes-de-la-costa\\\/\"},\"wordCount\":685,\"publisher\":{\"@id\":\"https:\\\/\\\/canfali.com\\\/ca-es\\\/#organization\"},\"image\":{\"@id\":\"https:\\\/\\\/canfali.com\\\/ca-es\\\/denia-no-recorrera-els-deslindes-de-la-costa\\\/#primaryimage\"},\"thumbnailUrl\":\"https:\\\/\\\/canfali.com\\\/app\\\/uploads\\\/2025\\\/10\\\/pleno-1.jpg\",\"keywords\":[\"costes\",\"deslinde\",\"PP\"],\"articleSection\":[\"Municipal\",\"Sin categorizar\"],\"inLanguage\":\"va-ES\",\"copyrightYear\":\"2025\",\"copyrightHolder\":{\"@id\":\"https:\\\/\\\/canfali.com\\\/#organization\"}},{\"@type\":\"WebPage\",\"@id\":\"https:\\\/\\\/canfali.com\\\/ca-es\\\/denia-no-recorrera-els-deslindes-de-la-costa\\\/\",\"url\":\"https:\\\/\\\/canfali.com\\\/ca-es\\\/denia-no-recorrera-els-deslindes-de-la-costa\\\/\",\"name\":\"D\u00e9nia no recorrer\u00e0 els deslindes de la costa - Canfali\",\"isPartOf\":{\"@id\":\"https:\\\/\\\/canfali.com\\\/ca-es\\\/#website\"},\"primaryImageOfPage\":{\"@id\":\"https:\\\/\\\/canfali.com\\\/ca-es\\\/denia-no-recorrera-els-deslindes-de-la-costa\\\/#primaryimage\"},\"image\":{\"@id\":\"https:\\\/\\\/canfali.com\\\/ca-es\\\/denia-no-recorrera-els-deslindes-de-la-costa\\\/#primaryimage\"},\"thumbnailUrl\":\"https:\\\/\\\/canfali.com\\\/app\\\/uploads\\\/2025\\\/10\\\/pleno-1.jpg\",\"datePublished\":\"2025-10-06T16:09:59+00:00\",\"dateModified\":\"2025-10-06T16:28:28+00:00\",\"breadcrumb\":{\"@id\":\"https:\\\/\\\/canfali.com\\\/ca-es\\\/denia-no-recorrera-els-deslindes-de-la-costa\\\/#breadcrumb\"},\"inLanguage\":\"va-ES\",\"potentialAction\":[{\"@type\":\"ReadAction\",\"target\":[\"https:\\\/\\\/canfali.com\\\/ca-es\\\/denia-no-recorrera-els-deslindes-de-la-costa\\\/\"]}]},{\"@type\":\"ImageObject\",\"inLanguage\":\"va-ES\",\"@id\":\"https:\\\/\\\/canfali.com\\\/ca-es\\\/denia-no-recorrera-els-deslindes-de-la-costa\\\/#primaryimage\",\"url\":\"https:\\\/\\\/canfali.com\\\/app\\\/uploads\\\/2025\\\/10\\\/pleno-1.jpg\",\"contentUrl\":\"https:\\\/\\\/canfali.com\\\/app\\\/uploads\\\/2025\\\/10\\\/pleno-1.jpg\",\"width\":524,\"height\":315},{\"@type\":\"BreadcrumbList\",\"@id\":\"https:\\\/\\\/canfali.com\\\/ca-es\\\/denia-no-recorrera-els-deslindes-de-la-costa\\\/#breadcrumb\",\"itemListElement\":[{\"@type\":\"ListItem\",\"position\":1,\"name\":\"Portada\",\"item\":\"https:\\\/\\\/canfali.com\\\/ca-es\\\/\"},{\"@type\":\"ListItem\",\"position\":2,\"name\":\"D\u00e9nia no recorrer\u00e0 els deslindes de la costa\"}]},{\"@type\":\"WebSite\",\"@id\":\"https:\\\/\\\/canfali.com\\\/ca-es\\\/#website\",\"url\":\"https:\\\/\\\/canfali.com\\\/ca-es\\\/\",\"name\":\"Canfali\",\"description\":\"\",\"publisher\":{\"@id\":\"https:\\\/\\\/canfali.com\\\/ca-es\\\/#organization\"},\"potentialAction\":[{\"@type\":\"SearchAction\",\"target\":{\"@type\":\"EntryPoint\",\"urlTemplate\":\"https:\\\/\\\/canfali.com\\\/ca-es\\\/?s={search_term_string}\"},\"query-input\":{\"@type\":\"PropertyValueSpecification\",\"valueRequired\":true,\"valueName\":\"search_term_string\"}}],\"inLanguage\":\"va-ES\"},{\"@type\":\"Organization\",\"@id\":\"https:\\\/\\\/canfali.com\\\/ca-es\\\/#organization\",\"name\":\"Canfali\",\"url\":\"https:\\\/\\\/canfali.com\\\/ca-es\\\/\",\"logo\":{\"@type\":\"ImageObject\",\"inLanguage\":\"va-ES\",\"@id\":\"https:\\\/\\\/canfali.com\\\/ca-es\\\/#\\\/schema\\\/logo\\\/image\\\/\",\"url\":\"https:\\\/\\\/canfali.com\\\/app\\\/uploads\\\/2025\\\/12\\\/canfali_marina_alta_logo.png\",\"contentUrl\":\"https:\\\/\\\/canfali.com\\\/app\\\/uploads\\\/2025\\\/12\\\/canfali_marina_alta_logo.png\",\"width\":225,\"height\":225,\"caption\":\"Canfali\"},\"image\":{\"@id\":\"https:\\\/\\\/canfali.com\\\/ca-es\\\/#\\\/schema\\\/logo\\\/image\\\/\"},\"sameAs\":[\"https:\\\/\\\/es-es.facebook.com\\\/CANFALIMarinaAlta\",\"https:\\\/\\\/x.com\\\/canfalima\",\"https:\\\/\\\/www.instagram.com\\\/canfalimarinaalta\\\/\"]},{\"@type\":\"Person\",\"@id\":\"https:\\\/\\\/canfali.com\\\/ca-es\\\/#\\\/schema\\\/person\\\/9c651adc904f3c4e0243f54407751557\",\"name\":\"Bolta\",\"image\":{\"@type\":\"ImageObject\",\"inLanguage\":\"va-ES\",\"@id\":\"https:\\\/\\\/secure.gravatar.com\\\/avatar\\\/550a5d97fe3cfba5caf077b9600e46529e1977e9d14396836e775d6d9d895a81?s=96&d=mm&r=g\",\"url\":\"https:\\\/\\\/secure.gravatar.com\\\/avatar\\\/550a5d97fe3cfba5caf077b9600e46529e1977e9d14396836e775d6d9d895a81?s=96&d=mm&r=g\",\"contentUrl\":\"https:\\\/\\\/secure.gravatar.com\\\/avatar\\\/550a5d97fe3cfba5caf077b9600e46529e1977e9d14396836e775d6d9d895a81?s=96&d=mm&r=g\",\"caption\":\"Bolta\"},\"url\":\"https:\\\/\\\/canfali.com\\\/ca-es\\\/author\\\/bolta\\\/\"}]}<\/script>\n<!-- \/ Yoast SEO Premium plugin. -->","yoast_head_json":{"title":"D\u00e9nia no recorrer\u00e0 els deslindes de la costa - Canfali","robots":{"index":"index","follow":"follow","max-snippet":"max-snippet:-1","max-image-preview":"max-image-preview:large","max-video-preview":"max-video-preview:-1"},"canonical":"https:\/\/canfali.com\/ca-es\/denia-no-recorrera-els-deslindes-de-la-costa\/","og_locale":"en_US","og_type":"article","og_title":"D\u00e9nia no recorrer\u00e0 els deslindes de la costa","og_description":"El PP acusa el govern local d&#8217;abandonar als ve\u00efns afectats PSPV i Comprom\u00eds han rebutjat rec\u00f3rrer les partions&hellip;","og_url":"https:\/\/canfali.com\/ca-es\/denia-no-recorrera-els-deslindes-de-la-costa\/","og_site_name":"Canfali","article_publisher":"https:\/\/es-es.facebook.com\/CANFALIMarinaAlta","article_published_time":"2025-10-06T16:09:59+00:00","article_modified_time":"2025-10-06T16:28:28+00:00","og_image":[{"width":524,"height":315,"url":"https:\/\/canfali.com\/app\/uploads\/2025\/10\/pleno-1.jpg","type":"image\/jpeg"}],"author":"Bolta","twitter_card":"summary_large_image","twitter_creator":"@canfalima","twitter_site":"@canfalima","twitter_misc":{"Written by":"Bolta","Est. reading time":"3 minutes"},"schema":{"@context":"https:\/\/schema.org","@graph":[{"@type":"NewsArticle","@id":"https:\/\/canfali.com\/ca-es\/denia-no-recorrera-els-deslindes-de-la-costa\/#article","isPartOf":{"@id":"https:\/\/canfali.com\/ca-es\/denia-no-recorrera-els-deslindes-de-la-costa\/"},"author":{"name":"Bolta","@id":"https:\/\/canfali.com\/ca-es\/#\/schema\/person\/9c651adc904f3c4e0243f54407751557"},"headline":"D\u00e9nia no recorrer\u00e0 els deslindes de la costa","datePublished":"2025-10-06T16:09:59+00:00","dateModified":"2025-10-06T16:28:28+00:00","mainEntityOfPage":{"@id":"https:\/\/canfali.com\/ca-es\/denia-no-recorrera-els-deslindes-de-la-costa\/"},"wordCount":685,"publisher":{"@id":"https:\/\/canfali.com\/ca-es\/#organization"},"image":{"@id":"https:\/\/canfali.com\/ca-es\/denia-no-recorrera-els-deslindes-de-la-costa\/#primaryimage"},"thumbnailUrl":"https:\/\/canfali.com\/app\/uploads\/2025\/10\/pleno-1.jpg","keywords":["costes","deslinde","PP"],"articleSection":["Municipal","Sin categorizar"],"inLanguage":"va-ES","copyrightYear":"2025","copyrightHolder":{"@id":"https:\/\/canfali.com\/#organization"}},{"@type":"WebPage","@id":"https:\/\/canfali.com\/ca-es\/denia-no-recorrera-els-deslindes-de-la-costa\/","url":"https:\/\/canfali.com\/ca-es\/denia-no-recorrera-els-deslindes-de-la-costa\/","name":"D\u00e9nia no recorrer\u00e0 els deslindes de la costa - Canfali","isPartOf":{"@id":"https:\/\/canfali.com\/ca-es\/#website"},"primaryImageOfPage":{"@id":"https:\/\/canfali.com\/ca-es\/denia-no-recorrera-els-deslindes-de-la-costa\/#primaryimage"},"image":{"@id":"https:\/\/canfali.com\/ca-es\/denia-no-recorrera-els-deslindes-de-la-costa\/#primaryimage"},"thumbnailUrl":"https:\/\/canfali.com\/app\/uploads\/2025\/10\/pleno-1.jpg","datePublished":"2025-10-06T16:09:59+00:00","dateModified":"2025-10-06T16:28:28+00:00","breadcrumb":{"@id":"https:\/\/canfali.com\/ca-es\/denia-no-recorrera-els-deslindes-de-la-costa\/#breadcrumb"},"inLanguage":"va-ES","potentialAction":[{"@type":"ReadAction","target":["https:\/\/canfali.com\/ca-es\/denia-no-recorrera-els-deslindes-de-la-costa\/"]}]},{"@type":"ImageObject","inLanguage":"va-ES","@id":"https:\/\/canfali.com\/ca-es\/denia-no-recorrera-els-deslindes-de-la-costa\/#primaryimage","url":"https:\/\/canfali.com\/app\/uploads\/2025\/10\/pleno-1.jpg","contentUrl":"https:\/\/canfali.com\/app\/uploads\/2025\/10\/pleno-1.jpg","width":524,"height":315},{"@type":"BreadcrumbList","@id":"https:\/\/canfali.com\/ca-es\/denia-no-recorrera-els-deslindes-de-la-costa\/#breadcrumb","itemListElement":[{"@type":"ListItem","position":1,"name":"Portada","item":"https:\/\/canfali.com\/ca-es\/"},{"@type":"ListItem","position":2,"name":"D\u00e9nia no recorrer\u00e0 els deslindes de la costa"}]},{"@type":"WebSite","@id":"https:\/\/canfali.com\/ca-es\/#website","url":"https:\/\/canfali.com\/ca-es\/","name":"Canfali","description":"","publisher":{"@id":"https:\/\/canfali.com\/ca-es\/#organization"},"potentialAction":[{"@type":"SearchAction","target":{"@type":"EntryPoint","urlTemplate":"https:\/\/canfali.com\/ca-es\/?s={search_term_string}"},"query-input":{"@type":"PropertyValueSpecification","valueRequired":true,"valueName":"search_term_string"}}],"inLanguage":"va-ES"},{"@type":"Organization","@id":"https:\/\/canfali.com\/ca-es\/#organization","name":"Canfali","url":"https:\/\/canfali.com\/ca-es\/","logo":{"@type":"ImageObject","inLanguage":"va-ES","@id":"https:\/\/canfali.com\/ca-es\/#\/schema\/logo\/image\/","url":"https:\/\/canfali.com\/app\/uploads\/2025\/12\/canfali_marina_alta_logo.png","contentUrl":"https:\/\/canfali.com\/app\/uploads\/2025\/12\/canfali_marina_alta_logo.png","width":225,"height":225,"caption":"Canfali"},"image":{"@id":"https:\/\/canfali.com\/ca-es\/#\/schema\/logo\/image\/"},"sameAs":["https:\/\/es-es.facebook.com\/CANFALIMarinaAlta","https:\/\/x.com\/canfalima","https:\/\/www.instagram.com\/canfalimarinaalta\/"]},{"@type":"Person","@id":"https:\/\/canfali.com\/ca-es\/#\/schema\/person\/9c651adc904f3c4e0243f54407751557","name":"Bolta","image":{"@type":"ImageObject","inLanguage":"va-ES","@id":"https:\/\/secure.gravatar.com\/avatar\/550a5d97fe3cfba5caf077b9600e46529e1977e9d14396836e775d6d9d895a81?s=96&d=mm&r=g","url":"https:\/\/secure.gravatar.com\/avatar\/550a5d97fe3cfba5caf077b9600e46529e1977e9d14396836e775d6d9d895a81?s=96&d=mm&r=g","contentUrl":"https:\/\/secure.gravatar.com\/avatar\/550a5d97fe3cfba5caf077b9600e46529e1977e9d14396836e775d6d9d895a81?s=96&d=mm&r=g","caption":"Bolta"},"url":"https:\/\/canfali.com\/ca-es\/author\/bolta\/"}]}},"_links":{"self":[{"href":"https:\/\/canfali.com\/ca-es\/wp-json\/wp\/v2\/posts\/77802","targetHints":{"allow":["GET"]}}],"collection":[{"href":"https:\/\/canfali.com\/ca-es\/wp-json\/wp\/v2\/posts"}],"about":[{"href":"https:\/\/canfali.com\/ca-es\/wp-json\/wp\/v2\/types\/post"}],"author":[{"embeddable":true,"href":"https:\/\/canfali.com\/ca-es\/wp-json\/wp\/v2\/users\/7"}],"replies":[{"embeddable":true,"href":"https:\/\/canfali.com\/ca-es\/wp-json\/wp\/v2\/comments?post=77802"}],"version-history":[{"count":1,"href":"https:\/\/canfali.com\/ca-es\/wp-json\/wp\/v2\/posts\/77802\/revisions"}],"predecessor-version":[{"id":77803,"href":"https:\/\/canfali.com\/ca-es\/wp-json\/wp\/v2\/posts\/77802\/revisions\/77803"}],"wp:featuredmedia":[{"embeddable":true,"href":"https:\/\/canfali.com\/ca-es\/wp-json\/wp\/v2\/media\/77783"}],"wp:attachment":[{"href":"https:\/\/canfali.com\/ca-es\/wp-json\/wp\/v2\/media?parent=77802"}],"wp:term":[{"taxonomy":"category","embeddable":true,"href":"https:\/\/canfali.com\/ca-es\/wp-json\/wp\/v2\/categories?post=77802"},{"taxonomy":"post_tag","embeddable":true,"href":"https:\/\/canfali.com\/ca-es\/wp-json\/wp\/v2\/tags?post=77802"}],"curies":[{"name":"wp","href":"https:\/\/api.w.org\/{rel}","templated":true}]}}