{"id":77534,"date":"2025-10-05T15:22:28","date_gmt":"2025-10-05T13:22:28","guid":{"rendered":"https:\/\/canfali.com\/nous-carrecs-de-fogueres-2026-de-xabia\/"},"modified":"2025-10-05T15:23:09","modified_gmt":"2025-10-05T13:23:09","slug":"nous-carrecs-de-fogueres-2026-de-xabia","status":"publish","type":"post","link":"https:\/\/canfali.com\/ca-es\/nous-carrecs-de-fogueres-2026-de-xabia\/","title":{"rendered":"Nous c\u00e0rrecs de Fogueres 2026 de X\u00e0bia"},"content":{"rendered":"\n<p><p class=\"p1\"><b>Sof\u00eda Buigues<\/b>, reina major, i <b>Paula Azor\u00edn<\/b>, reina infantil, van ser els noms propis que van brillar en la vetllada d&#8217;elecci\u00f3 de les noves representants de Fogueres 2026 celebrada aquest dissabte al Palau Municipal d\u2019Esports de X\u00e0bia, en un ambient ple d&#8217;emocions, suspens i sorpreses. Sof\u00eda Buigues estar\u00e0 acompanyada per <b>Aitana Bisquert<\/b> com a primera dama d&#8217;honor i <b>Anna Mart\u00ednez<\/b> com a segona dama d&#8217;honor. A la cort d&#8217;honor, <b>Paula Azor\u00edn<\/b>, estar\u00e0 acompanyada per les seues dames d&#8217;honor, <b>Blanca Risue\u00f1o<\/b> i <b>Ana Bisquert<\/b>.<\/p><\/p>\n\n<figure class=\"wp-block-image size-large\"><img fetchpriority=\"high\" decoding=\"async\" width=\"1024\" height=\"768\" src=\"https:\/\/canfali.com\/app\/uploads\/2025\/10\/559133773_17952297105010981_239290518250197688_n-1024x768.jpg\" alt=\"\" class=\"wp-image-77509\" srcset=\"https:\/\/canfali.com\/app\/uploads\/2025\/10\/559133773_17952297105010981_239290518250197688_n-1024x768.jpg 1024w, https:\/\/canfali.com\/app\/uploads\/2025\/10\/559133773_17952297105010981_239290518250197688_n-300x225.jpg 300w, https:\/\/canfali.com\/app\/uploads\/2025\/10\/559133773_17952297105010981_239290518250197688_n-768x576.jpg 768w, https:\/\/canfali.com\/app\/uploads\/2025\/10\/559133773_17952297105010981_239290518250197688_n.jpg 1440w\" sizes=\"(max-width: 1024px) 100vw, 1024px\" \/><\/figure>\n\n<p><p class=\"p1\">Aix\u00ed mateix, la Comissi\u00f3 Juvenil ser\u00e0 presidida per <b>Alba Berenguer<\/b> i <b>Carlos Cardona<\/b>, mentre que els presidents de la Quint\u00e0 2026 seran <b>Tania Ferrer<\/b> i <b>Tolet Buigues<\/b>. L&#8217;esdeveniment, que tamb\u00e9 va tenir una vessant solid\u00e0ria, va destinar part de la recaptaci\u00f3 a <b>C\u00e1ritas Interparroquial de X\u00e0bia<\/b>. La jornada va culminar amb les paraules d&#8217;agra\u00efment de la regidora de Festes, <b>Mavi P\u00e9rez<\/b>, i l&#8217;alcaldessa, <b>Rosa Cardona<\/b>, qui van convidar els nous c\u00e0rrecs a gaudir del seu any i a seguir el llegat de les festes.<\/p><\/p>\n\n<figure class=\"wp-block-gallery has-nested-images columns-2 is-cropped wp-block-gallery-15 is-layout-flex wp-block-gallery-is-layout-flex\">\n<figure class=\"wp-block-image size-large\"><img decoding=\"async\" data-id=\"77529\" src=\"https:\/\/canfali.com\/app\/uploads\/2025\/10\/560448290_17952296706010981_3069940773951857584_n-768x1024.jpg.webp\" alt=\"\" class=\"wp-image-77529\"\/><\/figure>\n\n\n\n<figure class=\"wp-block-image size-large\"><img decoding=\"async\" data-id=\"77525\" src=\"https:\/\/canfali.com\/app\/uploads\/2025\/10\/560264344_662849233528177_5002007825129711649_n-768x1024.jpg.webp\" alt=\"\" class=\"wp-image-77525\"\/><\/figure>\n\n\n\n<figure class=\"wp-block-image size-large\"><img decoding=\"async\" data-id=\"77523\" src=\"https:\/\/canfali.com\/app\/uploads\/2025\/10\/560039914_17952297123010981_84844554843697407_n-768x1024.jpg.webp\" alt=\"\" class=\"wp-image-77523\"\/><\/figure>\n\n\n\n<figure class=\"wp-block-image size-large\"><img decoding=\"async\" data-id=\"77521\" src=\"https:\/\/canfali.com\/app\/uploads\/2025\/10\/559721863_17952297048010981_2954012001981900861_n-768x1024.jpg.webp\" alt=\"\" class=\"wp-image-77521\"\/><\/figure>\n\n\n\n<figure class=\"wp-block-image size-large\"><img decoding=\"async\" data-id=\"77519\" src=\"https:\/\/canfali.com\/app\/uploads\/2025\/10\/559542861_17952296787010981_3521318533509564108_n-768x1024.jpg.webp\" alt=\"\" class=\"wp-image-77519\"\/><\/figure>\n\n\n\n<figure class=\"wp-block-image size-large\"><img decoding=\"async\" data-id=\"77517\" src=\"https:\/\/canfali.com\/app\/uploads\/2025\/10\/559424374_17952297162010981_1745716676935090829_n-768x1024.jpg.webp\" alt=\"\" class=\"wp-image-77517\"\/><\/figure>\n\n\n\n<figure class=\"wp-block-image size-large\"><img decoding=\"async\" data-id=\"77515\" src=\"https:\/\/canfali.com\/app\/uploads\/2025\/10\/559262923_17952296820010981_7923574627958605058_n-768x1024.jpg.webp\" alt=\"\" class=\"wp-image-77515\"\/><\/figure>\n\n\n\n<figure class=\"wp-block-image size-large\"><img decoding=\"async\" data-id=\"77513\" src=\"https:\/\/canfali.com\/app\/uploads\/2025\/10\/559190450_17952297114010981_4103972825300003676_n-768x1024.jpg.webp\" alt=\"\" class=\"wp-image-77513\"\/><\/figure>\n<\/figure>\n","protected":false},"excerpt":{"rendered":"Sof\u00eda Buigues, reina major, i Paula Azor\u00edn, reina infantil, van ser els noms propis que van brillar en&hellip;","protected":false},"author":8,"featured_media":77532,"comment_status":"closed","ping_status":"closed","sticky":false,"template":"","format":"standard","meta":{"csco_display_header_overlay":false,"csco_singular_sidebar":"","csco_page_header_type":"","csco_page_load_nextpost":"","csco_post_video_location":[],"csco_post_video_location_hash":"","csco_post_video_url":"","csco_post_video_bg_start_time":0,"csco_post_video_bg_end_time":0,"footnotes":""},"categories":[587,1],"tags":[],"class_list":{"0":"post-77534","1":"post","2":"type-post","3":"status-publish","4":"format-standard","5":"has-post-thumbnail","7":"category-festes","8":"category-sin-categorizar","9":"cs-entry","10":"cs-video-wrap"},"yoast_head":"<!-- This site is optimized with the Yoast SEO Premium plugin v26.6 (Yoast SEO v27.3) - https:\/\/yoast.com\/product\/yoast-seo-premium-wordpress\/ -->\n<title>Nous c\u00e0rrecs de Fogueres 2026 de X\u00e0bia - Canfali<\/title>\n<meta name=\"robots\" content=\"index, follow, max-snippet:-1, max-image-preview:large, max-video-preview:-1\" \/>\n<link rel=\"canonical\" href=\"https:\/\/canfali.com\/ca-es\/nous-carrecs-de-fogueres-2026-de-xabia\/\" \/>\n<meta property=\"og:locale\" content=\"en_US\" \/>\n<meta property=\"og:type\" content=\"article\" \/>\n<meta property=\"og:title\" content=\"Nous c\u00e0rrecs de Fogueres 2026 de X\u00e0bia\" \/>\n<meta property=\"og:description\" content=\"Sof\u00eda Buigues, reina major, i Paula Azor\u00edn, reina infantil, van ser els noms propis que van brillar en&hellip;\" \/>\n<meta property=\"og:url\" content=\"https:\/\/canfali.com\/ca-es\/nous-carrecs-de-fogueres-2026-de-xabia\/\" \/>\n<meta property=\"og:site_name\" content=\"Canfali\" \/>\n<meta property=\"article:publisher\" content=\"https:\/\/es-es.facebook.com\/CANFALIMarinaAlta\" \/>\n<meta property=\"article:published_time\" content=\"2025-10-05T13:22:28+00:00\" \/>\n<meta property=\"article:modified_time\" content=\"2025-10-05T13:23:09+00:00\" \/>\n<meta property=\"og:image\" content=\"https:\/\/canfali.com\/app\/uploads\/2025\/10\/fogueres.jpg\" \/>\n\t<meta property=\"og:image:width\" content=\"829\" \/>\n\t<meta property=\"og:image:height\" content=\"536\" \/>\n\t<meta property=\"og:image:type\" content=\"image\/jpeg\" \/>\n<meta name=\"author\" content=\"Lluis\" \/>\n<meta name=\"twitter:card\" content=\"summary_large_image\" \/>\n<meta name=\"twitter:creator\" content=\"@canfalima\" \/>\n<meta name=\"twitter:site\" content=\"@canfalima\" \/>\n<meta name=\"twitter:label1\" content=\"Written by\" \/>\n\t<meta name=\"twitter:data1\" content=\"Lluis\" \/>\n\t<meta name=\"twitter:label2\" content=\"Est. reading time\" \/>\n\t<meta name=\"twitter:data2\" content=\"1 minute\" \/>\n<script type=\"application\/ld+json\" class=\"yoast-schema-graph\">{\"@context\":\"https:\\\/\\\/schema.org\",\"@graph\":[{\"@type\":\"NewsArticle\",\"@id\":\"https:\\\/\\\/canfali.com\\\/ca-es\\\/nous-carrecs-de-fogueres-2026-de-xabia\\\/#article\",\"isPartOf\":{\"@id\":\"https:\\\/\\\/canfali.com\\\/ca-es\\\/nous-carrecs-de-fogueres-2026-de-xabia\\\/\"},\"author\":{\"name\":\"Lluis\",\"@id\":\"https:\\\/\\\/canfali.com\\\/ca-es\\\/#\\\/schema\\\/person\\\/f540a86fb33e10daaae53c59ceaa1194\"},\"headline\":\"Nous c\u00e0rrecs de Fogueres 2026 de X\u00e0bia\",\"datePublished\":\"2025-10-05T13:22:28+00:00\",\"dateModified\":\"2025-10-05T13:23:09+00:00\",\"mainEntityOfPage\":{\"@id\":\"https:\\\/\\\/canfali.com\\\/ca-es\\\/nous-carrecs-de-fogueres-2026-de-xabia\\\/\"},\"wordCount\":196,\"publisher\":{\"@id\":\"https:\\\/\\\/canfali.com\\\/ca-es\\\/#organization\"},\"image\":{\"@id\":\"https:\\\/\\\/canfali.com\\\/ca-es\\\/nous-carrecs-de-fogueres-2026-de-xabia\\\/#primaryimage\"},\"thumbnailUrl\":\"https:\\\/\\\/canfali.com\\\/app\\\/uploads\\\/2025\\\/10\\\/fogueres.jpg\",\"articleSection\":[\"Festes\",\"Sin categorizar\"],\"inLanguage\":\"va-ES\",\"copyrightYear\":\"2025\",\"copyrightHolder\":{\"@id\":\"https:\\\/\\\/canfali.com\\\/#organization\"}},{\"@type\":\"WebPage\",\"@id\":\"https:\\\/\\\/canfali.com\\\/ca-es\\\/nous-carrecs-de-fogueres-2026-de-xabia\\\/\",\"url\":\"https:\\\/\\\/canfali.com\\\/ca-es\\\/nous-carrecs-de-fogueres-2026-de-xabia\\\/\",\"name\":\"Nous c\u00e0rrecs de Fogueres 2026 de X\u00e0bia - Canfali\",\"isPartOf\":{\"@id\":\"https:\\\/\\\/canfali.com\\\/ca-es\\\/#website\"},\"primaryImageOfPage\":{\"@id\":\"https:\\\/\\\/canfali.com\\\/ca-es\\\/nous-carrecs-de-fogueres-2026-de-xabia\\\/#primaryimage\"},\"image\":{\"@id\":\"https:\\\/\\\/canfali.com\\\/ca-es\\\/nous-carrecs-de-fogueres-2026-de-xabia\\\/#primaryimage\"},\"thumbnailUrl\":\"https:\\\/\\\/canfali.com\\\/app\\\/uploads\\\/2025\\\/10\\\/fogueres.jpg\",\"datePublished\":\"2025-10-05T13:22:28+00:00\",\"dateModified\":\"2025-10-05T13:23:09+00:00\",\"breadcrumb\":{\"@id\":\"https:\\\/\\\/canfali.com\\\/ca-es\\\/nous-carrecs-de-fogueres-2026-de-xabia\\\/#breadcrumb\"},\"inLanguage\":\"va-ES\",\"potentialAction\":[{\"@type\":\"ReadAction\",\"target\":[\"https:\\\/\\\/canfali.com\\\/ca-es\\\/nous-carrecs-de-fogueres-2026-de-xabia\\\/\"]}]},{\"@type\":\"ImageObject\",\"inLanguage\":\"va-ES\",\"@id\":\"https:\\\/\\\/canfali.com\\\/ca-es\\\/nous-carrecs-de-fogueres-2026-de-xabia\\\/#primaryimage\",\"url\":\"https:\\\/\\\/canfali.com\\\/app\\\/uploads\\\/2025\\\/10\\\/fogueres.jpg\",\"contentUrl\":\"https:\\\/\\\/canfali.com\\\/app\\\/uploads\\\/2025\\\/10\\\/fogueres.jpg\",\"width\":829,\"height\":536},{\"@type\":\"BreadcrumbList\",\"@id\":\"https:\\\/\\\/canfali.com\\\/ca-es\\\/nous-carrecs-de-fogueres-2026-de-xabia\\\/#breadcrumb\",\"itemListElement\":[{\"@type\":\"ListItem\",\"position\":1,\"name\":\"Portada\",\"item\":\"https:\\\/\\\/canfali.com\\\/ca-es\\\/\"},{\"@type\":\"ListItem\",\"position\":2,\"name\":\"Nous c\u00e0rrecs de Fogueres 2026 de X\u00e0bia\"}]},{\"@type\":\"WebSite\",\"@id\":\"https:\\\/\\\/canfali.com\\\/ca-es\\\/#website\",\"url\":\"https:\\\/\\\/canfali.com\\\/ca-es\\\/\",\"name\":\"Canfali\",\"description\":\"\",\"publisher\":{\"@id\":\"https:\\\/\\\/canfali.com\\\/ca-es\\\/#organization\"},\"potentialAction\":[{\"@type\":\"SearchAction\",\"target\":{\"@type\":\"EntryPoint\",\"urlTemplate\":\"https:\\\/\\\/canfali.com\\\/ca-es\\\/?s={search_term_string}\"},\"query-input\":{\"@type\":\"PropertyValueSpecification\",\"valueRequired\":true,\"valueName\":\"search_term_string\"}}],\"inLanguage\":\"va-ES\"},{\"@type\":\"Organization\",\"@id\":\"https:\\\/\\\/canfali.com\\\/ca-es\\\/#organization\",\"name\":\"Canfali\",\"url\":\"https:\\\/\\\/canfali.com\\\/ca-es\\\/\",\"logo\":{\"@type\":\"ImageObject\",\"inLanguage\":\"va-ES\",\"@id\":\"https:\\\/\\\/canfali.com\\\/ca-es\\\/#\\\/schema\\\/logo\\\/image\\\/\",\"url\":\"https:\\\/\\\/canfali.com\\\/app\\\/uploads\\\/2025\\\/12\\\/canfali_marina_alta_logo.png\",\"contentUrl\":\"https:\\\/\\\/canfali.com\\\/app\\\/uploads\\\/2025\\\/12\\\/canfali_marina_alta_logo.png\",\"width\":225,\"height\":225,\"caption\":\"Canfali\"},\"image\":{\"@id\":\"https:\\\/\\\/canfali.com\\\/ca-es\\\/#\\\/schema\\\/logo\\\/image\\\/\"},\"sameAs\":[\"https:\\\/\\\/es-es.facebook.com\\\/CANFALIMarinaAlta\",\"https:\\\/\\\/x.com\\\/canfalima\",\"https:\\\/\\\/www.instagram.com\\\/canfalimarinaalta\\\/\"]},{\"@type\":\"Person\",\"@id\":\"https:\\\/\\\/canfali.com\\\/ca-es\\\/#\\\/schema\\\/person\\\/f540a86fb33e10daaae53c59ceaa1194\",\"name\":\"Lluis\",\"image\":{\"@type\":\"ImageObject\",\"inLanguage\":\"va-ES\",\"@id\":\"https:\\\/\\\/secure.gravatar.com\\\/avatar\\\/a21ec8835290e4e02ed0886b8cb327d807d0eb6ec8ccf25d4c2a0a415f506c0d?s=96&d=mm&r=g\",\"url\":\"https:\\\/\\\/secure.gravatar.com\\\/avatar\\\/a21ec8835290e4e02ed0886b8cb327d807d0eb6ec8ccf25d4c2a0a415f506c0d?s=96&d=mm&r=g\",\"contentUrl\":\"https:\\\/\\\/secure.gravatar.com\\\/avatar\\\/a21ec8835290e4e02ed0886b8cb327d807d0eb6ec8ccf25d4c2a0a415f506c0d?s=96&d=mm&r=g\",\"caption\":\"Lluis\"},\"url\":\"https:\\\/\\\/canfali.com\\\/ca-es\\\/author\\\/lluis\\\/\"}]}<\/script>\n<!-- \/ Yoast SEO Premium plugin. -->","yoast_head_json":{"title":"Nous c\u00e0rrecs de Fogueres 2026 de X\u00e0bia - Canfali","robots":{"index":"index","follow":"follow","max-snippet":"max-snippet:-1","max-image-preview":"max-image-preview:large","max-video-preview":"max-video-preview:-1"},"canonical":"https:\/\/canfali.com\/ca-es\/nous-carrecs-de-fogueres-2026-de-xabia\/","og_locale":"en_US","og_type":"article","og_title":"Nous c\u00e0rrecs de Fogueres 2026 de X\u00e0bia","og_description":"Sof\u00eda Buigues, reina major, i Paula Azor\u00edn, reina infantil, van ser els noms propis que van brillar en&hellip;","og_url":"https:\/\/canfali.com\/ca-es\/nous-carrecs-de-fogueres-2026-de-xabia\/","og_site_name":"Canfali","article_publisher":"https:\/\/es-es.facebook.com\/CANFALIMarinaAlta","article_published_time":"2025-10-05T13:22:28+00:00","article_modified_time":"2025-10-05T13:23:09+00:00","og_image":[{"width":829,"height":536,"url":"https:\/\/canfali.com\/app\/uploads\/2025\/10\/fogueres.jpg","type":"image\/jpeg"}],"author":"Lluis","twitter_card":"summary_large_image","twitter_creator":"@canfalima","twitter_site":"@canfalima","twitter_misc":{"Written by":"Lluis","Est. reading time":"1 minute"},"schema":{"@context":"https:\/\/schema.org","@graph":[{"@type":"NewsArticle","@id":"https:\/\/canfali.com\/ca-es\/nous-carrecs-de-fogueres-2026-de-xabia\/#article","isPartOf":{"@id":"https:\/\/canfali.com\/ca-es\/nous-carrecs-de-fogueres-2026-de-xabia\/"},"author":{"name":"Lluis","@id":"https:\/\/canfali.com\/ca-es\/#\/schema\/person\/f540a86fb33e10daaae53c59ceaa1194"},"headline":"Nous c\u00e0rrecs de Fogueres 2026 de X\u00e0bia","datePublished":"2025-10-05T13:22:28+00:00","dateModified":"2025-10-05T13:23:09+00:00","mainEntityOfPage":{"@id":"https:\/\/canfali.com\/ca-es\/nous-carrecs-de-fogueres-2026-de-xabia\/"},"wordCount":196,"publisher":{"@id":"https:\/\/canfali.com\/ca-es\/#organization"},"image":{"@id":"https:\/\/canfali.com\/ca-es\/nous-carrecs-de-fogueres-2026-de-xabia\/#primaryimage"},"thumbnailUrl":"https:\/\/canfali.com\/app\/uploads\/2025\/10\/fogueres.jpg","articleSection":["Festes","Sin categorizar"],"inLanguage":"va-ES","copyrightYear":"2025","copyrightHolder":{"@id":"https:\/\/canfali.com\/#organization"}},{"@type":"WebPage","@id":"https:\/\/canfali.com\/ca-es\/nous-carrecs-de-fogueres-2026-de-xabia\/","url":"https:\/\/canfali.com\/ca-es\/nous-carrecs-de-fogueres-2026-de-xabia\/","name":"Nous c\u00e0rrecs de Fogueres 2026 de X\u00e0bia - Canfali","isPartOf":{"@id":"https:\/\/canfali.com\/ca-es\/#website"},"primaryImageOfPage":{"@id":"https:\/\/canfali.com\/ca-es\/nous-carrecs-de-fogueres-2026-de-xabia\/#primaryimage"},"image":{"@id":"https:\/\/canfali.com\/ca-es\/nous-carrecs-de-fogueres-2026-de-xabia\/#primaryimage"},"thumbnailUrl":"https:\/\/canfali.com\/app\/uploads\/2025\/10\/fogueres.jpg","datePublished":"2025-10-05T13:22:28+00:00","dateModified":"2025-10-05T13:23:09+00:00","breadcrumb":{"@id":"https:\/\/canfali.com\/ca-es\/nous-carrecs-de-fogueres-2026-de-xabia\/#breadcrumb"},"inLanguage":"va-ES","potentialAction":[{"@type":"ReadAction","target":["https:\/\/canfali.com\/ca-es\/nous-carrecs-de-fogueres-2026-de-xabia\/"]}]},{"@type":"ImageObject","inLanguage":"va-ES","@id":"https:\/\/canfali.com\/ca-es\/nous-carrecs-de-fogueres-2026-de-xabia\/#primaryimage","url":"https:\/\/canfali.com\/app\/uploads\/2025\/10\/fogueres.jpg","contentUrl":"https:\/\/canfali.com\/app\/uploads\/2025\/10\/fogueres.jpg","width":829,"height":536},{"@type":"BreadcrumbList","@id":"https:\/\/canfali.com\/ca-es\/nous-carrecs-de-fogueres-2026-de-xabia\/#breadcrumb","itemListElement":[{"@type":"ListItem","position":1,"name":"Portada","item":"https:\/\/canfali.com\/ca-es\/"},{"@type":"ListItem","position":2,"name":"Nous c\u00e0rrecs de Fogueres 2026 de X\u00e0bia"}]},{"@type":"WebSite","@id":"https:\/\/canfali.com\/ca-es\/#website","url":"https:\/\/canfali.com\/ca-es\/","name":"Canfali","description":"","publisher":{"@id":"https:\/\/canfali.com\/ca-es\/#organization"},"potentialAction":[{"@type":"SearchAction","target":{"@type":"EntryPoint","urlTemplate":"https:\/\/canfali.com\/ca-es\/?s={search_term_string}"},"query-input":{"@type":"PropertyValueSpecification","valueRequired":true,"valueName":"search_term_string"}}],"inLanguage":"va-ES"},{"@type":"Organization","@id":"https:\/\/canfali.com\/ca-es\/#organization","name":"Canfali","url":"https:\/\/canfali.com\/ca-es\/","logo":{"@type":"ImageObject","inLanguage":"va-ES","@id":"https:\/\/canfali.com\/ca-es\/#\/schema\/logo\/image\/","url":"https:\/\/canfali.com\/app\/uploads\/2025\/12\/canfali_marina_alta_logo.png","contentUrl":"https:\/\/canfali.com\/app\/uploads\/2025\/12\/canfali_marina_alta_logo.png","width":225,"height":225,"caption":"Canfali"},"image":{"@id":"https:\/\/canfali.com\/ca-es\/#\/schema\/logo\/image\/"},"sameAs":["https:\/\/es-es.facebook.com\/CANFALIMarinaAlta","https:\/\/x.com\/canfalima","https:\/\/www.instagram.com\/canfalimarinaalta\/"]},{"@type":"Person","@id":"https:\/\/canfali.com\/ca-es\/#\/schema\/person\/f540a86fb33e10daaae53c59ceaa1194","name":"Lluis","image":{"@type":"ImageObject","inLanguage":"va-ES","@id":"https:\/\/secure.gravatar.com\/avatar\/a21ec8835290e4e02ed0886b8cb327d807d0eb6ec8ccf25d4c2a0a415f506c0d?s=96&d=mm&r=g","url":"https:\/\/secure.gravatar.com\/avatar\/a21ec8835290e4e02ed0886b8cb327d807d0eb6ec8ccf25d4c2a0a415f506c0d?s=96&d=mm&r=g","contentUrl":"https:\/\/secure.gravatar.com\/avatar\/a21ec8835290e4e02ed0886b8cb327d807d0eb6ec8ccf25d4c2a0a415f506c0d?s=96&d=mm&r=g","caption":"Lluis"},"url":"https:\/\/canfali.com\/ca-es\/author\/lluis\/"}]}},"_links":{"self":[{"href":"https:\/\/canfali.com\/ca-es\/wp-json\/wp\/v2\/posts\/77534","targetHints":{"allow":["GET"]}}],"collection":[{"href":"https:\/\/canfali.com\/ca-es\/wp-json\/wp\/v2\/posts"}],"about":[{"href":"https:\/\/canfali.com\/ca-es\/wp-json\/wp\/v2\/types\/post"}],"author":[{"embeddable":true,"href":"https:\/\/canfali.com\/ca-es\/wp-json\/wp\/v2\/users\/8"}],"replies":[{"embeddable":true,"href":"https:\/\/canfali.com\/ca-es\/wp-json\/wp\/v2\/comments?post=77534"}],"version-history":[{"count":1,"href":"https:\/\/canfali.com\/ca-es\/wp-json\/wp\/v2\/posts\/77534\/revisions"}],"predecessor-version":[{"id":77535,"href":"https:\/\/canfali.com\/ca-es\/wp-json\/wp\/v2\/posts\/77534\/revisions\/77535"}],"wp:featuredmedia":[{"embeddable":true,"href":"https:\/\/canfali.com\/ca-es\/wp-json\/wp\/v2\/media\/77532"}],"wp:attachment":[{"href":"https:\/\/canfali.com\/ca-es\/wp-json\/wp\/v2\/media?parent=77534"}],"wp:term":[{"taxonomy":"category","embeddable":true,"href":"https:\/\/canfali.com\/ca-es\/wp-json\/wp\/v2\/categories?post=77534"},{"taxonomy":"post_tag","embeddable":true,"href":"https:\/\/canfali.com\/ca-es\/wp-json\/wp\/v2\/tags?post=77534"}],"curies":[{"name":"wp","href":"https:\/\/api.w.org\/{rel}","templated":true}]}}