{"id":77502,"date":"2025-10-05T14:53:14","date_gmt":"2025-10-05T12:53:14","guid":{"rendered":"https:\/\/canfali.com\/dos-ferits-en-un-accident-a-lap-7-a-laltura-de-pedreguer\/"},"modified":"2025-10-05T14:54:00","modified_gmt":"2025-10-05T12:54:00","slug":"dos-ferits-en-un-accident-a-lap-7-a-laltura-de-pedreguer","status":"publish","type":"post","link":"https:\/\/canfali.com\/ca-es\/dos-ferits-en-un-accident-a-lap-7-a-laltura-de-pedreguer\/","title":{"rendered":"Dos ferits en un accident a l&#8217;AP-7 a l\u2019altura de Pedreguer"},"content":{"rendered":"\n<p>Un accident de tr\u00e0nsit ha tingut lloc aquesta mat\u00ed a l&#8217;AP-7, a l&#8217;altura de Pedreguer, quan un vehicle s&#8217;ha eixit de la via, deixant els seus dos ocupants atrapats en l&#8217;interior. Despr\u00e9s de l&#8217;impacte, un d&#8217;ells ha pogut eixir pel seu compte, per\u00f2 l&#8217;altre ha quedat atrapat i ha necessitat la intervenci\u00f3 dels bombers del Parc de D\u00e9nia per ser excarcelat.<br\/><\/p>\n\n<p>L&#8217;equip d&#8217;emerg\u00e8ncies, compost per un sergent, un cap i sis bombers, ha treballat de manera r\u00e0pida i efica\u00e7 per alliberar el ferit, qui ha estat at\u00e8s posteriorment per una unitat del SAMU. Despr\u00e9s de l&#8217;excarcelaci\u00f3, l&#8217;afectat ha sigut traslladat a un centre m\u00e8dic per rebre atenci\u00f3 especialitzada.<br\/><\/p>\n\n<p><p class=\"p1\">L&#8217;operatiu tamb\u00e9 ha comptat amb la pres\u00e8ncia de la <b>Unitat Mando Jefatura (UMJ)<\/b> i la <b>Bomba Urbana Pesada (BUP)<\/b>, que han col\u00b7laborat en el proc\u00e9s de seguretat i neteja de la via.<\/p><\/p>\n\n<p>Afortunadament, la intervenci\u00f3 ha finalitzat a les 9:43 hores, despr\u00e9s d&#8217;haver despejat la zona i controlat la situaci\u00f3, permetent aix\u00ed la normal circulaci\u00f3 a l&#8217;AP-7.<br\/><\/p>\n","protected":false},"excerpt":{"rendered":"Un accident de tr\u00e0nsit ha tingut lloc aquesta mat\u00ed a l&#8217;AP-7, a l&#8217;altura de Pedreguer, quan un vehicle&hellip;","protected":false},"author":8,"featured_media":77500,"comment_status":"closed","ping_status":"closed","sticky":false,"template":"","format":"standard","meta":{"csco_display_header_overlay":false,"csco_singular_sidebar":"","csco_page_header_type":"","csco_page_load_nextpost":"","csco_post_video_location":[],"csco_post_video_location_hash":"","csco_post_video_url":"","csco_post_video_bg_start_time":0,"csco_post_video_bg_end_time":0,"footnotes":""},"categories":[615,578],"tags":[],"class_list":{"0":"post-77502","1":"post","2":"type-post","3":"status-publish","4":"format-standard","5":"has-post-thumbnail","7":"category-successos","8":"category-sucesos-2","9":"cs-entry","10":"cs-video-wrap"},"yoast_head":"<!-- This site is optimized with the Yoast SEO Premium plugin v26.6 (Yoast SEO v27.3) - https:\/\/yoast.com\/product\/yoast-seo-premium-wordpress\/ -->\n<title>Dos ferits en un accident a l&#039;AP-7 a l\u2019altura de Pedreguer - Canfali<\/title>\n<meta name=\"robots\" content=\"index, follow, max-snippet:-1, max-image-preview:large, max-video-preview:-1\" \/>\n<link rel=\"canonical\" href=\"https:\/\/canfali.com\/ca-es\/dos-ferits-en-un-accident-a-lap-7-a-laltura-de-pedreguer\/\" \/>\n<meta property=\"og:locale\" content=\"en_US\" \/>\n<meta property=\"og:type\" content=\"article\" \/>\n<meta property=\"og:title\" content=\"Dos ferits en un accident a l&#039;AP-7 a l\u2019altura de Pedreguer\" \/>\n<meta property=\"og:description\" content=\"Un accident de tr\u00e0nsit ha tingut lloc aquesta mat\u00ed a l&#8217;AP-7, a l&#8217;altura de Pedreguer, quan un vehicle&hellip;\" \/>\n<meta property=\"og:url\" content=\"https:\/\/canfali.com\/ca-es\/dos-ferits-en-un-accident-a-lap-7-a-laltura-de-pedreguer\/\" \/>\n<meta property=\"og:site_name\" content=\"Canfali\" \/>\n<meta property=\"article:publisher\" content=\"https:\/\/es-es.facebook.com\/CANFALIMarinaAlta\" \/>\n<meta property=\"article:published_time\" content=\"2025-10-05T12:53:14+00:00\" \/>\n<meta property=\"article:modified_time\" content=\"2025-10-05T12:54:00+00:00\" \/>\n<meta property=\"og:image\" content=\"https:\/\/canfali.com\/app\/uploads\/2025\/10\/WhatsApp-Image-2025-10-05-at-14.47.27.jpeg\" \/>\n\t<meta property=\"og:image:width\" content=\"1376\" \/>\n\t<meta property=\"og:image:height\" content=\"1600\" \/>\n\t<meta property=\"og:image:type\" content=\"image\/jpeg\" \/>\n<meta name=\"author\" content=\"Lluis\" \/>\n<meta name=\"twitter:card\" content=\"summary_large_image\" \/>\n<meta name=\"twitter:creator\" content=\"@canfalima\" \/>\n<meta name=\"twitter:site\" content=\"@canfalima\" \/>\n<meta name=\"twitter:label1\" content=\"Written by\" \/>\n\t<meta name=\"twitter:data1\" content=\"Lluis\" \/>\n\t<meta name=\"twitter:label2\" content=\"Est. reading time\" \/>\n\t<meta name=\"twitter:data2\" content=\"1 minute\" \/>\n<script type=\"application\/ld+json\" class=\"yoast-schema-graph\">{\"@context\":\"https:\\\/\\\/schema.org\",\"@graph\":[{\"@type\":\"NewsArticle\",\"@id\":\"https:\\\/\\\/canfali.com\\\/ca-es\\\/dos-ferits-en-un-accident-a-lap-7-a-laltura-de-pedreguer\\\/#article\",\"isPartOf\":{\"@id\":\"https:\\\/\\\/canfali.com\\\/ca-es\\\/dos-ferits-en-un-accident-a-lap-7-a-laltura-de-pedreguer\\\/\"},\"author\":{\"name\":\"Lluis\",\"@id\":\"https:\\\/\\\/canfali.com\\\/ca-es\\\/#\\\/schema\\\/person\\\/f540a86fb33e10daaae53c59ceaa1194\"},\"headline\":\"Dos ferits en un accident a l&#8217;AP-7 a l\u2019altura de Pedreguer\",\"datePublished\":\"2025-10-05T12:53:14+00:00\",\"dateModified\":\"2025-10-05T12:54:00+00:00\",\"mainEntityOfPage\":{\"@id\":\"https:\\\/\\\/canfali.com\\\/ca-es\\\/dos-ferits-en-un-accident-a-lap-7-a-laltura-de-pedreguer\\\/\"},\"wordCount\":203,\"publisher\":{\"@id\":\"https:\\\/\\\/canfali.com\\\/ca-es\\\/#organization\"},\"image\":{\"@id\":\"https:\\\/\\\/canfali.com\\\/ca-es\\\/dos-ferits-en-un-accident-a-lap-7-a-laltura-de-pedreguer\\\/#primaryimage\"},\"thumbnailUrl\":\"https:\\\/\\\/canfali.com\\\/app\\\/uploads\\\/2025\\\/10\\\/WhatsApp-Image-2025-10-05-at-14.47.27.jpeg\",\"articleSection\":[\"Successos\",\"Sucesos\"],\"inLanguage\":\"va-ES\",\"copyrightYear\":\"2025\",\"copyrightHolder\":{\"@id\":\"https:\\\/\\\/canfali.com\\\/#organization\"}},{\"@type\":\"WebPage\",\"@id\":\"https:\\\/\\\/canfali.com\\\/ca-es\\\/dos-ferits-en-un-accident-a-lap-7-a-laltura-de-pedreguer\\\/\",\"url\":\"https:\\\/\\\/canfali.com\\\/ca-es\\\/dos-ferits-en-un-accident-a-lap-7-a-laltura-de-pedreguer\\\/\",\"name\":\"Dos ferits en un accident a l'AP-7 a l\u2019altura de Pedreguer - Canfali\",\"isPartOf\":{\"@id\":\"https:\\\/\\\/canfali.com\\\/ca-es\\\/#website\"},\"primaryImageOfPage\":{\"@id\":\"https:\\\/\\\/canfali.com\\\/ca-es\\\/dos-ferits-en-un-accident-a-lap-7-a-laltura-de-pedreguer\\\/#primaryimage\"},\"image\":{\"@id\":\"https:\\\/\\\/canfali.com\\\/ca-es\\\/dos-ferits-en-un-accident-a-lap-7-a-laltura-de-pedreguer\\\/#primaryimage\"},\"thumbnailUrl\":\"https:\\\/\\\/canfali.com\\\/app\\\/uploads\\\/2025\\\/10\\\/WhatsApp-Image-2025-10-05-at-14.47.27.jpeg\",\"datePublished\":\"2025-10-05T12:53:14+00:00\",\"dateModified\":\"2025-10-05T12:54:00+00:00\",\"breadcrumb\":{\"@id\":\"https:\\\/\\\/canfali.com\\\/ca-es\\\/dos-ferits-en-un-accident-a-lap-7-a-laltura-de-pedreguer\\\/#breadcrumb\"},\"inLanguage\":\"va-ES\",\"potentialAction\":[{\"@type\":\"ReadAction\",\"target\":[\"https:\\\/\\\/canfali.com\\\/ca-es\\\/dos-ferits-en-un-accident-a-lap-7-a-laltura-de-pedreguer\\\/\"]}]},{\"@type\":\"ImageObject\",\"inLanguage\":\"va-ES\",\"@id\":\"https:\\\/\\\/canfali.com\\\/ca-es\\\/dos-ferits-en-un-accident-a-lap-7-a-laltura-de-pedreguer\\\/#primaryimage\",\"url\":\"https:\\\/\\\/canfali.com\\\/app\\\/uploads\\\/2025\\\/10\\\/WhatsApp-Image-2025-10-05-at-14.47.27.jpeg\",\"contentUrl\":\"https:\\\/\\\/canfali.com\\\/app\\\/uploads\\\/2025\\\/10\\\/WhatsApp-Image-2025-10-05-at-14.47.27.jpeg\",\"width\":1376,\"height\":1600},{\"@type\":\"BreadcrumbList\",\"@id\":\"https:\\\/\\\/canfali.com\\\/ca-es\\\/dos-ferits-en-un-accident-a-lap-7-a-laltura-de-pedreguer\\\/#breadcrumb\",\"itemListElement\":[{\"@type\":\"ListItem\",\"position\":1,\"name\":\"Portada\",\"item\":\"https:\\\/\\\/canfali.com\\\/ca-es\\\/\"},{\"@type\":\"ListItem\",\"position\":2,\"name\":\"Dos ferits en un accident a l&#8217;AP-7 a l\u2019altura de Pedreguer\"}]},{\"@type\":\"WebSite\",\"@id\":\"https:\\\/\\\/canfali.com\\\/ca-es\\\/#website\",\"url\":\"https:\\\/\\\/canfali.com\\\/ca-es\\\/\",\"name\":\"Canfali\",\"description\":\"\",\"publisher\":{\"@id\":\"https:\\\/\\\/canfali.com\\\/ca-es\\\/#organization\"},\"potentialAction\":[{\"@type\":\"SearchAction\",\"target\":{\"@type\":\"EntryPoint\",\"urlTemplate\":\"https:\\\/\\\/canfali.com\\\/ca-es\\\/?s={search_term_string}\"},\"query-input\":{\"@type\":\"PropertyValueSpecification\",\"valueRequired\":true,\"valueName\":\"search_term_string\"}}],\"inLanguage\":\"va-ES\"},{\"@type\":\"Organization\",\"@id\":\"https:\\\/\\\/canfali.com\\\/ca-es\\\/#organization\",\"name\":\"Canfali\",\"url\":\"https:\\\/\\\/canfali.com\\\/ca-es\\\/\",\"logo\":{\"@type\":\"ImageObject\",\"inLanguage\":\"va-ES\",\"@id\":\"https:\\\/\\\/canfali.com\\\/ca-es\\\/#\\\/schema\\\/logo\\\/image\\\/\",\"url\":\"https:\\\/\\\/canfali.com\\\/app\\\/uploads\\\/2025\\\/12\\\/canfali_marina_alta_logo.png\",\"contentUrl\":\"https:\\\/\\\/canfali.com\\\/app\\\/uploads\\\/2025\\\/12\\\/canfali_marina_alta_logo.png\",\"width\":225,\"height\":225,\"caption\":\"Canfali\"},\"image\":{\"@id\":\"https:\\\/\\\/canfali.com\\\/ca-es\\\/#\\\/schema\\\/logo\\\/image\\\/\"},\"sameAs\":[\"https:\\\/\\\/es-es.facebook.com\\\/CANFALIMarinaAlta\",\"https:\\\/\\\/x.com\\\/canfalima\",\"https:\\\/\\\/www.instagram.com\\\/canfalimarinaalta\\\/\"]},{\"@type\":\"Person\",\"@id\":\"https:\\\/\\\/canfali.com\\\/ca-es\\\/#\\\/schema\\\/person\\\/f540a86fb33e10daaae53c59ceaa1194\",\"name\":\"Lluis\",\"image\":{\"@type\":\"ImageObject\",\"inLanguage\":\"va-ES\",\"@id\":\"https:\\\/\\\/secure.gravatar.com\\\/avatar\\\/a21ec8835290e4e02ed0886b8cb327d807d0eb6ec8ccf25d4c2a0a415f506c0d?s=96&d=mm&r=g\",\"url\":\"https:\\\/\\\/secure.gravatar.com\\\/avatar\\\/a21ec8835290e4e02ed0886b8cb327d807d0eb6ec8ccf25d4c2a0a415f506c0d?s=96&d=mm&r=g\",\"contentUrl\":\"https:\\\/\\\/secure.gravatar.com\\\/avatar\\\/a21ec8835290e4e02ed0886b8cb327d807d0eb6ec8ccf25d4c2a0a415f506c0d?s=96&d=mm&r=g\",\"caption\":\"Lluis\"},\"url\":\"https:\\\/\\\/canfali.com\\\/ca-es\\\/author\\\/lluis\\\/\"}]}<\/script>\n<!-- \/ Yoast SEO Premium plugin. -->","yoast_head_json":{"title":"Dos ferits en un accident a l'AP-7 a l\u2019altura de Pedreguer - Canfali","robots":{"index":"index","follow":"follow","max-snippet":"max-snippet:-1","max-image-preview":"max-image-preview:large","max-video-preview":"max-video-preview:-1"},"canonical":"https:\/\/canfali.com\/ca-es\/dos-ferits-en-un-accident-a-lap-7-a-laltura-de-pedreguer\/","og_locale":"en_US","og_type":"article","og_title":"Dos ferits en un accident a l'AP-7 a l\u2019altura de Pedreguer","og_description":"Un accident de tr\u00e0nsit ha tingut lloc aquesta mat\u00ed a l&#8217;AP-7, a l&#8217;altura de Pedreguer, quan un vehicle&hellip;","og_url":"https:\/\/canfali.com\/ca-es\/dos-ferits-en-un-accident-a-lap-7-a-laltura-de-pedreguer\/","og_site_name":"Canfali","article_publisher":"https:\/\/es-es.facebook.com\/CANFALIMarinaAlta","article_published_time":"2025-10-05T12:53:14+00:00","article_modified_time":"2025-10-05T12:54:00+00:00","og_image":[{"width":1376,"height":1600,"url":"https:\/\/canfali.com\/app\/uploads\/2025\/10\/WhatsApp-Image-2025-10-05-at-14.47.27.jpeg","type":"image\/jpeg"}],"author":"Lluis","twitter_card":"summary_large_image","twitter_creator":"@canfalima","twitter_site":"@canfalima","twitter_misc":{"Written by":"Lluis","Est. reading time":"1 minute"},"schema":{"@context":"https:\/\/schema.org","@graph":[{"@type":"NewsArticle","@id":"https:\/\/canfali.com\/ca-es\/dos-ferits-en-un-accident-a-lap-7-a-laltura-de-pedreguer\/#article","isPartOf":{"@id":"https:\/\/canfali.com\/ca-es\/dos-ferits-en-un-accident-a-lap-7-a-laltura-de-pedreguer\/"},"author":{"name":"Lluis","@id":"https:\/\/canfali.com\/ca-es\/#\/schema\/person\/f540a86fb33e10daaae53c59ceaa1194"},"headline":"Dos ferits en un accident a l&#8217;AP-7 a l\u2019altura de Pedreguer","datePublished":"2025-10-05T12:53:14+00:00","dateModified":"2025-10-05T12:54:00+00:00","mainEntityOfPage":{"@id":"https:\/\/canfali.com\/ca-es\/dos-ferits-en-un-accident-a-lap-7-a-laltura-de-pedreguer\/"},"wordCount":203,"publisher":{"@id":"https:\/\/canfali.com\/ca-es\/#organization"},"image":{"@id":"https:\/\/canfali.com\/ca-es\/dos-ferits-en-un-accident-a-lap-7-a-laltura-de-pedreguer\/#primaryimage"},"thumbnailUrl":"https:\/\/canfali.com\/app\/uploads\/2025\/10\/WhatsApp-Image-2025-10-05-at-14.47.27.jpeg","articleSection":["Successos","Sucesos"],"inLanguage":"va-ES","copyrightYear":"2025","copyrightHolder":{"@id":"https:\/\/canfali.com\/#organization"}},{"@type":"WebPage","@id":"https:\/\/canfali.com\/ca-es\/dos-ferits-en-un-accident-a-lap-7-a-laltura-de-pedreguer\/","url":"https:\/\/canfali.com\/ca-es\/dos-ferits-en-un-accident-a-lap-7-a-laltura-de-pedreguer\/","name":"Dos ferits en un accident a l'AP-7 a l\u2019altura de Pedreguer - Canfali","isPartOf":{"@id":"https:\/\/canfali.com\/ca-es\/#website"},"primaryImageOfPage":{"@id":"https:\/\/canfali.com\/ca-es\/dos-ferits-en-un-accident-a-lap-7-a-laltura-de-pedreguer\/#primaryimage"},"image":{"@id":"https:\/\/canfali.com\/ca-es\/dos-ferits-en-un-accident-a-lap-7-a-laltura-de-pedreguer\/#primaryimage"},"thumbnailUrl":"https:\/\/canfali.com\/app\/uploads\/2025\/10\/WhatsApp-Image-2025-10-05-at-14.47.27.jpeg","datePublished":"2025-10-05T12:53:14+00:00","dateModified":"2025-10-05T12:54:00+00:00","breadcrumb":{"@id":"https:\/\/canfali.com\/ca-es\/dos-ferits-en-un-accident-a-lap-7-a-laltura-de-pedreguer\/#breadcrumb"},"inLanguage":"va-ES","potentialAction":[{"@type":"ReadAction","target":["https:\/\/canfali.com\/ca-es\/dos-ferits-en-un-accident-a-lap-7-a-laltura-de-pedreguer\/"]}]},{"@type":"ImageObject","inLanguage":"va-ES","@id":"https:\/\/canfali.com\/ca-es\/dos-ferits-en-un-accident-a-lap-7-a-laltura-de-pedreguer\/#primaryimage","url":"https:\/\/canfali.com\/app\/uploads\/2025\/10\/WhatsApp-Image-2025-10-05-at-14.47.27.jpeg","contentUrl":"https:\/\/canfali.com\/app\/uploads\/2025\/10\/WhatsApp-Image-2025-10-05-at-14.47.27.jpeg","width":1376,"height":1600},{"@type":"BreadcrumbList","@id":"https:\/\/canfali.com\/ca-es\/dos-ferits-en-un-accident-a-lap-7-a-laltura-de-pedreguer\/#breadcrumb","itemListElement":[{"@type":"ListItem","position":1,"name":"Portada","item":"https:\/\/canfali.com\/ca-es\/"},{"@type":"ListItem","position":2,"name":"Dos ferits en un accident a l&#8217;AP-7 a l\u2019altura de Pedreguer"}]},{"@type":"WebSite","@id":"https:\/\/canfali.com\/ca-es\/#website","url":"https:\/\/canfali.com\/ca-es\/","name":"Canfali","description":"","publisher":{"@id":"https:\/\/canfali.com\/ca-es\/#organization"},"potentialAction":[{"@type":"SearchAction","target":{"@type":"EntryPoint","urlTemplate":"https:\/\/canfali.com\/ca-es\/?s={search_term_string}"},"query-input":{"@type":"PropertyValueSpecification","valueRequired":true,"valueName":"search_term_string"}}],"inLanguage":"va-ES"},{"@type":"Organization","@id":"https:\/\/canfali.com\/ca-es\/#organization","name":"Canfali","url":"https:\/\/canfali.com\/ca-es\/","logo":{"@type":"ImageObject","inLanguage":"va-ES","@id":"https:\/\/canfali.com\/ca-es\/#\/schema\/logo\/image\/","url":"https:\/\/canfali.com\/app\/uploads\/2025\/12\/canfali_marina_alta_logo.png","contentUrl":"https:\/\/canfali.com\/app\/uploads\/2025\/12\/canfali_marina_alta_logo.png","width":225,"height":225,"caption":"Canfali"},"image":{"@id":"https:\/\/canfali.com\/ca-es\/#\/schema\/logo\/image\/"},"sameAs":["https:\/\/es-es.facebook.com\/CANFALIMarinaAlta","https:\/\/x.com\/canfalima","https:\/\/www.instagram.com\/canfalimarinaalta\/"]},{"@type":"Person","@id":"https:\/\/canfali.com\/ca-es\/#\/schema\/person\/f540a86fb33e10daaae53c59ceaa1194","name":"Lluis","image":{"@type":"ImageObject","inLanguage":"va-ES","@id":"https:\/\/secure.gravatar.com\/avatar\/a21ec8835290e4e02ed0886b8cb327d807d0eb6ec8ccf25d4c2a0a415f506c0d?s=96&d=mm&r=g","url":"https:\/\/secure.gravatar.com\/avatar\/a21ec8835290e4e02ed0886b8cb327d807d0eb6ec8ccf25d4c2a0a415f506c0d?s=96&d=mm&r=g","contentUrl":"https:\/\/secure.gravatar.com\/avatar\/a21ec8835290e4e02ed0886b8cb327d807d0eb6ec8ccf25d4c2a0a415f506c0d?s=96&d=mm&r=g","caption":"Lluis"},"url":"https:\/\/canfali.com\/ca-es\/author\/lluis\/"}]}},"_links":{"self":[{"href":"https:\/\/canfali.com\/ca-es\/wp-json\/wp\/v2\/posts\/77502","targetHints":{"allow":["GET"]}}],"collection":[{"href":"https:\/\/canfali.com\/ca-es\/wp-json\/wp\/v2\/posts"}],"about":[{"href":"https:\/\/canfali.com\/ca-es\/wp-json\/wp\/v2\/types\/post"}],"author":[{"embeddable":true,"href":"https:\/\/canfali.com\/ca-es\/wp-json\/wp\/v2\/users\/8"}],"replies":[{"embeddable":true,"href":"https:\/\/canfali.com\/ca-es\/wp-json\/wp\/v2\/comments?post=77502"}],"version-history":[{"count":1,"href":"https:\/\/canfali.com\/ca-es\/wp-json\/wp\/v2\/posts\/77502\/revisions"}],"predecessor-version":[{"id":77503,"href":"https:\/\/canfali.com\/ca-es\/wp-json\/wp\/v2\/posts\/77502\/revisions\/77503"}],"wp:featuredmedia":[{"embeddable":true,"href":"https:\/\/canfali.com\/ca-es\/wp-json\/wp\/v2\/media\/77500"}],"wp:attachment":[{"href":"https:\/\/canfali.com\/ca-es\/wp-json\/wp\/v2\/media?parent=77502"}],"wp:term":[{"taxonomy":"category","embeddable":true,"href":"https:\/\/canfali.com\/ca-es\/wp-json\/wp\/v2\/categories?post=77502"},{"taxonomy":"post_tag","embeddable":true,"href":"https:\/\/canfali.com\/ca-es\/wp-json\/wp\/v2\/tags?post=77502"}],"curies":[{"name":"wp","href":"https:\/\/api.w.org\/{rel}","templated":true}]}}