{"id":77471,"date":"2025-10-03T19:00:00","date_gmt":"2025-10-03T17:00:00","guid":{"rendered":"https:\/\/canfali.com\/?p=77471"},"modified":"2025-10-03T17:34:44","modified_gmt":"2025-10-03T15:34:44","slug":"cinc-anys-compartint-amb-castejon","status":"publish","type":"post","link":"https:\/\/canfali.com\/ca-es\/cinc-anys-compartint-amb-castejon\/","title":{"rendered":"Cinc anys compartint amb Castej\u00f3n"},"content":{"rendered":"\n<figure class=\"wp-block-pullquote\"><blockquote><p>L\u2019Espai d\u2019Art celebra aniversari amb Rafael Armengol com a convidat<\/p><\/blockquote><\/figure>\n\n\n\n<p>\u00c9s un lloc din\u00e0mic, on les parets sempre estan ocupades. Perqu\u00e8, com en la vida, a l\u2019Espai d\u2019Art Joan Castej\u00f3n sempre hi ha moviment. Fa ara cinc anys, pel mes d\u2019octubre i en plena pand\u00e8mia, D\u00e9nia saldava un deute amb l\u2019artista i li dedicava una \u00e0mplia galeria de la planta baixa de la seua Casa de Cultura. La batejava com un espai \u2018de participaci\u00f3\u2019 on, de fet, s\u2019han realitzat un bon grapat d\u2019activitats. No sempre han estat directament lligades amb l\u2019art per\u00f2 s\u00ed han sigut expressi\u00f3 de creativitat. Ara, en esta data especial del cinqu\u00e8 aniversari i per a celebrar estos cinc anys de recorregut, Castej\u00f3n rep a casa a un gran artista i amic, Rafael Armengol.<\/p>\n\n\n\n<p>Des d\u2019este cap de setmana, l\u2019Espai d\u2019Art Joan Castej\u00f3n de D\u00e9nia exposa quatre obres del pintor de la Ribera. Pertanyen a la s\u00e8rie \u2018Brillant\u2019, que connecta amb una llarga tradici\u00f3 pict\u00f2rica que va fer del reflex no sols un fenomen f\u00edsic, sin\u00f3 tamb\u00e9 -com indica el cat\u00e0leg- una met\u00e0fora de la mirada i del coneixement.<\/p>\n\n\n\n<figure class=\"wp-block-image size-large\"><img decoding=\"async\" src=\"https:\/\/canfali.com\/app\/uploads\/2025\/10\/castejon-5-1024x771.jpeg.webp\" alt=\"\" class=\"wp-image-77474\"\/><\/figure>\n\n\n\n<p>Armengol investiga sobre els efectes de la llum reflectida en els objectes i sobre les lluentors. \u201c\u00c9s molt fi en este sentit\u201d, explica Castej\u00f3n, \u201cmolt prec\u00eds, admirable\u201d.<\/p>\n\n\n\n<p>La llum pot reflectir-se, refractar-se o dispersar-se generant noves percepcions visuals i els reflexos poden mostrar-nos realitats diferents: enlluernar-nos, actuar com a pantalla i impedir-nos veure el que hi ha al darrer o oferir-nos una realitat distorsionada. L\u2019artista ens convida a detenir-nos davant dels quadres i reflexionar sobre tot aix\u00f2. S\u00f3n olis sobre llen\u00e7, dos trofeus i dos autoretrats. En un d\u2019ells s\u2019ha perm\u00e9s fer un xicotet homenatge a Vel\u00e0zquez per\u00f2 tots s\u00f3n, en opini\u00f3 de Joan Castej\u00f3n, \u201cuna meravella\u201d i \u201ctotalment coherents amb la seua traject\u00f2ria\u201d.<\/p>\n\n\n\n<p>Rafael Armengol, membre de la Real Acad\u00e8mia de Belles Arts de Sant Carles des de l\u2019any 2012 i guardonat amb el Premi Alfons Roig d\u2019Art Contemporani 2004 per les seues aportacions al camp art\u00edstic, \u00e9s un gran investigador del m\u00f3n de la pl\u00e0stica, subratlla Castej\u00f3n. Va comen\u00e7ar la seua carrera junt amb altres dos grans artistes: Artur Heras i Manolo Boix. \u201cEls tres s\u00f3n per a mi dinamita art\u00edstica, en el bon sentit de la paraula\u201d, afegeix, \u201cs\u00f3n alguna cosa aix\u00ed com parlar dels focs d\u2019artifici de l\u2019art\u201d.<\/p>\n\n\n\n<figure class=\"wp-block-gallery has-nested-images columns-default is-cropped wp-block-gallery-15 is-layout-flex wp-block-gallery-is-layout-flex\">\n<figure class=\"wp-block-image size-large\"><img decoding=\"async\" data-id=\"77478\" src=\"https:\/\/canfali.com\/app\/uploads\/2025\/10\/castejon-6-771x1024.jpeg.webp\" alt=\"\" class=\"wp-image-77478\"\/><\/figure>\n\n\n\n<figure class=\"wp-block-image size-large\"><img decoding=\"async\" data-id=\"77476\" src=\"https:\/\/canfali.com\/app\/uploads\/2025\/10\/castejon-7-771x1024.jpeg.webp\" alt=\"\" class=\"wp-image-77476\"\/><\/figure>\n<\/figure>\n\n\n\n<p>Per\u00f2 a m\u00e9s de tot aix\u00f2 Armengol \u00e9s \u201cuna bona persona\u201d, una cosa fonamental per al seu amic establert a D\u00e9nia, amb el qual l\u2019uneix una amistat de fa molts anys. Des de mitjans dels anys 60, quan dos joves Armengol i Castej\u00f3n ja despuntaven, sempre han estat vinculats. Han fet exposicions col\u00b7lectives i junts, recorda, van inaugurar la fira internacional d\u2019art contemporani Arco, l\u2019any 1982, amb la Galeria Palau Lucas de Val\u00e8ncia.<\/p>\n\n\n\n<p> Altra fita en la qual van coincidir \u00e9s l\u2019exposici\u00f3 \u20189 gravadors interpreten Ausi\u00e0s March\u2019, un enc\u00e0rrec de la Fundaci\u00f3 Bancaixa de 1997 pel sis\u00e9 centenari del naixement del poeta valenci\u00e0. En aquella ocasi\u00f3, el cartell d\u2019artistes es completava amb Arcadi Blasco, Manuel Boix, Juan Genov\u00e9s, Artur Heras, Joaquim Michavila, Antoni Mir\u00f3 i Vicent Traver que, com Castej\u00f3n i Armengol, interpretaren en els seus gravats fragments d\u2019alguns poemes de March.<\/p>\n\n\n\n<p>&nbsp;&nbsp;&nbsp;&nbsp;&nbsp;&nbsp;&nbsp; Entre ambd\u00f3s artistes hi ha un vincle forjat a partir d\u2019una forma d\u2019entendre l\u2019art -\u201ctot i que cadasc\u00fa el porta a cap a la seua manera\u201d- per\u00f2, sobretot, \u201cun vincle d\u2019amistat\u201d, insisteix Castej\u00f3n. Tant \u00e9s aix\u00ed, que tamb\u00e9 Armengol va voler participar del bonic homenatge amb qu\u00e8 34 artistes el van sorprendre a finals de 2024 reinterpretant els seu conegut \u2018\u00cdcar\u2019. La mostra, titulada \u2018Quasi 80\u2019, continua recorrent pobles i galeries. Ara s\u2019exposa a Pedreguer i en el mes de desembre -quan Castej\u00f3n far\u00e0 els 80 anys- recalar\u00e0 en Els Poblets.<\/p>\n\n\n\n<figure class=\"wp-block-image size-large\"><img decoding=\"async\" src=\"https:\/\/canfali.com\/app\/uploads\/2025\/10\/castehomeantge-34-1024x678.jpg.webp\" alt=\"\" class=\"wp-image-77480\"\/><figcaption class=\"wp-element-caption\">L&#8217;exposici\u00f3 &#8216;Quasi80&#8217; es va inaugurar a desembre de 2024 en Els Magazinos.<\/figcaption><\/figure>\n\n\n\n<p>L\u2019artista treballa en estos moments en una escultura que prompte, en uns mesos, podrem contemplar a D\u00e9nia. No desvela res m\u00e9s, per\u00f2 a bon segur que no deixar\u00e0 de sorprendre\u2019ns.<\/p>\n\n\n\n<p><strong>Moviment \u00e9s vida<\/strong><\/p>\n\n\n\n<p>La persona que no haja visitat l\u2019Espai d\u2019Art Joan Castej\u00f3n des de fa temps descobrir\u00e0 a l\u2019entrada algunes peces que no s\u2019exhibien abans. A l\u2019artista li agrada anar canviant algunes obres per all\u00f2 de donar-li vida a la sala. \u00c9s el que m\u00e9s li agrada i atrau de l\u2019espai, que siga un espai viu, en moviment, i amb vocaci\u00f3 de participaci\u00f3. All\u00ed s\u2019han fet presentacions de llibres, xicotets concerts o lectures de poemes, entre d\u2019altres.<\/p>\n\n\n\n<p>Des del principi ha sigut un espai din\u00e0mic on, durant estos cinc anys, han exposat altres artistes. Tamb\u00e9 en els aniversaris. En el primer ho feu Francis Morell. Jos\u00e9 Hern\u00e1ndez i Nina Llorens exposarien, respectivament, en el segon i el tercer aniversari. Mentre que Rafael Hern\u00e1ndez va ser l\u2019artista convidat en el quart. Ara, fins l\u20191 de gener, ho far\u00e0 Rafael Armengol, artista i amic. Per molts i bons.<\/p>\n","protected":false},"excerpt":{"rendered":"L\u2019Espai d\u2019Art celebra aniversari amb Rafael Armengol com a convidat \u00c9s un lloc din\u00e0mic, on les parets sempre&hellip;","protected":false},"author":6,"featured_media":77472,"comment_status":"closed","ping_status":"closed","sticky":false,"template":"","format":"standard","meta":{"csco_display_header_overlay":false,"csco_singular_sidebar":"","csco_page_header_type":"","csco_page_load_nextpost":"","csco_post_video_location":[],"csco_post_video_location_hash":"","csco_post_video_url":"","csco_post_video_bg_start_time":0,"csco_post_video_bg_end_time":0,"footnotes":""},"categories":[579],"tags":[1984,4372,4369,4373,4368,4370],"class_list":{"0":"post-77471","1":"post","2":"type-post","3":"status-publish","4":"format-standard","5":"has-post-thumbnail","7":"category-cultura-2","8":"tag-aniversari","9":"tag-brillant","10":"tag-espai-dart","11":"tag-icar","12":"tag-joan-castejon","13":"tag-rafael-armengol","14":"cs-entry","15":"cs-video-wrap"},"yoast_head":"<!-- This site is optimized with the Yoast SEO Premium plugin v26.6 (Yoast SEO v27.3) - https:\/\/yoast.com\/product\/yoast-seo-premium-wordpress\/ -->\n<title>Cinc anys compartint amb Castej\u00f3n - Canfali<\/title>\n<meta name=\"robots\" content=\"index, follow, max-snippet:-1, max-image-preview:large, max-video-preview:-1\" \/>\n<link rel=\"canonical\" href=\"https:\/\/canfali.com\/ca-es\/cinc-anys-compartint-amb-castejon\/\" \/>\n<meta property=\"og:locale\" content=\"en_US\" \/>\n<meta property=\"og:type\" content=\"article\" \/>\n<meta property=\"og:title\" content=\"Cinc anys compartint amb Castej\u00f3n\" \/>\n<meta property=\"og:description\" content=\"L\u2019Espai d\u2019Art celebra aniversari amb Rafael Armengol com a convidat \u00c9s un lloc din\u00e0mic, on les parets sempre&hellip;\" \/>\n<meta property=\"og:url\" content=\"https:\/\/canfali.com\/ca-es\/cinc-anys-compartint-amb-castejon\/\" \/>\n<meta property=\"og:site_name\" content=\"Canfali\" \/>\n<meta property=\"article:publisher\" content=\"https:\/\/es-es.facebook.com\/CANFALIMarinaAlta\" \/>\n<meta property=\"article:published_time\" content=\"2025-10-03T17:00:00+00:00\" \/>\n<meta property=\"og:image\" content=\"https:\/\/canfali.com\/app\/uploads\/2025\/10\/castejon-1.jpeg\" \/>\n\t<meta property=\"og:image:width\" content=\"1600\" \/>\n\t<meta property=\"og:image:height\" content=\"1204\" \/>\n\t<meta property=\"og:image:type\" content=\"image\/jpeg\" \/>\n<meta name=\"author\" content=\"Rosa\" \/>\n<meta name=\"twitter:card\" content=\"summary_large_image\" \/>\n<meta name=\"twitter:creator\" content=\"@canfalima\" \/>\n<meta name=\"twitter:site\" content=\"@canfalima\" \/>\n<meta name=\"twitter:label1\" content=\"Written by\" \/>\n\t<meta name=\"twitter:data1\" content=\"Rosa\" \/>\n\t<meta name=\"twitter:label2\" content=\"Est. reading time\" \/>\n\t<meta name=\"twitter:data2\" content=\"4 minutes\" \/>\n<script type=\"application\/ld+json\" class=\"yoast-schema-graph\">{\"@context\":\"https:\\\/\\\/schema.org\",\"@graph\":[{\"@type\":\"NewsArticle\",\"@id\":\"https:\\\/\\\/canfali.com\\\/ca-es\\\/cinc-anys-compartint-amb-castejon\\\/#article\",\"isPartOf\":{\"@id\":\"https:\\\/\\\/canfali.com\\\/ca-es\\\/cinc-anys-compartint-amb-castejon\\\/\"},\"author\":{\"name\":\"Rosa\",\"@id\":\"https:\\\/\\\/canfali.com\\\/ca-es\\\/#\\\/schema\\\/person\\\/c861a7aa2b2495357b95f35bd5d82f88\"},\"headline\":\"Cinc anys compartint amb Castej\u00f3n\",\"datePublished\":\"2025-10-03T17:00:00+00:00\",\"mainEntityOfPage\":{\"@id\":\"https:\\\/\\\/canfali.com\\\/ca-es\\\/cinc-anys-compartint-amb-castejon\\\/\"},\"wordCount\":900,\"publisher\":{\"@id\":\"https:\\\/\\\/canfali.com\\\/ca-es\\\/#organization\"},\"image\":{\"@id\":\"https:\\\/\\\/canfali.com\\\/ca-es\\\/cinc-anys-compartint-amb-castejon\\\/#primaryimage\"},\"thumbnailUrl\":\"https:\\\/\\\/canfali.com\\\/app\\\/uploads\\\/2025\\\/10\\\/castejon-1.jpeg\",\"keywords\":[\"aniversari\",\"Brillant\",\"Espai d'Art\",\"\u00cdcar\",\"Joan Castej\u00f3n\",\"Rafael Armengol\"],\"articleSection\":[\"Cultura\"],\"inLanguage\":\"va-ES\",\"copyrightYear\":\"2025\",\"copyrightHolder\":{\"@id\":\"https:\\\/\\\/canfali.com\\\/#organization\"}},{\"@type\":\"WebPage\",\"@id\":\"https:\\\/\\\/canfali.com\\\/ca-es\\\/cinc-anys-compartint-amb-castejon\\\/\",\"url\":\"https:\\\/\\\/canfali.com\\\/ca-es\\\/cinc-anys-compartint-amb-castejon\\\/\",\"name\":\"Cinc anys compartint amb Castej\u00f3n - Canfali\",\"isPartOf\":{\"@id\":\"https:\\\/\\\/canfali.com\\\/ca-es\\\/#website\"},\"primaryImageOfPage\":{\"@id\":\"https:\\\/\\\/canfali.com\\\/ca-es\\\/cinc-anys-compartint-amb-castejon\\\/#primaryimage\"},\"image\":{\"@id\":\"https:\\\/\\\/canfali.com\\\/ca-es\\\/cinc-anys-compartint-amb-castejon\\\/#primaryimage\"},\"thumbnailUrl\":\"https:\\\/\\\/canfali.com\\\/app\\\/uploads\\\/2025\\\/10\\\/castejon-1.jpeg\",\"datePublished\":\"2025-10-03T17:00:00+00:00\",\"breadcrumb\":{\"@id\":\"https:\\\/\\\/canfali.com\\\/ca-es\\\/cinc-anys-compartint-amb-castejon\\\/#breadcrumb\"},\"inLanguage\":\"va-ES\",\"potentialAction\":[{\"@type\":\"ReadAction\",\"target\":[\"https:\\\/\\\/canfali.com\\\/ca-es\\\/cinc-anys-compartint-amb-castejon\\\/\"]}]},{\"@type\":\"ImageObject\",\"inLanguage\":\"va-ES\",\"@id\":\"https:\\\/\\\/canfali.com\\\/ca-es\\\/cinc-anys-compartint-amb-castejon\\\/#primaryimage\",\"url\":\"https:\\\/\\\/canfali.com\\\/app\\\/uploads\\\/2025\\\/10\\\/castejon-1.jpeg\",\"contentUrl\":\"https:\\\/\\\/canfali.com\\\/app\\\/uploads\\\/2025\\\/10\\\/castejon-1.jpeg\",\"width\":1600,\"height\":1204},{\"@type\":\"BreadcrumbList\",\"@id\":\"https:\\\/\\\/canfali.com\\\/ca-es\\\/cinc-anys-compartint-amb-castejon\\\/#breadcrumb\",\"itemListElement\":[{\"@type\":\"ListItem\",\"position\":1,\"name\":\"Portada\",\"item\":\"https:\\\/\\\/canfali.com\\\/ca-es\\\/\"},{\"@type\":\"ListItem\",\"position\":2,\"name\":\"Cinc anys compartint amb Castej\u00f3n\"}]},{\"@type\":\"WebSite\",\"@id\":\"https:\\\/\\\/canfali.com\\\/ca-es\\\/#website\",\"url\":\"https:\\\/\\\/canfali.com\\\/ca-es\\\/\",\"name\":\"Canfali\",\"description\":\"\",\"publisher\":{\"@id\":\"https:\\\/\\\/canfali.com\\\/ca-es\\\/#organization\"},\"potentialAction\":[{\"@type\":\"SearchAction\",\"target\":{\"@type\":\"EntryPoint\",\"urlTemplate\":\"https:\\\/\\\/canfali.com\\\/ca-es\\\/?s={search_term_string}\"},\"query-input\":{\"@type\":\"PropertyValueSpecification\",\"valueRequired\":true,\"valueName\":\"search_term_string\"}}],\"inLanguage\":\"va-ES\"},{\"@type\":\"Organization\",\"@id\":\"https:\\\/\\\/canfali.com\\\/ca-es\\\/#organization\",\"name\":\"Canfali\",\"url\":\"https:\\\/\\\/canfali.com\\\/ca-es\\\/\",\"logo\":{\"@type\":\"ImageObject\",\"inLanguage\":\"va-ES\",\"@id\":\"https:\\\/\\\/canfali.com\\\/ca-es\\\/#\\\/schema\\\/logo\\\/image\\\/\",\"url\":\"https:\\\/\\\/canfali.com\\\/app\\\/uploads\\\/2025\\\/12\\\/canfali_marina_alta_logo.png\",\"contentUrl\":\"https:\\\/\\\/canfali.com\\\/app\\\/uploads\\\/2025\\\/12\\\/canfali_marina_alta_logo.png\",\"width\":225,\"height\":225,\"caption\":\"Canfali\"},\"image\":{\"@id\":\"https:\\\/\\\/canfali.com\\\/ca-es\\\/#\\\/schema\\\/logo\\\/image\\\/\"},\"sameAs\":[\"https:\\\/\\\/es-es.facebook.com\\\/CANFALIMarinaAlta\",\"https:\\\/\\\/x.com\\\/canfalima\",\"https:\\\/\\\/www.instagram.com\\\/canfalimarinaalta\\\/\"]},{\"@type\":\"Person\",\"@id\":\"https:\\\/\\\/canfali.com\\\/ca-es\\\/#\\\/schema\\\/person\\\/c861a7aa2b2495357b95f35bd5d82f88\",\"name\":\"Rosa\",\"image\":{\"@type\":\"ImageObject\",\"inLanguage\":\"va-ES\",\"@id\":\"https:\\\/\\\/secure.gravatar.com\\\/avatar\\\/47fb83d99423a6ef1cf9f83f02a5e91366c671dec76c5c24badf1b0494e1d960?s=96&d=mm&r=g\",\"url\":\"https:\\\/\\\/secure.gravatar.com\\\/avatar\\\/47fb83d99423a6ef1cf9f83f02a5e91366c671dec76c5c24badf1b0494e1d960?s=96&d=mm&r=g\",\"contentUrl\":\"https:\\\/\\\/secure.gravatar.com\\\/avatar\\\/47fb83d99423a6ef1cf9f83f02a5e91366c671dec76c5c24badf1b0494e1d960?s=96&d=mm&r=g\",\"caption\":\"Rosa\"},\"url\":\"https:\\\/\\\/canfali.com\\\/ca-es\\\/author\\\/rosa\\\/\"}]}<\/script>\n<!-- \/ Yoast SEO Premium plugin. -->","yoast_head_json":{"title":"Cinc anys compartint amb Castej\u00f3n - Canfali","robots":{"index":"index","follow":"follow","max-snippet":"max-snippet:-1","max-image-preview":"max-image-preview:large","max-video-preview":"max-video-preview:-1"},"canonical":"https:\/\/canfali.com\/ca-es\/cinc-anys-compartint-amb-castejon\/","og_locale":"en_US","og_type":"article","og_title":"Cinc anys compartint amb Castej\u00f3n","og_description":"L\u2019Espai d\u2019Art celebra aniversari amb Rafael Armengol com a convidat \u00c9s un lloc din\u00e0mic, on les parets sempre&hellip;","og_url":"https:\/\/canfali.com\/ca-es\/cinc-anys-compartint-amb-castejon\/","og_site_name":"Canfali","article_publisher":"https:\/\/es-es.facebook.com\/CANFALIMarinaAlta","article_published_time":"2025-10-03T17:00:00+00:00","og_image":[{"width":1600,"height":1204,"url":"https:\/\/canfali.com\/app\/uploads\/2025\/10\/castejon-1.jpeg","type":"image\/jpeg"}],"author":"Rosa","twitter_card":"summary_large_image","twitter_creator":"@canfalima","twitter_site":"@canfalima","twitter_misc":{"Written by":"Rosa","Est. reading time":"4 minutes"},"schema":{"@context":"https:\/\/schema.org","@graph":[{"@type":"NewsArticle","@id":"https:\/\/canfali.com\/ca-es\/cinc-anys-compartint-amb-castejon\/#article","isPartOf":{"@id":"https:\/\/canfali.com\/ca-es\/cinc-anys-compartint-amb-castejon\/"},"author":{"name":"Rosa","@id":"https:\/\/canfali.com\/ca-es\/#\/schema\/person\/c861a7aa2b2495357b95f35bd5d82f88"},"headline":"Cinc anys compartint amb Castej\u00f3n","datePublished":"2025-10-03T17:00:00+00:00","mainEntityOfPage":{"@id":"https:\/\/canfali.com\/ca-es\/cinc-anys-compartint-amb-castejon\/"},"wordCount":900,"publisher":{"@id":"https:\/\/canfali.com\/ca-es\/#organization"},"image":{"@id":"https:\/\/canfali.com\/ca-es\/cinc-anys-compartint-amb-castejon\/#primaryimage"},"thumbnailUrl":"https:\/\/canfali.com\/app\/uploads\/2025\/10\/castejon-1.jpeg","keywords":["aniversari","Brillant","Espai d'Art","\u00cdcar","Joan Castej\u00f3n","Rafael Armengol"],"articleSection":["Cultura"],"inLanguage":"va-ES","copyrightYear":"2025","copyrightHolder":{"@id":"https:\/\/canfali.com\/#organization"}},{"@type":"WebPage","@id":"https:\/\/canfali.com\/ca-es\/cinc-anys-compartint-amb-castejon\/","url":"https:\/\/canfali.com\/ca-es\/cinc-anys-compartint-amb-castejon\/","name":"Cinc anys compartint amb Castej\u00f3n - Canfali","isPartOf":{"@id":"https:\/\/canfali.com\/ca-es\/#website"},"primaryImageOfPage":{"@id":"https:\/\/canfali.com\/ca-es\/cinc-anys-compartint-amb-castejon\/#primaryimage"},"image":{"@id":"https:\/\/canfali.com\/ca-es\/cinc-anys-compartint-amb-castejon\/#primaryimage"},"thumbnailUrl":"https:\/\/canfali.com\/app\/uploads\/2025\/10\/castejon-1.jpeg","datePublished":"2025-10-03T17:00:00+00:00","breadcrumb":{"@id":"https:\/\/canfali.com\/ca-es\/cinc-anys-compartint-amb-castejon\/#breadcrumb"},"inLanguage":"va-ES","potentialAction":[{"@type":"ReadAction","target":["https:\/\/canfali.com\/ca-es\/cinc-anys-compartint-amb-castejon\/"]}]},{"@type":"ImageObject","inLanguage":"va-ES","@id":"https:\/\/canfali.com\/ca-es\/cinc-anys-compartint-amb-castejon\/#primaryimage","url":"https:\/\/canfali.com\/app\/uploads\/2025\/10\/castejon-1.jpeg","contentUrl":"https:\/\/canfali.com\/app\/uploads\/2025\/10\/castejon-1.jpeg","width":1600,"height":1204},{"@type":"BreadcrumbList","@id":"https:\/\/canfali.com\/ca-es\/cinc-anys-compartint-amb-castejon\/#breadcrumb","itemListElement":[{"@type":"ListItem","position":1,"name":"Portada","item":"https:\/\/canfali.com\/ca-es\/"},{"@type":"ListItem","position":2,"name":"Cinc anys compartint amb Castej\u00f3n"}]},{"@type":"WebSite","@id":"https:\/\/canfali.com\/ca-es\/#website","url":"https:\/\/canfali.com\/ca-es\/","name":"Canfali","description":"","publisher":{"@id":"https:\/\/canfali.com\/ca-es\/#organization"},"potentialAction":[{"@type":"SearchAction","target":{"@type":"EntryPoint","urlTemplate":"https:\/\/canfali.com\/ca-es\/?s={search_term_string}"},"query-input":{"@type":"PropertyValueSpecification","valueRequired":true,"valueName":"search_term_string"}}],"inLanguage":"va-ES"},{"@type":"Organization","@id":"https:\/\/canfali.com\/ca-es\/#organization","name":"Canfali","url":"https:\/\/canfali.com\/ca-es\/","logo":{"@type":"ImageObject","inLanguage":"va-ES","@id":"https:\/\/canfali.com\/ca-es\/#\/schema\/logo\/image\/","url":"https:\/\/canfali.com\/app\/uploads\/2025\/12\/canfali_marina_alta_logo.png","contentUrl":"https:\/\/canfali.com\/app\/uploads\/2025\/12\/canfali_marina_alta_logo.png","width":225,"height":225,"caption":"Canfali"},"image":{"@id":"https:\/\/canfali.com\/ca-es\/#\/schema\/logo\/image\/"},"sameAs":["https:\/\/es-es.facebook.com\/CANFALIMarinaAlta","https:\/\/x.com\/canfalima","https:\/\/www.instagram.com\/canfalimarinaalta\/"]},{"@type":"Person","@id":"https:\/\/canfali.com\/ca-es\/#\/schema\/person\/c861a7aa2b2495357b95f35bd5d82f88","name":"Rosa","image":{"@type":"ImageObject","inLanguage":"va-ES","@id":"https:\/\/secure.gravatar.com\/avatar\/47fb83d99423a6ef1cf9f83f02a5e91366c671dec76c5c24badf1b0494e1d960?s=96&d=mm&r=g","url":"https:\/\/secure.gravatar.com\/avatar\/47fb83d99423a6ef1cf9f83f02a5e91366c671dec76c5c24badf1b0494e1d960?s=96&d=mm&r=g","contentUrl":"https:\/\/secure.gravatar.com\/avatar\/47fb83d99423a6ef1cf9f83f02a5e91366c671dec76c5c24badf1b0494e1d960?s=96&d=mm&r=g","caption":"Rosa"},"url":"https:\/\/canfali.com\/ca-es\/author\/rosa\/"}]}},"_links":{"self":[{"href":"https:\/\/canfali.com\/ca-es\/wp-json\/wp\/v2\/posts\/77471","targetHints":{"allow":["GET"]}}],"collection":[{"href":"https:\/\/canfali.com\/ca-es\/wp-json\/wp\/v2\/posts"}],"about":[{"href":"https:\/\/canfali.com\/ca-es\/wp-json\/wp\/v2\/types\/post"}],"author":[{"embeddable":true,"href":"https:\/\/canfali.com\/ca-es\/wp-json\/wp\/v2\/users\/6"}],"replies":[{"embeddable":true,"href":"https:\/\/canfali.com\/ca-es\/wp-json\/wp\/v2\/comments?post=77471"}],"version-history":[{"count":1,"href":"https:\/\/canfali.com\/ca-es\/wp-json\/wp\/v2\/posts\/77471\/revisions"}],"predecessor-version":[{"id":77482,"href":"https:\/\/canfali.com\/ca-es\/wp-json\/wp\/v2\/posts\/77471\/revisions\/77482"}],"wp:featuredmedia":[{"embeddable":true,"href":"https:\/\/canfali.com\/ca-es\/wp-json\/wp\/v2\/media\/77472"}],"wp:attachment":[{"href":"https:\/\/canfali.com\/ca-es\/wp-json\/wp\/v2\/media?parent=77471"}],"wp:term":[{"taxonomy":"category","embeddable":true,"href":"https:\/\/canfali.com\/ca-es\/wp-json\/wp\/v2\/categories?post=77471"},{"taxonomy":"post_tag","embeddable":true,"href":"https:\/\/canfali.com\/ca-es\/wp-json\/wp\/v2\/tags?post=77471"}],"curies":[{"name":"wp","href":"https:\/\/api.w.org\/{rel}","templated":true}]}}