{"id":77413,"date":"2025-10-03T13:15:47","date_gmt":"2025-10-03T11:15:47","guid":{"rendered":"https:\/\/canfali.com\/detingut-un-fugitiu-reclamat-per-austria\/"},"modified":"2025-10-03T17:43:07","modified_gmt":"2025-10-03T15:43:07","slug":"detingut-un-fugitiu-reclamat-per-austria","status":"publish","type":"post","link":"https:\/\/canfali.com\/ca-es\/detingut-un-fugitiu-reclamat-per-austria\/","title":{"rendered":"Detingut un fugitiu reclamat per \u00c0ustria"},"content":{"rendered":"\n<figure class=\"wp-block-pullquote\"><blockquote><p>L&#8217;home, que residia a D\u00e9nia, est\u00e0 acusat d&#8217;explotaci\u00f3 sexual <\/p><\/blockquote><\/figure>\n\n<p>Agents de la Policia Nacional han detingut a D\u00e9nia a un home de 36 anys sobre qui requeia una ordre europea de detenci\u00f3 i lliurament (OEDE) per les autoritats d&#8217;\u00c0ustria. Al detingut se l&#8217;acusa d&#8217;un delicte d&#8217;organitzaci\u00f3 criminal i tr\u00e0fic d&#8217;\u00e9ssers humans per presumptament ser membre d&#8217;un grup criminal que explotava sexual i laboralment a dones estrangeres sense recursos.<br\/><br\/>A trav\u00e9s del Grup de Fugitius Internacionals de la UDYCO de la Comissaria General de Policia Judicial, es va tindre coneixement que un home reclamat per \u00c0ustria podria estar residint a D\u00e9nia. El fugitiu, uruguai\u00e0 de naixement, era reclamat al pa\u00eds alp\u00ed per presumptament haver com\u00e9s en 2024 actes d&#8217;explotaci\u00f3 sexual i laboral de tres dones d&#8217;origen colombi\u00e0 com a membre d&#8217;una suposada organitzaci\u00f3 criminal, fet que porta aparellada una pena m\u00e0xima de deu anys de pres\u00f3 a \u00c0ustria.<br\/><br\/>Segons l&#8217;ordre de detenci\u00f3, els membres de l&#8217;organitzaci\u00f3 criminal haurien intimidat a les v\u00edctimes &#8220;aprofitant-se de la dif\u00edcil situaci\u00f3 en la qual es trobaven a \u00c0ustria, at\u00e9s que no tenien ingressos suficients per a finan\u00e7ar el seu manteniment ni alternatives d&#8217;allotjament ni treball&#8221;.<br\/><br\/>Quant al paper espec\u00edfic que exercia l&#8217;arrestat dins de l&#8217;organitzaci\u00f3, la Policia ha explicat que presumptament s&#8217;encarregava de transportar a les v\u00edctimes d&#8217;un lloc a un altre i proporcionar allotjament a una d&#8217;elles.<\/p>\n\n<p>  <\/p>\n\n<p>  <\/p>\n\n<p>  <\/p>\n","protected":false},"excerpt":{"rendered":"L&#8217;home, que residia a D\u00e9nia, est\u00e0 acusat d&#8217;explotaci\u00f3 sexual Agents de la Policia Nacional han detingut a D\u00e9nia&hellip;","protected":false},"author":6,"featured_media":75131,"comment_status":"closed","ping_status":"closed","sticky":false,"template":"","format":"standard","meta":{"csco_display_header_overlay":false,"csco_singular_sidebar":"","csco_page_header_type":"","csco_page_load_nextpost":"","csco_post_video_location":[],"csco_post_video_location_hash":"","csco_post_video_url":"","csco_post_video_bg_start_time":0,"csco_post_video_bg_end_time":0,"footnotes":""},"categories":[615],"tags":[4362,1968,4360,4361,2491],"class_list":{"0":"post-77413","1":"post","2":"type-post","3":"status-publish","4":"format-standard","5":"has-post-thumbnail","7":"category-successos","8":"tag-austria-ca-es","9":"tag-detingut","10":"tag-explotacio-de-dones","11":"tag-fugitiu","12":"tag-policia-nacional-ca-es","13":"cs-entry","14":"cs-video-wrap"},"yoast_head":"<!-- This site is optimized with the Yoast SEO Premium plugin v26.6 (Yoast SEO v27.3) - https:\/\/yoast.com\/product\/yoast-seo-premium-wordpress\/ -->\n<title>Detingut un fugitiu reclamat per \u00c0ustria - Canfali<\/title>\n<meta name=\"robots\" content=\"index, follow, max-snippet:-1, max-image-preview:large, max-video-preview:-1\" \/>\n<link rel=\"canonical\" href=\"https:\/\/canfali.com\/ca-es\/detingut-un-fugitiu-reclamat-per-austria\/\" \/>\n<meta property=\"og:locale\" content=\"en_US\" \/>\n<meta property=\"og:type\" content=\"article\" \/>\n<meta property=\"og:title\" content=\"Detingut un fugitiu reclamat per \u00c0ustria\" \/>\n<meta property=\"og:description\" content=\"L&#8217;home, que residia a D\u00e9nia, est\u00e0 acusat d&#8217;explotaci\u00f3 sexual Agents de la Policia Nacional han detingut a D\u00e9nia&hellip;\" \/>\n<meta property=\"og:url\" content=\"https:\/\/canfali.com\/ca-es\/detingut-un-fugitiu-reclamat-per-austria\/\" \/>\n<meta property=\"og:site_name\" content=\"Canfali\" \/>\n<meta property=\"article:publisher\" content=\"https:\/\/es-es.facebook.com\/CANFALIMarinaAlta\" \/>\n<meta property=\"article:published_time\" content=\"2025-10-03T11:15:47+00:00\" \/>\n<meta property=\"article:modified_time\" content=\"2025-10-03T15:43:07+00:00\" \/>\n<meta property=\"og:image\" content=\"https:\/\/canfali.com\/app\/uploads\/2025\/09\/1742_policia-nacional-denia.jpeg\" \/>\n\t<meta property=\"og:image:width\" content=\"980\" \/>\n\t<meta property=\"og:image:height\" content=\"735\" \/>\n\t<meta property=\"og:image:type\" content=\"image\/jpeg\" \/>\n<meta name=\"author\" content=\"Rosa\" \/>\n<meta name=\"twitter:card\" content=\"summary_large_image\" \/>\n<meta name=\"twitter:creator\" content=\"@canfalima\" \/>\n<meta name=\"twitter:site\" content=\"@canfalima\" \/>\n<meta name=\"twitter:label1\" content=\"Written by\" \/>\n\t<meta name=\"twitter:data1\" content=\"Rosa\" \/>\n\t<meta name=\"twitter:label2\" content=\"Est. reading time\" \/>\n\t<meta name=\"twitter:data2\" content=\"1 minute\" \/>\n<script type=\"application\/ld+json\" class=\"yoast-schema-graph\">{\"@context\":\"https:\\\/\\\/schema.org\",\"@graph\":[{\"@type\":\"NewsArticle\",\"@id\":\"https:\\\/\\\/canfali.com\\\/ca-es\\\/detingut-un-fugitiu-reclamat-per-austria\\\/#article\",\"isPartOf\":{\"@id\":\"https:\\\/\\\/canfali.com\\\/ca-es\\\/detingut-un-fugitiu-reclamat-per-austria\\\/\"},\"author\":{\"name\":\"Rosa\",\"@id\":\"https:\\\/\\\/canfali.com\\\/ca-es\\\/#\\\/schema\\\/person\\\/c861a7aa2b2495357b95f35bd5d82f88\"},\"headline\":\"Detingut un fugitiu reclamat per \u00c0ustria\",\"datePublished\":\"2025-10-03T11:15:47+00:00\",\"dateModified\":\"2025-10-03T15:43:07+00:00\",\"mainEntityOfPage\":{\"@id\":\"https:\\\/\\\/canfali.com\\\/ca-es\\\/detingut-un-fugitiu-reclamat-per-austria\\\/\"},\"wordCount\":260,\"publisher\":{\"@id\":\"https:\\\/\\\/canfali.com\\\/ca-es\\\/#organization\"},\"image\":{\"@id\":\"https:\\\/\\\/canfali.com\\\/ca-es\\\/detingut-un-fugitiu-reclamat-per-austria\\\/#primaryimage\"},\"thumbnailUrl\":\"https:\\\/\\\/canfali.com\\\/app\\\/uploads\\\/2025\\\/09\\\/1742_policia-nacional-denia.jpeg\",\"keywords\":[\"\u00c0ustria\",\"detingut\",\"explotaci\u00f3 de dones\",\"fugitiu\",\"policia nacional\"],\"articleSection\":[\"Successos\"],\"inLanguage\":\"va-ES\",\"copyrightYear\":\"2025\",\"copyrightHolder\":{\"@id\":\"https:\\\/\\\/canfali.com\\\/#organization\"}},{\"@type\":\"WebPage\",\"@id\":\"https:\\\/\\\/canfali.com\\\/ca-es\\\/detingut-un-fugitiu-reclamat-per-austria\\\/\",\"url\":\"https:\\\/\\\/canfali.com\\\/ca-es\\\/detingut-un-fugitiu-reclamat-per-austria\\\/\",\"name\":\"Detingut un fugitiu reclamat per \u00c0ustria - Canfali\",\"isPartOf\":{\"@id\":\"https:\\\/\\\/canfali.com\\\/ca-es\\\/#website\"},\"primaryImageOfPage\":{\"@id\":\"https:\\\/\\\/canfali.com\\\/ca-es\\\/detingut-un-fugitiu-reclamat-per-austria\\\/#primaryimage\"},\"image\":{\"@id\":\"https:\\\/\\\/canfali.com\\\/ca-es\\\/detingut-un-fugitiu-reclamat-per-austria\\\/#primaryimage\"},\"thumbnailUrl\":\"https:\\\/\\\/canfali.com\\\/app\\\/uploads\\\/2025\\\/09\\\/1742_policia-nacional-denia.jpeg\",\"datePublished\":\"2025-10-03T11:15:47+00:00\",\"dateModified\":\"2025-10-03T15:43:07+00:00\",\"breadcrumb\":{\"@id\":\"https:\\\/\\\/canfali.com\\\/ca-es\\\/detingut-un-fugitiu-reclamat-per-austria\\\/#breadcrumb\"},\"inLanguage\":\"va-ES\",\"potentialAction\":[{\"@type\":\"ReadAction\",\"target\":[\"https:\\\/\\\/canfali.com\\\/ca-es\\\/detingut-un-fugitiu-reclamat-per-austria\\\/\"]}]},{\"@type\":\"ImageObject\",\"inLanguage\":\"va-ES\",\"@id\":\"https:\\\/\\\/canfali.com\\\/ca-es\\\/detingut-un-fugitiu-reclamat-per-austria\\\/#primaryimage\",\"url\":\"https:\\\/\\\/canfali.com\\\/app\\\/uploads\\\/2025\\\/09\\\/1742_policia-nacional-denia.jpeg\",\"contentUrl\":\"https:\\\/\\\/canfali.com\\\/app\\\/uploads\\\/2025\\\/09\\\/1742_policia-nacional-denia.jpeg\",\"width\":980,\"height\":735},{\"@type\":\"BreadcrumbList\",\"@id\":\"https:\\\/\\\/canfali.com\\\/ca-es\\\/detingut-un-fugitiu-reclamat-per-austria\\\/#breadcrumb\",\"itemListElement\":[{\"@type\":\"ListItem\",\"position\":1,\"name\":\"Portada\",\"item\":\"https:\\\/\\\/canfali.com\\\/ca-es\\\/\"},{\"@type\":\"ListItem\",\"position\":2,\"name\":\"Detingut un fugitiu reclamat per \u00c0ustria\"}]},{\"@type\":\"WebSite\",\"@id\":\"https:\\\/\\\/canfali.com\\\/ca-es\\\/#website\",\"url\":\"https:\\\/\\\/canfali.com\\\/ca-es\\\/\",\"name\":\"Canfali\",\"description\":\"\",\"publisher\":{\"@id\":\"https:\\\/\\\/canfali.com\\\/ca-es\\\/#organization\"},\"potentialAction\":[{\"@type\":\"SearchAction\",\"target\":{\"@type\":\"EntryPoint\",\"urlTemplate\":\"https:\\\/\\\/canfali.com\\\/ca-es\\\/?s={search_term_string}\"},\"query-input\":{\"@type\":\"PropertyValueSpecification\",\"valueRequired\":true,\"valueName\":\"search_term_string\"}}],\"inLanguage\":\"va-ES\"},{\"@type\":\"Organization\",\"@id\":\"https:\\\/\\\/canfali.com\\\/ca-es\\\/#organization\",\"name\":\"Canfali\",\"url\":\"https:\\\/\\\/canfali.com\\\/ca-es\\\/\",\"logo\":{\"@type\":\"ImageObject\",\"inLanguage\":\"va-ES\",\"@id\":\"https:\\\/\\\/canfali.com\\\/ca-es\\\/#\\\/schema\\\/logo\\\/image\\\/\",\"url\":\"https:\\\/\\\/canfali.com\\\/app\\\/uploads\\\/2025\\\/12\\\/canfali_marina_alta_logo.png\",\"contentUrl\":\"https:\\\/\\\/canfali.com\\\/app\\\/uploads\\\/2025\\\/12\\\/canfali_marina_alta_logo.png\",\"width\":225,\"height\":225,\"caption\":\"Canfali\"},\"image\":{\"@id\":\"https:\\\/\\\/canfali.com\\\/ca-es\\\/#\\\/schema\\\/logo\\\/image\\\/\"},\"sameAs\":[\"https:\\\/\\\/es-es.facebook.com\\\/CANFALIMarinaAlta\",\"https:\\\/\\\/x.com\\\/canfalima\",\"https:\\\/\\\/www.instagram.com\\\/canfalimarinaalta\\\/\"]},{\"@type\":\"Person\",\"@id\":\"https:\\\/\\\/canfali.com\\\/ca-es\\\/#\\\/schema\\\/person\\\/c861a7aa2b2495357b95f35bd5d82f88\",\"name\":\"Rosa\",\"image\":{\"@type\":\"ImageObject\",\"inLanguage\":\"va-ES\",\"@id\":\"https:\\\/\\\/secure.gravatar.com\\\/avatar\\\/47fb83d99423a6ef1cf9f83f02a5e91366c671dec76c5c24badf1b0494e1d960?s=96&d=mm&r=g\",\"url\":\"https:\\\/\\\/secure.gravatar.com\\\/avatar\\\/47fb83d99423a6ef1cf9f83f02a5e91366c671dec76c5c24badf1b0494e1d960?s=96&d=mm&r=g\",\"contentUrl\":\"https:\\\/\\\/secure.gravatar.com\\\/avatar\\\/47fb83d99423a6ef1cf9f83f02a5e91366c671dec76c5c24badf1b0494e1d960?s=96&d=mm&r=g\",\"caption\":\"Rosa\"},\"url\":\"https:\\\/\\\/canfali.com\\\/ca-es\\\/author\\\/rosa\\\/\"}]}<\/script>\n<!-- \/ Yoast SEO Premium plugin. -->","yoast_head_json":{"title":"Detingut un fugitiu reclamat per \u00c0ustria - Canfali","robots":{"index":"index","follow":"follow","max-snippet":"max-snippet:-1","max-image-preview":"max-image-preview:large","max-video-preview":"max-video-preview:-1"},"canonical":"https:\/\/canfali.com\/ca-es\/detingut-un-fugitiu-reclamat-per-austria\/","og_locale":"en_US","og_type":"article","og_title":"Detingut un fugitiu reclamat per \u00c0ustria","og_description":"L&#8217;home, que residia a D\u00e9nia, est\u00e0 acusat d&#8217;explotaci\u00f3 sexual Agents de la Policia Nacional han detingut a D\u00e9nia&hellip;","og_url":"https:\/\/canfali.com\/ca-es\/detingut-un-fugitiu-reclamat-per-austria\/","og_site_name":"Canfali","article_publisher":"https:\/\/es-es.facebook.com\/CANFALIMarinaAlta","article_published_time":"2025-10-03T11:15:47+00:00","article_modified_time":"2025-10-03T15:43:07+00:00","og_image":[{"width":980,"height":735,"url":"https:\/\/canfali.com\/app\/uploads\/2025\/09\/1742_policia-nacional-denia.jpeg","type":"image\/jpeg"}],"author":"Rosa","twitter_card":"summary_large_image","twitter_creator":"@canfalima","twitter_site":"@canfalima","twitter_misc":{"Written by":"Rosa","Est. reading time":"1 minute"},"schema":{"@context":"https:\/\/schema.org","@graph":[{"@type":"NewsArticle","@id":"https:\/\/canfali.com\/ca-es\/detingut-un-fugitiu-reclamat-per-austria\/#article","isPartOf":{"@id":"https:\/\/canfali.com\/ca-es\/detingut-un-fugitiu-reclamat-per-austria\/"},"author":{"name":"Rosa","@id":"https:\/\/canfali.com\/ca-es\/#\/schema\/person\/c861a7aa2b2495357b95f35bd5d82f88"},"headline":"Detingut un fugitiu reclamat per \u00c0ustria","datePublished":"2025-10-03T11:15:47+00:00","dateModified":"2025-10-03T15:43:07+00:00","mainEntityOfPage":{"@id":"https:\/\/canfali.com\/ca-es\/detingut-un-fugitiu-reclamat-per-austria\/"},"wordCount":260,"publisher":{"@id":"https:\/\/canfali.com\/ca-es\/#organization"},"image":{"@id":"https:\/\/canfali.com\/ca-es\/detingut-un-fugitiu-reclamat-per-austria\/#primaryimage"},"thumbnailUrl":"https:\/\/canfali.com\/app\/uploads\/2025\/09\/1742_policia-nacional-denia.jpeg","keywords":["\u00c0ustria","detingut","explotaci\u00f3 de dones","fugitiu","policia nacional"],"articleSection":["Successos"],"inLanguage":"va-ES","copyrightYear":"2025","copyrightHolder":{"@id":"https:\/\/canfali.com\/#organization"}},{"@type":"WebPage","@id":"https:\/\/canfali.com\/ca-es\/detingut-un-fugitiu-reclamat-per-austria\/","url":"https:\/\/canfali.com\/ca-es\/detingut-un-fugitiu-reclamat-per-austria\/","name":"Detingut un fugitiu reclamat per \u00c0ustria - Canfali","isPartOf":{"@id":"https:\/\/canfali.com\/ca-es\/#website"},"primaryImageOfPage":{"@id":"https:\/\/canfali.com\/ca-es\/detingut-un-fugitiu-reclamat-per-austria\/#primaryimage"},"image":{"@id":"https:\/\/canfali.com\/ca-es\/detingut-un-fugitiu-reclamat-per-austria\/#primaryimage"},"thumbnailUrl":"https:\/\/canfali.com\/app\/uploads\/2025\/09\/1742_policia-nacional-denia.jpeg","datePublished":"2025-10-03T11:15:47+00:00","dateModified":"2025-10-03T15:43:07+00:00","breadcrumb":{"@id":"https:\/\/canfali.com\/ca-es\/detingut-un-fugitiu-reclamat-per-austria\/#breadcrumb"},"inLanguage":"va-ES","potentialAction":[{"@type":"ReadAction","target":["https:\/\/canfali.com\/ca-es\/detingut-un-fugitiu-reclamat-per-austria\/"]}]},{"@type":"ImageObject","inLanguage":"va-ES","@id":"https:\/\/canfali.com\/ca-es\/detingut-un-fugitiu-reclamat-per-austria\/#primaryimage","url":"https:\/\/canfali.com\/app\/uploads\/2025\/09\/1742_policia-nacional-denia.jpeg","contentUrl":"https:\/\/canfali.com\/app\/uploads\/2025\/09\/1742_policia-nacional-denia.jpeg","width":980,"height":735},{"@type":"BreadcrumbList","@id":"https:\/\/canfali.com\/ca-es\/detingut-un-fugitiu-reclamat-per-austria\/#breadcrumb","itemListElement":[{"@type":"ListItem","position":1,"name":"Portada","item":"https:\/\/canfali.com\/ca-es\/"},{"@type":"ListItem","position":2,"name":"Detingut un fugitiu reclamat per \u00c0ustria"}]},{"@type":"WebSite","@id":"https:\/\/canfali.com\/ca-es\/#website","url":"https:\/\/canfali.com\/ca-es\/","name":"Canfali","description":"","publisher":{"@id":"https:\/\/canfali.com\/ca-es\/#organization"},"potentialAction":[{"@type":"SearchAction","target":{"@type":"EntryPoint","urlTemplate":"https:\/\/canfali.com\/ca-es\/?s={search_term_string}"},"query-input":{"@type":"PropertyValueSpecification","valueRequired":true,"valueName":"search_term_string"}}],"inLanguage":"va-ES"},{"@type":"Organization","@id":"https:\/\/canfali.com\/ca-es\/#organization","name":"Canfali","url":"https:\/\/canfali.com\/ca-es\/","logo":{"@type":"ImageObject","inLanguage":"va-ES","@id":"https:\/\/canfali.com\/ca-es\/#\/schema\/logo\/image\/","url":"https:\/\/canfali.com\/app\/uploads\/2025\/12\/canfali_marina_alta_logo.png","contentUrl":"https:\/\/canfali.com\/app\/uploads\/2025\/12\/canfali_marina_alta_logo.png","width":225,"height":225,"caption":"Canfali"},"image":{"@id":"https:\/\/canfali.com\/ca-es\/#\/schema\/logo\/image\/"},"sameAs":["https:\/\/es-es.facebook.com\/CANFALIMarinaAlta","https:\/\/x.com\/canfalima","https:\/\/www.instagram.com\/canfalimarinaalta\/"]},{"@type":"Person","@id":"https:\/\/canfali.com\/ca-es\/#\/schema\/person\/c861a7aa2b2495357b95f35bd5d82f88","name":"Rosa","image":{"@type":"ImageObject","inLanguage":"va-ES","@id":"https:\/\/secure.gravatar.com\/avatar\/47fb83d99423a6ef1cf9f83f02a5e91366c671dec76c5c24badf1b0494e1d960?s=96&d=mm&r=g","url":"https:\/\/secure.gravatar.com\/avatar\/47fb83d99423a6ef1cf9f83f02a5e91366c671dec76c5c24badf1b0494e1d960?s=96&d=mm&r=g","contentUrl":"https:\/\/secure.gravatar.com\/avatar\/47fb83d99423a6ef1cf9f83f02a5e91366c671dec76c5c24badf1b0494e1d960?s=96&d=mm&r=g","caption":"Rosa"},"url":"https:\/\/canfali.com\/ca-es\/author\/rosa\/"}]}},"_links":{"self":[{"href":"https:\/\/canfali.com\/ca-es\/wp-json\/wp\/v2\/posts\/77413","targetHints":{"allow":["GET"]}}],"collection":[{"href":"https:\/\/canfali.com\/ca-es\/wp-json\/wp\/v2\/posts"}],"about":[{"href":"https:\/\/canfali.com\/ca-es\/wp-json\/wp\/v2\/types\/post"}],"author":[{"embeddable":true,"href":"https:\/\/canfali.com\/ca-es\/wp-json\/wp\/v2\/users\/6"}],"replies":[{"embeddable":true,"href":"https:\/\/canfali.com\/ca-es\/wp-json\/wp\/v2\/comments?post=77413"}],"version-history":[{"count":1,"href":"https:\/\/canfali.com\/ca-es\/wp-json\/wp\/v2\/posts\/77413\/revisions"}],"predecessor-version":[{"id":77414,"href":"https:\/\/canfali.com\/ca-es\/wp-json\/wp\/v2\/posts\/77413\/revisions\/77414"}],"wp:featuredmedia":[{"embeddable":true,"href":"https:\/\/canfali.com\/ca-es\/wp-json\/wp\/v2\/media\/75131"}],"wp:attachment":[{"href":"https:\/\/canfali.com\/ca-es\/wp-json\/wp\/v2\/media?parent=77413"}],"wp:term":[{"taxonomy":"category","embeddable":true,"href":"https:\/\/canfali.com\/ca-es\/wp-json\/wp\/v2\/categories?post=77413"},{"taxonomy":"post_tag","embeddable":true,"href":"https:\/\/canfali.com\/ca-es\/wp-json\/wp\/v2\/tags?post=77413"}],"curies":[{"name":"wp","href":"https:\/\/api.w.org\/{rel}","templated":true}]}}