{"id":77409,"date":"2025-10-03T11:37:42","date_gmt":"2025-10-03T09:37:42","guid":{"rendered":"https:\/\/canfali.com\/reconeixement-als-policies-de-benitatxell\/"},"modified":"2025-10-03T11:39:16","modified_gmt":"2025-10-03T09:39:16","slug":"reconeixement-als-policies-de-benitatxell","status":"publish","type":"post","link":"https:\/\/canfali.com\/ca-es\/reconeixement-als-policies-de-benitatxell\/","title":{"rendered":"Reconeixement als policies de Benitatxell"},"content":{"rendered":"\n<p>La festivitat dels Sants \u00c1ngeles Custodis s&#8217;ha celebrat a Benitatxell amb un acte de reconeixement a la cooperaci\u00f3 dels policies locals en la zona zero de la dana. Els agents Miguel \u00c1ngel Signes i V\u00edctor Ruiz han rebut una medalla pels seus 35 anys de servei i, a m\u00e9s, formen part tamb\u00e9 de l&#8217;operatiu que es va despla\u00e7ar fins a la zona m\u00e9s afectada per la dana. La resta de companys que compten amb el reconeixement i el pin del Ministeri de l&#8217;Interior s\u00f3n: Francisco Jos\u00e9 Llobell, Jos\u00e9 Luis Blanco, Jos\u00e9 Vicente Garc\u00eda, Ra\u00fal Andr\u00e9s Estalrich, Beatriz Navarro, Jos\u00e9 Luis Esteve, Gabriel Vidilla, Rafael Garcer\u00e1, Miriam Eivissa, Antonio L\u00f3pez, Rub\u00e9n Soto, Jes\u00fas Hern\u00e1ndez, Pablo Izquierdo i Vicente Lloret. El grup es completa amb Jos\u00e9 Francisco Mayans, que es va jubilar del c\u00e0rrec a l&#8217;agost de 2024.<\/p>\n\n<figure class=\"wp-block-image size-large\"><img fetchpriority=\"high\" decoding=\"async\" width=\"1024\" height=\"683\" src=\"https:\/\/canfali.com\/app\/uploads\/2025\/10\/poli-benitatxell-2-1024x683.jpg\" alt=\"\" class=\"wp-image-77404\" srcset=\"https:\/\/canfali.com\/app\/uploads\/2025\/10\/poli-benitatxell-2-1024x683.jpg 1024w, https:\/\/canfali.com\/app\/uploads\/2025\/10\/poli-benitatxell-2-300x200.jpg 300w, https:\/\/canfali.com\/app\/uploads\/2025\/10\/poli-benitatxell-2-768x512.jpg 768w, https:\/\/canfali.com\/app\/uploads\/2025\/10\/poli-benitatxell-2-1536x1024.jpg 1536w, https:\/\/canfali.com\/app\/uploads\/2025\/10\/poli-benitatxell-2-2048x1365.jpg 2048w, https:\/\/canfali.com\/app\/uploads\/2025\/10\/poli-benitatxell-2-scaled.jpg 2560w\" sizes=\"(max-width: 1024px) 100vw, 1024px\" \/><\/figure>\n\n<p>\tAix\u00ed mateix, s&#8217;han atorgat medalles a Arturo Esteve, Aaron Pastor i Vicente Bolufer, membres de Protecci\u00f3 Civil, per la seva participaci\u00f3 en la Unitat de Formadors Escolars Benitatxell (UFEB). I dos diplomes, un de benvinguda al cos a Miguel \u00c1ngel Bisquert i un altre a la doctora Serena Mencarelli, qui, estant fos de servei, va ajudar a salvar la vida d&#8217;un banyista en la cala del Moraig.<\/p>\n\n<figure class=\"wp-block-image size-large\"><img decoding=\"async\" width=\"1024\" height=\"683\" src=\"https:\/\/canfali.com\/app\/uploads\/2025\/10\/poli-benitatxell-3-1024x683.jpg\" alt=\"\" class=\"wp-image-77406\" srcset=\"https:\/\/canfali.com\/app\/uploads\/2025\/10\/poli-benitatxell-3-1024x683.jpg 1024w, https:\/\/canfali.com\/app\/uploads\/2025\/10\/poli-benitatxell-3-300x200.jpg 300w, https:\/\/canfali.com\/app\/uploads\/2025\/10\/poli-benitatxell-3-768x512.jpg 768w, https:\/\/canfali.com\/app\/uploads\/2025\/10\/poli-benitatxell-3-1536x1024.jpg 1536w, https:\/\/canfali.com\/app\/uploads\/2025\/10\/poli-benitatxell-3-2048x1365.jpg 2048w, https:\/\/canfali.com\/app\/uploads\/2025\/10\/poli-benitatxell-3-scaled.jpg 2560w\" sizes=\"(max-width: 1024px) 100vw, 1024px\" \/><\/figure>\n\n<p>La regidora de Seguretat, Mar\u00eda Jos\u00e9 Ivars, va comentar que el treball de tots els agents \u201c\u00e9s el millor exemple de servei p\u00fablic: efica\u00e7, pr\u00f2xim i valent\u201d. L&#8217;alcalde, Miguel \u00c1ngel Garc\u00eda, va subratllar que \u201cabans d&#8217;entrar en pol\u00edtica, una vegada em va dir una persona que la policia era la imatge d&#8217;un poble. En aquell moment, des del desconeixement, vaig pensar que tenia part de ra\u00f3, per\u00f2 el vaig veure excessiu. Ara, amb l&#8217;experi\u00e8ncia que tinc des del govern, penso que \u00e9s totalment cert\u201d.<\/p>\n","protected":false},"excerpt":{"rendered":"La festivitat dels Sants \u00c1ngeles Custodis s&#8217;ha celebrat a Benitatxell amb un acte de reconeixement a la cooperaci\u00f3&hellip;","protected":false},"author":5,"featured_media":77403,"comment_status":"closed","ping_status":"closed","sticky":false,"template":"","format":"standard","meta":{"csco_display_header_overlay":false,"csco_singular_sidebar":"","csco_page_header_type":"","csco_page_load_nextpost":"","csco_post_video_location":[],"csco_post_video_location_hash":"","csco_post_video_url":"","csco_post_video_bg_start_time":0,"csco_post_video_bg_end_time":0,"footnotes":""},"categories":[614],"tags":[1124,3634],"class_list":{"0":"post-77409","1":"post","2":"type-post","3":"status-publish","4":"format-standard","5":"has-post-thumbnail","7":"category-municipal-ca-es","8":"tag-dana-ca-es","9":"tag-homenatge","10":"cs-entry","11":"cs-video-wrap"},"yoast_head":"<!-- This site is optimized with the Yoast SEO Premium plugin v26.6 (Yoast SEO v27.3) - https:\/\/yoast.com\/product\/yoast-seo-premium-wordpress\/ -->\n<title>Reconeixement als policies de Benitatxell - Canfali<\/title>\n<meta name=\"robots\" content=\"index, follow, max-snippet:-1, max-image-preview:large, max-video-preview:-1\" \/>\n<link rel=\"canonical\" href=\"https:\/\/canfali.com\/ca-es\/reconeixement-als-policies-de-benitatxell\/\" \/>\n<meta property=\"og:locale\" content=\"en_US\" \/>\n<meta property=\"og:type\" content=\"article\" \/>\n<meta property=\"og:title\" content=\"Reconeixement als policies de Benitatxell\" \/>\n<meta property=\"og:description\" content=\"La festivitat dels Sants \u00c1ngeles Custodis s&#8217;ha celebrat a Benitatxell amb un acte de reconeixement a la cooperaci\u00f3&hellip;\" \/>\n<meta property=\"og:url\" content=\"https:\/\/canfali.com\/ca-es\/reconeixement-als-policies-de-benitatxell\/\" \/>\n<meta property=\"og:site_name\" content=\"Canfali\" \/>\n<meta property=\"article:publisher\" content=\"https:\/\/es-es.facebook.com\/CANFALIMarinaAlta\" \/>\n<meta property=\"article:published_time\" content=\"2025-10-03T09:37:42+00:00\" \/>\n<meta property=\"article:modified_time\" content=\"2025-10-03T09:39:16+00:00\" \/>\n<meta property=\"og:image\" content=\"https:\/\/canfali.com\/app\/uploads\/2025\/10\/poli-benitatxell-1-scaled.jpg\" \/>\n\t<meta property=\"og:image:width\" content=\"2560\" \/>\n\t<meta property=\"og:image:height\" content=\"1707\" \/>\n\t<meta property=\"og:image:type\" content=\"image\/jpeg\" \/>\n<meta name=\"author\" content=\"D\u00eddac\" \/>\n<meta name=\"twitter:card\" content=\"summary_large_image\" \/>\n<meta name=\"twitter:creator\" content=\"@canfalima\" \/>\n<meta name=\"twitter:site\" content=\"@canfalima\" \/>\n<meta name=\"twitter:label1\" content=\"Written by\" \/>\n\t<meta name=\"twitter:data1\" content=\"D\u00eddac\" \/>\n\t<meta name=\"twitter:label2\" content=\"Est. reading time\" \/>\n\t<meta name=\"twitter:data2\" content=\"2 minutes\" \/>\n<script type=\"application\/ld+json\" class=\"yoast-schema-graph\">{\"@context\":\"https:\\\/\\\/schema.org\",\"@graph\":[{\"@type\":\"NewsArticle\",\"@id\":\"https:\\\/\\\/canfali.com\\\/ca-es\\\/reconeixement-als-policies-de-benitatxell\\\/#article\",\"isPartOf\":{\"@id\":\"https:\\\/\\\/canfali.com\\\/ca-es\\\/reconeixement-als-policies-de-benitatxell\\\/\"},\"author\":{\"name\":\"D\u00eddac\",\"@id\":\"https:\\\/\\\/canfali.com\\\/ca-es\\\/#\\\/schema\\\/person\\\/5211f51be1ed486a218e6a4f53355b6d\"},\"headline\":\"Reconeixement als policies de Benitatxell\",\"datePublished\":\"2025-10-03T09:37:42+00:00\",\"dateModified\":\"2025-10-03T09:39:16+00:00\",\"mainEntityOfPage\":{\"@id\":\"https:\\\/\\\/canfali.com\\\/ca-es\\\/reconeixement-als-policies-de-benitatxell\\\/\"},\"wordCount\":319,\"publisher\":{\"@id\":\"https:\\\/\\\/canfali.com\\\/ca-es\\\/#organization\"},\"image\":{\"@id\":\"https:\\\/\\\/canfali.com\\\/ca-es\\\/reconeixement-als-policies-de-benitatxell\\\/#primaryimage\"},\"thumbnailUrl\":\"https:\\\/\\\/canfali.com\\\/app\\\/uploads\\\/2025\\\/10\\\/poli-benitatxell-1-scaled.jpg\",\"keywords\":[\"dana\",\"homenatge\"],\"articleSection\":[\"Municipal\"],\"inLanguage\":\"va-ES\",\"copyrightYear\":\"2025\",\"copyrightHolder\":{\"@id\":\"https:\\\/\\\/canfali.com\\\/#organization\"}},{\"@type\":\"WebPage\",\"@id\":\"https:\\\/\\\/canfali.com\\\/ca-es\\\/reconeixement-als-policies-de-benitatxell\\\/\",\"url\":\"https:\\\/\\\/canfali.com\\\/ca-es\\\/reconeixement-als-policies-de-benitatxell\\\/\",\"name\":\"Reconeixement als policies de Benitatxell - Canfali\",\"isPartOf\":{\"@id\":\"https:\\\/\\\/canfali.com\\\/ca-es\\\/#website\"},\"primaryImageOfPage\":{\"@id\":\"https:\\\/\\\/canfali.com\\\/ca-es\\\/reconeixement-als-policies-de-benitatxell\\\/#primaryimage\"},\"image\":{\"@id\":\"https:\\\/\\\/canfali.com\\\/ca-es\\\/reconeixement-als-policies-de-benitatxell\\\/#primaryimage\"},\"thumbnailUrl\":\"https:\\\/\\\/canfali.com\\\/app\\\/uploads\\\/2025\\\/10\\\/poli-benitatxell-1-scaled.jpg\",\"datePublished\":\"2025-10-03T09:37:42+00:00\",\"dateModified\":\"2025-10-03T09:39:16+00:00\",\"breadcrumb\":{\"@id\":\"https:\\\/\\\/canfali.com\\\/ca-es\\\/reconeixement-als-policies-de-benitatxell\\\/#breadcrumb\"},\"inLanguage\":\"va-ES\",\"potentialAction\":[{\"@type\":\"ReadAction\",\"target\":[\"https:\\\/\\\/canfali.com\\\/ca-es\\\/reconeixement-als-policies-de-benitatxell\\\/\"]}]},{\"@type\":\"ImageObject\",\"inLanguage\":\"va-ES\",\"@id\":\"https:\\\/\\\/canfali.com\\\/ca-es\\\/reconeixement-als-policies-de-benitatxell\\\/#primaryimage\",\"url\":\"https:\\\/\\\/canfali.com\\\/app\\\/uploads\\\/2025\\\/10\\\/poli-benitatxell-1-scaled.jpg\",\"contentUrl\":\"https:\\\/\\\/canfali.com\\\/app\\\/uploads\\\/2025\\\/10\\\/poli-benitatxell-1-scaled.jpg\",\"width\":2560,\"height\":1707},{\"@type\":\"BreadcrumbList\",\"@id\":\"https:\\\/\\\/canfali.com\\\/ca-es\\\/reconeixement-als-policies-de-benitatxell\\\/#breadcrumb\",\"itemListElement\":[{\"@type\":\"ListItem\",\"position\":1,\"name\":\"Portada\",\"item\":\"https:\\\/\\\/canfali.com\\\/ca-es\\\/\"},{\"@type\":\"ListItem\",\"position\":2,\"name\":\"Reconeixement als policies de Benitatxell\"}]},{\"@type\":\"WebSite\",\"@id\":\"https:\\\/\\\/canfali.com\\\/ca-es\\\/#website\",\"url\":\"https:\\\/\\\/canfali.com\\\/ca-es\\\/\",\"name\":\"Canfali\",\"description\":\"\",\"publisher\":{\"@id\":\"https:\\\/\\\/canfali.com\\\/ca-es\\\/#organization\"},\"potentialAction\":[{\"@type\":\"SearchAction\",\"target\":{\"@type\":\"EntryPoint\",\"urlTemplate\":\"https:\\\/\\\/canfali.com\\\/ca-es\\\/?s={search_term_string}\"},\"query-input\":{\"@type\":\"PropertyValueSpecification\",\"valueRequired\":true,\"valueName\":\"search_term_string\"}}],\"inLanguage\":\"va-ES\"},{\"@type\":\"Organization\",\"@id\":\"https:\\\/\\\/canfali.com\\\/ca-es\\\/#organization\",\"name\":\"Canfali\",\"url\":\"https:\\\/\\\/canfali.com\\\/ca-es\\\/\",\"logo\":{\"@type\":\"ImageObject\",\"inLanguage\":\"va-ES\",\"@id\":\"https:\\\/\\\/canfali.com\\\/ca-es\\\/#\\\/schema\\\/logo\\\/image\\\/\",\"url\":\"https:\\\/\\\/canfali.com\\\/app\\\/uploads\\\/2025\\\/12\\\/canfali_marina_alta_logo.png\",\"contentUrl\":\"https:\\\/\\\/canfali.com\\\/app\\\/uploads\\\/2025\\\/12\\\/canfali_marina_alta_logo.png\",\"width\":225,\"height\":225,\"caption\":\"Canfali\"},\"image\":{\"@id\":\"https:\\\/\\\/canfali.com\\\/ca-es\\\/#\\\/schema\\\/logo\\\/image\\\/\"},\"sameAs\":[\"https:\\\/\\\/es-es.facebook.com\\\/CANFALIMarinaAlta\",\"https:\\\/\\\/x.com\\\/canfalima\",\"https:\\\/\\\/www.instagram.com\\\/canfalimarinaalta\\\/\"]},{\"@type\":\"Person\",\"@id\":\"https:\\\/\\\/canfali.com\\\/ca-es\\\/#\\\/schema\\\/person\\\/5211f51be1ed486a218e6a4f53355b6d\",\"name\":\"D\u00eddac\",\"image\":{\"@type\":\"ImageObject\",\"inLanguage\":\"va-ES\",\"@id\":\"https:\\\/\\\/secure.gravatar.com\\\/avatar\\\/a68a2078c12da8a6dd6cff4f3f3f69f7eb69a2d31ac1aac4da61c3761e4557f4?s=96&d=mm&r=g\",\"url\":\"https:\\\/\\\/secure.gravatar.com\\\/avatar\\\/a68a2078c12da8a6dd6cff4f3f3f69f7eb69a2d31ac1aac4da61c3761e4557f4?s=96&d=mm&r=g\",\"contentUrl\":\"https:\\\/\\\/secure.gravatar.com\\\/avatar\\\/a68a2078c12da8a6dd6cff4f3f3f69f7eb69a2d31ac1aac4da61c3761e4557f4?s=96&d=mm&r=g\",\"caption\":\"D\u00eddac\"},\"url\":\"https:\\\/\\\/canfali.com\\\/ca-es\\\/author\\\/didac\\\/\"}]}<\/script>\n<!-- \/ Yoast SEO Premium plugin. -->","yoast_head_json":{"title":"Reconeixement als policies de Benitatxell - Canfali","robots":{"index":"index","follow":"follow","max-snippet":"max-snippet:-1","max-image-preview":"max-image-preview:large","max-video-preview":"max-video-preview:-1"},"canonical":"https:\/\/canfali.com\/ca-es\/reconeixement-als-policies-de-benitatxell\/","og_locale":"en_US","og_type":"article","og_title":"Reconeixement als policies de Benitatxell","og_description":"La festivitat dels Sants \u00c1ngeles Custodis s&#8217;ha celebrat a Benitatxell amb un acte de reconeixement a la cooperaci\u00f3&hellip;","og_url":"https:\/\/canfali.com\/ca-es\/reconeixement-als-policies-de-benitatxell\/","og_site_name":"Canfali","article_publisher":"https:\/\/es-es.facebook.com\/CANFALIMarinaAlta","article_published_time":"2025-10-03T09:37:42+00:00","article_modified_time":"2025-10-03T09:39:16+00:00","og_image":[{"width":2560,"height":1707,"url":"https:\/\/canfali.com\/app\/uploads\/2025\/10\/poli-benitatxell-1-scaled.jpg","type":"image\/jpeg"}],"author":"D\u00eddac","twitter_card":"summary_large_image","twitter_creator":"@canfalima","twitter_site":"@canfalima","twitter_misc":{"Written by":"D\u00eddac","Est. reading time":"2 minutes"},"schema":{"@context":"https:\/\/schema.org","@graph":[{"@type":"NewsArticle","@id":"https:\/\/canfali.com\/ca-es\/reconeixement-als-policies-de-benitatxell\/#article","isPartOf":{"@id":"https:\/\/canfali.com\/ca-es\/reconeixement-als-policies-de-benitatxell\/"},"author":{"name":"D\u00eddac","@id":"https:\/\/canfali.com\/ca-es\/#\/schema\/person\/5211f51be1ed486a218e6a4f53355b6d"},"headline":"Reconeixement als policies de Benitatxell","datePublished":"2025-10-03T09:37:42+00:00","dateModified":"2025-10-03T09:39:16+00:00","mainEntityOfPage":{"@id":"https:\/\/canfali.com\/ca-es\/reconeixement-als-policies-de-benitatxell\/"},"wordCount":319,"publisher":{"@id":"https:\/\/canfali.com\/ca-es\/#organization"},"image":{"@id":"https:\/\/canfali.com\/ca-es\/reconeixement-als-policies-de-benitatxell\/#primaryimage"},"thumbnailUrl":"https:\/\/canfali.com\/app\/uploads\/2025\/10\/poli-benitatxell-1-scaled.jpg","keywords":["dana","homenatge"],"articleSection":["Municipal"],"inLanguage":"va-ES","copyrightYear":"2025","copyrightHolder":{"@id":"https:\/\/canfali.com\/#organization"}},{"@type":"WebPage","@id":"https:\/\/canfali.com\/ca-es\/reconeixement-als-policies-de-benitatxell\/","url":"https:\/\/canfali.com\/ca-es\/reconeixement-als-policies-de-benitatxell\/","name":"Reconeixement als policies de Benitatxell - Canfali","isPartOf":{"@id":"https:\/\/canfali.com\/ca-es\/#website"},"primaryImageOfPage":{"@id":"https:\/\/canfali.com\/ca-es\/reconeixement-als-policies-de-benitatxell\/#primaryimage"},"image":{"@id":"https:\/\/canfali.com\/ca-es\/reconeixement-als-policies-de-benitatxell\/#primaryimage"},"thumbnailUrl":"https:\/\/canfali.com\/app\/uploads\/2025\/10\/poli-benitatxell-1-scaled.jpg","datePublished":"2025-10-03T09:37:42+00:00","dateModified":"2025-10-03T09:39:16+00:00","breadcrumb":{"@id":"https:\/\/canfali.com\/ca-es\/reconeixement-als-policies-de-benitatxell\/#breadcrumb"},"inLanguage":"va-ES","potentialAction":[{"@type":"ReadAction","target":["https:\/\/canfali.com\/ca-es\/reconeixement-als-policies-de-benitatxell\/"]}]},{"@type":"ImageObject","inLanguage":"va-ES","@id":"https:\/\/canfali.com\/ca-es\/reconeixement-als-policies-de-benitatxell\/#primaryimage","url":"https:\/\/canfali.com\/app\/uploads\/2025\/10\/poli-benitatxell-1-scaled.jpg","contentUrl":"https:\/\/canfali.com\/app\/uploads\/2025\/10\/poli-benitatxell-1-scaled.jpg","width":2560,"height":1707},{"@type":"BreadcrumbList","@id":"https:\/\/canfali.com\/ca-es\/reconeixement-als-policies-de-benitatxell\/#breadcrumb","itemListElement":[{"@type":"ListItem","position":1,"name":"Portada","item":"https:\/\/canfali.com\/ca-es\/"},{"@type":"ListItem","position":2,"name":"Reconeixement als policies de Benitatxell"}]},{"@type":"WebSite","@id":"https:\/\/canfali.com\/ca-es\/#website","url":"https:\/\/canfali.com\/ca-es\/","name":"Canfali","description":"","publisher":{"@id":"https:\/\/canfali.com\/ca-es\/#organization"},"potentialAction":[{"@type":"SearchAction","target":{"@type":"EntryPoint","urlTemplate":"https:\/\/canfali.com\/ca-es\/?s={search_term_string}"},"query-input":{"@type":"PropertyValueSpecification","valueRequired":true,"valueName":"search_term_string"}}],"inLanguage":"va-ES"},{"@type":"Organization","@id":"https:\/\/canfali.com\/ca-es\/#organization","name":"Canfali","url":"https:\/\/canfali.com\/ca-es\/","logo":{"@type":"ImageObject","inLanguage":"va-ES","@id":"https:\/\/canfali.com\/ca-es\/#\/schema\/logo\/image\/","url":"https:\/\/canfali.com\/app\/uploads\/2025\/12\/canfali_marina_alta_logo.png","contentUrl":"https:\/\/canfali.com\/app\/uploads\/2025\/12\/canfali_marina_alta_logo.png","width":225,"height":225,"caption":"Canfali"},"image":{"@id":"https:\/\/canfali.com\/ca-es\/#\/schema\/logo\/image\/"},"sameAs":["https:\/\/es-es.facebook.com\/CANFALIMarinaAlta","https:\/\/x.com\/canfalima","https:\/\/www.instagram.com\/canfalimarinaalta\/"]},{"@type":"Person","@id":"https:\/\/canfali.com\/ca-es\/#\/schema\/person\/5211f51be1ed486a218e6a4f53355b6d","name":"D\u00eddac","image":{"@type":"ImageObject","inLanguage":"va-ES","@id":"https:\/\/secure.gravatar.com\/avatar\/a68a2078c12da8a6dd6cff4f3f3f69f7eb69a2d31ac1aac4da61c3761e4557f4?s=96&d=mm&r=g","url":"https:\/\/secure.gravatar.com\/avatar\/a68a2078c12da8a6dd6cff4f3f3f69f7eb69a2d31ac1aac4da61c3761e4557f4?s=96&d=mm&r=g","contentUrl":"https:\/\/secure.gravatar.com\/avatar\/a68a2078c12da8a6dd6cff4f3f3f69f7eb69a2d31ac1aac4da61c3761e4557f4?s=96&d=mm&r=g","caption":"D\u00eddac"},"url":"https:\/\/canfali.com\/ca-es\/author\/didac\/"}]}},"_links":{"self":[{"href":"https:\/\/canfali.com\/ca-es\/wp-json\/wp\/v2\/posts\/77409","targetHints":{"allow":["GET"]}}],"collection":[{"href":"https:\/\/canfali.com\/ca-es\/wp-json\/wp\/v2\/posts"}],"about":[{"href":"https:\/\/canfali.com\/ca-es\/wp-json\/wp\/v2\/types\/post"}],"author":[{"embeddable":true,"href":"https:\/\/canfali.com\/ca-es\/wp-json\/wp\/v2\/users\/5"}],"replies":[{"embeddable":true,"href":"https:\/\/canfali.com\/ca-es\/wp-json\/wp\/v2\/comments?post=77409"}],"version-history":[{"count":1,"href":"https:\/\/canfali.com\/ca-es\/wp-json\/wp\/v2\/posts\/77409\/revisions"}],"predecessor-version":[{"id":77410,"href":"https:\/\/canfali.com\/ca-es\/wp-json\/wp\/v2\/posts\/77409\/revisions\/77410"}],"wp:featuredmedia":[{"embeddable":true,"href":"https:\/\/canfali.com\/ca-es\/wp-json\/wp\/v2\/media\/77403"}],"wp:attachment":[{"href":"https:\/\/canfali.com\/ca-es\/wp-json\/wp\/v2\/media?parent=77409"}],"wp:term":[{"taxonomy":"category","embeddable":true,"href":"https:\/\/canfali.com\/ca-es\/wp-json\/wp\/v2\/categories?post=77409"},{"taxonomy":"post_tag","embeddable":true,"href":"https:\/\/canfali.com\/ca-es\/wp-json\/wp\/v2\/tags?post=77409"}],"curies":[{"name":"wp","href":"https:\/\/api.w.org\/{rel}","templated":true}]}}