{"id":75867,"date":"2025-09-11T22:40:54","date_gmt":"2025-09-11T20:40:54","guid":{"rendered":"https:\/\/canfali.com\/xabia-vibra-amb-el-eco-dels-passos\/"},"modified":"2025-09-11T22:41:46","modified_gmt":"2025-09-11T20:41:46","slug":"xabia-vibra-amb-el-eco-dels-passos","status":"publish","type":"post","link":"https:\/\/canfali.com\/ca-es\/xabia-vibra-amb-el-eco-dels-passos\/","title":{"rendered":"X\u00e0bia vibra amb El Eco dels Passos"},"content":{"rendered":"\n<p>El Eco dels Passos \u00e9s probablement el t\u00edtol m\u00e9s po\u00e8tic per a una mostra tan singular, el cui objecte com\u00fa \u00e9s la sabata, probablement l\u2019objecte m\u00e9s com\u00fa de tots. A partir d\u2019ac\u00ed, poc m\u00e9s en com\u00fa, perqu\u00e8 l\u2019exposici\u00f3 \u00e9s tan diversa com els 57 autors de distintes nacionalitats que participen i que ofereixen \u00f2ptiques molt diferents. No hi ha m\u00e9s criteri que l\u2019arbitrarietat i la diversitat. Cada obra, cada fotografia, cada pintura, ofereix una lectura i una perspectiva molt diferent de la versi\u00f3 m\u00e9s art\u00edstica de les sabates.<br\/><\/p>\n\n<figure class=\"wp-block-image size-large\"><img fetchpriority=\"high\" decoding=\"async\" width=\"1024\" height=\"768\" src=\"https:\/\/canfali.com\/app\/uploads\/2025\/09\/IMG_8607-1024x768.jpg\" alt=\"\" class=\"wp-image-75858\" srcset=\"https:\/\/canfali.com\/app\/uploads\/2025\/09\/IMG_8607-1024x768.jpg 1024w, https:\/\/canfali.com\/app\/uploads\/2025\/09\/IMG_8607-300x225.jpg 300w, https:\/\/canfali.com\/app\/uploads\/2025\/09\/IMG_8607-768x576.jpg 768w, https:\/\/canfali.com\/app\/uploads\/2025\/09\/IMG_8607-1536x1152.jpg 1536w, https:\/\/canfali.com\/app\/uploads\/2025\/09\/IMG_8607-2048x1536.jpg 2048w, https:\/\/canfali.com\/app\/uploads\/2025\/09\/IMG_8607-scaled.jpg 2560w\" sizes=\"(max-width: 1024px) 100vw, 1024px\" \/><\/figure>\n\n<p>El fot\u00f2graf i artista Sean Mackaoui \u00e9s el comissari d\u2019aquesta exposici\u00f3, que s\u2019inaugura este divendres 12 de setembre a la Casa del Cable de X\u00e0bia i que podr\u00e0 visitar-se durant un mes.<br\/><\/p>\n\n<p>El projecte reuneix fot\u00f2grafs consagrats i altres emergents de tot el m\u00f3n al voltant d\u2019un objecte quotidi\u00e0 carregat de significats. \u201cLes sabates apareixen en tots els g\u00e8neres: moda, guerra, conceptual, de carrer\u2026 Un objecte que tothom coneix, per\u00f2 que en esta mostra es presenta des de molts punts de vista, la qual cosa resulta molt m\u00e9s interessant\u201d, va destacar Mackaoui.<br\/><\/p>\n\n<p>El comissari va insistir que el proc\u00e9s de selecci\u00f3 fou directe i personal, contactant amb els artistes sense intermediaris i buscant un equilibri entre traject\u00f2ries consolidades i nous talents, amb especial atenci\u00f3 a la pres\u00e8ncia de dones fot\u00f2grafes. \u201cHe intentat que les obres foren el m\u00e9s diferents possibles\u201d, per a evitar repeticions i oferir al p\u00fablic una mostra variada i sorprenent. \u201cCada fotografia \u00e9s com una finestra a un m\u00f3n particular\u201d, va afirmar.<br\/><\/p>\n\n<figure class=\"wp-block-image size-large\"><img decoding=\"async\" width=\"1024\" height=\"768\" src=\"https:\/\/canfali.com\/app\/uploads\/2025\/09\/IMG_8577-1024x768.jpg\" alt=\"\" class=\"wp-image-75846\" srcset=\"https:\/\/canfali.com\/app\/uploads\/2025\/09\/IMG_8577-1024x768.jpg 1024w, https:\/\/canfali.com\/app\/uploads\/2025\/09\/IMG_8577-300x225.jpg 300w, https:\/\/canfali.com\/app\/uploads\/2025\/09\/IMG_8577-768x576.jpg 768w, https:\/\/canfali.com\/app\/uploads\/2025\/09\/IMG_8577-1536x1152.jpg 1536w, https:\/\/canfali.com\/app\/uploads\/2025\/09\/IMG_8577-2048x1536.jpg 2048w, https:\/\/canfali.com\/app\/uploads\/2025\/09\/IMG_8577-scaled.jpg 2560w\" sizes=\"(max-width: 1024px) 100vw, 1024px\" \/><\/figure>\n\n<p>Despr\u00e9s del seu pas per Madrid en un format redu\u00eft, la mostra s\u2019amplia ara a X\u00e0bia amb noves peces i un muntatge que convida a explorar la diversitat de mirades sobre un objecte aparentment com\u00fa, convertit ac\u00ed en met\u00e0fora i en vehicle art\u00edstic. Entre els artistes es troba la javiense Xusa Bou, que presenta una cridanera proposta en blanc i negre.<br\/><\/p>\n\n<figure class=\"wp-block-image size-large\"><img decoding=\"async\" width=\"1024\" height=\"768\" src=\"https:\/\/canfali.com\/app\/uploads\/2025\/09\/IMG_8585-1024x768.jpg\" alt=\"\" class=\"wp-image-75850\" srcset=\"https:\/\/canfali.com\/app\/uploads\/2025\/09\/IMG_8585-1024x768.jpg 1024w, https:\/\/canfali.com\/app\/uploads\/2025\/09\/IMG_8585-300x225.jpg 300w, https:\/\/canfali.com\/app\/uploads\/2025\/09\/IMG_8585-768x576.jpg 768w, https:\/\/canfali.com\/app\/uploads\/2025\/09\/IMG_8585-1536x1152.jpg 1536w, https:\/\/canfali.com\/app\/uploads\/2025\/09\/IMG_8585-2048x1536.jpg 2048w, https:\/\/canfali.com\/app\/uploads\/2025\/09\/IMG_8585-scaled.jpg 2560w\" sizes=\"(max-width: 1024px) 100vw, 1024px\" \/><\/figure>\n\n<p>La regidora de Cultura, Mavi P\u00e9rez, va destacar que l\u2019exposici\u00f3 a la Casa del Cable \u201cha quedat espectacular\u201d i que \u00e9s fruit d\u2019una proposta sorgida del Consell de Cultura i impulsada pel departament municipal. \u201cLa sabata \u00e9s un objecte quotidi\u00e0 que ens acompanya cada dia i que permet mostrar \u00e0mbits molt diversos\u201d, va puntualitzar. P\u00e9rez va incidir en la varietat dels artistes que participen, amb pres\u00e8ncia d\u2019homes i dones, artistes joves i consagrats, aix\u00ed com creadors locals i figures de renom internacional. \u201c\u00c9s una exposici\u00f3 que ning\u00fa es pot perdre\u201d, va concloure.<br\/><\/p>\n\n<figure class=\"wp-block-image size-large\"><img loading=\"lazy\" decoding=\"async\" width=\"1024\" height=\"768\" src=\"https:\/\/canfali.com\/app\/uploads\/2025\/09\/IMG_8587-1024x768.jpg\" alt=\"\" class=\"wp-image-75852\" srcset=\"https:\/\/canfali.com\/app\/uploads\/2025\/09\/IMG_8587-1024x768.jpg 1024w, https:\/\/canfali.com\/app\/uploads\/2025\/09\/IMG_8587-300x225.jpg 300w, https:\/\/canfali.com\/app\/uploads\/2025\/09\/IMG_8587-768x576.jpg 768w, https:\/\/canfali.com\/app\/uploads\/2025\/09\/IMG_8587-1536x1152.jpg 1536w, https:\/\/canfali.com\/app\/uploads\/2025\/09\/IMG_8587-2048x1536.jpg 2048w, https:\/\/canfali.com\/app\/uploads\/2025\/09\/IMG_8587-scaled.jpg 2560w\" sizes=\"(max-width: 1024px) 100vw, 1024px\" \/><\/figure>\n","protected":false},"excerpt":{"rendered":"El Eco dels Passos \u00e9s probablement el t\u00edtol m\u00e9s po\u00e8tic per a una mostra tan singular, el cui&hellip;","protected":false},"author":8,"featured_media":75865,"comment_status":"closed","ping_status":"closed","sticky":false,"template":"","format":"standard","meta":{"csco_display_header_overlay":false,"csco_singular_sidebar":"","csco_page_header_type":"","csco_page_load_nextpost":"","csco_post_video_location":[],"csco_post_video_location_hash":"","csco_post_video_url":"","csco_post_video_bg_start_time":0,"csco_post_video_bg_end_time":0,"footnotes":""},"categories":[1],"tags":[],"class_list":{"0":"post-75867","1":"post","2":"type-post","3":"status-publish","4":"format-standard","5":"has-post-thumbnail","7":"category-sin-categorizar","8":"cs-entry","9":"cs-video-wrap"},"yoast_head":"<!-- This site is optimized with the Yoast SEO Premium plugin v26.6 (Yoast SEO v27.3) - https:\/\/yoast.com\/product\/yoast-seo-premium-wordpress\/ -->\n<title>X\u00e0bia vibra amb El Eco dels Passos - Canfali<\/title>\n<meta name=\"robots\" content=\"index, follow, max-snippet:-1, max-image-preview:large, max-video-preview:-1\" \/>\n<link rel=\"canonical\" href=\"https:\/\/canfali.com\/ca-es\/xabia-vibra-amb-el-eco-dels-passos\/\" \/>\n<meta property=\"og:locale\" content=\"en_US\" \/>\n<meta property=\"og:type\" content=\"article\" \/>\n<meta property=\"og:title\" content=\"X\u00e0bia vibra amb El Eco dels Passos\" \/>\n<meta property=\"og:description\" content=\"El Eco dels Passos \u00e9s probablement el t\u00edtol m\u00e9s po\u00e8tic per a una mostra tan singular, el cui&hellip;\" \/>\n<meta property=\"og:url\" content=\"https:\/\/canfali.com\/ca-es\/xabia-vibra-amb-el-eco-dels-passos\/\" \/>\n<meta property=\"og:site_name\" content=\"Canfali\" \/>\n<meta property=\"article:publisher\" content=\"https:\/\/es-es.facebook.com\/CANFALIMarinaAlta\" \/>\n<meta property=\"article:published_time\" content=\"2025-09-11T20:40:54+00:00\" \/>\n<meta property=\"article:modified_time\" content=\"2025-09-11T20:41:46+00:00\" \/>\n<meta property=\"og:image\" content=\"https:\/\/canfali.com\/app\/uploads\/2025\/09\/IMG_8623-scaled.jpg\" \/>\n\t<meta property=\"og:image:width\" content=\"2560\" \/>\n\t<meta property=\"og:image:height\" content=\"1920\" \/>\n\t<meta property=\"og:image:type\" content=\"image\/jpeg\" \/>\n<meta name=\"author\" content=\"Lluis\" \/>\n<meta name=\"twitter:card\" content=\"summary_large_image\" \/>\n<meta name=\"twitter:creator\" content=\"@canfalima\" \/>\n<meta name=\"twitter:site\" content=\"@canfalima\" \/>\n<meta name=\"twitter:label1\" content=\"Written by\" \/>\n\t<meta name=\"twitter:data1\" content=\"Lluis\" \/>\n\t<meta name=\"twitter:label2\" content=\"Est. reading time\" \/>\n\t<meta name=\"twitter:data2\" content=\"2 minutes\" \/>\n<script type=\"application\/ld+json\" class=\"yoast-schema-graph\">{\"@context\":\"https:\\\/\\\/schema.org\",\"@graph\":[{\"@type\":\"NewsArticle\",\"@id\":\"https:\\\/\\\/canfali.com\\\/ca-es\\\/xabia-vibra-amb-el-eco-dels-passos\\\/#article\",\"isPartOf\":{\"@id\":\"https:\\\/\\\/canfali.com\\\/ca-es\\\/xabia-vibra-amb-el-eco-dels-passos\\\/\"},\"author\":{\"name\":\"Lluis\",\"@id\":\"https:\\\/\\\/canfali.com\\\/ca-es\\\/#\\\/schema\\\/person\\\/f540a86fb33e10daaae53c59ceaa1194\"},\"headline\":\"X\u00e0bia vibra amb El Eco dels Passos\",\"datePublished\":\"2025-09-11T20:40:54+00:00\",\"dateModified\":\"2025-09-11T20:41:46+00:00\",\"mainEntityOfPage\":{\"@id\":\"https:\\\/\\\/canfali.com\\\/ca-es\\\/xabia-vibra-amb-el-eco-dels-passos\\\/\"},\"wordCount\":452,\"publisher\":{\"@id\":\"https:\\\/\\\/canfali.com\\\/ca-es\\\/#organization\"},\"image\":{\"@id\":\"https:\\\/\\\/canfali.com\\\/ca-es\\\/xabia-vibra-amb-el-eco-dels-passos\\\/#primaryimage\"},\"thumbnailUrl\":\"https:\\\/\\\/canfali.com\\\/app\\\/uploads\\\/2025\\\/09\\\/IMG_8623-scaled.jpg\",\"articleSection\":[\"Sin categorizar\"],\"inLanguage\":\"va-ES\",\"copyrightYear\":\"2025\",\"copyrightHolder\":{\"@id\":\"https:\\\/\\\/canfali.com\\\/#organization\"}},{\"@type\":\"WebPage\",\"@id\":\"https:\\\/\\\/canfali.com\\\/ca-es\\\/xabia-vibra-amb-el-eco-dels-passos\\\/\",\"url\":\"https:\\\/\\\/canfali.com\\\/ca-es\\\/xabia-vibra-amb-el-eco-dels-passos\\\/\",\"name\":\"X\u00e0bia vibra amb El Eco dels Passos - Canfali\",\"isPartOf\":{\"@id\":\"https:\\\/\\\/canfali.com\\\/ca-es\\\/#website\"},\"primaryImageOfPage\":{\"@id\":\"https:\\\/\\\/canfali.com\\\/ca-es\\\/xabia-vibra-amb-el-eco-dels-passos\\\/#primaryimage\"},\"image\":{\"@id\":\"https:\\\/\\\/canfali.com\\\/ca-es\\\/xabia-vibra-amb-el-eco-dels-passos\\\/#primaryimage\"},\"thumbnailUrl\":\"https:\\\/\\\/canfali.com\\\/app\\\/uploads\\\/2025\\\/09\\\/IMG_8623-scaled.jpg\",\"datePublished\":\"2025-09-11T20:40:54+00:00\",\"dateModified\":\"2025-09-11T20:41:46+00:00\",\"breadcrumb\":{\"@id\":\"https:\\\/\\\/canfali.com\\\/ca-es\\\/xabia-vibra-amb-el-eco-dels-passos\\\/#breadcrumb\"},\"inLanguage\":\"va-ES\",\"potentialAction\":[{\"@type\":\"ReadAction\",\"target\":[\"https:\\\/\\\/canfali.com\\\/ca-es\\\/xabia-vibra-amb-el-eco-dels-passos\\\/\"]}]},{\"@type\":\"ImageObject\",\"inLanguage\":\"va-ES\",\"@id\":\"https:\\\/\\\/canfali.com\\\/ca-es\\\/xabia-vibra-amb-el-eco-dels-passos\\\/#primaryimage\",\"url\":\"https:\\\/\\\/canfali.com\\\/app\\\/uploads\\\/2025\\\/09\\\/IMG_8623-scaled.jpg\",\"contentUrl\":\"https:\\\/\\\/canfali.com\\\/app\\\/uploads\\\/2025\\\/09\\\/IMG_8623-scaled.jpg\",\"width\":2560,\"height\":1920},{\"@type\":\"BreadcrumbList\",\"@id\":\"https:\\\/\\\/canfali.com\\\/ca-es\\\/xabia-vibra-amb-el-eco-dels-passos\\\/#breadcrumb\",\"itemListElement\":[{\"@type\":\"ListItem\",\"position\":1,\"name\":\"Portada\",\"item\":\"https:\\\/\\\/canfali.com\\\/ca-es\\\/\"},{\"@type\":\"ListItem\",\"position\":2,\"name\":\"X\u00e0bia vibra amb El Eco dels Passos\"}]},{\"@type\":\"WebSite\",\"@id\":\"https:\\\/\\\/canfali.com\\\/ca-es\\\/#website\",\"url\":\"https:\\\/\\\/canfali.com\\\/ca-es\\\/\",\"name\":\"Canfali\",\"description\":\"\",\"publisher\":{\"@id\":\"https:\\\/\\\/canfali.com\\\/ca-es\\\/#organization\"},\"potentialAction\":[{\"@type\":\"SearchAction\",\"target\":{\"@type\":\"EntryPoint\",\"urlTemplate\":\"https:\\\/\\\/canfali.com\\\/ca-es\\\/?s={search_term_string}\"},\"query-input\":{\"@type\":\"PropertyValueSpecification\",\"valueRequired\":true,\"valueName\":\"search_term_string\"}}],\"inLanguage\":\"va-ES\"},{\"@type\":\"Organization\",\"@id\":\"https:\\\/\\\/canfali.com\\\/ca-es\\\/#organization\",\"name\":\"Canfali\",\"url\":\"https:\\\/\\\/canfali.com\\\/ca-es\\\/\",\"logo\":{\"@type\":\"ImageObject\",\"inLanguage\":\"va-ES\",\"@id\":\"https:\\\/\\\/canfali.com\\\/ca-es\\\/#\\\/schema\\\/logo\\\/image\\\/\",\"url\":\"https:\\\/\\\/canfali.com\\\/app\\\/uploads\\\/2025\\\/12\\\/canfali_marina_alta_logo.png\",\"contentUrl\":\"https:\\\/\\\/canfali.com\\\/app\\\/uploads\\\/2025\\\/12\\\/canfali_marina_alta_logo.png\",\"width\":225,\"height\":225,\"caption\":\"Canfali\"},\"image\":{\"@id\":\"https:\\\/\\\/canfali.com\\\/ca-es\\\/#\\\/schema\\\/logo\\\/image\\\/\"},\"sameAs\":[\"https:\\\/\\\/es-es.facebook.com\\\/CANFALIMarinaAlta\",\"https:\\\/\\\/x.com\\\/canfalima\",\"https:\\\/\\\/www.instagram.com\\\/canfalimarinaalta\\\/\"]},{\"@type\":\"Person\",\"@id\":\"https:\\\/\\\/canfali.com\\\/ca-es\\\/#\\\/schema\\\/person\\\/f540a86fb33e10daaae53c59ceaa1194\",\"name\":\"Lluis\",\"image\":{\"@type\":\"ImageObject\",\"inLanguage\":\"va-ES\",\"@id\":\"https:\\\/\\\/secure.gravatar.com\\\/avatar\\\/a21ec8835290e4e02ed0886b8cb327d807d0eb6ec8ccf25d4c2a0a415f506c0d?s=96&d=mm&r=g\",\"url\":\"https:\\\/\\\/secure.gravatar.com\\\/avatar\\\/a21ec8835290e4e02ed0886b8cb327d807d0eb6ec8ccf25d4c2a0a415f506c0d?s=96&d=mm&r=g\",\"contentUrl\":\"https:\\\/\\\/secure.gravatar.com\\\/avatar\\\/a21ec8835290e4e02ed0886b8cb327d807d0eb6ec8ccf25d4c2a0a415f506c0d?s=96&d=mm&r=g\",\"caption\":\"Lluis\"},\"url\":\"https:\\\/\\\/canfali.com\\\/ca-es\\\/author\\\/lluis\\\/\"}]}<\/script>\n<!-- \/ Yoast SEO Premium plugin. -->","yoast_head_json":{"title":"X\u00e0bia vibra amb El Eco dels Passos - Canfali","robots":{"index":"index","follow":"follow","max-snippet":"max-snippet:-1","max-image-preview":"max-image-preview:large","max-video-preview":"max-video-preview:-1"},"canonical":"https:\/\/canfali.com\/ca-es\/xabia-vibra-amb-el-eco-dels-passos\/","og_locale":"en_US","og_type":"article","og_title":"X\u00e0bia vibra amb El Eco dels Passos","og_description":"El Eco dels Passos \u00e9s probablement el t\u00edtol m\u00e9s po\u00e8tic per a una mostra tan singular, el cui&hellip;","og_url":"https:\/\/canfali.com\/ca-es\/xabia-vibra-amb-el-eco-dels-passos\/","og_site_name":"Canfali","article_publisher":"https:\/\/es-es.facebook.com\/CANFALIMarinaAlta","article_published_time":"2025-09-11T20:40:54+00:00","article_modified_time":"2025-09-11T20:41:46+00:00","og_image":[{"width":2560,"height":1920,"url":"https:\/\/canfali.com\/app\/uploads\/2025\/09\/IMG_8623-scaled.jpg","type":"image\/jpeg"}],"author":"Lluis","twitter_card":"summary_large_image","twitter_creator":"@canfalima","twitter_site":"@canfalima","twitter_misc":{"Written by":"Lluis","Est. reading time":"2 minutes"},"schema":{"@context":"https:\/\/schema.org","@graph":[{"@type":"NewsArticle","@id":"https:\/\/canfali.com\/ca-es\/xabia-vibra-amb-el-eco-dels-passos\/#article","isPartOf":{"@id":"https:\/\/canfali.com\/ca-es\/xabia-vibra-amb-el-eco-dels-passos\/"},"author":{"name":"Lluis","@id":"https:\/\/canfali.com\/ca-es\/#\/schema\/person\/f540a86fb33e10daaae53c59ceaa1194"},"headline":"X\u00e0bia vibra amb El Eco dels Passos","datePublished":"2025-09-11T20:40:54+00:00","dateModified":"2025-09-11T20:41:46+00:00","mainEntityOfPage":{"@id":"https:\/\/canfali.com\/ca-es\/xabia-vibra-amb-el-eco-dels-passos\/"},"wordCount":452,"publisher":{"@id":"https:\/\/canfali.com\/ca-es\/#organization"},"image":{"@id":"https:\/\/canfali.com\/ca-es\/xabia-vibra-amb-el-eco-dels-passos\/#primaryimage"},"thumbnailUrl":"https:\/\/canfali.com\/app\/uploads\/2025\/09\/IMG_8623-scaled.jpg","articleSection":["Sin categorizar"],"inLanguage":"va-ES","copyrightYear":"2025","copyrightHolder":{"@id":"https:\/\/canfali.com\/#organization"}},{"@type":"WebPage","@id":"https:\/\/canfali.com\/ca-es\/xabia-vibra-amb-el-eco-dels-passos\/","url":"https:\/\/canfali.com\/ca-es\/xabia-vibra-amb-el-eco-dels-passos\/","name":"X\u00e0bia vibra amb El Eco dels Passos - Canfali","isPartOf":{"@id":"https:\/\/canfali.com\/ca-es\/#website"},"primaryImageOfPage":{"@id":"https:\/\/canfali.com\/ca-es\/xabia-vibra-amb-el-eco-dels-passos\/#primaryimage"},"image":{"@id":"https:\/\/canfali.com\/ca-es\/xabia-vibra-amb-el-eco-dels-passos\/#primaryimage"},"thumbnailUrl":"https:\/\/canfali.com\/app\/uploads\/2025\/09\/IMG_8623-scaled.jpg","datePublished":"2025-09-11T20:40:54+00:00","dateModified":"2025-09-11T20:41:46+00:00","breadcrumb":{"@id":"https:\/\/canfali.com\/ca-es\/xabia-vibra-amb-el-eco-dels-passos\/#breadcrumb"},"inLanguage":"va-ES","potentialAction":[{"@type":"ReadAction","target":["https:\/\/canfali.com\/ca-es\/xabia-vibra-amb-el-eco-dels-passos\/"]}]},{"@type":"ImageObject","inLanguage":"va-ES","@id":"https:\/\/canfali.com\/ca-es\/xabia-vibra-amb-el-eco-dels-passos\/#primaryimage","url":"https:\/\/canfali.com\/app\/uploads\/2025\/09\/IMG_8623-scaled.jpg","contentUrl":"https:\/\/canfali.com\/app\/uploads\/2025\/09\/IMG_8623-scaled.jpg","width":2560,"height":1920},{"@type":"BreadcrumbList","@id":"https:\/\/canfali.com\/ca-es\/xabia-vibra-amb-el-eco-dels-passos\/#breadcrumb","itemListElement":[{"@type":"ListItem","position":1,"name":"Portada","item":"https:\/\/canfali.com\/ca-es\/"},{"@type":"ListItem","position":2,"name":"X\u00e0bia vibra amb El Eco dels Passos"}]},{"@type":"WebSite","@id":"https:\/\/canfali.com\/ca-es\/#website","url":"https:\/\/canfali.com\/ca-es\/","name":"Canfali","description":"","publisher":{"@id":"https:\/\/canfali.com\/ca-es\/#organization"},"potentialAction":[{"@type":"SearchAction","target":{"@type":"EntryPoint","urlTemplate":"https:\/\/canfali.com\/ca-es\/?s={search_term_string}"},"query-input":{"@type":"PropertyValueSpecification","valueRequired":true,"valueName":"search_term_string"}}],"inLanguage":"va-ES"},{"@type":"Organization","@id":"https:\/\/canfali.com\/ca-es\/#organization","name":"Canfali","url":"https:\/\/canfali.com\/ca-es\/","logo":{"@type":"ImageObject","inLanguage":"va-ES","@id":"https:\/\/canfali.com\/ca-es\/#\/schema\/logo\/image\/","url":"https:\/\/canfali.com\/app\/uploads\/2025\/12\/canfali_marina_alta_logo.png","contentUrl":"https:\/\/canfali.com\/app\/uploads\/2025\/12\/canfali_marina_alta_logo.png","width":225,"height":225,"caption":"Canfali"},"image":{"@id":"https:\/\/canfali.com\/ca-es\/#\/schema\/logo\/image\/"},"sameAs":["https:\/\/es-es.facebook.com\/CANFALIMarinaAlta","https:\/\/x.com\/canfalima","https:\/\/www.instagram.com\/canfalimarinaalta\/"]},{"@type":"Person","@id":"https:\/\/canfali.com\/ca-es\/#\/schema\/person\/f540a86fb33e10daaae53c59ceaa1194","name":"Lluis","image":{"@type":"ImageObject","inLanguage":"va-ES","@id":"https:\/\/secure.gravatar.com\/avatar\/a21ec8835290e4e02ed0886b8cb327d807d0eb6ec8ccf25d4c2a0a415f506c0d?s=96&d=mm&r=g","url":"https:\/\/secure.gravatar.com\/avatar\/a21ec8835290e4e02ed0886b8cb327d807d0eb6ec8ccf25d4c2a0a415f506c0d?s=96&d=mm&r=g","contentUrl":"https:\/\/secure.gravatar.com\/avatar\/a21ec8835290e4e02ed0886b8cb327d807d0eb6ec8ccf25d4c2a0a415f506c0d?s=96&d=mm&r=g","caption":"Lluis"},"url":"https:\/\/canfali.com\/ca-es\/author\/lluis\/"}]}},"_links":{"self":[{"href":"https:\/\/canfali.com\/ca-es\/wp-json\/wp\/v2\/posts\/75867","targetHints":{"allow":["GET"]}}],"collection":[{"href":"https:\/\/canfali.com\/ca-es\/wp-json\/wp\/v2\/posts"}],"about":[{"href":"https:\/\/canfali.com\/ca-es\/wp-json\/wp\/v2\/types\/post"}],"author":[{"embeddable":true,"href":"https:\/\/canfali.com\/ca-es\/wp-json\/wp\/v2\/users\/8"}],"replies":[{"embeddable":true,"href":"https:\/\/canfali.com\/ca-es\/wp-json\/wp\/v2\/comments?post=75867"}],"version-history":[{"count":1,"href":"https:\/\/canfali.com\/ca-es\/wp-json\/wp\/v2\/posts\/75867\/revisions"}],"predecessor-version":[{"id":75868,"href":"https:\/\/canfali.com\/ca-es\/wp-json\/wp\/v2\/posts\/75867\/revisions\/75868"}],"wp:featuredmedia":[{"embeddable":true,"href":"https:\/\/canfali.com\/ca-es\/wp-json\/wp\/v2\/media\/75865"}],"wp:attachment":[{"href":"https:\/\/canfali.com\/ca-es\/wp-json\/wp\/v2\/media?parent=75867"}],"wp:term":[{"taxonomy":"category","embeddable":true,"href":"https:\/\/canfali.com\/ca-es\/wp-json\/wp\/v2\/categories?post=75867"},{"taxonomy":"post_tag","embeddable":true,"href":"https:\/\/canfali.com\/ca-es\/wp-json\/wp\/v2\/tags?post=75867"}],"curies":[{"name":"wp","href":"https:\/\/api.w.org\/{rel}","templated":true}]}}