{"id":75761,"date":"2025-09-10T08:02:40","date_gmt":"2025-09-10T06:02:40","guid":{"rendered":"https:\/\/canfali.com\/?p=75761"},"modified":"2025-09-10T08:02:41","modified_gmt":"2025-09-10T06:02:41","slug":"desenvolupament-urbanistic-de-la-xona-xopar-dondara","status":"publish","type":"post","link":"https:\/\/canfali.com\/ca-es\/desenvolupament-urbanistic-de-la-xona-xopar-dondara\/","title":{"rendered":"Desenvolupament urban\u00edstic de la xona Xopar d\u2019Ondara"},"content":{"rendered":"\n<p><strong>L\u2019Ajuntament presenta el projecte adaptat a l\u2019actual normativa per a fer-lo viable<\/strong><\/p>\n\n\n\n<p>El desenvolupament urban\u00edstic de la zona Xopar-Barri del Crist a Ondara ha experimentat un pas endavant important de la m\u00e0 de l\u2019Ajuntament que ha presentat el projecte adaptat a la normativa actual.<\/p>\n\n\n\n<p>La reuni\u00f3, celebrada a la Casa de Cultura, va comptar amb la participaci\u00f3 de l\u2019alcalde Jos\u00e9 Ramiro, acompanyat pel regidor de Serveis i Via P\u00fablica, Miguel Gomis, t\u00e8cnics municipals i la majoria dels dinou propietaris de les 23 parcel\u00b7les del sector. En ella, l\u2019arquitecte redactor del projecte, Kiko Forqu\u00e9s, va exposar les bases de la redistribuci\u00f3 urban\u00edstica que permeta superar les limitacions derivades de la classificaci\u00f3 de part dels terrenys com a zona inundable, segons el PATRICOVA. Condicionant que ha comportat que el nou disseny de l\u2019\u00e0rea s\u2019adapte a la normativa actual, ja que part dels terrenys representats gr\u00e0ficament com a urbans per un PGOU que data de 1988, es troben en zona inundable i no poden ser urbanitzats ni catalogats com a zona urbana, segons eixa legislaci\u00f3 urban\u00edstica vigent en tot el territori valenci\u00e0.<\/p>\n\n\n\n<p>&nbsp;&nbsp;&nbsp;&nbsp;&nbsp;&nbsp; La proposta contempla traslladar l\u2019edificabilitat de les parcel\u00b7les afectades a altres zones del sector, per tal de complir amb la normativa vigent i fer possible l\u2019obertura de carrers i la construcci\u00f3 d\u2019habitatges. Aquesta circumst\u00e0ncia comportar\u00e0 la redistribuci\u00f3 de l\u2019edificabilitat dels terrenys perqu\u00e8 es complisca l\u2019actual normativa del Pla d\u2019Acci\u00f3 Territorial de car\u00e0cter sectorial sobre prevenci\u00f3 del Risc d\u2019Inundaci\u00f3 en la Comunitat Valenciana.<\/p>\n\n\n\n<p>SITUACI\u00d3 ENQUISTADA DES DE FA D\u00c8CADES<\/p>\n\n\n\n<p>La presentaci\u00f3, que ha detallat l\u2019obertura de carrers per a obtenir el perm\u00eds en l\u2019edificaci\u00f3 de pomes en el sector oest del casc urb\u00e0, ha comptat amb la predisposici\u00f3 positiva de la majoria de propietaris, que han elogiat la iniciativa municipal per a tractar de &nbsp;desbloquejar una situaci\u00f3 enquistada des de fa d\u00e8cades. Situaci\u00f3 que t\u00e9 com a conseq\u00fc\u00e8ncia que, tot i que els terrenys encara no estan urbanitzats, tributen l\u2019IBI com a zona urbana, fet que refor\u00e7a l\u2019inter\u00e8s en el desenvolupament.<\/p>\n\n\n\n<p>No obstant aix\u00f2, s\u2019ha deixat clar que l decisi\u00f3 final de la seua execuci\u00f3 i implementaci\u00f3 ser\u00e0 exclusivament dels propietaris, que ara disposaren ja d\u2019un document t\u00e8cnic complet i ajustat a la normativa.<\/p>\n","protected":false},"excerpt":{"rendered":"L\u2019Ajuntament presenta el projecte adaptat a l\u2019actual normativa per a fer-lo viable El desenvolupament urban\u00edstic de la zona&hellip;","protected":false},"author":4,"featured_media":75763,"comment_status":"closed","ping_status":"closed","sticky":false,"template":"","format":"standard","meta":{"csco_display_header_overlay":false,"csco_singular_sidebar":"","csco_page_header_type":"","csco_page_load_nextpost":"","csco_post_video_location":[],"csco_post_video_location_hash":"","csco_post_video_url":"","csco_post_video_bg_start_time":0,"csco_post_video_bg_end_time":0,"footnotes":""},"categories":[607,617],"tags":[4019,661,2277,2030,4020],"class_list":{"0":"post-75761","1":"post","2":"type-post","3":"status-publish","4":"format-standard","5":"has-post-thumbnail","7":"category-economia-i-empreses","8":"category-sin-categorizar-2","9":"tag-desenvolupament-2","10":"tag-ondara-2","11":"tag-projecte","12":"tag-urbanisme","13":"tag-xopar-2","14":"cs-entry","15":"cs-video-wrap"},"yoast_head":"<!-- This site is optimized with the Yoast SEO Premium plugin v26.6 (Yoast SEO v27.3) - https:\/\/yoast.com\/product\/yoast-seo-premium-wordpress\/ -->\n<title>Desenvolupament urban\u00edstic de la xona Xopar d\u2019Ondara - Canfali<\/title>\n<meta name=\"robots\" content=\"index, follow, max-snippet:-1, max-image-preview:large, max-video-preview:-1\" \/>\n<link rel=\"canonical\" href=\"https:\/\/canfali.com\/ca-es\/desenvolupament-urbanistic-de-la-xona-xopar-dondara\/\" \/>\n<meta property=\"og:locale\" content=\"en_US\" \/>\n<meta property=\"og:type\" content=\"article\" \/>\n<meta property=\"og:title\" content=\"Desenvolupament urban\u00edstic de la xona Xopar d\u2019Ondara\" \/>\n<meta property=\"og:description\" content=\"L\u2019Ajuntament presenta el projecte adaptat a l\u2019actual normativa per a fer-lo viable El desenvolupament urban\u00edstic de la zona&hellip;\" \/>\n<meta property=\"og:url\" content=\"https:\/\/canfali.com\/ca-es\/desenvolupament-urbanistic-de-la-xona-xopar-dondara\/\" \/>\n<meta property=\"og:site_name\" content=\"Canfali\" \/>\n<meta property=\"article:publisher\" content=\"https:\/\/es-es.facebook.com\/CANFALIMarinaAlta\" \/>\n<meta property=\"article:published_time\" content=\"2025-09-10T06:02:40+00:00\" \/>\n<meta property=\"article:modified_time\" content=\"2025-09-10T06:02:41+00:00\" \/>\n<meta property=\"og:image\" content=\"https:\/\/canfali.com\/app\/uploads\/2025\/09\/reunoi-pai-xopar-5.jpeg\" \/>\n\t<meta property=\"og:image:width\" content=\"1600\" \/>\n\t<meta property=\"og:image:height\" content=\"1200\" \/>\n\t<meta property=\"og:image:type\" content=\"image\/jpeg\" \/>\n<meta name=\"author\" content=\"JJ Mas\" \/>\n<meta name=\"twitter:card\" content=\"summary_large_image\" \/>\n<meta name=\"twitter:creator\" content=\"@canfalima\" \/>\n<meta name=\"twitter:site\" content=\"@canfalima\" \/>\n<meta name=\"twitter:label1\" content=\"Written by\" \/>\n\t<meta name=\"twitter:data1\" content=\"JJ Mas\" \/>\n\t<meta name=\"twitter:label2\" content=\"Est. reading time\" \/>\n\t<meta name=\"twitter:data2\" content=\"2 minutes\" \/>\n<script type=\"application\/ld+json\" class=\"yoast-schema-graph\">{\"@context\":\"https:\\\/\\\/schema.org\",\"@graph\":[{\"@type\":\"NewsArticle\",\"@id\":\"https:\\\/\\\/canfali.com\\\/ca-es\\\/desenvolupament-urbanistic-de-la-xona-xopar-dondara\\\/#article\",\"isPartOf\":{\"@id\":\"https:\\\/\\\/canfali.com\\\/ca-es\\\/desenvolupament-urbanistic-de-la-xona-xopar-dondara\\\/\"},\"author\":{\"name\":\"JJ Mas\",\"@id\":\"https:\\\/\\\/canfali.com\\\/ca-es\\\/#\\\/schema\\\/person\\\/d834d2d4df17cac754d3c314d4c404ef\"},\"headline\":\"Desenvolupament urban\u00edstic de la xona Xopar d\u2019Ondara\",\"datePublished\":\"2025-09-10T06:02:40+00:00\",\"dateModified\":\"2025-09-10T06:02:41+00:00\",\"mainEntityOfPage\":{\"@id\":\"https:\\\/\\\/canfali.com\\\/ca-es\\\/desenvolupament-urbanistic-de-la-xona-xopar-dondara\\\/\"},\"wordCount\":414,\"publisher\":{\"@id\":\"https:\\\/\\\/canfali.com\\\/ca-es\\\/#organization\"},\"image\":{\"@id\":\"https:\\\/\\\/canfali.com\\\/ca-es\\\/desenvolupament-urbanistic-de-la-xona-xopar-dondara\\\/#primaryimage\"},\"thumbnailUrl\":\"https:\\\/\\\/canfali.com\\\/app\\\/uploads\\\/2025\\\/09\\\/reunoi-pai-xopar-5.jpeg\",\"keywords\":[\"desenvolupament\",\"Ondara\",\"projecte\",\"urbanisme\",\"Xopar\"],\"articleSection\":[\"Economia i Empreses\",\"Sin categorizar\"],\"inLanguage\":\"va-ES\",\"copyrightYear\":\"2025\",\"copyrightHolder\":{\"@id\":\"https:\\\/\\\/canfali.com\\\/#organization\"}},{\"@type\":\"WebPage\",\"@id\":\"https:\\\/\\\/canfali.com\\\/ca-es\\\/desenvolupament-urbanistic-de-la-xona-xopar-dondara\\\/\",\"url\":\"https:\\\/\\\/canfali.com\\\/ca-es\\\/desenvolupament-urbanistic-de-la-xona-xopar-dondara\\\/\",\"name\":\"Desenvolupament urban\u00edstic de la xona Xopar d\u2019Ondara - Canfali\",\"isPartOf\":{\"@id\":\"https:\\\/\\\/canfali.com\\\/ca-es\\\/#website\"},\"primaryImageOfPage\":{\"@id\":\"https:\\\/\\\/canfali.com\\\/ca-es\\\/desenvolupament-urbanistic-de-la-xona-xopar-dondara\\\/#primaryimage\"},\"image\":{\"@id\":\"https:\\\/\\\/canfali.com\\\/ca-es\\\/desenvolupament-urbanistic-de-la-xona-xopar-dondara\\\/#primaryimage\"},\"thumbnailUrl\":\"https:\\\/\\\/canfali.com\\\/app\\\/uploads\\\/2025\\\/09\\\/reunoi-pai-xopar-5.jpeg\",\"datePublished\":\"2025-09-10T06:02:40+00:00\",\"dateModified\":\"2025-09-10T06:02:41+00:00\",\"breadcrumb\":{\"@id\":\"https:\\\/\\\/canfali.com\\\/ca-es\\\/desenvolupament-urbanistic-de-la-xona-xopar-dondara\\\/#breadcrumb\"},\"inLanguage\":\"va-ES\",\"potentialAction\":[{\"@type\":\"ReadAction\",\"target\":[\"https:\\\/\\\/canfali.com\\\/ca-es\\\/desenvolupament-urbanistic-de-la-xona-xopar-dondara\\\/\"]}]},{\"@type\":\"ImageObject\",\"inLanguage\":\"va-ES\",\"@id\":\"https:\\\/\\\/canfali.com\\\/ca-es\\\/desenvolupament-urbanistic-de-la-xona-xopar-dondara\\\/#primaryimage\",\"url\":\"https:\\\/\\\/canfali.com\\\/app\\\/uploads\\\/2025\\\/09\\\/reunoi-pai-xopar-5.jpeg\",\"contentUrl\":\"https:\\\/\\\/canfali.com\\\/app\\\/uploads\\\/2025\\\/09\\\/reunoi-pai-xopar-5.jpeg\",\"width\":1600,\"height\":1200},{\"@type\":\"BreadcrumbList\",\"@id\":\"https:\\\/\\\/canfali.com\\\/ca-es\\\/desenvolupament-urbanistic-de-la-xona-xopar-dondara\\\/#breadcrumb\",\"itemListElement\":[{\"@type\":\"ListItem\",\"position\":1,\"name\":\"Portada\",\"item\":\"https:\\\/\\\/canfali.com\\\/ca-es\\\/\"},{\"@type\":\"ListItem\",\"position\":2,\"name\":\"Desenvolupament urban\u00edstic de la xona Xopar d\u2019Ondara\"}]},{\"@type\":\"WebSite\",\"@id\":\"https:\\\/\\\/canfali.com\\\/ca-es\\\/#website\",\"url\":\"https:\\\/\\\/canfali.com\\\/ca-es\\\/\",\"name\":\"Canfali\",\"description\":\"\",\"publisher\":{\"@id\":\"https:\\\/\\\/canfali.com\\\/ca-es\\\/#organization\"},\"potentialAction\":[{\"@type\":\"SearchAction\",\"target\":{\"@type\":\"EntryPoint\",\"urlTemplate\":\"https:\\\/\\\/canfali.com\\\/ca-es\\\/?s={search_term_string}\"},\"query-input\":{\"@type\":\"PropertyValueSpecification\",\"valueRequired\":true,\"valueName\":\"search_term_string\"}}],\"inLanguage\":\"va-ES\"},{\"@type\":\"Organization\",\"@id\":\"https:\\\/\\\/canfali.com\\\/ca-es\\\/#organization\",\"name\":\"Canfali\",\"url\":\"https:\\\/\\\/canfali.com\\\/ca-es\\\/\",\"logo\":{\"@type\":\"ImageObject\",\"inLanguage\":\"va-ES\",\"@id\":\"https:\\\/\\\/canfali.com\\\/ca-es\\\/#\\\/schema\\\/logo\\\/image\\\/\",\"url\":\"https:\\\/\\\/canfali.com\\\/app\\\/uploads\\\/2025\\\/12\\\/canfali_marina_alta_logo.png\",\"contentUrl\":\"https:\\\/\\\/canfali.com\\\/app\\\/uploads\\\/2025\\\/12\\\/canfali_marina_alta_logo.png\",\"width\":225,\"height\":225,\"caption\":\"Canfali\"},\"image\":{\"@id\":\"https:\\\/\\\/canfali.com\\\/ca-es\\\/#\\\/schema\\\/logo\\\/image\\\/\"},\"sameAs\":[\"https:\\\/\\\/es-es.facebook.com\\\/CANFALIMarinaAlta\",\"https:\\\/\\\/x.com\\\/canfalima\",\"https:\\\/\\\/www.instagram.com\\\/canfalimarinaalta\\\/\"]},{\"@type\":\"Person\",\"@id\":\"https:\\\/\\\/canfali.com\\\/ca-es\\\/#\\\/schema\\\/person\\\/d834d2d4df17cac754d3c314d4c404ef\",\"name\":\"JJ Mas\",\"image\":{\"@type\":\"ImageObject\",\"inLanguage\":\"va-ES\",\"@id\":\"https:\\\/\\\/secure.gravatar.com\\\/avatar\\\/65a5191f5438bf88c2394f6d1a625a6ff903c8785268e603c623a83bc15ba1ee?s=96&d=mm&r=g\",\"url\":\"https:\\\/\\\/secure.gravatar.com\\\/avatar\\\/65a5191f5438bf88c2394f6d1a625a6ff903c8785268e603c623a83bc15ba1ee?s=96&d=mm&r=g\",\"contentUrl\":\"https:\\\/\\\/secure.gravatar.com\\\/avatar\\\/65a5191f5438bf88c2394f6d1a625a6ff903c8785268e603c623a83bc15ba1ee?s=96&d=mm&r=g\",\"caption\":\"JJ Mas\"},\"url\":\"https:\\\/\\\/canfali.com\\\/ca-es\\\/author\\\/jj\\\/\"}]}<\/script>\n<!-- \/ Yoast SEO Premium plugin. -->","yoast_head_json":{"title":"Desenvolupament urban\u00edstic de la xona Xopar d\u2019Ondara - Canfali","robots":{"index":"index","follow":"follow","max-snippet":"max-snippet:-1","max-image-preview":"max-image-preview:large","max-video-preview":"max-video-preview:-1"},"canonical":"https:\/\/canfali.com\/ca-es\/desenvolupament-urbanistic-de-la-xona-xopar-dondara\/","og_locale":"en_US","og_type":"article","og_title":"Desenvolupament urban\u00edstic de la xona Xopar d\u2019Ondara","og_description":"L\u2019Ajuntament presenta el projecte adaptat a l\u2019actual normativa per a fer-lo viable El desenvolupament urban\u00edstic de la zona&hellip;","og_url":"https:\/\/canfali.com\/ca-es\/desenvolupament-urbanistic-de-la-xona-xopar-dondara\/","og_site_name":"Canfali","article_publisher":"https:\/\/es-es.facebook.com\/CANFALIMarinaAlta","article_published_time":"2025-09-10T06:02:40+00:00","article_modified_time":"2025-09-10T06:02:41+00:00","og_image":[{"width":1600,"height":1200,"url":"https:\/\/canfali.com\/app\/uploads\/2025\/09\/reunoi-pai-xopar-5.jpeg","type":"image\/jpeg"}],"author":"JJ Mas","twitter_card":"summary_large_image","twitter_creator":"@canfalima","twitter_site":"@canfalima","twitter_misc":{"Written by":"JJ Mas","Est. reading time":"2 minutes"},"schema":{"@context":"https:\/\/schema.org","@graph":[{"@type":"NewsArticle","@id":"https:\/\/canfali.com\/ca-es\/desenvolupament-urbanistic-de-la-xona-xopar-dondara\/#article","isPartOf":{"@id":"https:\/\/canfali.com\/ca-es\/desenvolupament-urbanistic-de-la-xona-xopar-dondara\/"},"author":{"name":"JJ Mas","@id":"https:\/\/canfali.com\/ca-es\/#\/schema\/person\/d834d2d4df17cac754d3c314d4c404ef"},"headline":"Desenvolupament urban\u00edstic de la xona Xopar d\u2019Ondara","datePublished":"2025-09-10T06:02:40+00:00","dateModified":"2025-09-10T06:02:41+00:00","mainEntityOfPage":{"@id":"https:\/\/canfali.com\/ca-es\/desenvolupament-urbanistic-de-la-xona-xopar-dondara\/"},"wordCount":414,"publisher":{"@id":"https:\/\/canfali.com\/ca-es\/#organization"},"image":{"@id":"https:\/\/canfali.com\/ca-es\/desenvolupament-urbanistic-de-la-xona-xopar-dondara\/#primaryimage"},"thumbnailUrl":"https:\/\/canfali.com\/app\/uploads\/2025\/09\/reunoi-pai-xopar-5.jpeg","keywords":["desenvolupament","Ondara","projecte","urbanisme","Xopar"],"articleSection":["Economia i Empreses","Sin categorizar"],"inLanguage":"va-ES","copyrightYear":"2025","copyrightHolder":{"@id":"https:\/\/canfali.com\/#organization"}},{"@type":"WebPage","@id":"https:\/\/canfali.com\/ca-es\/desenvolupament-urbanistic-de-la-xona-xopar-dondara\/","url":"https:\/\/canfali.com\/ca-es\/desenvolupament-urbanistic-de-la-xona-xopar-dondara\/","name":"Desenvolupament urban\u00edstic de la xona Xopar d\u2019Ondara - Canfali","isPartOf":{"@id":"https:\/\/canfali.com\/ca-es\/#website"},"primaryImageOfPage":{"@id":"https:\/\/canfali.com\/ca-es\/desenvolupament-urbanistic-de-la-xona-xopar-dondara\/#primaryimage"},"image":{"@id":"https:\/\/canfali.com\/ca-es\/desenvolupament-urbanistic-de-la-xona-xopar-dondara\/#primaryimage"},"thumbnailUrl":"https:\/\/canfali.com\/app\/uploads\/2025\/09\/reunoi-pai-xopar-5.jpeg","datePublished":"2025-09-10T06:02:40+00:00","dateModified":"2025-09-10T06:02:41+00:00","breadcrumb":{"@id":"https:\/\/canfali.com\/ca-es\/desenvolupament-urbanistic-de-la-xona-xopar-dondara\/#breadcrumb"},"inLanguage":"va-ES","potentialAction":[{"@type":"ReadAction","target":["https:\/\/canfali.com\/ca-es\/desenvolupament-urbanistic-de-la-xona-xopar-dondara\/"]}]},{"@type":"ImageObject","inLanguage":"va-ES","@id":"https:\/\/canfali.com\/ca-es\/desenvolupament-urbanistic-de-la-xona-xopar-dondara\/#primaryimage","url":"https:\/\/canfali.com\/app\/uploads\/2025\/09\/reunoi-pai-xopar-5.jpeg","contentUrl":"https:\/\/canfali.com\/app\/uploads\/2025\/09\/reunoi-pai-xopar-5.jpeg","width":1600,"height":1200},{"@type":"BreadcrumbList","@id":"https:\/\/canfali.com\/ca-es\/desenvolupament-urbanistic-de-la-xona-xopar-dondara\/#breadcrumb","itemListElement":[{"@type":"ListItem","position":1,"name":"Portada","item":"https:\/\/canfali.com\/ca-es\/"},{"@type":"ListItem","position":2,"name":"Desenvolupament urban\u00edstic de la xona Xopar d\u2019Ondara"}]},{"@type":"WebSite","@id":"https:\/\/canfali.com\/ca-es\/#website","url":"https:\/\/canfali.com\/ca-es\/","name":"Canfali","description":"","publisher":{"@id":"https:\/\/canfali.com\/ca-es\/#organization"},"potentialAction":[{"@type":"SearchAction","target":{"@type":"EntryPoint","urlTemplate":"https:\/\/canfali.com\/ca-es\/?s={search_term_string}"},"query-input":{"@type":"PropertyValueSpecification","valueRequired":true,"valueName":"search_term_string"}}],"inLanguage":"va-ES"},{"@type":"Organization","@id":"https:\/\/canfali.com\/ca-es\/#organization","name":"Canfali","url":"https:\/\/canfali.com\/ca-es\/","logo":{"@type":"ImageObject","inLanguage":"va-ES","@id":"https:\/\/canfali.com\/ca-es\/#\/schema\/logo\/image\/","url":"https:\/\/canfali.com\/app\/uploads\/2025\/12\/canfali_marina_alta_logo.png","contentUrl":"https:\/\/canfali.com\/app\/uploads\/2025\/12\/canfali_marina_alta_logo.png","width":225,"height":225,"caption":"Canfali"},"image":{"@id":"https:\/\/canfali.com\/ca-es\/#\/schema\/logo\/image\/"},"sameAs":["https:\/\/es-es.facebook.com\/CANFALIMarinaAlta","https:\/\/x.com\/canfalima","https:\/\/www.instagram.com\/canfalimarinaalta\/"]},{"@type":"Person","@id":"https:\/\/canfali.com\/ca-es\/#\/schema\/person\/d834d2d4df17cac754d3c314d4c404ef","name":"JJ Mas","image":{"@type":"ImageObject","inLanguage":"va-ES","@id":"https:\/\/secure.gravatar.com\/avatar\/65a5191f5438bf88c2394f6d1a625a6ff903c8785268e603c623a83bc15ba1ee?s=96&d=mm&r=g","url":"https:\/\/secure.gravatar.com\/avatar\/65a5191f5438bf88c2394f6d1a625a6ff903c8785268e603c623a83bc15ba1ee?s=96&d=mm&r=g","contentUrl":"https:\/\/secure.gravatar.com\/avatar\/65a5191f5438bf88c2394f6d1a625a6ff903c8785268e603c623a83bc15ba1ee?s=96&d=mm&r=g","caption":"JJ Mas"},"url":"https:\/\/canfali.com\/ca-es\/author\/jj\/"}]}},"_links":{"self":[{"href":"https:\/\/canfali.com\/ca-es\/wp-json\/wp\/v2\/posts\/75761","targetHints":{"allow":["GET"]}}],"collection":[{"href":"https:\/\/canfali.com\/ca-es\/wp-json\/wp\/v2\/posts"}],"about":[{"href":"https:\/\/canfali.com\/ca-es\/wp-json\/wp\/v2\/types\/post"}],"author":[{"embeddable":true,"href":"https:\/\/canfali.com\/ca-es\/wp-json\/wp\/v2\/users\/4"}],"replies":[{"embeddable":true,"href":"https:\/\/canfali.com\/ca-es\/wp-json\/wp\/v2\/comments?post=75761"}],"version-history":[{"count":1,"href":"https:\/\/canfali.com\/ca-es\/wp-json\/wp\/v2\/posts\/75761\/revisions"}],"predecessor-version":[{"id":75764,"href":"https:\/\/canfali.com\/ca-es\/wp-json\/wp\/v2\/posts\/75761\/revisions\/75764"}],"wp:featuredmedia":[{"embeddable":true,"href":"https:\/\/canfali.com\/ca-es\/wp-json\/wp\/v2\/media\/75763"}],"wp:attachment":[{"href":"https:\/\/canfali.com\/ca-es\/wp-json\/wp\/v2\/media?parent=75761"}],"wp:term":[{"taxonomy":"category","embeddable":true,"href":"https:\/\/canfali.com\/ca-es\/wp-json\/wp\/v2\/categories?post=75761"},{"taxonomy":"post_tag","embeddable":true,"href":"https:\/\/canfali.com\/ca-es\/wp-json\/wp\/v2\/tags?post=75761"}],"curies":[{"name":"wp","href":"https:\/\/api.w.org\/{rel}","templated":true}]}}