{"id":75477,"date":"2025-09-07T09:08:15","date_gmt":"2025-09-07T07:08:15","guid":{"rendered":"https:\/\/canfali.com\/?p=75477"},"modified":"2025-09-07T09:08:16","modified_gmt":"2025-09-07T07:08:16","slug":"lexcel%c2%b7lencia-de-la-trompeta-i-el-piano-made-in-pego","status":"publish","type":"post","link":"https:\/\/canfali.com\/ca-es\/lexcel%c2%b7lencia-de-la-trompeta-i-el-piano-made-in-pego\/","title":{"rendered":"L\u2019excel\u00b7l\u00e8ncia de la trompeta i el piano &#8220;made in Pego&#8221;"},"content":{"rendered":"\n<p><strong>Josep G\u00f3mez Alemany i Vicent Sendra Vilanova clausuren el <em>Cicle de m\u00fasica d\u2019estiu<\/em><\/strong><\/p>\n\n\n\n<p>Els llorejats trompetista Josep G\u00f3mez Alemany i el pianista Vicent Sendra Vilanova han convertit el sal\u00f3 principal de la Biblioteca Municipal de Pego <em>Carmen Alemany Bay<\/em> en auditori per a mel\u00f2mans amb l\u2019excels concert on han interpretat diferents peces de Haydn, Hertel, Desenclos i Debussy.<\/p>\n\n\n\n<p>&nbsp;&nbsp;&nbsp;&nbsp;&nbsp;&nbsp; L\u2019esdeveniment, en el que G\u00f3mez es presentava com a novetat arran de que Sendra havia actuat en els mesos precedents en eixe mateix lloc, ha estat recolzat per dos-centes d\u2019espectadors que van esgotar les entrades en poc menys de hora i mitja de cara a gaudir de l\u2019entrada gratu\u00efta disposada des de la Regidoria de Cultura per tal de fomentar l\u2019audici\u00f3 de m\u00fasica cl\u00e0ssica de la m\u00e0 dels dos virtuosos pegolins per excel\u00b7l\u00e8ncia en els respectius instruments per a clausurar <em>el Cicle de m\u00fasica d\u2019estiu<\/em> programada conjuntament amb el departament de Turisme.<\/p>\n\n\n\n<p>ENTRADES GRATUITES ESGOTADES EN HORA I MITJA<\/p>\n\n\n\n<p>&nbsp;&nbsp;&nbsp;&nbsp;&nbsp;&nbsp; El trompetista reconeixia haver encarat la cita \u201camb un cert nerviosisme\u201d per suposar el primer concert com a professional al seu poble natal \u201cdavant de la responsabilitat que suposa tocar davant dels teus essers volguts i de la gent amb la que t\u2019has criat\u201d.<\/p>\n\n\n\n<figure class=\"wp-block-image size-large\"><img fetchpriority=\"high\" decoding=\"async\" width=\"1024\" height=\"576\" src=\"https:\/\/canfali.com\/app\/uploads\/2025\/09\/trompetaipiano-dig2-1-1024x576.jpg\" alt=\"\" class=\"wp-image-75480\" srcset=\"https:\/\/canfali.com\/app\/uploads\/2025\/09\/trompetaipiano-dig2-1-1024x576.jpg 1024w, https:\/\/canfali.com\/app\/uploads\/2025\/09\/trompetaipiano-dig2-1-300x169.jpg 300w, https:\/\/canfali.com\/app\/uploads\/2025\/09\/trompetaipiano-dig2-1-768x432.jpg 768w, https:\/\/canfali.com\/app\/uploads\/2025\/09\/trompetaipiano-dig2-1-1536x864.jpg 1536w, https:\/\/canfali.com\/app\/uploads\/2025\/09\/trompetaipiano-dig2-1-2048x1152.jpg 2048w, https:\/\/canfali.com\/app\/uploads\/2025\/09\/trompetaipiano-dig2-1-scaled.jpg 2560w\" sizes=\"(max-width: 1024px) 100vw, 1024px\" \/><figcaption class=\"wp-element-caption\">Els dos virtuosos amb el regidor de Cutlura i el nombe\u00f3s p\u00fablic al fons<\/figcaption><\/figure>\n\n\n\n<p>&nbsp;&nbsp;&nbsp;&nbsp;&nbsp;&nbsp; Pel que fa a les perspectives que li atorga la seua qualitat de int\u00e8rpret internacional respecte a la m\u00fasica en la comarca afirma que \u201cpocs llocs hi ha millor ambient que en la zona valenciana per al desenvolupament de la m\u00fasica les bandes o conservatoris molt ben organitzats com el de D\u00e9nia o el d\u2019Oliva, per\u00f2 aix\u00f2 es des del pl\u00e0nol amateur, ja que en el professional realment veus que falten concursos que aporten una visi\u00f3 d\u2019alt nivell, i aix\u00f2 s\u2019aguditza al no comptar en la Marina Alta amb auditoris com el d\u2019Altea o el d\u2019Alacant\u201d. En concret, s\u2019ha centrat en el tancament per raons de seguretat del Teatre Municipal de Pego que ha estat durant anys l\u2019epicentre de les actuacions musicals per excel\u00b7lencia, ja que, segons remarca \u201ces una ll\u00e0stima que en un poble on actualment pegues una passa i et trobes a un titulat superior en qualsevol de les disciplines musicals en aquest moment no es puga comptar amb eixe escenari, per\u00f2 per sort podem disposar de l\u2019espai que ens atorga la nova biblioteca en un lloc emblem\u00e0tic en el que el regidor de Cultura ha decidit molt encertadament aprofitar l\u2019\u00f2ptima ac\u00fastica amb que compta\u201d.<\/p>\n\n\n\n<p>TROMPETA PICCOLO COM A PARTICULARITAT<\/p>\n\n\n\n<p>&nbsp;&nbsp;&nbsp;&nbsp;&nbsp;&nbsp; G\u00f3mez, que recorria a la trompeta piccolo a l\u2019hora d\u2019escometre la interpretaci\u00f3 del Concert en mi major de Johann Wilhem Hertel com a particularitat, ha justificat l\u2019elecci\u00f3 del repertori sobre tot per a tindre una l\u00f2gica de diferents \u00e8poques de cara a l\u2019espectador i aix\u00ed van decidir barrejar la transici\u00f3 entre el&nbsp; barroc amb el classicisme, l\u2019impressionisme, el romanticisme i el post-romanticisme.<\/p>\n\n\n\n<p>&nbsp;&nbsp;&nbsp;&nbsp;&nbsp;&nbsp; El concert ha estat presentat pel responsable de l\u2019\u00e0rea de Cultura, Josep Mengual, per a rememorar els inicis de la traject\u00f2ria musical del trompetista a qui havia tingut el privilegi de tindre com a alumne en l\u2019Agrupaci\u00f3 Musical de Pego. \u201cAmb els anys aquell xiquet curi\u00f3s i amb un talent excepcional es convert\u00ed en company a la banda de Pego i, amb el temps, en un gran amic\u201d ha subratllat el regidor per a incidir la consolidaci\u00f3 de G\u00f3mez Alemany com un dels trompetistes m\u00e9s destacats de la seua generaci\u00f3 que ha tingut l\u2019honor de tocar amb l\u2019Orquestra Filarm\u00f2nica de Berlin que li suposava un immens orgull com a formador pel fet que suposava una projecci\u00f3 internacional que no deixa de cr\u00e9ixer.<\/p>\n\n\n\n<p>&nbsp;&nbsp;&nbsp;&nbsp;&nbsp;&nbsp; Aix\u00ed mateix ha remarcat el impressionant curr\u00edculum de Sendra Vilanova com a pianista que l\u2019han fet creditor a guardons com el del Concurs Internacional de Piano Ciutat d\u2019Alacant o el premi d\u2019honor fi de carrera del Real Conservatori superior de m\u00fasica de Madrid. &nbsp;&nbsp;&nbsp;&nbsp;&nbsp;&nbsp; Finalment, Mengual ha qualificat com a privilegi el poder comptar a Pego amb un concert de molta qualitat amb persones que s\u2019han llaurat el seu prestigi amb molt de treball que, al remat, els havia atorgat el virtuosisme que atresoren<\/p>\n","protected":false},"excerpt":{"rendered":"Josep G\u00f3mez Alemany i Vicent Sendra Vilanova clausuren el Cicle de m\u00fasica d\u2019estiu Els llorejats trompetista Josep G\u00f3mez&hellip;","protected":false},"author":4,"featured_media":75478,"comment_status":"closed","ping_status":"closed","sticky":false,"template":"","format":"standard","meta":{"csco_display_header_overlay":false,"csco_singular_sidebar":"","csco_page_header_type":"","csco_page_load_nextpost":"","csco_post_video_location":[],"csco_post_video_location_hash":"","csco_post_video_url":"","csco_post_video_bg_start_time":0,"csco_post_video_bg_end_time":0,"footnotes":""},"categories":[610],"tags":[1541,3772,2139,1691,642,1708,3985],"class_list":{"0":"post-75477","1":"post","2":"type-post","3":"status-publish","4":"format-standard","5":"has-post-thumbnail","7":"category-lultima","8":"tag-cicle","9":"tag-clausura","10":"tag-estiu","11":"tag-musica-ca-es","12":"tag-pego-2","13":"tag-piano","14":"tag-trompeta","15":"cs-entry","16":"cs-video-wrap"},"yoast_head":"<!-- This site is optimized with the Yoast SEO Premium plugin v26.6 (Yoast SEO v27.3) - https:\/\/yoast.com\/product\/yoast-seo-premium-wordpress\/ -->\n<title>L\u2019excel\u00b7l\u00e8ncia de la trompeta i el piano &quot;made in Pego&quot; - Canfali<\/title>\n<meta name=\"robots\" content=\"index, follow, max-snippet:-1, max-image-preview:large, max-video-preview:-1\" \/>\n<link rel=\"canonical\" href=\"https:\/\/canfali.com\/ca-es\/lexcel%c2%b7lencia-de-la-trompeta-i-el-piano-made-in-pego\/\" \/>\n<meta property=\"og:locale\" content=\"en_US\" \/>\n<meta property=\"og:type\" content=\"article\" \/>\n<meta property=\"og:title\" content=\"L\u2019excel\u00b7l\u00e8ncia de la trompeta i el piano &quot;made in Pego&quot;\" \/>\n<meta property=\"og:description\" content=\"Josep G\u00f3mez Alemany i Vicent Sendra Vilanova clausuren el Cicle de m\u00fasica d\u2019estiu Els llorejats trompetista Josep G\u00f3mez&hellip;\" \/>\n<meta property=\"og:url\" content=\"https:\/\/canfali.com\/ca-es\/lexcel%c2%b7lencia-de-la-trompeta-i-el-piano-made-in-pego\/\" \/>\n<meta property=\"og:site_name\" content=\"Canfali\" \/>\n<meta property=\"article:publisher\" content=\"https:\/\/es-es.facebook.com\/CANFALIMarinaAlta\" \/>\n<meta property=\"article:published_time\" content=\"2025-09-07T07:08:15+00:00\" \/>\n<meta property=\"article:modified_time\" content=\"2025-09-07T07:08:16+00:00\" \/>\n<meta property=\"og:image\" content=\"https:\/\/canfali.com\/app\/uploads\/2025\/09\/trompetaipiano1.jpg\" \/>\n\t<meta property=\"og:image:width\" content=\"1600\" \/>\n\t<meta property=\"og:image:height\" content=\"1200\" \/>\n\t<meta property=\"og:image:type\" content=\"image\/jpeg\" \/>\n<meta name=\"author\" content=\"JJ Mas\" \/>\n<meta name=\"twitter:card\" content=\"summary_large_image\" \/>\n<meta name=\"twitter:creator\" content=\"@canfalima\" \/>\n<meta name=\"twitter:site\" content=\"@canfalima\" \/>\n<meta name=\"twitter:label1\" content=\"Written by\" \/>\n\t<meta name=\"twitter:data1\" content=\"JJ Mas\" \/>\n\t<meta name=\"twitter:label2\" content=\"Est. reading time\" \/>\n\t<meta name=\"twitter:data2\" content=\"4 minutes\" \/>\n<script type=\"application\/ld+json\" class=\"yoast-schema-graph\">{\"@context\":\"https:\\\/\\\/schema.org\",\"@graph\":[{\"@type\":\"NewsArticle\",\"@id\":\"https:\\\/\\\/canfali.com\\\/ca-es\\\/lexcel%c2%b7lencia-de-la-trompeta-i-el-piano-made-in-pego\\\/#article\",\"isPartOf\":{\"@id\":\"https:\\\/\\\/canfali.com\\\/ca-es\\\/lexcel%c2%b7lencia-de-la-trompeta-i-el-piano-made-in-pego\\\/\"},\"author\":{\"name\":\"JJ Mas\",\"@id\":\"https:\\\/\\\/canfali.com\\\/ca-es\\\/#\\\/schema\\\/person\\\/d834d2d4df17cac754d3c314d4c404ef\"},\"headline\":\"L\u2019excel\u00b7l\u00e8ncia de la trompeta i el piano &#8220;made in Pego&#8221;\",\"datePublished\":\"2025-09-07T07:08:15+00:00\",\"dateModified\":\"2025-09-07T07:08:16+00:00\",\"mainEntityOfPage\":{\"@id\":\"https:\\\/\\\/canfali.com\\\/ca-es\\\/lexcel%c2%b7lencia-de-la-trompeta-i-el-piano-made-in-pego\\\/\"},\"wordCount\":802,\"publisher\":{\"@id\":\"https:\\\/\\\/canfali.com\\\/ca-es\\\/#organization\"},\"image\":{\"@id\":\"https:\\\/\\\/canfali.com\\\/ca-es\\\/lexcel%c2%b7lencia-de-la-trompeta-i-el-piano-made-in-pego\\\/#primaryimage\"},\"thumbnailUrl\":\"https:\\\/\\\/canfali.com\\\/app\\\/uploads\\\/2025\\\/09\\\/trompetaipiano1.jpg\",\"keywords\":[\"Cicle\",\"clausura\",\"estiu\",\"m\u00fasica\",\"Pego\",\"Piano\",\"trompeta\"],\"articleSection\":[\"L&#039;\u00daltima\"],\"inLanguage\":\"va-ES\",\"copyrightYear\":\"2025\",\"copyrightHolder\":{\"@id\":\"https:\\\/\\\/canfali.com\\\/#organization\"}},{\"@type\":\"WebPage\",\"@id\":\"https:\\\/\\\/canfali.com\\\/ca-es\\\/lexcel%c2%b7lencia-de-la-trompeta-i-el-piano-made-in-pego\\\/\",\"url\":\"https:\\\/\\\/canfali.com\\\/ca-es\\\/lexcel%c2%b7lencia-de-la-trompeta-i-el-piano-made-in-pego\\\/\",\"name\":\"L\u2019excel\u00b7l\u00e8ncia de la trompeta i el piano \\\"made in Pego\\\" - Canfali\",\"isPartOf\":{\"@id\":\"https:\\\/\\\/canfali.com\\\/ca-es\\\/#website\"},\"primaryImageOfPage\":{\"@id\":\"https:\\\/\\\/canfali.com\\\/ca-es\\\/lexcel%c2%b7lencia-de-la-trompeta-i-el-piano-made-in-pego\\\/#primaryimage\"},\"image\":{\"@id\":\"https:\\\/\\\/canfali.com\\\/ca-es\\\/lexcel%c2%b7lencia-de-la-trompeta-i-el-piano-made-in-pego\\\/#primaryimage\"},\"thumbnailUrl\":\"https:\\\/\\\/canfali.com\\\/app\\\/uploads\\\/2025\\\/09\\\/trompetaipiano1.jpg\",\"datePublished\":\"2025-09-07T07:08:15+00:00\",\"dateModified\":\"2025-09-07T07:08:16+00:00\",\"breadcrumb\":{\"@id\":\"https:\\\/\\\/canfali.com\\\/ca-es\\\/lexcel%c2%b7lencia-de-la-trompeta-i-el-piano-made-in-pego\\\/#breadcrumb\"},\"inLanguage\":\"va-ES\",\"potentialAction\":[{\"@type\":\"ReadAction\",\"target\":[\"https:\\\/\\\/canfali.com\\\/ca-es\\\/lexcel%c2%b7lencia-de-la-trompeta-i-el-piano-made-in-pego\\\/\"]}]},{\"@type\":\"ImageObject\",\"inLanguage\":\"va-ES\",\"@id\":\"https:\\\/\\\/canfali.com\\\/ca-es\\\/lexcel%c2%b7lencia-de-la-trompeta-i-el-piano-made-in-pego\\\/#primaryimage\",\"url\":\"https:\\\/\\\/canfali.com\\\/app\\\/uploads\\\/2025\\\/09\\\/trompetaipiano1.jpg\",\"contentUrl\":\"https:\\\/\\\/canfali.com\\\/app\\\/uploads\\\/2025\\\/09\\\/trompetaipiano1.jpg\",\"width\":1600,\"height\":1200},{\"@type\":\"BreadcrumbList\",\"@id\":\"https:\\\/\\\/canfali.com\\\/ca-es\\\/lexcel%c2%b7lencia-de-la-trompeta-i-el-piano-made-in-pego\\\/#breadcrumb\",\"itemListElement\":[{\"@type\":\"ListItem\",\"position\":1,\"name\":\"Portada\",\"item\":\"https:\\\/\\\/canfali.com\\\/ca-es\\\/\"},{\"@type\":\"ListItem\",\"position\":2,\"name\":\"L\u2019excel\u00b7l\u00e8ncia de la trompeta i el piano \u00abmade in Pego\u00bb\"}]},{\"@type\":\"WebSite\",\"@id\":\"https:\\\/\\\/canfali.com\\\/ca-es\\\/#website\",\"url\":\"https:\\\/\\\/canfali.com\\\/ca-es\\\/\",\"name\":\"Canfali\",\"description\":\"\",\"publisher\":{\"@id\":\"https:\\\/\\\/canfali.com\\\/ca-es\\\/#organization\"},\"potentialAction\":[{\"@type\":\"SearchAction\",\"target\":{\"@type\":\"EntryPoint\",\"urlTemplate\":\"https:\\\/\\\/canfali.com\\\/ca-es\\\/?s={search_term_string}\"},\"query-input\":{\"@type\":\"PropertyValueSpecification\",\"valueRequired\":true,\"valueName\":\"search_term_string\"}}],\"inLanguage\":\"va-ES\"},{\"@type\":\"Organization\",\"@id\":\"https:\\\/\\\/canfali.com\\\/ca-es\\\/#organization\",\"name\":\"Canfali\",\"url\":\"https:\\\/\\\/canfali.com\\\/ca-es\\\/\",\"logo\":{\"@type\":\"ImageObject\",\"inLanguage\":\"va-ES\",\"@id\":\"https:\\\/\\\/canfali.com\\\/ca-es\\\/#\\\/schema\\\/logo\\\/image\\\/\",\"url\":\"https:\\\/\\\/canfali.com\\\/app\\\/uploads\\\/2025\\\/12\\\/canfali_marina_alta_logo.png\",\"contentUrl\":\"https:\\\/\\\/canfali.com\\\/app\\\/uploads\\\/2025\\\/12\\\/canfali_marina_alta_logo.png\",\"width\":225,\"height\":225,\"caption\":\"Canfali\"},\"image\":{\"@id\":\"https:\\\/\\\/canfali.com\\\/ca-es\\\/#\\\/schema\\\/logo\\\/image\\\/\"},\"sameAs\":[\"https:\\\/\\\/es-es.facebook.com\\\/CANFALIMarinaAlta\",\"https:\\\/\\\/x.com\\\/canfalima\",\"https:\\\/\\\/www.instagram.com\\\/canfalimarinaalta\\\/\"]},{\"@type\":\"Person\",\"@id\":\"https:\\\/\\\/canfali.com\\\/ca-es\\\/#\\\/schema\\\/person\\\/d834d2d4df17cac754d3c314d4c404ef\",\"name\":\"JJ Mas\",\"image\":{\"@type\":\"ImageObject\",\"inLanguage\":\"va-ES\",\"@id\":\"https:\\\/\\\/secure.gravatar.com\\\/avatar\\\/65a5191f5438bf88c2394f6d1a625a6ff903c8785268e603c623a83bc15ba1ee?s=96&d=mm&r=g\",\"url\":\"https:\\\/\\\/secure.gravatar.com\\\/avatar\\\/65a5191f5438bf88c2394f6d1a625a6ff903c8785268e603c623a83bc15ba1ee?s=96&d=mm&r=g\",\"contentUrl\":\"https:\\\/\\\/secure.gravatar.com\\\/avatar\\\/65a5191f5438bf88c2394f6d1a625a6ff903c8785268e603c623a83bc15ba1ee?s=96&d=mm&r=g\",\"caption\":\"JJ Mas\"},\"url\":\"https:\\\/\\\/canfali.com\\\/ca-es\\\/author\\\/jj\\\/\"}]}<\/script>\n<!-- \/ Yoast SEO Premium plugin. -->","yoast_head_json":{"title":"L\u2019excel\u00b7l\u00e8ncia de la trompeta i el piano \"made in Pego\" - Canfali","robots":{"index":"index","follow":"follow","max-snippet":"max-snippet:-1","max-image-preview":"max-image-preview:large","max-video-preview":"max-video-preview:-1"},"canonical":"https:\/\/canfali.com\/ca-es\/lexcel%c2%b7lencia-de-la-trompeta-i-el-piano-made-in-pego\/","og_locale":"en_US","og_type":"article","og_title":"L\u2019excel\u00b7l\u00e8ncia de la trompeta i el piano \"made in Pego\"","og_description":"Josep G\u00f3mez Alemany i Vicent Sendra Vilanova clausuren el Cicle de m\u00fasica d\u2019estiu Els llorejats trompetista Josep G\u00f3mez&hellip;","og_url":"https:\/\/canfali.com\/ca-es\/lexcel%c2%b7lencia-de-la-trompeta-i-el-piano-made-in-pego\/","og_site_name":"Canfali","article_publisher":"https:\/\/es-es.facebook.com\/CANFALIMarinaAlta","article_published_time":"2025-09-07T07:08:15+00:00","article_modified_time":"2025-09-07T07:08:16+00:00","og_image":[{"width":1600,"height":1200,"url":"https:\/\/canfali.com\/app\/uploads\/2025\/09\/trompetaipiano1.jpg","type":"image\/jpeg"}],"author":"JJ Mas","twitter_card":"summary_large_image","twitter_creator":"@canfalima","twitter_site":"@canfalima","twitter_misc":{"Written by":"JJ Mas","Est. reading time":"4 minutes"},"schema":{"@context":"https:\/\/schema.org","@graph":[{"@type":"NewsArticle","@id":"https:\/\/canfali.com\/ca-es\/lexcel%c2%b7lencia-de-la-trompeta-i-el-piano-made-in-pego\/#article","isPartOf":{"@id":"https:\/\/canfali.com\/ca-es\/lexcel%c2%b7lencia-de-la-trompeta-i-el-piano-made-in-pego\/"},"author":{"name":"JJ Mas","@id":"https:\/\/canfali.com\/ca-es\/#\/schema\/person\/d834d2d4df17cac754d3c314d4c404ef"},"headline":"L\u2019excel\u00b7l\u00e8ncia de la trompeta i el piano &#8220;made in Pego&#8221;","datePublished":"2025-09-07T07:08:15+00:00","dateModified":"2025-09-07T07:08:16+00:00","mainEntityOfPage":{"@id":"https:\/\/canfali.com\/ca-es\/lexcel%c2%b7lencia-de-la-trompeta-i-el-piano-made-in-pego\/"},"wordCount":802,"publisher":{"@id":"https:\/\/canfali.com\/ca-es\/#organization"},"image":{"@id":"https:\/\/canfali.com\/ca-es\/lexcel%c2%b7lencia-de-la-trompeta-i-el-piano-made-in-pego\/#primaryimage"},"thumbnailUrl":"https:\/\/canfali.com\/app\/uploads\/2025\/09\/trompetaipiano1.jpg","keywords":["Cicle","clausura","estiu","m\u00fasica","Pego","Piano","trompeta"],"articleSection":["L&#039;\u00daltima"],"inLanguage":"va-ES","copyrightYear":"2025","copyrightHolder":{"@id":"https:\/\/canfali.com\/#organization"}},{"@type":"WebPage","@id":"https:\/\/canfali.com\/ca-es\/lexcel%c2%b7lencia-de-la-trompeta-i-el-piano-made-in-pego\/","url":"https:\/\/canfali.com\/ca-es\/lexcel%c2%b7lencia-de-la-trompeta-i-el-piano-made-in-pego\/","name":"L\u2019excel\u00b7l\u00e8ncia de la trompeta i el piano \"made in Pego\" - Canfali","isPartOf":{"@id":"https:\/\/canfali.com\/ca-es\/#website"},"primaryImageOfPage":{"@id":"https:\/\/canfali.com\/ca-es\/lexcel%c2%b7lencia-de-la-trompeta-i-el-piano-made-in-pego\/#primaryimage"},"image":{"@id":"https:\/\/canfali.com\/ca-es\/lexcel%c2%b7lencia-de-la-trompeta-i-el-piano-made-in-pego\/#primaryimage"},"thumbnailUrl":"https:\/\/canfali.com\/app\/uploads\/2025\/09\/trompetaipiano1.jpg","datePublished":"2025-09-07T07:08:15+00:00","dateModified":"2025-09-07T07:08:16+00:00","breadcrumb":{"@id":"https:\/\/canfali.com\/ca-es\/lexcel%c2%b7lencia-de-la-trompeta-i-el-piano-made-in-pego\/#breadcrumb"},"inLanguage":"va-ES","potentialAction":[{"@type":"ReadAction","target":["https:\/\/canfali.com\/ca-es\/lexcel%c2%b7lencia-de-la-trompeta-i-el-piano-made-in-pego\/"]}]},{"@type":"ImageObject","inLanguage":"va-ES","@id":"https:\/\/canfali.com\/ca-es\/lexcel%c2%b7lencia-de-la-trompeta-i-el-piano-made-in-pego\/#primaryimage","url":"https:\/\/canfali.com\/app\/uploads\/2025\/09\/trompetaipiano1.jpg","contentUrl":"https:\/\/canfali.com\/app\/uploads\/2025\/09\/trompetaipiano1.jpg","width":1600,"height":1200},{"@type":"BreadcrumbList","@id":"https:\/\/canfali.com\/ca-es\/lexcel%c2%b7lencia-de-la-trompeta-i-el-piano-made-in-pego\/#breadcrumb","itemListElement":[{"@type":"ListItem","position":1,"name":"Portada","item":"https:\/\/canfali.com\/ca-es\/"},{"@type":"ListItem","position":2,"name":"L\u2019excel\u00b7l\u00e8ncia de la trompeta i el piano \u00abmade in Pego\u00bb"}]},{"@type":"WebSite","@id":"https:\/\/canfali.com\/ca-es\/#website","url":"https:\/\/canfali.com\/ca-es\/","name":"Canfali","description":"","publisher":{"@id":"https:\/\/canfali.com\/ca-es\/#organization"},"potentialAction":[{"@type":"SearchAction","target":{"@type":"EntryPoint","urlTemplate":"https:\/\/canfali.com\/ca-es\/?s={search_term_string}"},"query-input":{"@type":"PropertyValueSpecification","valueRequired":true,"valueName":"search_term_string"}}],"inLanguage":"va-ES"},{"@type":"Organization","@id":"https:\/\/canfali.com\/ca-es\/#organization","name":"Canfali","url":"https:\/\/canfali.com\/ca-es\/","logo":{"@type":"ImageObject","inLanguage":"va-ES","@id":"https:\/\/canfali.com\/ca-es\/#\/schema\/logo\/image\/","url":"https:\/\/canfali.com\/app\/uploads\/2025\/12\/canfali_marina_alta_logo.png","contentUrl":"https:\/\/canfali.com\/app\/uploads\/2025\/12\/canfali_marina_alta_logo.png","width":225,"height":225,"caption":"Canfali"},"image":{"@id":"https:\/\/canfali.com\/ca-es\/#\/schema\/logo\/image\/"},"sameAs":["https:\/\/es-es.facebook.com\/CANFALIMarinaAlta","https:\/\/x.com\/canfalima","https:\/\/www.instagram.com\/canfalimarinaalta\/"]},{"@type":"Person","@id":"https:\/\/canfali.com\/ca-es\/#\/schema\/person\/d834d2d4df17cac754d3c314d4c404ef","name":"JJ Mas","image":{"@type":"ImageObject","inLanguage":"va-ES","@id":"https:\/\/secure.gravatar.com\/avatar\/65a5191f5438bf88c2394f6d1a625a6ff903c8785268e603c623a83bc15ba1ee?s=96&d=mm&r=g","url":"https:\/\/secure.gravatar.com\/avatar\/65a5191f5438bf88c2394f6d1a625a6ff903c8785268e603c623a83bc15ba1ee?s=96&d=mm&r=g","contentUrl":"https:\/\/secure.gravatar.com\/avatar\/65a5191f5438bf88c2394f6d1a625a6ff903c8785268e603c623a83bc15ba1ee?s=96&d=mm&r=g","caption":"JJ Mas"},"url":"https:\/\/canfali.com\/ca-es\/author\/jj\/"}]}},"_links":{"self":[{"href":"https:\/\/canfali.com\/ca-es\/wp-json\/wp\/v2\/posts\/75477","targetHints":{"allow":["GET"]}}],"collection":[{"href":"https:\/\/canfali.com\/ca-es\/wp-json\/wp\/v2\/posts"}],"about":[{"href":"https:\/\/canfali.com\/ca-es\/wp-json\/wp\/v2\/types\/post"}],"author":[{"embeddable":true,"href":"https:\/\/canfali.com\/ca-es\/wp-json\/wp\/v2\/users\/4"}],"replies":[{"embeddable":true,"href":"https:\/\/canfali.com\/ca-es\/wp-json\/wp\/v2\/comments?post=75477"}],"version-history":[{"count":1,"href":"https:\/\/canfali.com\/ca-es\/wp-json\/wp\/v2\/posts\/75477\/revisions"}],"predecessor-version":[{"id":75482,"href":"https:\/\/canfali.com\/ca-es\/wp-json\/wp\/v2\/posts\/75477\/revisions\/75482"}],"wp:featuredmedia":[{"embeddable":true,"href":"https:\/\/canfali.com\/ca-es\/wp-json\/wp\/v2\/media\/75478"}],"wp:attachment":[{"href":"https:\/\/canfali.com\/ca-es\/wp-json\/wp\/v2\/media?parent=75477"}],"wp:term":[{"taxonomy":"category","embeddable":true,"href":"https:\/\/canfali.com\/ca-es\/wp-json\/wp\/v2\/categories?post=75477"},{"taxonomy":"post_tag","embeddable":true,"href":"https:\/\/canfali.com\/ca-es\/wp-json\/wp\/v2\/tags?post=75477"}],"curies":[{"name":"wp","href":"https:\/\/api.w.org\/{rel}","templated":true}]}}