{"id":75437,"date":"2025-09-05T10:38:00","date_gmt":"2025-09-05T08:38:00","guid":{"rendered":"https:\/\/canfali.com\/el-tecnico-hugo-ramos-amb-la-seleccio-de-futbol-de-paralisi-cerebral\/"},"modified":"2025-09-09T11:46:20","modified_gmt":"2025-09-09T09:46:20","slug":"el-tecnico-hugo-ramos-amb-la-seleccio-de-futbol-de-paralisi-cerebral","status":"publish","type":"post","link":"https:\/\/canfali.com\/ca-es\/el-tecnico-hugo-ramos-amb-la-seleccio-de-futbol-de-paralisi-cerebral\/","title":{"rendered":"Hugo Ramos amb la selecci\u00f3 de futbol de par\u00e0lisi cerebral"},"content":{"rendered":"\n<p><p class=\"p1\">El combinat espanyol va finalitzar en cinquena posici\u00f3 a l\u2019Europeu disputat al Regne Unit<\/p><\/p>\n\n<p><p class=\"p1\">L\u2019entrenador <b>UEFA Pro Hugo Ramos<\/b> s\u2019ha incorporat al cos t\u00e8cnic de la selecci\u00f3 espanyola de persones amb par\u00e0lisi cerebral i dany cerebral adquirit, que acaba de disputar el Campionat d\u2019Europa al Regne Unit, aconseguint una merit\u00f2ria cinquena pla\u00e7a. L\u2019experi\u00e8ncia per a Hugo, coordinador de l\u2019escola municipal de futbol de Gata, est\u00e0 resultant molt enriquidora tant a nivell personal com professional.<\/p><\/p>\n\n<figure class=\"wp-block-image size-large\"><img fetchpriority=\"high\" decoding=\"async\" width=\"1024\" height=\"768\" src=\"https:\/\/canfali.com\/app\/uploads\/2025\/09\/8HUGO1-1024x768.jpeg\" alt=\"\" class=\"wp-image-75429\" srcset=\"https:\/\/canfali.com\/app\/uploads\/2025\/09\/8HUGO1-1024x768.jpeg 1024w, https:\/\/canfali.com\/app\/uploads\/2025\/09\/8HUGO1-300x225.jpeg 300w, https:\/\/canfali.com\/app\/uploads\/2025\/09\/8HUGO1-768x576.jpeg 768w, https:\/\/canfali.com\/app\/uploads\/2025\/09\/8HUGO1-1536x1152.jpeg 1536w, https:\/\/canfali.com\/app\/uploads\/2025\/09\/8HUGO1.jpeg 1600w\" sizes=\"(max-width: 1024px) 100vw, 1024px\" \/><\/figure>\n\n<p><p class=\"p1\">Basc afincat a Calp, Ramos va deixar la direcci\u00f3 del primer equip del Gorgos per a embarcar-se en esta nova etapa, a la qual va arribar a trav\u00e9s de l\u2019equip de l\u2019Eibar, proclamat campi\u00f3 d\u2019Espanya la passada temporada. La selecci\u00f3 nacional es va fixar en ell pel seu perfil idoni per a unir-se a l\u2019equip t\u00e8cnic que lidera el seleccionador catal\u00e0 <b>Aitor Ari\u00f1o<\/b>.<\/p><\/p>\n\n<p>El t\u00e8cnic ha viscut experi\u00e8ncies molt intenses i inoblidables durant l\u2019Europeu. \u201c\u00c9s un m\u00f3n molt professionalitzat\u201d, explica Ramos, destacant l\u2019alt nivell dels esportistes. El preparatori del campionat es va dur a terme al Centre d\u2019Alt Rendiment de Sant Cugat del Vall\u00e8s, on van compartir instal\u00b7lacions amb altres seleccions nacionals com les d\u2019hoquei herba.<br\/><\/p>\n\n<p>El futbol per a persones amb par\u00e0lisi cerebral (PC) i dany cerebral adquirit (DCA) es practica en la modalitat de futbol-7, sobre un camp de 70&#215;50 metres. No existeix el fora de joc i les porteries mesuren 5 metres d\u2019ample per 2 d\u2019alt. Els jugadors es classifiquen de l\u20191 al 3 segons el seu grau de discapacitat, en alguns casos quasi inapreciable.<br\/><\/p>\n\n<p>Hugo Ramos s\u2019ha mostrat sorpr\u00e8s pel gran nivell descobert en este Europeu, no sols en l\u2019\u00e0mbit esportiu, sin\u00f3 tamb\u00e9 en l\u2019avan\u00e7 de les estructures organitzatives i en la forta aposta de les federacions per invertir en esta disciplina.<br\/><\/p>\n\n<p>El paper d\u2019Espanya en el campionat es va saldar amb triomfs davant Esc\u00f2cia, Irlanda i Irlanda del Nord, un empat contra Ucra\u00efna \u2013la gran favorita i, finalment, campiona\u2013 i una derrota contra Anglaterra.<br\/><\/p>\n","protected":false},"excerpt":{"rendered":"L&#8217;entrenador UEFA Pro Hugo Ramos s&#8217;ha incorporat al cos t\u00e8cnic de la selecci\u00f3 espanyola de persones amb par\u00e0lisi cerebral i dany cerebral adquirit","protected":false},"author":8,"featured_media":75432,"comment_status":"closed","ping_status":"closed","sticky":false,"template":"","format":"standard","meta":{"csco_display_header_overlay":false,"csco_singular_sidebar":"","csco_page_header_type":"","csco_page_load_nextpost":"","csco_post_video_location":[],"csco_post_video_location_hash":"","csco_post_video_url":"","csco_post_video_bg_start_time":0,"csco_post_video_bg_end_time":0,"footnotes":""},"categories":[573,598,601],"tags":[],"class_list":{"0":"post-75437","1":"post","2":"type-post","3":"status-publish","4":"format-standard","5":"has-post-thumbnail","7":"category-deportes-2","8":"category-esports","9":"category-futbol-ca-es","10":"cs-entry","11":"cs-video-wrap"},"yoast_head":"<!-- This site is optimized with the Yoast SEO Premium plugin v26.6 (Yoast SEO v27.3) - https:\/\/yoast.com\/product\/yoast-seo-premium-wordpress\/ -->\n<title>Hugo Ramos amb la selecci\u00f3 de futbol de par\u00e0lisi cerebral - Canfali<\/title>\n<meta name=\"robots\" content=\"index, follow, max-snippet:-1, max-image-preview:large, max-video-preview:-1\" \/>\n<link rel=\"canonical\" href=\"https:\/\/canfali.com\/ca-es\/el-tecnico-hugo-ramos-amb-la-seleccio-de-futbol-de-paralisi-cerebral\/\" \/>\n<meta property=\"og:locale\" content=\"en_US\" \/>\n<meta property=\"og:type\" content=\"article\" \/>\n<meta property=\"og:title\" content=\"Hugo Ramos amb la selecci\u00f3 de futbol de par\u00e0lisi cerebral\" \/>\n<meta property=\"og:description\" content=\"L&#039;entrenador UEFA Pro Hugo Ramos s&#039;ha incorporat al cos t\u00e8cnic de la selecci\u00f3 espanyola de persones amb par\u00e0lisi cerebral i dany cerebral adquirit\" \/>\n<meta property=\"og:url\" content=\"https:\/\/canfali.com\/ca-es\/el-tecnico-hugo-ramos-amb-la-seleccio-de-futbol-de-paralisi-cerebral\/\" \/>\n<meta property=\"og:site_name\" content=\"Canfali\" \/>\n<meta property=\"article:publisher\" content=\"https:\/\/es-es.facebook.com\/CANFALIMarinaAlta\" \/>\n<meta property=\"article:published_time\" content=\"2025-09-05T08:38:00+00:00\" \/>\n<meta property=\"article:modified_time\" content=\"2025-09-09T09:46:20+00:00\" \/>\n<meta property=\"og:image\" content=\"https:\/\/canfali.com\/app\/uploads\/2025\/09\/8hugo2.jpeg\" \/>\n\t<meta property=\"og:image:width\" content=\"1600\" \/>\n\t<meta property=\"og:image:height\" content=\"1066\" \/>\n\t<meta property=\"og:image:type\" content=\"image\/jpeg\" \/>\n<meta name=\"author\" content=\"Lluis\" \/>\n<meta name=\"twitter:card\" content=\"summary_large_image\" \/>\n<meta name=\"twitter:creator\" content=\"@canfalima\" \/>\n<meta name=\"twitter:site\" content=\"@canfalima\" \/>\n<meta name=\"twitter:label1\" content=\"Written by\" \/>\n\t<meta name=\"twitter:data1\" content=\"Lluis\" \/>\n\t<meta name=\"twitter:label2\" content=\"Est. reading time\" \/>\n\t<meta name=\"twitter:data2\" content=\"2 minutes\" \/>\n<script type=\"application\/ld+json\" class=\"yoast-schema-graph\">{\"@context\":\"https:\\\/\\\/schema.org\",\"@graph\":[{\"@type\":\"NewsArticle\",\"@id\":\"https:\\\/\\\/canfali.com\\\/ca-es\\\/el-tecnico-hugo-ramos-amb-la-seleccio-de-futbol-de-paralisi-cerebral\\\/#article\",\"isPartOf\":{\"@id\":\"https:\\\/\\\/canfali.com\\\/ca-es\\\/el-tecnico-hugo-ramos-amb-la-seleccio-de-futbol-de-paralisi-cerebral\\\/\"},\"author\":{\"name\":\"Lluis\",\"@id\":\"https:\\\/\\\/canfali.com\\\/ca-es\\\/#\\\/schema\\\/person\\\/f540a86fb33e10daaae53c59ceaa1194\"},\"headline\":\"Hugo Ramos amb la selecci\u00f3 de futbol de par\u00e0lisi cerebral\",\"datePublished\":\"2025-09-05T08:38:00+00:00\",\"dateModified\":\"2025-09-09T09:46:20+00:00\",\"mainEntityOfPage\":{\"@id\":\"https:\\\/\\\/canfali.com\\\/ca-es\\\/el-tecnico-hugo-ramos-amb-la-seleccio-de-futbol-de-paralisi-cerebral\\\/\"},\"wordCount\":368,\"publisher\":{\"@id\":\"https:\\\/\\\/canfali.com\\\/ca-es\\\/#organization\"},\"image\":{\"@id\":\"https:\\\/\\\/canfali.com\\\/ca-es\\\/el-tecnico-hugo-ramos-amb-la-seleccio-de-futbol-de-paralisi-cerebral\\\/#primaryimage\"},\"thumbnailUrl\":\"https:\\\/\\\/canfali.com\\\/app\\\/uploads\\\/2025\\\/09\\\/8hugo2.jpeg\",\"articleSection\":[\"Deportes\",\"Esports\",\"Futbol\"],\"inLanguage\":\"va-ES\",\"copyrightYear\":\"2025\",\"copyrightHolder\":{\"@id\":\"https:\\\/\\\/canfali.com\\\/#organization\"}},{\"@type\":\"WebPage\",\"@id\":\"https:\\\/\\\/canfali.com\\\/ca-es\\\/el-tecnico-hugo-ramos-amb-la-seleccio-de-futbol-de-paralisi-cerebral\\\/\",\"url\":\"https:\\\/\\\/canfali.com\\\/ca-es\\\/el-tecnico-hugo-ramos-amb-la-seleccio-de-futbol-de-paralisi-cerebral\\\/\",\"name\":\"Hugo Ramos amb la selecci\u00f3 de futbol de par\u00e0lisi cerebral - Canfali\",\"isPartOf\":{\"@id\":\"https:\\\/\\\/canfali.com\\\/ca-es\\\/#website\"},\"primaryImageOfPage\":{\"@id\":\"https:\\\/\\\/canfali.com\\\/ca-es\\\/el-tecnico-hugo-ramos-amb-la-seleccio-de-futbol-de-paralisi-cerebral\\\/#primaryimage\"},\"image\":{\"@id\":\"https:\\\/\\\/canfali.com\\\/ca-es\\\/el-tecnico-hugo-ramos-amb-la-seleccio-de-futbol-de-paralisi-cerebral\\\/#primaryimage\"},\"thumbnailUrl\":\"https:\\\/\\\/canfali.com\\\/app\\\/uploads\\\/2025\\\/09\\\/8hugo2.jpeg\",\"datePublished\":\"2025-09-05T08:38:00+00:00\",\"dateModified\":\"2025-09-09T09:46:20+00:00\",\"breadcrumb\":{\"@id\":\"https:\\\/\\\/canfali.com\\\/ca-es\\\/el-tecnico-hugo-ramos-amb-la-seleccio-de-futbol-de-paralisi-cerebral\\\/#breadcrumb\"},\"inLanguage\":\"va-ES\",\"potentialAction\":[{\"@type\":\"ReadAction\",\"target\":[\"https:\\\/\\\/canfali.com\\\/ca-es\\\/el-tecnico-hugo-ramos-amb-la-seleccio-de-futbol-de-paralisi-cerebral\\\/\"]}]},{\"@type\":\"ImageObject\",\"inLanguage\":\"va-ES\",\"@id\":\"https:\\\/\\\/canfali.com\\\/ca-es\\\/el-tecnico-hugo-ramos-amb-la-seleccio-de-futbol-de-paralisi-cerebral\\\/#primaryimage\",\"url\":\"https:\\\/\\\/canfali.com\\\/app\\\/uploads\\\/2025\\\/09\\\/8hugo2.jpeg\",\"contentUrl\":\"https:\\\/\\\/canfali.com\\\/app\\\/uploads\\\/2025\\\/09\\\/8hugo2.jpeg\",\"width\":1600,\"height\":1066},{\"@type\":\"BreadcrumbList\",\"@id\":\"https:\\\/\\\/canfali.com\\\/ca-es\\\/el-tecnico-hugo-ramos-amb-la-seleccio-de-futbol-de-paralisi-cerebral\\\/#breadcrumb\",\"itemListElement\":[{\"@type\":\"ListItem\",\"position\":1,\"name\":\"Portada\",\"item\":\"https:\\\/\\\/canfali.com\\\/ca-es\\\/\"},{\"@type\":\"ListItem\",\"position\":2,\"name\":\"Hugo Ramos amb la selecci\u00f3 de futbol de par\u00e0lisi cerebral\"}]},{\"@type\":\"WebSite\",\"@id\":\"https:\\\/\\\/canfali.com\\\/ca-es\\\/#website\",\"url\":\"https:\\\/\\\/canfali.com\\\/ca-es\\\/\",\"name\":\"Canfali\",\"description\":\"\",\"publisher\":{\"@id\":\"https:\\\/\\\/canfali.com\\\/ca-es\\\/#organization\"},\"potentialAction\":[{\"@type\":\"SearchAction\",\"target\":{\"@type\":\"EntryPoint\",\"urlTemplate\":\"https:\\\/\\\/canfali.com\\\/ca-es\\\/?s={search_term_string}\"},\"query-input\":{\"@type\":\"PropertyValueSpecification\",\"valueRequired\":true,\"valueName\":\"search_term_string\"}}],\"inLanguage\":\"va-ES\"},{\"@type\":\"Organization\",\"@id\":\"https:\\\/\\\/canfali.com\\\/ca-es\\\/#organization\",\"name\":\"Canfali\",\"url\":\"https:\\\/\\\/canfali.com\\\/ca-es\\\/\",\"logo\":{\"@type\":\"ImageObject\",\"inLanguage\":\"va-ES\",\"@id\":\"https:\\\/\\\/canfali.com\\\/ca-es\\\/#\\\/schema\\\/logo\\\/image\\\/\",\"url\":\"https:\\\/\\\/canfali.com\\\/app\\\/uploads\\\/2025\\\/12\\\/canfali_marina_alta_logo.png\",\"contentUrl\":\"https:\\\/\\\/canfali.com\\\/app\\\/uploads\\\/2025\\\/12\\\/canfali_marina_alta_logo.png\",\"width\":225,\"height\":225,\"caption\":\"Canfali\"},\"image\":{\"@id\":\"https:\\\/\\\/canfali.com\\\/ca-es\\\/#\\\/schema\\\/logo\\\/image\\\/\"},\"sameAs\":[\"https:\\\/\\\/es-es.facebook.com\\\/CANFALIMarinaAlta\",\"https:\\\/\\\/x.com\\\/canfalima\",\"https:\\\/\\\/www.instagram.com\\\/canfalimarinaalta\\\/\"]},{\"@type\":\"Person\",\"@id\":\"https:\\\/\\\/canfali.com\\\/ca-es\\\/#\\\/schema\\\/person\\\/f540a86fb33e10daaae53c59ceaa1194\",\"name\":\"Lluis\",\"image\":{\"@type\":\"ImageObject\",\"inLanguage\":\"va-ES\",\"@id\":\"https:\\\/\\\/secure.gravatar.com\\\/avatar\\\/a21ec8835290e4e02ed0886b8cb327d807d0eb6ec8ccf25d4c2a0a415f506c0d?s=96&d=mm&r=g\",\"url\":\"https:\\\/\\\/secure.gravatar.com\\\/avatar\\\/a21ec8835290e4e02ed0886b8cb327d807d0eb6ec8ccf25d4c2a0a415f506c0d?s=96&d=mm&r=g\",\"contentUrl\":\"https:\\\/\\\/secure.gravatar.com\\\/avatar\\\/a21ec8835290e4e02ed0886b8cb327d807d0eb6ec8ccf25d4c2a0a415f506c0d?s=96&d=mm&r=g\",\"caption\":\"Lluis\"},\"url\":\"https:\\\/\\\/canfali.com\\\/ca-es\\\/author\\\/lluis\\\/\"}]}<\/script>\n<!-- \/ Yoast SEO Premium plugin. -->","yoast_head_json":{"title":"Hugo Ramos amb la selecci\u00f3 de futbol de par\u00e0lisi cerebral - Canfali","robots":{"index":"index","follow":"follow","max-snippet":"max-snippet:-1","max-image-preview":"max-image-preview:large","max-video-preview":"max-video-preview:-1"},"canonical":"https:\/\/canfali.com\/ca-es\/el-tecnico-hugo-ramos-amb-la-seleccio-de-futbol-de-paralisi-cerebral\/","og_locale":"en_US","og_type":"article","og_title":"Hugo Ramos amb la selecci\u00f3 de futbol de par\u00e0lisi cerebral","og_description":"L'entrenador UEFA Pro Hugo Ramos s'ha incorporat al cos t\u00e8cnic de la selecci\u00f3 espanyola de persones amb par\u00e0lisi cerebral i dany cerebral adquirit","og_url":"https:\/\/canfali.com\/ca-es\/el-tecnico-hugo-ramos-amb-la-seleccio-de-futbol-de-paralisi-cerebral\/","og_site_name":"Canfali","article_publisher":"https:\/\/es-es.facebook.com\/CANFALIMarinaAlta","article_published_time":"2025-09-05T08:38:00+00:00","article_modified_time":"2025-09-09T09:46:20+00:00","og_image":[{"width":1600,"height":1066,"url":"https:\/\/canfali.com\/app\/uploads\/2025\/09\/8hugo2.jpeg","type":"image\/jpeg"}],"author":"Lluis","twitter_card":"summary_large_image","twitter_creator":"@canfalima","twitter_site":"@canfalima","twitter_misc":{"Written by":"Lluis","Est. reading time":"2 minutes"},"schema":{"@context":"https:\/\/schema.org","@graph":[{"@type":"NewsArticle","@id":"https:\/\/canfali.com\/ca-es\/el-tecnico-hugo-ramos-amb-la-seleccio-de-futbol-de-paralisi-cerebral\/#article","isPartOf":{"@id":"https:\/\/canfali.com\/ca-es\/el-tecnico-hugo-ramos-amb-la-seleccio-de-futbol-de-paralisi-cerebral\/"},"author":{"name":"Lluis","@id":"https:\/\/canfali.com\/ca-es\/#\/schema\/person\/f540a86fb33e10daaae53c59ceaa1194"},"headline":"Hugo Ramos amb la selecci\u00f3 de futbol de par\u00e0lisi cerebral","datePublished":"2025-09-05T08:38:00+00:00","dateModified":"2025-09-09T09:46:20+00:00","mainEntityOfPage":{"@id":"https:\/\/canfali.com\/ca-es\/el-tecnico-hugo-ramos-amb-la-seleccio-de-futbol-de-paralisi-cerebral\/"},"wordCount":368,"publisher":{"@id":"https:\/\/canfali.com\/ca-es\/#organization"},"image":{"@id":"https:\/\/canfali.com\/ca-es\/el-tecnico-hugo-ramos-amb-la-seleccio-de-futbol-de-paralisi-cerebral\/#primaryimage"},"thumbnailUrl":"https:\/\/canfali.com\/app\/uploads\/2025\/09\/8hugo2.jpeg","articleSection":["Deportes","Esports","Futbol"],"inLanguage":"va-ES","copyrightYear":"2025","copyrightHolder":{"@id":"https:\/\/canfali.com\/#organization"}},{"@type":"WebPage","@id":"https:\/\/canfali.com\/ca-es\/el-tecnico-hugo-ramos-amb-la-seleccio-de-futbol-de-paralisi-cerebral\/","url":"https:\/\/canfali.com\/ca-es\/el-tecnico-hugo-ramos-amb-la-seleccio-de-futbol-de-paralisi-cerebral\/","name":"Hugo Ramos amb la selecci\u00f3 de futbol de par\u00e0lisi cerebral - Canfali","isPartOf":{"@id":"https:\/\/canfali.com\/ca-es\/#website"},"primaryImageOfPage":{"@id":"https:\/\/canfali.com\/ca-es\/el-tecnico-hugo-ramos-amb-la-seleccio-de-futbol-de-paralisi-cerebral\/#primaryimage"},"image":{"@id":"https:\/\/canfali.com\/ca-es\/el-tecnico-hugo-ramos-amb-la-seleccio-de-futbol-de-paralisi-cerebral\/#primaryimage"},"thumbnailUrl":"https:\/\/canfali.com\/app\/uploads\/2025\/09\/8hugo2.jpeg","datePublished":"2025-09-05T08:38:00+00:00","dateModified":"2025-09-09T09:46:20+00:00","breadcrumb":{"@id":"https:\/\/canfali.com\/ca-es\/el-tecnico-hugo-ramos-amb-la-seleccio-de-futbol-de-paralisi-cerebral\/#breadcrumb"},"inLanguage":"va-ES","potentialAction":[{"@type":"ReadAction","target":["https:\/\/canfali.com\/ca-es\/el-tecnico-hugo-ramos-amb-la-seleccio-de-futbol-de-paralisi-cerebral\/"]}]},{"@type":"ImageObject","inLanguage":"va-ES","@id":"https:\/\/canfali.com\/ca-es\/el-tecnico-hugo-ramos-amb-la-seleccio-de-futbol-de-paralisi-cerebral\/#primaryimage","url":"https:\/\/canfali.com\/app\/uploads\/2025\/09\/8hugo2.jpeg","contentUrl":"https:\/\/canfali.com\/app\/uploads\/2025\/09\/8hugo2.jpeg","width":1600,"height":1066},{"@type":"BreadcrumbList","@id":"https:\/\/canfali.com\/ca-es\/el-tecnico-hugo-ramos-amb-la-seleccio-de-futbol-de-paralisi-cerebral\/#breadcrumb","itemListElement":[{"@type":"ListItem","position":1,"name":"Portada","item":"https:\/\/canfali.com\/ca-es\/"},{"@type":"ListItem","position":2,"name":"Hugo Ramos amb la selecci\u00f3 de futbol de par\u00e0lisi cerebral"}]},{"@type":"WebSite","@id":"https:\/\/canfali.com\/ca-es\/#website","url":"https:\/\/canfali.com\/ca-es\/","name":"Canfali","description":"","publisher":{"@id":"https:\/\/canfali.com\/ca-es\/#organization"},"potentialAction":[{"@type":"SearchAction","target":{"@type":"EntryPoint","urlTemplate":"https:\/\/canfali.com\/ca-es\/?s={search_term_string}"},"query-input":{"@type":"PropertyValueSpecification","valueRequired":true,"valueName":"search_term_string"}}],"inLanguage":"va-ES"},{"@type":"Organization","@id":"https:\/\/canfali.com\/ca-es\/#organization","name":"Canfali","url":"https:\/\/canfali.com\/ca-es\/","logo":{"@type":"ImageObject","inLanguage":"va-ES","@id":"https:\/\/canfali.com\/ca-es\/#\/schema\/logo\/image\/","url":"https:\/\/canfali.com\/app\/uploads\/2025\/12\/canfali_marina_alta_logo.png","contentUrl":"https:\/\/canfali.com\/app\/uploads\/2025\/12\/canfali_marina_alta_logo.png","width":225,"height":225,"caption":"Canfali"},"image":{"@id":"https:\/\/canfali.com\/ca-es\/#\/schema\/logo\/image\/"},"sameAs":["https:\/\/es-es.facebook.com\/CANFALIMarinaAlta","https:\/\/x.com\/canfalima","https:\/\/www.instagram.com\/canfalimarinaalta\/"]},{"@type":"Person","@id":"https:\/\/canfali.com\/ca-es\/#\/schema\/person\/f540a86fb33e10daaae53c59ceaa1194","name":"Lluis","image":{"@type":"ImageObject","inLanguage":"va-ES","@id":"https:\/\/secure.gravatar.com\/avatar\/a21ec8835290e4e02ed0886b8cb327d807d0eb6ec8ccf25d4c2a0a415f506c0d?s=96&d=mm&r=g","url":"https:\/\/secure.gravatar.com\/avatar\/a21ec8835290e4e02ed0886b8cb327d807d0eb6ec8ccf25d4c2a0a415f506c0d?s=96&d=mm&r=g","contentUrl":"https:\/\/secure.gravatar.com\/avatar\/a21ec8835290e4e02ed0886b8cb327d807d0eb6ec8ccf25d4c2a0a415f506c0d?s=96&d=mm&r=g","caption":"Lluis"},"url":"https:\/\/canfali.com\/ca-es\/author\/lluis\/"}]}},"_links":{"self":[{"href":"https:\/\/canfali.com\/ca-es\/wp-json\/wp\/v2\/posts\/75437","targetHints":{"allow":["GET"]}}],"collection":[{"href":"https:\/\/canfali.com\/ca-es\/wp-json\/wp\/v2\/posts"}],"about":[{"href":"https:\/\/canfali.com\/ca-es\/wp-json\/wp\/v2\/types\/post"}],"author":[{"embeddable":true,"href":"https:\/\/canfali.com\/ca-es\/wp-json\/wp\/v2\/users\/8"}],"replies":[{"embeddable":true,"href":"https:\/\/canfali.com\/ca-es\/wp-json\/wp\/v2\/comments?post=75437"}],"version-history":[{"count":3,"href":"https:\/\/canfali.com\/ca-es\/wp-json\/wp\/v2\/posts\/75437\/revisions"}],"predecessor-version":[{"id":75734,"href":"https:\/\/canfali.com\/ca-es\/wp-json\/wp\/v2\/posts\/75437\/revisions\/75734"}],"wp:featuredmedia":[{"embeddable":true,"href":"https:\/\/canfali.com\/ca-es\/wp-json\/wp\/v2\/media\/75432"}],"wp:attachment":[{"href":"https:\/\/canfali.com\/ca-es\/wp-json\/wp\/v2\/media?parent=75437"}],"wp:term":[{"taxonomy":"category","embeddable":true,"href":"https:\/\/canfali.com\/ca-es\/wp-json\/wp\/v2\/categories?post=75437"},{"taxonomy":"post_tag","embeddable":true,"href":"https:\/\/canfali.com\/ca-es\/wp-json\/wp\/v2\/tags?post=75437"}],"curies":[{"name":"wp","href":"https:\/\/api.w.org\/{rel}","templated":true}]}}