{"id":75417,"date":"2025-09-05T10:35:55","date_gmt":"2025-09-05T08:35:55","guid":{"rendered":"https:\/\/canfali.com\/?p=75417"},"modified":"2025-09-05T10:37:42","modified_gmt":"2025-09-05T08:37:42","slug":"culminades-les-obres-de-linterior-dels-col%c2%b7legis-dondara-per-a-iniciar-el-curs","status":"publish","type":"post","link":"https:\/\/canfali.com\/ca-es\/culminades-les-obres-de-linterior-dels-col%c2%b7legis-dondara-per-a-iniciar-el-curs\/","title":{"rendered":"Culminades les obres de l\u2019interior dels col\u00b7legis d\u2019Ondara per a iniciar el curs"},"content":{"rendered":"\n<p><strong>Les actuacions del Pla Edificant II en l\u2019exterior del Sanchis Guarner i Marjals es perllongaran al llarg de l\u2019\u00faltim trimestre de l\u2019any<\/strong><\/p>\n\n\n\n<p>Els escolars d\u2019Ondara comen\u00e7aran les classes a Ondara el proper dilluns amb les obres del Pla Edificant II per a la millora energ\u00e8tica a l\u2019interior dels col\u00b7legis Marjals i Sanchis Guarner ja culminades.<\/p>\n\n\n\n<figure class=\"wp-block-gallery has-nested-images columns-default is-cropped wp-block-gallery-15 is-layout-flex wp-block-gallery-is-layout-flex\">\n<figure class=\"wp-block-image size-large\"><img fetchpriority=\"high\" decoding=\"async\" width=\"768\" height=\"1024\" data-id=\"75422\" src=\"https:\/\/canfali.com\/app\/uploads\/2025\/09\/inicicursond3-768x1024.jpeg\" alt=\"\" class=\"wp-image-75422\" srcset=\"https:\/\/canfali.com\/app\/uploads\/2025\/09\/inicicursond3-768x1024.jpeg 768w, https:\/\/canfali.com\/app\/uploads\/2025\/09\/inicicursond3-225x300.jpeg 225w, https:\/\/canfali.com\/app\/uploads\/2025\/09\/inicicursond3-1152x1536.jpeg 1152w, https:\/\/canfali.com\/app\/uploads\/2025\/09\/inicicursond3.jpeg 1536w\" sizes=\"(max-width: 768px) 100vw, 768px\" \/><\/figure>\n<\/figure>\n\n\n\n<p>Les actuacions van comen\u00e7ar a principis de maig, per a passar a realitzar les obres exteriors en el mes de juny, mentre que durant els mesos de juliol i agost, coincidint amb les vacances escolars.<\/p>\n\n\n\n<p>Segons informen des de l\u2019Ajuntament d\u2019Ondara, lees obres ja han rebut hui mateix el vistiplau de la Conselleria d\u2019Educaci\u00f3 per poder comen\u00e7ar les classes amb normalitat a Ondara el 8 de setembre, el que comporta que durant aquest cap de setmana es realitze una neteja integral de les instal\u00b7lacions,, per tal de que tot estiga a punt i en condicions.<\/p>\n\n\n\n<figure class=\"wp-block-image size-large\"><img decoding=\"async\" width=\"768\" height=\"1024\" src=\"https:\/\/canfali.com\/app\/uploads\/2025\/09\/inicicursond4-768x1024.jpeg\" alt=\"\" class=\"wp-image-75424\" srcset=\"https:\/\/canfali.com\/app\/uploads\/2025\/09\/inicicursond4-768x1024.jpeg 768w, https:\/\/canfali.com\/app\/uploads\/2025\/09\/inicicursond4-225x300.jpeg 225w, https:\/\/canfali.com\/app\/uploads\/2025\/09\/inicicursond4-1152x1536.jpeg 1152w, https:\/\/canfali.com\/app\/uploads\/2025\/09\/inicicursond4.jpeg 1536w\" sizes=\"(max-width: 768px) 100vw, 768px\" \/><\/figure>\n\n\n\n<p>No obstant aix\u00f2, la regidor d\u2019Educaci\u00f3, Rosa Ana Mar\u00ed, especifica que, durant les pr\u00f2ximes setmanes, les obres continuaran als centres, per\u00f2 nom\u00e9s en les zones exteriors, per culminar tots els treballs prevists. La circumst\u00e0ncia l\u2019ha portada a agra\u00efr de bestreta \u201cla comprensi\u00f3 de les fam\u00edlies per les mol\u00e8sties que puguen causar les obres que falten en l\u2019exterior\u201d, assegurant que les previsions s\u00f3n que els treballs estiguen completament culminats en els exteriors en els propers tres &nbsp;mesos, i que s\u2019organitzaran les entrades i eixides, i els horaris al pati, per a conviure amb els treballs mentre duren les obres, que estaran culminades abans de cap d\u2019any.<\/p>\n\n\n\n<p>Les obres del Pla Edificant II han comptat amb un pressupost total de 1.470.874 euros. En concret, el cas del contracte d\u2019Obres de Actuacions de Millora Energ\u00e8tica i Adequaci\u00f3 de l\u2019edifici Sanchis Guarner es va adjudicar a l\u2019empresa Promed Consulting SL. per 697.415 euros per a abastar la renovaci\u00f3 de la climatitzaci\u00f3 interior, la millora del sistema d&#8217;intercomunicaci\u00f3 i dels problemes ac\u00fastics en el menjador escolar. l&#8217;efici\u00e8ncia energ\u00e8tica, la nova construcci\u00f3 d&#8217;espais esportius, la renovaci\u00f3 de baranes i revestiments en l\u2019escala principal dels problemes ac\u00fastics en el menjador escolar. Tot aix\u00f2 junt a diverses actuacions complement\u00e0ries, com la impermeabilitzaci\u00f3 de finestres, reparaci\u00f3 de r\u00e0fecs, substituci\u00f3 del termoacumulador de cuina i la instal\u00b7laci\u00f3 d&#8217;un sistema anticaigudes en coberta per a millorar la seguretat del personal de manteniment, aix\u00ed com la renovaci\u00f3 de fusteria interior, poliment del s\u00f2l i protecci\u00f3 solar en aules amb orientaci\u00f3 sud.<\/p>\n\n\n\n<p>Quant a l\u2019edifici Marjals, entre les intervencions ja executades i culminades en l\u2019interior destaquen la polida del s\u00f2l; la reposici\u00f3 del sistema de calefacci\u00f3 i aires condicionats, la substituci\u00f3 de la coberta met\u00e0l\u00b7lica en l\u2019edifici del menjador, l\u2019aplicaci\u00f3 d\u2019un sistema d\u2019a\u00efllament t\u00e8rmic exterior a la fa\u00e7ana, la col\u00b7locaci\u00f3 d\u2019un sostre fals amb propietats ac\u00fastiques i la renovaci\u00f3 del paviment interior amb un material antilliscant. A m\u00e9s, l\u2019edifici principal ha registrat l\u2019aplicaci\u00f3 de SATE a les fa\u00e7anes, la substituci\u00f3 de les portes interiors, la col\u00b7locaci\u00f3 de paviment vin\u00edlic en les aules i en les sales de psicologia, logop\u00e8dia i inform\u00e0tica; la renovaci\u00f3 de les baixants als banys amb l\u2019habilitaci\u00f3 d\u2019un fals sostre.<\/p>\n","protected":false},"excerpt":{"rendered":"Les actuacions del Pla Edificant II en l\u2019exterior del Sanchis Guarner i Marjals es perllongaran al llarg de&hellip;","protected":false},"author":4,"featured_media":75421,"comment_status":"closed","ping_status":"closed","sticky":false,"template":"","format":"standard","meta":{"csco_display_header_overlay":false,"csco_singular_sidebar":"","csco_page_header_type":"","csco_page_load_nextpost":"","csco_post_video_location":[],"csco_post_video_location_hash":"","csco_post_video_url":"","csco_post_video_bg_start_time":0,"csco_post_video_bg_end_time":0,"footnotes":""},"categories":[759,617],"tags":[3979,2876,3980,831,661],"class_list":{"0":"post-75417","1":"post","2":"type-post","3":"status-publish","4":"format-standard","5":"has-post-thumbnail","7":"category-educacio","8":"category-sin-categorizar-2","9":"tag-curs","10":"tag-inici","11":"tag-normalitat","12":"tag-obres","13":"tag-ondara-2","14":"cs-entry","15":"cs-video-wrap"},"yoast_head":"<!-- This site is optimized with the Yoast SEO Premium plugin v26.6 (Yoast SEO v27.3) - https:\/\/yoast.com\/product\/yoast-seo-premium-wordpress\/ -->\n<title>Culminades les obres de l\u2019interior dels col\u00b7legis d\u2019Ondara per a iniciar el curs - Canfali<\/title>\n<meta name=\"robots\" content=\"index, follow, max-snippet:-1, max-image-preview:large, max-video-preview:-1\" \/>\n<link rel=\"canonical\" href=\"https:\/\/canfali.com\/ca-es\/culminades-les-obres-de-linterior-dels-col%c2%b7legis-dondara-per-a-iniciar-el-curs\/\" \/>\n<meta property=\"og:locale\" content=\"en_US\" \/>\n<meta property=\"og:type\" content=\"article\" \/>\n<meta property=\"og:title\" content=\"Culminades les obres de l\u2019interior dels col\u00b7legis d\u2019Ondara per a iniciar el curs\" \/>\n<meta property=\"og:description\" content=\"Les actuacions del Pla Edificant II en l\u2019exterior del Sanchis Guarner i Marjals es perllongaran al llarg de&hellip;\" \/>\n<meta property=\"og:url\" content=\"https:\/\/canfali.com\/ca-es\/culminades-les-obres-de-linterior-dels-col%c2%b7legis-dondara-per-a-iniciar-el-curs\/\" \/>\n<meta property=\"og:site_name\" content=\"Canfali\" \/>\n<meta property=\"article:publisher\" content=\"https:\/\/es-es.facebook.com\/CANFALIMarinaAlta\" \/>\n<meta property=\"article:published_time\" content=\"2025-09-05T08:35:55+00:00\" \/>\n<meta property=\"article:modified_time\" content=\"2025-09-05T08:37:42+00:00\" \/>\n<meta property=\"og:image\" content=\"https:\/\/canfali.com\/app\/uploads\/2025\/09\/inicicursond2.jpeg\" \/>\n\t<meta property=\"og:image:width\" content=\"1155\" \/>\n\t<meta property=\"og:image:height\" content=\"907\" \/>\n\t<meta property=\"og:image:type\" content=\"image\/jpeg\" \/>\n<meta name=\"author\" content=\"JJ Mas\" \/>\n<meta name=\"twitter:card\" content=\"summary_large_image\" \/>\n<meta name=\"twitter:creator\" content=\"@canfalima\" \/>\n<meta name=\"twitter:site\" content=\"@canfalima\" \/>\n<meta name=\"twitter:label1\" content=\"Written by\" \/>\n\t<meta name=\"twitter:data1\" content=\"JJ Mas\" \/>\n\t<meta name=\"twitter:label2\" content=\"Est. reading time\" \/>\n\t<meta name=\"twitter:data2\" content=\"3 minutes\" \/>\n<script type=\"application\/ld+json\" class=\"yoast-schema-graph\">{\"@context\":\"https:\\\/\\\/schema.org\",\"@graph\":[{\"@type\":\"NewsArticle\",\"@id\":\"https:\\\/\\\/canfali.com\\\/ca-es\\\/culminades-les-obres-de-linterior-dels-col%c2%b7legis-dondara-per-a-iniciar-el-curs\\\/#article\",\"isPartOf\":{\"@id\":\"https:\\\/\\\/canfali.com\\\/ca-es\\\/culminades-les-obres-de-linterior-dels-col%c2%b7legis-dondara-per-a-iniciar-el-curs\\\/\"},\"author\":{\"name\":\"JJ Mas\",\"@id\":\"https:\\\/\\\/canfali.com\\\/ca-es\\\/#\\\/schema\\\/person\\\/d834d2d4df17cac754d3c314d4c404ef\"},\"headline\":\"Culminades les obres de l\u2019interior dels col\u00b7legis d\u2019Ondara per a iniciar el curs\",\"datePublished\":\"2025-09-05T08:35:55+00:00\",\"dateModified\":\"2025-09-05T08:37:42+00:00\",\"mainEntityOfPage\":{\"@id\":\"https:\\\/\\\/canfali.com\\\/ca-es\\\/culminades-les-obres-de-linterior-dels-col%c2%b7legis-dondara-per-a-iniciar-el-curs\\\/\"},\"wordCount\":592,\"publisher\":{\"@id\":\"https:\\\/\\\/canfali.com\\\/ca-es\\\/#organization\"},\"image\":{\"@id\":\"https:\\\/\\\/canfali.com\\\/ca-es\\\/culminades-les-obres-de-linterior-dels-col%c2%b7legis-dondara-per-a-iniciar-el-curs\\\/#primaryimage\"},\"thumbnailUrl\":\"https:\\\/\\\/canfali.com\\\/app\\\/uploads\\\/2025\\\/09\\\/inicicursond2.jpeg\",\"keywords\":[\"curs\",\"Inici\",\"normalitat\",\"obres\",\"Ondara\"],\"articleSection\":[\"Educaci\u00f3\",\"Sin categorizar\"],\"inLanguage\":\"va-ES\",\"copyrightYear\":\"2025\",\"copyrightHolder\":{\"@id\":\"https:\\\/\\\/canfali.com\\\/#organization\"}},{\"@type\":\"WebPage\",\"@id\":\"https:\\\/\\\/canfali.com\\\/ca-es\\\/culminades-les-obres-de-linterior-dels-col%c2%b7legis-dondara-per-a-iniciar-el-curs\\\/\",\"url\":\"https:\\\/\\\/canfali.com\\\/ca-es\\\/culminades-les-obres-de-linterior-dels-col%c2%b7legis-dondara-per-a-iniciar-el-curs\\\/\",\"name\":\"Culminades les obres de l\u2019interior dels col\u00b7legis d\u2019Ondara per a iniciar el curs - Canfali\",\"isPartOf\":{\"@id\":\"https:\\\/\\\/canfali.com\\\/ca-es\\\/#website\"},\"primaryImageOfPage\":{\"@id\":\"https:\\\/\\\/canfali.com\\\/ca-es\\\/culminades-les-obres-de-linterior-dels-col%c2%b7legis-dondara-per-a-iniciar-el-curs\\\/#primaryimage\"},\"image\":{\"@id\":\"https:\\\/\\\/canfali.com\\\/ca-es\\\/culminades-les-obres-de-linterior-dels-col%c2%b7legis-dondara-per-a-iniciar-el-curs\\\/#primaryimage\"},\"thumbnailUrl\":\"https:\\\/\\\/canfali.com\\\/app\\\/uploads\\\/2025\\\/09\\\/inicicursond2.jpeg\",\"datePublished\":\"2025-09-05T08:35:55+00:00\",\"dateModified\":\"2025-09-05T08:37:42+00:00\",\"breadcrumb\":{\"@id\":\"https:\\\/\\\/canfali.com\\\/ca-es\\\/culminades-les-obres-de-linterior-dels-col%c2%b7legis-dondara-per-a-iniciar-el-curs\\\/#breadcrumb\"},\"inLanguage\":\"va-ES\",\"potentialAction\":[{\"@type\":\"ReadAction\",\"target\":[\"https:\\\/\\\/canfali.com\\\/ca-es\\\/culminades-les-obres-de-linterior-dels-col%c2%b7legis-dondara-per-a-iniciar-el-curs\\\/\"]}]},{\"@type\":\"ImageObject\",\"inLanguage\":\"va-ES\",\"@id\":\"https:\\\/\\\/canfali.com\\\/ca-es\\\/culminades-les-obres-de-linterior-dels-col%c2%b7legis-dondara-per-a-iniciar-el-curs\\\/#primaryimage\",\"url\":\"https:\\\/\\\/canfali.com\\\/app\\\/uploads\\\/2025\\\/09\\\/inicicursond2.jpeg\",\"contentUrl\":\"https:\\\/\\\/canfali.com\\\/app\\\/uploads\\\/2025\\\/09\\\/inicicursond2.jpeg\",\"width\":1155,\"height\":907},{\"@type\":\"BreadcrumbList\",\"@id\":\"https:\\\/\\\/canfali.com\\\/ca-es\\\/culminades-les-obres-de-linterior-dels-col%c2%b7legis-dondara-per-a-iniciar-el-curs\\\/#breadcrumb\",\"itemListElement\":[{\"@type\":\"ListItem\",\"position\":1,\"name\":\"Portada\",\"item\":\"https:\\\/\\\/canfali.com\\\/ca-es\\\/\"},{\"@type\":\"ListItem\",\"position\":2,\"name\":\"Culminades les obres de l\u2019interior dels col\u00b7legis d\u2019Ondara per a iniciar el curs\"}]},{\"@type\":\"WebSite\",\"@id\":\"https:\\\/\\\/canfali.com\\\/ca-es\\\/#website\",\"url\":\"https:\\\/\\\/canfali.com\\\/ca-es\\\/\",\"name\":\"Canfali\",\"description\":\"\",\"publisher\":{\"@id\":\"https:\\\/\\\/canfali.com\\\/ca-es\\\/#organization\"},\"potentialAction\":[{\"@type\":\"SearchAction\",\"target\":{\"@type\":\"EntryPoint\",\"urlTemplate\":\"https:\\\/\\\/canfali.com\\\/ca-es\\\/?s={search_term_string}\"},\"query-input\":{\"@type\":\"PropertyValueSpecification\",\"valueRequired\":true,\"valueName\":\"search_term_string\"}}],\"inLanguage\":\"va-ES\"},{\"@type\":\"Organization\",\"@id\":\"https:\\\/\\\/canfali.com\\\/ca-es\\\/#organization\",\"name\":\"Canfali\",\"url\":\"https:\\\/\\\/canfali.com\\\/ca-es\\\/\",\"logo\":{\"@type\":\"ImageObject\",\"inLanguage\":\"va-ES\",\"@id\":\"https:\\\/\\\/canfali.com\\\/ca-es\\\/#\\\/schema\\\/logo\\\/image\\\/\",\"url\":\"https:\\\/\\\/canfali.com\\\/app\\\/uploads\\\/2025\\\/12\\\/canfali_marina_alta_logo.png\",\"contentUrl\":\"https:\\\/\\\/canfali.com\\\/app\\\/uploads\\\/2025\\\/12\\\/canfali_marina_alta_logo.png\",\"width\":225,\"height\":225,\"caption\":\"Canfali\"},\"image\":{\"@id\":\"https:\\\/\\\/canfali.com\\\/ca-es\\\/#\\\/schema\\\/logo\\\/image\\\/\"},\"sameAs\":[\"https:\\\/\\\/es-es.facebook.com\\\/CANFALIMarinaAlta\",\"https:\\\/\\\/x.com\\\/canfalima\",\"https:\\\/\\\/www.instagram.com\\\/canfalimarinaalta\\\/\"]},{\"@type\":\"Person\",\"@id\":\"https:\\\/\\\/canfali.com\\\/ca-es\\\/#\\\/schema\\\/person\\\/d834d2d4df17cac754d3c314d4c404ef\",\"name\":\"JJ Mas\",\"image\":{\"@type\":\"ImageObject\",\"inLanguage\":\"va-ES\",\"@id\":\"https:\\\/\\\/secure.gravatar.com\\\/avatar\\\/65a5191f5438bf88c2394f6d1a625a6ff903c8785268e603c623a83bc15ba1ee?s=96&d=mm&r=g\",\"url\":\"https:\\\/\\\/secure.gravatar.com\\\/avatar\\\/65a5191f5438bf88c2394f6d1a625a6ff903c8785268e603c623a83bc15ba1ee?s=96&d=mm&r=g\",\"contentUrl\":\"https:\\\/\\\/secure.gravatar.com\\\/avatar\\\/65a5191f5438bf88c2394f6d1a625a6ff903c8785268e603c623a83bc15ba1ee?s=96&d=mm&r=g\",\"caption\":\"JJ Mas\"},\"url\":\"https:\\\/\\\/canfali.com\\\/ca-es\\\/author\\\/jj\\\/\"}]}<\/script>\n<!-- \/ Yoast SEO Premium plugin. -->","yoast_head_json":{"title":"Culminades les obres de l\u2019interior dels col\u00b7legis d\u2019Ondara per a iniciar el curs - Canfali","robots":{"index":"index","follow":"follow","max-snippet":"max-snippet:-1","max-image-preview":"max-image-preview:large","max-video-preview":"max-video-preview:-1"},"canonical":"https:\/\/canfali.com\/ca-es\/culminades-les-obres-de-linterior-dels-col%c2%b7legis-dondara-per-a-iniciar-el-curs\/","og_locale":"en_US","og_type":"article","og_title":"Culminades les obres de l\u2019interior dels col\u00b7legis d\u2019Ondara per a iniciar el curs","og_description":"Les actuacions del Pla Edificant II en l\u2019exterior del Sanchis Guarner i Marjals es perllongaran al llarg de&hellip;","og_url":"https:\/\/canfali.com\/ca-es\/culminades-les-obres-de-linterior-dels-col%c2%b7legis-dondara-per-a-iniciar-el-curs\/","og_site_name":"Canfali","article_publisher":"https:\/\/es-es.facebook.com\/CANFALIMarinaAlta","article_published_time":"2025-09-05T08:35:55+00:00","article_modified_time":"2025-09-05T08:37:42+00:00","og_image":[{"width":1155,"height":907,"url":"https:\/\/canfali.com\/app\/uploads\/2025\/09\/inicicursond2.jpeg","type":"image\/jpeg"}],"author":"JJ Mas","twitter_card":"summary_large_image","twitter_creator":"@canfalima","twitter_site":"@canfalima","twitter_misc":{"Written by":"JJ Mas","Est. reading time":"3 minutes"},"schema":{"@context":"https:\/\/schema.org","@graph":[{"@type":"NewsArticle","@id":"https:\/\/canfali.com\/ca-es\/culminades-les-obres-de-linterior-dels-col%c2%b7legis-dondara-per-a-iniciar-el-curs\/#article","isPartOf":{"@id":"https:\/\/canfali.com\/ca-es\/culminades-les-obres-de-linterior-dels-col%c2%b7legis-dondara-per-a-iniciar-el-curs\/"},"author":{"name":"JJ Mas","@id":"https:\/\/canfali.com\/ca-es\/#\/schema\/person\/d834d2d4df17cac754d3c314d4c404ef"},"headline":"Culminades les obres de l\u2019interior dels col\u00b7legis d\u2019Ondara per a iniciar el curs","datePublished":"2025-09-05T08:35:55+00:00","dateModified":"2025-09-05T08:37:42+00:00","mainEntityOfPage":{"@id":"https:\/\/canfali.com\/ca-es\/culminades-les-obres-de-linterior-dels-col%c2%b7legis-dondara-per-a-iniciar-el-curs\/"},"wordCount":592,"publisher":{"@id":"https:\/\/canfali.com\/ca-es\/#organization"},"image":{"@id":"https:\/\/canfali.com\/ca-es\/culminades-les-obres-de-linterior-dels-col%c2%b7legis-dondara-per-a-iniciar-el-curs\/#primaryimage"},"thumbnailUrl":"https:\/\/canfali.com\/app\/uploads\/2025\/09\/inicicursond2.jpeg","keywords":["curs","Inici","normalitat","obres","Ondara"],"articleSection":["Educaci\u00f3","Sin categorizar"],"inLanguage":"va-ES","copyrightYear":"2025","copyrightHolder":{"@id":"https:\/\/canfali.com\/#organization"}},{"@type":"WebPage","@id":"https:\/\/canfali.com\/ca-es\/culminades-les-obres-de-linterior-dels-col%c2%b7legis-dondara-per-a-iniciar-el-curs\/","url":"https:\/\/canfali.com\/ca-es\/culminades-les-obres-de-linterior-dels-col%c2%b7legis-dondara-per-a-iniciar-el-curs\/","name":"Culminades les obres de l\u2019interior dels col\u00b7legis d\u2019Ondara per a iniciar el curs - Canfali","isPartOf":{"@id":"https:\/\/canfali.com\/ca-es\/#website"},"primaryImageOfPage":{"@id":"https:\/\/canfali.com\/ca-es\/culminades-les-obres-de-linterior-dels-col%c2%b7legis-dondara-per-a-iniciar-el-curs\/#primaryimage"},"image":{"@id":"https:\/\/canfali.com\/ca-es\/culminades-les-obres-de-linterior-dels-col%c2%b7legis-dondara-per-a-iniciar-el-curs\/#primaryimage"},"thumbnailUrl":"https:\/\/canfali.com\/app\/uploads\/2025\/09\/inicicursond2.jpeg","datePublished":"2025-09-05T08:35:55+00:00","dateModified":"2025-09-05T08:37:42+00:00","breadcrumb":{"@id":"https:\/\/canfali.com\/ca-es\/culminades-les-obres-de-linterior-dels-col%c2%b7legis-dondara-per-a-iniciar-el-curs\/#breadcrumb"},"inLanguage":"va-ES","potentialAction":[{"@type":"ReadAction","target":["https:\/\/canfali.com\/ca-es\/culminades-les-obres-de-linterior-dels-col%c2%b7legis-dondara-per-a-iniciar-el-curs\/"]}]},{"@type":"ImageObject","inLanguage":"va-ES","@id":"https:\/\/canfali.com\/ca-es\/culminades-les-obres-de-linterior-dels-col%c2%b7legis-dondara-per-a-iniciar-el-curs\/#primaryimage","url":"https:\/\/canfali.com\/app\/uploads\/2025\/09\/inicicursond2.jpeg","contentUrl":"https:\/\/canfali.com\/app\/uploads\/2025\/09\/inicicursond2.jpeg","width":1155,"height":907},{"@type":"BreadcrumbList","@id":"https:\/\/canfali.com\/ca-es\/culminades-les-obres-de-linterior-dels-col%c2%b7legis-dondara-per-a-iniciar-el-curs\/#breadcrumb","itemListElement":[{"@type":"ListItem","position":1,"name":"Portada","item":"https:\/\/canfali.com\/ca-es\/"},{"@type":"ListItem","position":2,"name":"Culminades les obres de l\u2019interior dels col\u00b7legis d\u2019Ondara per a iniciar el curs"}]},{"@type":"WebSite","@id":"https:\/\/canfali.com\/ca-es\/#website","url":"https:\/\/canfali.com\/ca-es\/","name":"Canfali","description":"","publisher":{"@id":"https:\/\/canfali.com\/ca-es\/#organization"},"potentialAction":[{"@type":"SearchAction","target":{"@type":"EntryPoint","urlTemplate":"https:\/\/canfali.com\/ca-es\/?s={search_term_string}"},"query-input":{"@type":"PropertyValueSpecification","valueRequired":true,"valueName":"search_term_string"}}],"inLanguage":"va-ES"},{"@type":"Organization","@id":"https:\/\/canfali.com\/ca-es\/#organization","name":"Canfali","url":"https:\/\/canfali.com\/ca-es\/","logo":{"@type":"ImageObject","inLanguage":"va-ES","@id":"https:\/\/canfali.com\/ca-es\/#\/schema\/logo\/image\/","url":"https:\/\/canfali.com\/app\/uploads\/2025\/12\/canfali_marina_alta_logo.png","contentUrl":"https:\/\/canfali.com\/app\/uploads\/2025\/12\/canfali_marina_alta_logo.png","width":225,"height":225,"caption":"Canfali"},"image":{"@id":"https:\/\/canfali.com\/ca-es\/#\/schema\/logo\/image\/"},"sameAs":["https:\/\/es-es.facebook.com\/CANFALIMarinaAlta","https:\/\/x.com\/canfalima","https:\/\/www.instagram.com\/canfalimarinaalta\/"]},{"@type":"Person","@id":"https:\/\/canfali.com\/ca-es\/#\/schema\/person\/d834d2d4df17cac754d3c314d4c404ef","name":"JJ Mas","image":{"@type":"ImageObject","inLanguage":"va-ES","@id":"https:\/\/secure.gravatar.com\/avatar\/65a5191f5438bf88c2394f6d1a625a6ff903c8785268e603c623a83bc15ba1ee?s=96&d=mm&r=g","url":"https:\/\/secure.gravatar.com\/avatar\/65a5191f5438bf88c2394f6d1a625a6ff903c8785268e603c623a83bc15ba1ee?s=96&d=mm&r=g","contentUrl":"https:\/\/secure.gravatar.com\/avatar\/65a5191f5438bf88c2394f6d1a625a6ff903c8785268e603c623a83bc15ba1ee?s=96&d=mm&r=g","caption":"JJ Mas"},"url":"https:\/\/canfali.com\/ca-es\/author\/jj\/"}]}},"_links":{"self":[{"href":"https:\/\/canfali.com\/ca-es\/wp-json\/wp\/v2\/posts\/75417","targetHints":{"allow":["GET"]}}],"collection":[{"href":"https:\/\/canfali.com\/ca-es\/wp-json\/wp\/v2\/posts"}],"about":[{"href":"https:\/\/canfali.com\/ca-es\/wp-json\/wp\/v2\/types\/post"}],"author":[{"embeddable":true,"href":"https:\/\/canfali.com\/ca-es\/wp-json\/wp\/v2\/users\/4"}],"replies":[{"embeddable":true,"href":"https:\/\/canfali.com\/ca-es\/wp-json\/wp\/v2\/comments?post=75417"}],"version-history":[{"count":1,"href":"https:\/\/canfali.com\/ca-es\/wp-json\/wp\/v2\/posts\/75417\/revisions"}],"predecessor-version":[{"id":75428,"href":"https:\/\/canfali.com\/ca-es\/wp-json\/wp\/v2\/posts\/75417\/revisions\/75428"}],"wp:featuredmedia":[{"embeddable":true,"href":"https:\/\/canfali.com\/ca-es\/wp-json\/wp\/v2\/media\/75421"}],"wp:attachment":[{"href":"https:\/\/canfali.com\/ca-es\/wp-json\/wp\/v2\/media?parent=75417"}],"wp:term":[{"taxonomy":"category","embeddable":true,"href":"https:\/\/canfali.com\/ca-es\/wp-json\/wp\/v2\/categories?post=75417"},{"taxonomy":"post_tag","embeddable":true,"href":"https:\/\/canfali.com\/ca-es\/wp-json\/wp\/v2\/tags?post=75417"}],"curies":[{"name":"wp","href":"https:\/\/api.w.org\/{rel}","templated":true}]}}