{"id":75409,"date":"2025-09-05T09:47:23","date_gmt":"2025-09-05T07:47:23","guid":{"rendered":"https:\/\/canfali.com\/?p=75409"},"modified":"2025-09-05T10:39:54","modified_gmt":"2025-09-05T08:39:54","slug":"un-ondarenc-campio-deuropa-done-wall-sub-17-per-parelles","status":"publish","type":"post","link":"https:\/\/canfali.com\/ca-es\/un-ondarenc-campio-deuropa-done-wall-sub-17-per-parelles\/","title":{"rendered":"Un ondarenc campi\u00f3 d\u2019europa d\u2019one wall sub-17 per parelles"},"content":{"rendered":"\n<p><strong>Arnau Mas ha estat determinant junt a l\u2019oliver Sergi S\u00e1nchez per la vict\u00f2ria de la selecci\u00f3 valenciana front a la basca<\/strong><\/p>\n\n\n\n<p>L\u2019esport ondarenc torna a estar d\u2019enhorabona, i aquesta vegada ha estat de la m\u00e0 del jove pilotari Arnau Mas, format des de ben menut a l\u2019Escola Municipal de Pilota d\u2019Ondara, que s\u2019ha proclamat campi\u00f3 d\u2019Europa d\u2019<em>one wall<\/em> per parelles en categoria sub-17, en el marc del Campionat d\u2019Europa Jove que se celebra a Ath (B\u00e8lgica).<\/p>\n\n\n\n<figure class=\"wp-block-image size-large\"><img fetchpriority=\"high\" decoding=\"async\" width=\"1024\" height=\"485\" src=\"https:\/\/canfali.com\/app\/uploads\/2025\/09\/onewall2-1024x485.jpeg\" alt=\"\" class=\"wp-image-75412\" srcset=\"https:\/\/canfali.com\/app\/uploads\/2025\/09\/onewall2-1024x485.jpeg 1024w, https:\/\/canfali.com\/app\/uploads\/2025\/09\/onewall2-300x142.jpeg 300w, https:\/\/canfali.com\/app\/uploads\/2025\/09\/onewall2-768x364.jpeg 768w, https:\/\/canfali.com\/app\/uploads\/2025\/09\/onewall2-1536x728.jpeg 1536w, https:\/\/canfali.com\/app\/uploads\/2025\/09\/onewall2.jpeg 2048w\" sizes=\"(max-width: 1024px) 100vw, 1024px\" \/><\/figure>\n\n\n\n<p>&nbsp;&nbsp;&nbsp;&nbsp;&nbsp;&nbsp; Mas ha format parella amb Sergi S\u00e1nchez (CPV Oliva), i junts han sigut determinants per a la vict\u00f2ria de la selecci\u00f3 valenciana, que va superar en una emocionant final al combinat del Pa\u00eds Basc per 2 sets a 1. La medalla d\u2019or ha sigut celebrada amb entusiasme per tota la delegaci\u00f3 valenciana, que veu en Arnau un dels grans talents emergents de la pilota.<\/p>\n\n\n\n<p>ALMA CONTR\u00cd SUBCAMPIONA SUB 15<\/p>\n\n\n\n<figure class=\"wp-block-image size-large\"><img decoding=\"async\" width=\"1024\" height=\"683\" src=\"https:\/\/canfali.com\/app\/uploads\/2025\/09\/onewall-xiques-1024x683.jpg\" alt=\"\" class=\"wp-image-75410\" srcset=\"https:\/\/canfali.com\/app\/uploads\/2025\/09\/onewall-xiques-1024x683.jpg 1024w, https:\/\/canfali.com\/app\/uploads\/2025\/09\/onewall-xiques-300x200.jpg 300w, https:\/\/canfali.com\/app\/uploads\/2025\/09\/onewall-xiques-768x512.jpg 768w, https:\/\/canfali.com\/app\/uploads\/2025\/09\/onewall-xiques-1536x1024.jpg 1536w, https:\/\/canfali.com\/app\/uploads\/2025\/09\/onewall-xiques.jpg 2048w\" sizes=\"(max-width: 1024px) 100vw, 1024px\" \/><\/figure>\n\n\n\n<p>En categoria femenina, la tamb\u00e9 ondarenca Alma Contr\u00ed, alumna de l\u2019Escola Municipal de Pilota, ha aconseguit la medalla de plata en sub15, despr\u00e9s d\u2019una gran actuaci\u00f3 amb les seues companyes Nuria i Irene. Tot i haver ven\u00e7ut les basques en la fase de grups, en la final no van poder repetir la gesta i van caure per 2 sets a 1, aconseguint un magn\u00edfic subcampionat europeu.<\/p>\n\n\n\n<p>Des de l\u2019Ajuntament d\u2019Ondara, l\u2019alcalde Jos\u00e9 Ramiro ha destacat que \u201caquests \u00e8xits s\u00f3n fruit del treball constant, de l\u2019esfor\u00e7 personal i del suport a l\u2019esport base que fem des de les institucions. Arnau i Alma s\u00f3n un orgull per a Ondara i un exemple per a la joventut\u201d.<\/p>\n\n\n\n<p>Per la seua part, el Regidor d\u2019Esports Jordi Ruiz ha afegit que \u201cla pilota valenciana t\u00e9 futur, i noms com els d\u2019Arnau i Alma ho demostren i des de l\u2019Escola Municipal de Pilota d\u2019Ondara s\u2019est\u00e0 fent una tasca excel\u00b7lent, i aquests resultats en l\u2019\u00e0mbit europeu en s\u00f3n la millor prova\u201d.<\/p>\n\n\n\n<p>Els resultats ha perm\u00e8s a la selecci\u00f3 valenciana tancar primera jornada de l\u2019Eurojove amb l\u2019espectacular balan\u00e7 espectacular de doble medalla d\u2019or en sub17 masculina i sub19 femenina, i medalles de plata en sub15 masculina, sub15 femenina i sub17 femenina. Els xics sub19 han quedat quarts.<\/p>\n\n\n\n<p>El campionat continuar\u00e0 hui divendres amb la modalitat de joc internacional, i finalitzar\u00e0 dissabte amb la competici\u00f3 de <em>llargues<\/em>, que posar\u00e0 el punt final a aquesta edici\u00f3 del Campionat d\u2019Europa Jove 2025.<\/p>\n","protected":false},"excerpt":{"rendered":"Arnau Mas ha estat determinant junt a l\u2019oliver Sergi S\u00e1nchez per la vict\u00f2ria de la selecci\u00f3 valenciana front&hellip;","protected":false},"author":4,"featured_media":75414,"comment_status":"closed","ping_status":"closed","sticky":false,"template":"","format":"standard","meta":{"csco_display_header_overlay":false,"csco_singular_sidebar":"","csco_page_header_type":"","csco_page_load_nextpost":"","csco_post_video_location":[],"csco_post_video_location_hash":"","csco_post_video_url":"","csco_post_video_bg_start_time":0,"csco_post_video_bg_end_time":0,"footnotes":""},"categories":[573],"tags":[3977,1235,661],"class_list":{"0":"post-75409","1":"post","2":"type-post","3":"status-publish","4":"format-standard","5":"has-post-thumbnail","7":"category-deportes-2","8":"tag-campio","9":"tag-europa-ca-es","10":"tag-ondara-2","11":"cs-entry","12":"cs-video-wrap"},"yoast_head":"<!-- This site is optimized with the Yoast SEO Premium plugin v26.6 (Yoast SEO v27.3) - https:\/\/yoast.com\/product\/yoast-seo-premium-wordpress\/ -->\n<title>Un ondarenc campi\u00f3 d\u2019europa d\u2019one wall sub-17 per parelles - Canfali<\/title>\n<meta name=\"robots\" content=\"index, follow, max-snippet:-1, max-image-preview:large, max-video-preview:-1\" \/>\n<link rel=\"canonical\" href=\"https:\/\/canfali.com\/ca-es\/un-ondarenc-campio-deuropa-done-wall-sub-17-per-parelles\/\" \/>\n<meta property=\"og:locale\" content=\"en_US\" \/>\n<meta property=\"og:type\" content=\"article\" \/>\n<meta property=\"og:title\" content=\"Un ondarenc campi\u00f3 d\u2019europa d\u2019one wall sub-17 per parelles\" \/>\n<meta property=\"og:description\" content=\"Arnau Mas ha estat determinant junt a l\u2019oliver Sergi S\u00e1nchez per la vict\u00f2ria de la selecci\u00f3 valenciana front&hellip;\" \/>\n<meta property=\"og:url\" content=\"https:\/\/canfali.com\/ca-es\/un-ondarenc-campio-deuropa-done-wall-sub-17-per-parelles\/\" \/>\n<meta property=\"og:site_name\" content=\"Canfali\" \/>\n<meta property=\"article:publisher\" content=\"https:\/\/es-es.facebook.com\/CANFALIMarinaAlta\" \/>\n<meta property=\"article:published_time\" content=\"2025-09-05T07:47:23+00:00\" \/>\n<meta property=\"article:modified_time\" content=\"2025-09-05T08:39:54+00:00\" \/>\n<meta property=\"og:image\" content=\"https:\/\/canfali.com\/app\/uploads\/2025\/09\/onewall-1.jpeg\" \/>\n\t<meta property=\"og:image:width\" content=\"1200\" \/>\n\t<meta property=\"og:image:height\" content=\"1600\" \/>\n\t<meta property=\"og:image:type\" content=\"image\/jpeg\" \/>\n<meta name=\"author\" content=\"JJ Mas\" \/>\n<meta name=\"twitter:card\" content=\"summary_large_image\" \/>\n<meta name=\"twitter:creator\" content=\"@canfalima\" \/>\n<meta name=\"twitter:site\" content=\"@canfalima\" \/>\n<meta name=\"twitter:label1\" content=\"Written by\" \/>\n\t<meta name=\"twitter:data1\" content=\"JJ Mas\" \/>\n\t<meta name=\"twitter:label2\" content=\"Est. reading time\" \/>\n\t<meta name=\"twitter:data2\" content=\"2 minutes\" \/>\n<script type=\"application\/ld+json\" class=\"yoast-schema-graph\">{\"@context\":\"https:\\\/\\\/schema.org\",\"@graph\":[{\"@type\":\"NewsArticle\",\"@id\":\"https:\\\/\\\/canfali.com\\\/ca-es\\\/un-ondarenc-campio-deuropa-done-wall-sub-17-per-parelles\\\/#article\",\"isPartOf\":{\"@id\":\"https:\\\/\\\/canfali.com\\\/ca-es\\\/un-ondarenc-campio-deuropa-done-wall-sub-17-per-parelles\\\/\"},\"author\":{\"name\":\"JJ Mas\",\"@id\":\"https:\\\/\\\/canfali.com\\\/ca-es\\\/#\\\/schema\\\/person\\\/d834d2d4df17cac754d3c314d4c404ef\"},\"headline\":\"Un ondarenc campi\u00f3 d\u2019europa d\u2019one wall sub-17 per parelles\",\"datePublished\":\"2025-09-05T07:47:23+00:00\",\"dateModified\":\"2025-09-05T08:39:54+00:00\",\"mainEntityOfPage\":{\"@id\":\"https:\\\/\\\/canfali.com\\\/ca-es\\\/un-ondarenc-campio-deuropa-done-wall-sub-17-per-parelles\\\/\"},\"wordCount\":438,\"publisher\":{\"@id\":\"https:\\\/\\\/canfali.com\\\/ca-es\\\/#organization\"},\"image\":{\"@id\":\"https:\\\/\\\/canfali.com\\\/ca-es\\\/un-ondarenc-campio-deuropa-done-wall-sub-17-per-parelles\\\/#primaryimage\"},\"thumbnailUrl\":\"https:\\\/\\\/canfali.com\\\/app\\\/uploads\\\/2025\\\/09\\\/onewall-1.jpeg\",\"keywords\":[\"Campi\u00f3\",\"europa\",\"Ondara\"],\"articleSection\":[\"Deportes\"],\"inLanguage\":\"va-ES\",\"copyrightYear\":\"2025\",\"copyrightHolder\":{\"@id\":\"https:\\\/\\\/canfali.com\\\/#organization\"}},{\"@type\":\"WebPage\",\"@id\":\"https:\\\/\\\/canfali.com\\\/ca-es\\\/un-ondarenc-campio-deuropa-done-wall-sub-17-per-parelles\\\/\",\"url\":\"https:\\\/\\\/canfali.com\\\/ca-es\\\/un-ondarenc-campio-deuropa-done-wall-sub-17-per-parelles\\\/\",\"name\":\"Un ondarenc campi\u00f3 d\u2019europa d\u2019one wall sub-17 per parelles - Canfali\",\"isPartOf\":{\"@id\":\"https:\\\/\\\/canfali.com\\\/ca-es\\\/#website\"},\"primaryImageOfPage\":{\"@id\":\"https:\\\/\\\/canfali.com\\\/ca-es\\\/un-ondarenc-campio-deuropa-done-wall-sub-17-per-parelles\\\/#primaryimage\"},\"image\":{\"@id\":\"https:\\\/\\\/canfali.com\\\/ca-es\\\/un-ondarenc-campio-deuropa-done-wall-sub-17-per-parelles\\\/#primaryimage\"},\"thumbnailUrl\":\"https:\\\/\\\/canfali.com\\\/app\\\/uploads\\\/2025\\\/09\\\/onewall-1.jpeg\",\"datePublished\":\"2025-09-05T07:47:23+00:00\",\"dateModified\":\"2025-09-05T08:39:54+00:00\",\"breadcrumb\":{\"@id\":\"https:\\\/\\\/canfali.com\\\/ca-es\\\/un-ondarenc-campio-deuropa-done-wall-sub-17-per-parelles\\\/#breadcrumb\"},\"inLanguage\":\"va-ES\",\"potentialAction\":[{\"@type\":\"ReadAction\",\"target\":[\"https:\\\/\\\/canfali.com\\\/ca-es\\\/un-ondarenc-campio-deuropa-done-wall-sub-17-per-parelles\\\/\"]}]},{\"@type\":\"ImageObject\",\"inLanguage\":\"va-ES\",\"@id\":\"https:\\\/\\\/canfali.com\\\/ca-es\\\/un-ondarenc-campio-deuropa-done-wall-sub-17-per-parelles\\\/#primaryimage\",\"url\":\"https:\\\/\\\/canfali.com\\\/app\\\/uploads\\\/2025\\\/09\\\/onewall-1.jpeg\",\"contentUrl\":\"https:\\\/\\\/canfali.com\\\/app\\\/uploads\\\/2025\\\/09\\\/onewall-1.jpeg\",\"width\":1200,\"height\":1600},{\"@type\":\"BreadcrumbList\",\"@id\":\"https:\\\/\\\/canfali.com\\\/ca-es\\\/un-ondarenc-campio-deuropa-done-wall-sub-17-per-parelles\\\/#breadcrumb\",\"itemListElement\":[{\"@type\":\"ListItem\",\"position\":1,\"name\":\"Portada\",\"item\":\"https:\\\/\\\/canfali.com\\\/ca-es\\\/\"},{\"@type\":\"ListItem\",\"position\":2,\"name\":\"Un ondarenc campi\u00f3 d\u2019europa d\u2019one wall sub-17 per parelles\"}]},{\"@type\":\"WebSite\",\"@id\":\"https:\\\/\\\/canfali.com\\\/ca-es\\\/#website\",\"url\":\"https:\\\/\\\/canfali.com\\\/ca-es\\\/\",\"name\":\"Canfali\",\"description\":\"\",\"publisher\":{\"@id\":\"https:\\\/\\\/canfali.com\\\/ca-es\\\/#organization\"},\"potentialAction\":[{\"@type\":\"SearchAction\",\"target\":{\"@type\":\"EntryPoint\",\"urlTemplate\":\"https:\\\/\\\/canfali.com\\\/ca-es\\\/?s={search_term_string}\"},\"query-input\":{\"@type\":\"PropertyValueSpecification\",\"valueRequired\":true,\"valueName\":\"search_term_string\"}}],\"inLanguage\":\"va-ES\"},{\"@type\":\"Organization\",\"@id\":\"https:\\\/\\\/canfali.com\\\/ca-es\\\/#organization\",\"name\":\"Canfali\",\"url\":\"https:\\\/\\\/canfali.com\\\/ca-es\\\/\",\"logo\":{\"@type\":\"ImageObject\",\"inLanguage\":\"va-ES\",\"@id\":\"https:\\\/\\\/canfali.com\\\/ca-es\\\/#\\\/schema\\\/logo\\\/image\\\/\",\"url\":\"https:\\\/\\\/canfali.com\\\/app\\\/uploads\\\/2025\\\/12\\\/canfali_marina_alta_logo.png\",\"contentUrl\":\"https:\\\/\\\/canfali.com\\\/app\\\/uploads\\\/2025\\\/12\\\/canfali_marina_alta_logo.png\",\"width\":225,\"height\":225,\"caption\":\"Canfali\"},\"image\":{\"@id\":\"https:\\\/\\\/canfali.com\\\/ca-es\\\/#\\\/schema\\\/logo\\\/image\\\/\"},\"sameAs\":[\"https:\\\/\\\/es-es.facebook.com\\\/CANFALIMarinaAlta\",\"https:\\\/\\\/x.com\\\/canfalima\",\"https:\\\/\\\/www.instagram.com\\\/canfalimarinaalta\\\/\"]},{\"@type\":\"Person\",\"@id\":\"https:\\\/\\\/canfali.com\\\/ca-es\\\/#\\\/schema\\\/person\\\/d834d2d4df17cac754d3c314d4c404ef\",\"name\":\"JJ Mas\",\"image\":{\"@type\":\"ImageObject\",\"inLanguage\":\"va-ES\",\"@id\":\"https:\\\/\\\/secure.gravatar.com\\\/avatar\\\/65a5191f5438bf88c2394f6d1a625a6ff903c8785268e603c623a83bc15ba1ee?s=96&d=mm&r=g\",\"url\":\"https:\\\/\\\/secure.gravatar.com\\\/avatar\\\/65a5191f5438bf88c2394f6d1a625a6ff903c8785268e603c623a83bc15ba1ee?s=96&d=mm&r=g\",\"contentUrl\":\"https:\\\/\\\/secure.gravatar.com\\\/avatar\\\/65a5191f5438bf88c2394f6d1a625a6ff903c8785268e603c623a83bc15ba1ee?s=96&d=mm&r=g\",\"caption\":\"JJ Mas\"},\"url\":\"https:\\\/\\\/canfali.com\\\/ca-es\\\/author\\\/jj\\\/\"}]}<\/script>\n<!-- \/ Yoast SEO Premium plugin. -->","yoast_head_json":{"title":"Un ondarenc campi\u00f3 d\u2019europa d\u2019one wall sub-17 per parelles - Canfali","robots":{"index":"index","follow":"follow","max-snippet":"max-snippet:-1","max-image-preview":"max-image-preview:large","max-video-preview":"max-video-preview:-1"},"canonical":"https:\/\/canfali.com\/ca-es\/un-ondarenc-campio-deuropa-done-wall-sub-17-per-parelles\/","og_locale":"en_US","og_type":"article","og_title":"Un ondarenc campi\u00f3 d\u2019europa d\u2019one wall sub-17 per parelles","og_description":"Arnau Mas ha estat determinant junt a l\u2019oliver Sergi S\u00e1nchez per la vict\u00f2ria de la selecci\u00f3 valenciana front&hellip;","og_url":"https:\/\/canfali.com\/ca-es\/un-ondarenc-campio-deuropa-done-wall-sub-17-per-parelles\/","og_site_name":"Canfali","article_publisher":"https:\/\/es-es.facebook.com\/CANFALIMarinaAlta","article_published_time":"2025-09-05T07:47:23+00:00","article_modified_time":"2025-09-05T08:39:54+00:00","og_image":[{"width":1200,"height":1600,"url":"https:\/\/canfali.com\/app\/uploads\/2025\/09\/onewall-1.jpeg","type":"image\/jpeg"}],"author":"JJ Mas","twitter_card":"summary_large_image","twitter_creator":"@canfalima","twitter_site":"@canfalima","twitter_misc":{"Written by":"JJ Mas","Est. reading time":"2 minutes"},"schema":{"@context":"https:\/\/schema.org","@graph":[{"@type":"NewsArticle","@id":"https:\/\/canfali.com\/ca-es\/un-ondarenc-campio-deuropa-done-wall-sub-17-per-parelles\/#article","isPartOf":{"@id":"https:\/\/canfali.com\/ca-es\/un-ondarenc-campio-deuropa-done-wall-sub-17-per-parelles\/"},"author":{"name":"JJ Mas","@id":"https:\/\/canfali.com\/ca-es\/#\/schema\/person\/d834d2d4df17cac754d3c314d4c404ef"},"headline":"Un ondarenc campi\u00f3 d\u2019europa d\u2019one wall sub-17 per parelles","datePublished":"2025-09-05T07:47:23+00:00","dateModified":"2025-09-05T08:39:54+00:00","mainEntityOfPage":{"@id":"https:\/\/canfali.com\/ca-es\/un-ondarenc-campio-deuropa-done-wall-sub-17-per-parelles\/"},"wordCount":438,"publisher":{"@id":"https:\/\/canfali.com\/ca-es\/#organization"},"image":{"@id":"https:\/\/canfali.com\/ca-es\/un-ondarenc-campio-deuropa-done-wall-sub-17-per-parelles\/#primaryimage"},"thumbnailUrl":"https:\/\/canfali.com\/app\/uploads\/2025\/09\/onewall-1.jpeg","keywords":["Campi\u00f3","europa","Ondara"],"articleSection":["Deportes"],"inLanguage":"va-ES","copyrightYear":"2025","copyrightHolder":{"@id":"https:\/\/canfali.com\/#organization"}},{"@type":"WebPage","@id":"https:\/\/canfali.com\/ca-es\/un-ondarenc-campio-deuropa-done-wall-sub-17-per-parelles\/","url":"https:\/\/canfali.com\/ca-es\/un-ondarenc-campio-deuropa-done-wall-sub-17-per-parelles\/","name":"Un ondarenc campi\u00f3 d\u2019europa d\u2019one wall sub-17 per parelles - Canfali","isPartOf":{"@id":"https:\/\/canfali.com\/ca-es\/#website"},"primaryImageOfPage":{"@id":"https:\/\/canfali.com\/ca-es\/un-ondarenc-campio-deuropa-done-wall-sub-17-per-parelles\/#primaryimage"},"image":{"@id":"https:\/\/canfali.com\/ca-es\/un-ondarenc-campio-deuropa-done-wall-sub-17-per-parelles\/#primaryimage"},"thumbnailUrl":"https:\/\/canfali.com\/app\/uploads\/2025\/09\/onewall-1.jpeg","datePublished":"2025-09-05T07:47:23+00:00","dateModified":"2025-09-05T08:39:54+00:00","breadcrumb":{"@id":"https:\/\/canfali.com\/ca-es\/un-ondarenc-campio-deuropa-done-wall-sub-17-per-parelles\/#breadcrumb"},"inLanguage":"va-ES","potentialAction":[{"@type":"ReadAction","target":["https:\/\/canfali.com\/ca-es\/un-ondarenc-campio-deuropa-done-wall-sub-17-per-parelles\/"]}]},{"@type":"ImageObject","inLanguage":"va-ES","@id":"https:\/\/canfali.com\/ca-es\/un-ondarenc-campio-deuropa-done-wall-sub-17-per-parelles\/#primaryimage","url":"https:\/\/canfali.com\/app\/uploads\/2025\/09\/onewall-1.jpeg","contentUrl":"https:\/\/canfali.com\/app\/uploads\/2025\/09\/onewall-1.jpeg","width":1200,"height":1600},{"@type":"BreadcrumbList","@id":"https:\/\/canfali.com\/ca-es\/un-ondarenc-campio-deuropa-done-wall-sub-17-per-parelles\/#breadcrumb","itemListElement":[{"@type":"ListItem","position":1,"name":"Portada","item":"https:\/\/canfali.com\/ca-es\/"},{"@type":"ListItem","position":2,"name":"Un ondarenc campi\u00f3 d\u2019europa d\u2019one wall sub-17 per parelles"}]},{"@type":"WebSite","@id":"https:\/\/canfali.com\/ca-es\/#website","url":"https:\/\/canfali.com\/ca-es\/","name":"Canfali","description":"","publisher":{"@id":"https:\/\/canfali.com\/ca-es\/#organization"},"potentialAction":[{"@type":"SearchAction","target":{"@type":"EntryPoint","urlTemplate":"https:\/\/canfali.com\/ca-es\/?s={search_term_string}"},"query-input":{"@type":"PropertyValueSpecification","valueRequired":true,"valueName":"search_term_string"}}],"inLanguage":"va-ES"},{"@type":"Organization","@id":"https:\/\/canfali.com\/ca-es\/#organization","name":"Canfali","url":"https:\/\/canfali.com\/ca-es\/","logo":{"@type":"ImageObject","inLanguage":"va-ES","@id":"https:\/\/canfali.com\/ca-es\/#\/schema\/logo\/image\/","url":"https:\/\/canfali.com\/app\/uploads\/2025\/12\/canfali_marina_alta_logo.png","contentUrl":"https:\/\/canfali.com\/app\/uploads\/2025\/12\/canfali_marina_alta_logo.png","width":225,"height":225,"caption":"Canfali"},"image":{"@id":"https:\/\/canfali.com\/ca-es\/#\/schema\/logo\/image\/"},"sameAs":["https:\/\/es-es.facebook.com\/CANFALIMarinaAlta","https:\/\/x.com\/canfalima","https:\/\/www.instagram.com\/canfalimarinaalta\/"]},{"@type":"Person","@id":"https:\/\/canfali.com\/ca-es\/#\/schema\/person\/d834d2d4df17cac754d3c314d4c404ef","name":"JJ Mas","image":{"@type":"ImageObject","inLanguage":"va-ES","@id":"https:\/\/secure.gravatar.com\/avatar\/65a5191f5438bf88c2394f6d1a625a6ff903c8785268e603c623a83bc15ba1ee?s=96&d=mm&r=g","url":"https:\/\/secure.gravatar.com\/avatar\/65a5191f5438bf88c2394f6d1a625a6ff903c8785268e603c623a83bc15ba1ee?s=96&d=mm&r=g","contentUrl":"https:\/\/secure.gravatar.com\/avatar\/65a5191f5438bf88c2394f6d1a625a6ff903c8785268e603c623a83bc15ba1ee?s=96&d=mm&r=g","caption":"JJ Mas"},"url":"https:\/\/canfali.com\/ca-es\/author\/jj\/"}]}},"_links":{"self":[{"href":"https:\/\/canfali.com\/ca-es\/wp-json\/wp\/v2\/posts\/75409","targetHints":{"allow":["GET"]}}],"collection":[{"href":"https:\/\/canfali.com\/ca-es\/wp-json\/wp\/v2\/posts"}],"about":[{"href":"https:\/\/canfali.com\/ca-es\/wp-json\/wp\/v2\/types\/post"}],"author":[{"embeddable":true,"href":"https:\/\/canfali.com\/ca-es\/wp-json\/wp\/v2\/users\/4"}],"replies":[{"embeddable":true,"href":"https:\/\/canfali.com\/ca-es\/wp-json\/wp\/v2\/comments?post=75409"}],"version-history":[{"count":1,"href":"https:\/\/canfali.com\/ca-es\/wp-json\/wp\/v2\/posts\/75409\/revisions"}],"predecessor-version":[{"id":75416,"href":"https:\/\/canfali.com\/ca-es\/wp-json\/wp\/v2\/posts\/75409\/revisions\/75416"}],"wp:featuredmedia":[{"embeddable":true,"href":"https:\/\/canfali.com\/ca-es\/wp-json\/wp\/v2\/media\/75414"}],"wp:attachment":[{"href":"https:\/\/canfali.com\/ca-es\/wp-json\/wp\/v2\/media?parent=75409"}],"wp:term":[{"taxonomy":"category","embeddable":true,"href":"https:\/\/canfali.com\/ca-es\/wp-json\/wp\/v2\/categories?post=75409"},{"taxonomy":"post_tag","embeddable":true,"href":"https:\/\/canfali.com\/ca-es\/wp-json\/wp\/v2\/tags?post=75409"}],"curies":[{"name":"wp","href":"https:\/\/api.w.org\/{rel}","templated":true}]}}