{"id":75397,"date":"2025-09-04T17:54:39","date_gmt":"2025-09-04T15:54:39","guid":{"rendered":"https:\/\/canfali.com\/denia-implanta-un-sistema-daparcament-inteligent\/"},"modified":"2025-09-04T17:57:37","modified_gmt":"2025-09-04T15:57:37","slug":"denia-implanta-un-sistema-daparcament-inteligent","status":"publish","type":"post","link":"https:\/\/canfali.com\/ca-es\/denia-implanta-un-sistema-daparcament-inteligent\/","title":{"rendered":"D\u00e9nia implanta un sistema d&#8217;aparcament inteligent"},"content":{"rendered":"\n<p>L\u2019Ajuntament de D\u00e9nia ha implantat un sistema d\u2019smart parking (estacionament intel\u00b7ligent) en la zona blava de la ciutat amb l\u2019objectiu de facilitar l\u2019acc\u00e9s de la ciutadania al comer\u00e7 local, reduir el tr\u00e0nsit d\u2019agitaci\u00f3 al centre urb\u00e0 i disminuir les emissions de CO\u2082. Aquesta actuaci\u00f3 forma part del projecte de Transformaci\u00f3 Digital Intel\u00b7ligent i Sostenible del Sector Comercial de D\u00e9nia, emmarcat en el Pla de Recuperaci\u00f3, Transformaci\u00f3 i Resili\u00e8ncia del Ministeri d\u2019Economia, Comer\u00e7 i Empresa i finan\u00e7at per la Uni\u00f3 Europea \u2013 NextGenerationEU.<br\/><br\/><\/p>\n\n<p>Maria Jos\u00e9 Garc\u00eda, regidora de Comer\u00e7, ha destacat que: \u201cL\u2019actuaci\u00f3 permetr\u00e0 con\u00e9ixer en temps real l\u2019ocupaci\u00f3 de les places d\u2019estacionament regulat, oferint una soluci\u00f3 tecnol\u00f2gica que far\u00e0 m\u00e9s c\u00f2mode i eficient vindre a comprar al centre de D\u00e9nia\u201d<br\/><br\/><\/p>\n\n<p>En total s\u2019han sensoritzat 277 places d\u2019estacionament regulat \u2014267 ordin\u00e0ries i 10 reservades per a persones amb mobilitat redu\u00efda\u2014 en carrers de l\u2019entorn del Mercat Municipal i del centre hist\u00f2ric: Carlos Sent\u00ed, Mercat, Magallanes, C\u00e1ndida Carbonell, Col\u00f3n, Calder\u00f3n i al p\u00e0rquing de l\u2019Estaci\u00f3.<br\/><br\/><\/p>\n\n<p>La ciutadania disposa de l\u2019aplicaci\u00f3 m\u00f2bil gratu\u00efta ParkTime, que mostrar\u00e0 en temps real la disponibilitat de les places monitoritzades. L\u2019app permetr\u00e0 tamb\u00e9 agrupar i localitzar exclusivament les places reservades per a persones amb mobilitat redu\u00efda (PMR) o incloure-les en una cerca general.<br\/><br\/><\/p>\n\n<p>El sistema es completa amb la instal\u00b7laci\u00f3 de tres panells informatius situats en punts estrat\u00e8gics d\u2019acc\u00e9s a la ciutat: carrer de Patricio Ferr\u00e1ndiz, l\u2019encreuament del carrer de la Mar amb C\u00e1ndida Carbonell i, finalment, en la ronda de les Muralles intersecci\u00f3 amb el carrer del Pont, que est\u00e0 en proc\u00e9s d\u2019instal\u00b7laci\u00f3. Aquests panells guiaran als conductors cap a les zones amb places lliures, evitant la saturaci\u00f3 als carrers m\u00e9s c\u00e8ntrics.<br\/><br\/><\/p>\n\n<p>El regidor de Seguretat Ciutadana, Javier Scotto, ha destacat que:<br\/>\u00abAmb els panells informatius i la gesti\u00f3 tecnol\u00f2gica redu\u00efm els temps de cerca, ordenem millor el tr\u00e0nsit i garantim un acc\u00e9s m\u00e9s segur i eficient al centre\u00bb.<br\/><br\/>\u00a0<\/p>\n\n<p>Els sensors magn\u00e8tics instal\u00b7lats s\u00f3n aut\u00f2noms i sense fils, estan embeguts al paviment amb material antilliscant i permeten detectar en temps real l\u2019ocupaci\u00f3 de cada pla\u00e7a. Disposen de calibratge autom\u00e0tic continu, connectivitat mitjan\u00e7ant tecnologia narrowband sobre xarxes m\u00f2bils LTE, i una vida \u00fatil estimada de fins a deu anys.<br\/><br\/><\/p>\n\n<p>Garc\u00eda ha recordat que aquesta actuaci\u00f3 se suma a altres impulsades l\u2019\u00faltim any, com el llan\u00e7ament de l\u2019app D-D\u00e9nia o les taquilles refrigerades del Mercat Municipal, totes elles dirigides a modernitzar, digitalitzar i refor\u00e7ar el comer\u00e7 local de la ciutat. \u201cModernitzar els serveis que acompanyen al comer\u00e7 \u00e9s donar suport directament a les nostres tendes i negocis. Ara, amb aquest sistema, vindre a comprar a D\u00e9nia ser\u00e0 m\u00e9s atractiu, perqu\u00e8, sumat a altres factors, facilitem l\u2019aparcament\u201d.<\/p>\n","protected":false},"excerpt":{"rendered":"L\u2019Ajuntament de D\u00e9nia ha implantat un sistema d\u2019smart parking (estacionament intel\u00b7ligent) en la zona blava de la ciutat&hellip;","protected":false},"author":7,"featured_media":75395,"comment_status":"closed","ping_status":"closed","sticky":false,"template":"","format":"standard","meta":{"csco_display_header_overlay":false,"csco_singular_sidebar":"","csco_page_header_type":"","csco_page_load_nextpost":"","csco_post_video_location":[],"csco_post_video_location_hash":"","csco_post_video_url":"","csco_post_video_bg_start_time":0,"csco_post_video_bg_end_time":0,"footnotes":""},"categories":[614],"tags":[3974,3973],"class_list":{"0":"post-75397","1":"post","2":"type-post","3":"status-publish","4":"format-standard","5":"has-post-thumbnail","7":"category-municipal-ca-es","8":"tag-aparcament-ca-es","9":"tag-cotxes","10":"cs-entry","11":"cs-video-wrap"},"yoast_head":"<!-- This site is optimized with the Yoast SEO Premium plugin v26.6 (Yoast SEO v27.3) - https:\/\/yoast.com\/product\/yoast-seo-premium-wordpress\/ -->\n<title>D\u00e9nia implanta un sistema d&#039;aparcament inteligent - Canfali<\/title>\n<meta name=\"robots\" content=\"index, follow, max-snippet:-1, max-image-preview:large, max-video-preview:-1\" \/>\n<link rel=\"canonical\" href=\"https:\/\/canfali.com\/ca-es\/denia-implanta-un-sistema-daparcament-inteligent\/\" \/>\n<meta property=\"og:locale\" content=\"en_US\" \/>\n<meta property=\"og:type\" content=\"article\" \/>\n<meta property=\"og:title\" content=\"D\u00e9nia implanta un sistema d&#039;aparcament inteligent\" \/>\n<meta property=\"og:description\" content=\"L\u2019Ajuntament de D\u00e9nia ha implantat un sistema d\u2019smart parking (estacionament intel\u00b7ligent) en la zona blava de la ciutat&hellip;\" \/>\n<meta property=\"og:url\" content=\"https:\/\/canfali.com\/ca-es\/denia-implanta-un-sistema-daparcament-inteligent\/\" \/>\n<meta property=\"og:site_name\" content=\"Canfali\" \/>\n<meta property=\"article:publisher\" content=\"https:\/\/es-es.facebook.com\/CANFALIMarinaAlta\" \/>\n<meta property=\"article:published_time\" content=\"2025-09-04T15:54:39+00:00\" \/>\n<meta property=\"article:modified_time\" content=\"2025-09-04T15:57:37+00:00\" \/>\n<meta property=\"og:image\" content=\"https:\/\/canfali.com\/app\/uploads\/2025\/09\/Regidors_panells_info_aparcaments-6-scaled.jpg\" \/>\n\t<meta property=\"og:image:width\" content=\"1707\" \/>\n\t<meta property=\"og:image:height\" content=\"2560\" \/>\n\t<meta property=\"og:image:type\" content=\"image\/jpeg\" \/>\n<meta name=\"author\" content=\"Bolta\" \/>\n<meta name=\"twitter:card\" content=\"summary_large_image\" \/>\n<meta name=\"twitter:creator\" content=\"@canfalima\" \/>\n<meta name=\"twitter:site\" content=\"@canfalima\" \/>\n<meta name=\"twitter:label1\" content=\"Written by\" \/>\n\t<meta name=\"twitter:data1\" content=\"Bolta\" \/>\n\t<meta name=\"twitter:label2\" content=\"Est. reading time\" \/>\n\t<meta name=\"twitter:data2\" content=\"3 minutes\" \/>\n<script type=\"application\/ld+json\" class=\"yoast-schema-graph\">{\"@context\":\"https:\\\/\\\/schema.org\",\"@graph\":[{\"@type\":\"NewsArticle\",\"@id\":\"https:\\\/\\\/canfali.com\\\/ca-es\\\/denia-implanta-un-sistema-daparcament-inteligent\\\/#article\",\"isPartOf\":{\"@id\":\"https:\\\/\\\/canfali.com\\\/ca-es\\\/denia-implanta-un-sistema-daparcament-inteligent\\\/\"},\"author\":{\"name\":\"Bolta\",\"@id\":\"https:\\\/\\\/canfali.com\\\/ca-es\\\/#\\\/schema\\\/person\\\/9c651adc904f3c4e0243f54407751557\"},\"headline\":\"D\u00e9nia implanta un sistema d&#8217;aparcament inteligent\",\"datePublished\":\"2025-09-04T15:54:39+00:00\",\"dateModified\":\"2025-09-04T15:57:37+00:00\",\"mainEntityOfPage\":{\"@id\":\"https:\\\/\\\/canfali.com\\\/ca-es\\\/denia-implanta-un-sistema-daparcament-inteligent\\\/\"},\"wordCount\":515,\"publisher\":{\"@id\":\"https:\\\/\\\/canfali.com\\\/ca-es\\\/#organization\"},\"image\":{\"@id\":\"https:\\\/\\\/canfali.com\\\/ca-es\\\/denia-implanta-un-sistema-daparcament-inteligent\\\/#primaryimage\"},\"thumbnailUrl\":\"https:\\\/\\\/canfali.com\\\/app\\\/uploads\\\/2025\\\/09\\\/Regidors_panells_info_aparcaments-6-scaled.jpg\",\"keywords\":[\"aparcament\",\"cotxes\"],\"articleSection\":[\"Municipal\"],\"inLanguage\":\"va-ES\",\"copyrightYear\":\"2025\",\"copyrightHolder\":{\"@id\":\"https:\\\/\\\/canfali.com\\\/#organization\"}},{\"@type\":\"WebPage\",\"@id\":\"https:\\\/\\\/canfali.com\\\/ca-es\\\/denia-implanta-un-sistema-daparcament-inteligent\\\/\",\"url\":\"https:\\\/\\\/canfali.com\\\/ca-es\\\/denia-implanta-un-sistema-daparcament-inteligent\\\/\",\"name\":\"D\u00e9nia implanta un sistema d'aparcament inteligent - Canfali\",\"isPartOf\":{\"@id\":\"https:\\\/\\\/canfali.com\\\/ca-es\\\/#website\"},\"primaryImageOfPage\":{\"@id\":\"https:\\\/\\\/canfali.com\\\/ca-es\\\/denia-implanta-un-sistema-daparcament-inteligent\\\/#primaryimage\"},\"image\":{\"@id\":\"https:\\\/\\\/canfali.com\\\/ca-es\\\/denia-implanta-un-sistema-daparcament-inteligent\\\/#primaryimage\"},\"thumbnailUrl\":\"https:\\\/\\\/canfali.com\\\/app\\\/uploads\\\/2025\\\/09\\\/Regidors_panells_info_aparcaments-6-scaled.jpg\",\"datePublished\":\"2025-09-04T15:54:39+00:00\",\"dateModified\":\"2025-09-04T15:57:37+00:00\",\"breadcrumb\":{\"@id\":\"https:\\\/\\\/canfali.com\\\/ca-es\\\/denia-implanta-un-sistema-daparcament-inteligent\\\/#breadcrumb\"},\"inLanguage\":\"va-ES\",\"potentialAction\":[{\"@type\":\"ReadAction\",\"target\":[\"https:\\\/\\\/canfali.com\\\/ca-es\\\/denia-implanta-un-sistema-daparcament-inteligent\\\/\"]}]},{\"@type\":\"ImageObject\",\"inLanguage\":\"va-ES\",\"@id\":\"https:\\\/\\\/canfali.com\\\/ca-es\\\/denia-implanta-un-sistema-daparcament-inteligent\\\/#primaryimage\",\"url\":\"https:\\\/\\\/canfali.com\\\/app\\\/uploads\\\/2025\\\/09\\\/Regidors_panells_info_aparcaments-6-scaled.jpg\",\"contentUrl\":\"https:\\\/\\\/canfali.com\\\/app\\\/uploads\\\/2025\\\/09\\\/Regidors_panells_info_aparcaments-6-scaled.jpg\",\"width\":1707,\"height\":2560},{\"@type\":\"BreadcrumbList\",\"@id\":\"https:\\\/\\\/canfali.com\\\/ca-es\\\/denia-implanta-un-sistema-daparcament-inteligent\\\/#breadcrumb\",\"itemListElement\":[{\"@type\":\"ListItem\",\"position\":1,\"name\":\"Portada\",\"item\":\"https:\\\/\\\/canfali.com\\\/ca-es\\\/\"},{\"@type\":\"ListItem\",\"position\":2,\"name\":\"D\u00e9nia implanta un sistema d&#8217;aparcament inteligent\"}]},{\"@type\":\"WebSite\",\"@id\":\"https:\\\/\\\/canfali.com\\\/ca-es\\\/#website\",\"url\":\"https:\\\/\\\/canfali.com\\\/ca-es\\\/\",\"name\":\"Canfali\",\"description\":\"\",\"publisher\":{\"@id\":\"https:\\\/\\\/canfali.com\\\/ca-es\\\/#organization\"},\"potentialAction\":[{\"@type\":\"SearchAction\",\"target\":{\"@type\":\"EntryPoint\",\"urlTemplate\":\"https:\\\/\\\/canfali.com\\\/ca-es\\\/?s={search_term_string}\"},\"query-input\":{\"@type\":\"PropertyValueSpecification\",\"valueRequired\":true,\"valueName\":\"search_term_string\"}}],\"inLanguage\":\"va-ES\"},{\"@type\":\"Organization\",\"@id\":\"https:\\\/\\\/canfali.com\\\/ca-es\\\/#organization\",\"name\":\"Canfali\",\"url\":\"https:\\\/\\\/canfali.com\\\/ca-es\\\/\",\"logo\":{\"@type\":\"ImageObject\",\"inLanguage\":\"va-ES\",\"@id\":\"https:\\\/\\\/canfali.com\\\/ca-es\\\/#\\\/schema\\\/logo\\\/image\\\/\",\"url\":\"https:\\\/\\\/canfali.com\\\/app\\\/uploads\\\/2025\\\/12\\\/canfali_marina_alta_logo.png\",\"contentUrl\":\"https:\\\/\\\/canfali.com\\\/app\\\/uploads\\\/2025\\\/12\\\/canfali_marina_alta_logo.png\",\"width\":225,\"height\":225,\"caption\":\"Canfali\"},\"image\":{\"@id\":\"https:\\\/\\\/canfali.com\\\/ca-es\\\/#\\\/schema\\\/logo\\\/image\\\/\"},\"sameAs\":[\"https:\\\/\\\/es-es.facebook.com\\\/CANFALIMarinaAlta\",\"https:\\\/\\\/x.com\\\/canfalima\",\"https:\\\/\\\/www.instagram.com\\\/canfalimarinaalta\\\/\"]},{\"@type\":\"Person\",\"@id\":\"https:\\\/\\\/canfali.com\\\/ca-es\\\/#\\\/schema\\\/person\\\/9c651adc904f3c4e0243f54407751557\",\"name\":\"Bolta\",\"image\":{\"@type\":\"ImageObject\",\"inLanguage\":\"va-ES\",\"@id\":\"https:\\\/\\\/secure.gravatar.com\\\/avatar\\\/550a5d97fe3cfba5caf077b9600e46529e1977e9d14396836e775d6d9d895a81?s=96&d=mm&r=g\",\"url\":\"https:\\\/\\\/secure.gravatar.com\\\/avatar\\\/550a5d97fe3cfba5caf077b9600e46529e1977e9d14396836e775d6d9d895a81?s=96&d=mm&r=g\",\"contentUrl\":\"https:\\\/\\\/secure.gravatar.com\\\/avatar\\\/550a5d97fe3cfba5caf077b9600e46529e1977e9d14396836e775d6d9d895a81?s=96&d=mm&r=g\",\"caption\":\"Bolta\"},\"url\":\"https:\\\/\\\/canfali.com\\\/ca-es\\\/author\\\/bolta\\\/\"}]}<\/script>\n<!-- \/ Yoast SEO Premium plugin. -->","yoast_head_json":{"title":"D\u00e9nia implanta un sistema d'aparcament inteligent - Canfali","robots":{"index":"index","follow":"follow","max-snippet":"max-snippet:-1","max-image-preview":"max-image-preview:large","max-video-preview":"max-video-preview:-1"},"canonical":"https:\/\/canfali.com\/ca-es\/denia-implanta-un-sistema-daparcament-inteligent\/","og_locale":"en_US","og_type":"article","og_title":"D\u00e9nia implanta un sistema d'aparcament inteligent","og_description":"L\u2019Ajuntament de D\u00e9nia ha implantat un sistema d\u2019smart parking (estacionament intel\u00b7ligent) en la zona blava de la ciutat&hellip;","og_url":"https:\/\/canfali.com\/ca-es\/denia-implanta-un-sistema-daparcament-inteligent\/","og_site_name":"Canfali","article_publisher":"https:\/\/es-es.facebook.com\/CANFALIMarinaAlta","article_published_time":"2025-09-04T15:54:39+00:00","article_modified_time":"2025-09-04T15:57:37+00:00","og_image":[{"width":1707,"height":2560,"url":"https:\/\/canfali.com\/app\/uploads\/2025\/09\/Regidors_panells_info_aparcaments-6-scaled.jpg","type":"image\/jpeg"}],"author":"Bolta","twitter_card":"summary_large_image","twitter_creator":"@canfalima","twitter_site":"@canfalima","twitter_misc":{"Written by":"Bolta","Est. reading time":"3 minutes"},"schema":{"@context":"https:\/\/schema.org","@graph":[{"@type":"NewsArticle","@id":"https:\/\/canfali.com\/ca-es\/denia-implanta-un-sistema-daparcament-inteligent\/#article","isPartOf":{"@id":"https:\/\/canfali.com\/ca-es\/denia-implanta-un-sistema-daparcament-inteligent\/"},"author":{"name":"Bolta","@id":"https:\/\/canfali.com\/ca-es\/#\/schema\/person\/9c651adc904f3c4e0243f54407751557"},"headline":"D\u00e9nia implanta un sistema d&#8217;aparcament inteligent","datePublished":"2025-09-04T15:54:39+00:00","dateModified":"2025-09-04T15:57:37+00:00","mainEntityOfPage":{"@id":"https:\/\/canfali.com\/ca-es\/denia-implanta-un-sistema-daparcament-inteligent\/"},"wordCount":515,"publisher":{"@id":"https:\/\/canfali.com\/ca-es\/#organization"},"image":{"@id":"https:\/\/canfali.com\/ca-es\/denia-implanta-un-sistema-daparcament-inteligent\/#primaryimage"},"thumbnailUrl":"https:\/\/canfali.com\/app\/uploads\/2025\/09\/Regidors_panells_info_aparcaments-6-scaled.jpg","keywords":["aparcament","cotxes"],"articleSection":["Municipal"],"inLanguage":"va-ES","copyrightYear":"2025","copyrightHolder":{"@id":"https:\/\/canfali.com\/#organization"}},{"@type":"WebPage","@id":"https:\/\/canfali.com\/ca-es\/denia-implanta-un-sistema-daparcament-inteligent\/","url":"https:\/\/canfali.com\/ca-es\/denia-implanta-un-sistema-daparcament-inteligent\/","name":"D\u00e9nia implanta un sistema d'aparcament inteligent - Canfali","isPartOf":{"@id":"https:\/\/canfali.com\/ca-es\/#website"},"primaryImageOfPage":{"@id":"https:\/\/canfali.com\/ca-es\/denia-implanta-un-sistema-daparcament-inteligent\/#primaryimage"},"image":{"@id":"https:\/\/canfali.com\/ca-es\/denia-implanta-un-sistema-daparcament-inteligent\/#primaryimage"},"thumbnailUrl":"https:\/\/canfali.com\/app\/uploads\/2025\/09\/Regidors_panells_info_aparcaments-6-scaled.jpg","datePublished":"2025-09-04T15:54:39+00:00","dateModified":"2025-09-04T15:57:37+00:00","breadcrumb":{"@id":"https:\/\/canfali.com\/ca-es\/denia-implanta-un-sistema-daparcament-inteligent\/#breadcrumb"},"inLanguage":"va-ES","potentialAction":[{"@type":"ReadAction","target":["https:\/\/canfali.com\/ca-es\/denia-implanta-un-sistema-daparcament-inteligent\/"]}]},{"@type":"ImageObject","inLanguage":"va-ES","@id":"https:\/\/canfali.com\/ca-es\/denia-implanta-un-sistema-daparcament-inteligent\/#primaryimage","url":"https:\/\/canfali.com\/app\/uploads\/2025\/09\/Regidors_panells_info_aparcaments-6-scaled.jpg","contentUrl":"https:\/\/canfali.com\/app\/uploads\/2025\/09\/Regidors_panells_info_aparcaments-6-scaled.jpg","width":1707,"height":2560},{"@type":"BreadcrumbList","@id":"https:\/\/canfali.com\/ca-es\/denia-implanta-un-sistema-daparcament-inteligent\/#breadcrumb","itemListElement":[{"@type":"ListItem","position":1,"name":"Portada","item":"https:\/\/canfali.com\/ca-es\/"},{"@type":"ListItem","position":2,"name":"D\u00e9nia implanta un sistema d&#8217;aparcament inteligent"}]},{"@type":"WebSite","@id":"https:\/\/canfali.com\/ca-es\/#website","url":"https:\/\/canfali.com\/ca-es\/","name":"Canfali","description":"","publisher":{"@id":"https:\/\/canfali.com\/ca-es\/#organization"},"potentialAction":[{"@type":"SearchAction","target":{"@type":"EntryPoint","urlTemplate":"https:\/\/canfali.com\/ca-es\/?s={search_term_string}"},"query-input":{"@type":"PropertyValueSpecification","valueRequired":true,"valueName":"search_term_string"}}],"inLanguage":"va-ES"},{"@type":"Organization","@id":"https:\/\/canfali.com\/ca-es\/#organization","name":"Canfali","url":"https:\/\/canfali.com\/ca-es\/","logo":{"@type":"ImageObject","inLanguage":"va-ES","@id":"https:\/\/canfali.com\/ca-es\/#\/schema\/logo\/image\/","url":"https:\/\/canfali.com\/app\/uploads\/2025\/12\/canfali_marina_alta_logo.png","contentUrl":"https:\/\/canfali.com\/app\/uploads\/2025\/12\/canfali_marina_alta_logo.png","width":225,"height":225,"caption":"Canfali"},"image":{"@id":"https:\/\/canfali.com\/ca-es\/#\/schema\/logo\/image\/"},"sameAs":["https:\/\/es-es.facebook.com\/CANFALIMarinaAlta","https:\/\/x.com\/canfalima","https:\/\/www.instagram.com\/canfalimarinaalta\/"]},{"@type":"Person","@id":"https:\/\/canfali.com\/ca-es\/#\/schema\/person\/9c651adc904f3c4e0243f54407751557","name":"Bolta","image":{"@type":"ImageObject","inLanguage":"va-ES","@id":"https:\/\/secure.gravatar.com\/avatar\/550a5d97fe3cfba5caf077b9600e46529e1977e9d14396836e775d6d9d895a81?s=96&d=mm&r=g","url":"https:\/\/secure.gravatar.com\/avatar\/550a5d97fe3cfba5caf077b9600e46529e1977e9d14396836e775d6d9d895a81?s=96&d=mm&r=g","contentUrl":"https:\/\/secure.gravatar.com\/avatar\/550a5d97fe3cfba5caf077b9600e46529e1977e9d14396836e775d6d9d895a81?s=96&d=mm&r=g","caption":"Bolta"},"url":"https:\/\/canfali.com\/ca-es\/author\/bolta\/"}]}},"_links":{"self":[{"href":"https:\/\/canfali.com\/ca-es\/wp-json\/wp\/v2\/posts\/75397","targetHints":{"allow":["GET"]}}],"collection":[{"href":"https:\/\/canfali.com\/ca-es\/wp-json\/wp\/v2\/posts"}],"about":[{"href":"https:\/\/canfali.com\/ca-es\/wp-json\/wp\/v2\/types\/post"}],"author":[{"embeddable":true,"href":"https:\/\/canfali.com\/ca-es\/wp-json\/wp\/v2\/users\/7"}],"replies":[{"embeddable":true,"href":"https:\/\/canfali.com\/ca-es\/wp-json\/wp\/v2\/comments?post=75397"}],"version-history":[{"count":1,"href":"https:\/\/canfali.com\/ca-es\/wp-json\/wp\/v2\/posts\/75397\/revisions"}],"predecessor-version":[{"id":75398,"href":"https:\/\/canfali.com\/ca-es\/wp-json\/wp\/v2\/posts\/75397\/revisions\/75398"}],"wp:featuredmedia":[{"embeddable":true,"href":"https:\/\/canfali.com\/ca-es\/wp-json\/wp\/v2\/media\/75395"}],"wp:attachment":[{"href":"https:\/\/canfali.com\/ca-es\/wp-json\/wp\/v2\/media?parent=75397"}],"wp:term":[{"taxonomy":"category","embeddable":true,"href":"https:\/\/canfali.com\/ca-es\/wp-json\/wp\/v2\/categories?post=75397"},{"taxonomy":"post_tag","embeddable":true,"href":"https:\/\/canfali.com\/ca-es\/wp-json\/wp\/v2\/tags?post=75397"}],"curies":[{"name":"wp","href":"https:\/\/api.w.org\/{rel}","templated":true}]}}