{"id":75383,"date":"2025-09-04T18:20:00","date_gmt":"2025-09-04T16:20:00","guid":{"rendered":"https:\/\/canfali.com\/?p=75383"},"modified":"2025-09-05T11:13:37","modified_gmt":"2025-09-05T09:13:37","slug":"la-germanor-de-les-quintades-a-les-festes-de-sanet-i-els-negrals","status":"publish","type":"post","link":"https:\/\/canfali.com\/ca-es\/la-germanor-de-les-quintades-a-les-festes-de-sanet-i-els-negrals\/","title":{"rendered":"La germanor de les quintades a les festes de Sanet i Els Negrals"},"content":{"rendered":"\n<p><\/p>\n\n\n\n<p>Les bruses i camises de les diferents quintades han donat &nbsp;el color al <em>Dinar de quintos <\/em>que ha fet iniciar les festes patronals que Sanet i Els Negrals celebren en honor del Crist de la Salut.<\/p>\n\n\n\n<figure class=\"wp-block-image size-large\"><img fetchpriority=\"high\" decoding=\"async\" width=\"1024\" height=\"768\" src=\"https:\/\/canfali.com\/app\/uploads\/2025\/09\/quintaessanetdigi-1024x768.jpg\" alt=\"\" class=\"wp-image-75453\" srcset=\"https:\/\/canfali.com\/app\/uploads\/2025\/09\/quintaessanetdigi-1024x768.jpg 1024w, https:\/\/canfali.com\/app\/uploads\/2025\/09\/quintaessanetdigi-300x225.jpg 300w, https:\/\/canfali.com\/app\/uploads\/2025\/09\/quintaessanetdigi-768x576.jpg 768w, https:\/\/canfali.com\/app\/uploads\/2025\/09\/quintaessanetdigi-1536x1153.jpg 1536w, https:\/\/canfali.com\/app\/uploads\/2025\/09\/quintaessanetdigi.jpg 1599w\" sizes=\"(max-width: 1024px) 100vw, 1024px\" \/><\/figure>\n\n\n\n<p>Tant aquest esdeveniment gastron\u00f2mic com al posterior <em>tardeo <\/em>a benefici de la Comissi\u00f3 del Crist 2026 han fet que totes elles posaren de relleu la germanor derivada del retrobament que es produeix entre la gent amb arrels al municipi al voltant de l\u2019esdeveniment social m\u00e9s important de l\u2019any que tanca el calendari fester d\u2019estiu a la Rectoria. &nbsp;<\/p>\n\n\n\n<figure class=\"wp-block-image size-large\"><img decoding=\"async\" width=\"1024\" height=\"789\" src=\"https:\/\/canfali.com\/app\/uploads\/2025\/09\/quintaessanet3-1024x789.jpg\" alt=\"\" class=\"wp-image-75386\" srcset=\"https:\/\/canfali.com\/app\/uploads\/2025\/09\/quintaessanet3-1024x789.jpg 1024w, https:\/\/canfali.com\/app\/uploads\/2025\/09\/quintaessanet3-300x231.jpg 300w, https:\/\/canfali.com\/app\/uploads\/2025\/09\/quintaessanet3-768x592.jpg 768w, https:\/\/canfali.com\/app\/uploads\/2025\/09\/quintaessanet3-1536x1184.jpg 1536w, https:\/\/canfali.com\/app\/uploads\/2025\/09\/quintaessanet3.jpg 2019w\" sizes=\"(max-width: 1024px) 100vw, 1024px\" \/><\/figure>\n\n\n\n<p>&nbsp;&nbsp;&nbsp;&nbsp;&nbsp;&nbsp; Les festes, organitzades des de l\u2019Ajuntament davant de l\u2019abs\u00e8ncia de festers i festeres aquest any, han encarat aix\u00ed el tram dedicat a l\u2019esplai que tenen com a actes m\u00e9s destacables el diferents sopars a la pla\u00e7a, els concursos de cau i domin\u00f3, la partida de pilota i els carretons per a xiquets, fins que l\u2019ofrena ha cedit pas a la part solemne amb la festivitat del patr\u00f3 com a jornada m\u00e9s rellevant, abans d\u2019encarar la recta final dissabte amb la desfilada de carrosses i la berbena amb l\u2019orquestra Montecarlo.<\/p>\n","protected":false},"excerpt":{"rendered":"Els brusons i camises de les diferents quntades posen el color a l&#8217;inici de les festes","protected":false},"author":4,"featured_media":75384,"comment_status":"closed","ping_status":"closed","sticky":false,"template":"","format":"standard","meta":{"csco_display_header_overlay":false,"csco_singular_sidebar":"","csco_page_header_type":"","csco_page_load_nextpost":"","csco_post_video_location":[],"csco_post_video_location_hash":"","csco_post_video_url":"","csco_post_video_bg_start_time":0,"csco_post_video_bg_end_time":0,"footnotes":""},"categories":[587],"tags":[1223,2876,2657],"class_list":{"0":"post-75383","1":"post","2":"type-post","3":"status-publish","4":"format-standard","5":"has-post-thumbnail","7":"category-festes","8":"tag-festes","9":"tag-inici","10":"tag-sanet-i-els-negrals-2","11":"cs-entry","12":"cs-video-wrap"},"yoast_head":"<!-- This site is optimized with the Yoast SEO Premium plugin v26.6 (Yoast SEO v27.3) - https:\/\/yoast.com\/product\/yoast-seo-premium-wordpress\/ -->\n<title>La germanor de les quintades a les festes de Sanet i Els Negrals - Canfali<\/title>\n<meta name=\"robots\" content=\"index, follow, max-snippet:-1, max-image-preview:large, max-video-preview:-1\" \/>\n<link rel=\"canonical\" href=\"https:\/\/canfali.com\/ca-es\/la-germanor-de-les-quintades-a-les-festes-de-sanet-i-els-negrals\/\" \/>\n<meta property=\"og:locale\" content=\"en_US\" \/>\n<meta property=\"og:type\" content=\"article\" \/>\n<meta property=\"og:title\" content=\"La germanor de les quintades a les festes de Sanet i Els Negrals\" \/>\n<meta property=\"og:description\" content=\"Els brusons i camises de les diferents quntades posen el color a l&#039;inici de les festes\" \/>\n<meta property=\"og:url\" content=\"https:\/\/canfali.com\/ca-es\/la-germanor-de-les-quintades-a-les-festes-de-sanet-i-els-negrals\/\" \/>\n<meta property=\"og:site_name\" content=\"Canfali\" \/>\n<meta property=\"article:publisher\" content=\"https:\/\/es-es.facebook.com\/CANFALIMarinaAlta\" \/>\n<meta property=\"article:published_time\" content=\"2025-09-04T16:20:00+00:00\" \/>\n<meta property=\"article:modified_time\" content=\"2025-09-05T09:13:37+00:00\" \/>\n<meta property=\"og:image\" content=\"https:\/\/canfali.com\/app\/uploads\/2025\/09\/quintaessanet5.jpg\" \/>\n\t<meta property=\"og:image:width\" content=\"2048\" \/>\n\t<meta property=\"og:image:height\" content=\"2048\" \/>\n\t<meta property=\"og:image:type\" content=\"image\/jpeg\" \/>\n<meta name=\"author\" content=\"JJ Mas\" \/>\n<meta name=\"twitter:card\" content=\"summary_large_image\" \/>\n<meta name=\"twitter:creator\" content=\"@canfalima\" \/>\n<meta name=\"twitter:site\" content=\"@canfalima\" \/>\n<meta name=\"twitter:label1\" content=\"Written by\" \/>\n\t<meta name=\"twitter:data1\" content=\"JJ Mas\" \/>\n\t<meta name=\"twitter:label2\" content=\"Est. reading time\" \/>\n\t<meta name=\"twitter:data2\" content=\"1 minute\" \/>\n<script type=\"application\/ld+json\" class=\"yoast-schema-graph\">{\"@context\":\"https:\\\/\\\/schema.org\",\"@graph\":[{\"@type\":\"NewsArticle\",\"@id\":\"https:\\\/\\\/canfali.com\\\/ca-es\\\/la-germanor-de-les-quintades-a-les-festes-de-sanet-i-els-negrals\\\/#article\",\"isPartOf\":{\"@id\":\"https:\\\/\\\/canfali.com\\\/ca-es\\\/la-germanor-de-les-quintades-a-les-festes-de-sanet-i-els-negrals\\\/\"},\"author\":{\"name\":\"JJ Mas\",\"@id\":\"https:\\\/\\\/canfali.com\\\/ca-es\\\/#\\\/schema\\\/person\\\/d834d2d4df17cac754d3c314d4c404ef\"},\"headline\":\"La germanor de les quintades a les festes de Sanet i Els Negrals\",\"datePublished\":\"2025-09-04T16:20:00+00:00\",\"dateModified\":\"2025-09-05T09:13:37+00:00\",\"mainEntityOfPage\":{\"@id\":\"https:\\\/\\\/canfali.com\\\/ca-es\\\/la-germanor-de-les-quintades-a-les-festes-de-sanet-i-els-negrals\\\/\"},\"wordCount\":217,\"publisher\":{\"@id\":\"https:\\\/\\\/canfali.com\\\/ca-es\\\/#organization\"},\"image\":{\"@id\":\"https:\\\/\\\/canfali.com\\\/ca-es\\\/la-germanor-de-les-quintades-a-les-festes-de-sanet-i-els-negrals\\\/#primaryimage\"},\"thumbnailUrl\":\"https:\\\/\\\/canfali.com\\\/app\\\/uploads\\\/2025\\\/09\\\/quintaessanet5.jpg\",\"keywords\":[\"festes\",\"Inici\",\"Sanet i Els Negrals\"],\"articleSection\":[\"Festes\"],\"inLanguage\":\"va-ES\",\"copyrightYear\":\"2025\",\"copyrightHolder\":{\"@id\":\"https:\\\/\\\/canfali.com\\\/#organization\"}},{\"@type\":\"WebPage\",\"@id\":\"https:\\\/\\\/canfali.com\\\/ca-es\\\/la-germanor-de-les-quintades-a-les-festes-de-sanet-i-els-negrals\\\/\",\"url\":\"https:\\\/\\\/canfali.com\\\/ca-es\\\/la-germanor-de-les-quintades-a-les-festes-de-sanet-i-els-negrals\\\/\",\"name\":\"La germanor de les quintades a les festes de Sanet i Els Negrals - Canfali\",\"isPartOf\":{\"@id\":\"https:\\\/\\\/canfali.com\\\/ca-es\\\/#website\"},\"primaryImageOfPage\":{\"@id\":\"https:\\\/\\\/canfali.com\\\/ca-es\\\/la-germanor-de-les-quintades-a-les-festes-de-sanet-i-els-negrals\\\/#primaryimage\"},\"image\":{\"@id\":\"https:\\\/\\\/canfali.com\\\/ca-es\\\/la-germanor-de-les-quintades-a-les-festes-de-sanet-i-els-negrals\\\/#primaryimage\"},\"thumbnailUrl\":\"https:\\\/\\\/canfali.com\\\/app\\\/uploads\\\/2025\\\/09\\\/quintaessanet5.jpg\",\"datePublished\":\"2025-09-04T16:20:00+00:00\",\"dateModified\":\"2025-09-05T09:13:37+00:00\",\"breadcrumb\":{\"@id\":\"https:\\\/\\\/canfali.com\\\/ca-es\\\/la-germanor-de-les-quintades-a-les-festes-de-sanet-i-els-negrals\\\/#breadcrumb\"},\"inLanguage\":\"va-ES\",\"potentialAction\":[{\"@type\":\"ReadAction\",\"target\":[\"https:\\\/\\\/canfali.com\\\/ca-es\\\/la-germanor-de-les-quintades-a-les-festes-de-sanet-i-els-negrals\\\/\"]}]},{\"@type\":\"ImageObject\",\"inLanguage\":\"va-ES\",\"@id\":\"https:\\\/\\\/canfali.com\\\/ca-es\\\/la-germanor-de-les-quintades-a-les-festes-de-sanet-i-els-negrals\\\/#primaryimage\",\"url\":\"https:\\\/\\\/canfali.com\\\/app\\\/uploads\\\/2025\\\/09\\\/quintaessanet5.jpg\",\"contentUrl\":\"https:\\\/\\\/canfali.com\\\/app\\\/uploads\\\/2025\\\/09\\\/quintaessanet5.jpg\",\"width\":2048,\"height\":2048},{\"@type\":\"BreadcrumbList\",\"@id\":\"https:\\\/\\\/canfali.com\\\/ca-es\\\/la-germanor-de-les-quintades-a-les-festes-de-sanet-i-els-negrals\\\/#breadcrumb\",\"itemListElement\":[{\"@type\":\"ListItem\",\"position\":1,\"name\":\"Portada\",\"item\":\"https:\\\/\\\/canfali.com\\\/ca-es\\\/\"},{\"@type\":\"ListItem\",\"position\":2,\"name\":\"La germanor de les quintades a les festes de Sanet i Els Negrals\"}]},{\"@type\":\"WebSite\",\"@id\":\"https:\\\/\\\/canfali.com\\\/ca-es\\\/#website\",\"url\":\"https:\\\/\\\/canfali.com\\\/ca-es\\\/\",\"name\":\"Canfali\",\"description\":\"\",\"publisher\":{\"@id\":\"https:\\\/\\\/canfali.com\\\/ca-es\\\/#organization\"},\"potentialAction\":[{\"@type\":\"SearchAction\",\"target\":{\"@type\":\"EntryPoint\",\"urlTemplate\":\"https:\\\/\\\/canfali.com\\\/ca-es\\\/?s={search_term_string}\"},\"query-input\":{\"@type\":\"PropertyValueSpecification\",\"valueRequired\":true,\"valueName\":\"search_term_string\"}}],\"inLanguage\":\"va-ES\"},{\"@type\":\"Organization\",\"@id\":\"https:\\\/\\\/canfali.com\\\/ca-es\\\/#organization\",\"name\":\"Canfali\",\"url\":\"https:\\\/\\\/canfali.com\\\/ca-es\\\/\",\"logo\":{\"@type\":\"ImageObject\",\"inLanguage\":\"va-ES\",\"@id\":\"https:\\\/\\\/canfali.com\\\/ca-es\\\/#\\\/schema\\\/logo\\\/image\\\/\",\"url\":\"https:\\\/\\\/canfali.com\\\/app\\\/uploads\\\/2025\\\/12\\\/canfali_marina_alta_logo.png\",\"contentUrl\":\"https:\\\/\\\/canfali.com\\\/app\\\/uploads\\\/2025\\\/12\\\/canfali_marina_alta_logo.png\",\"width\":225,\"height\":225,\"caption\":\"Canfali\"},\"image\":{\"@id\":\"https:\\\/\\\/canfali.com\\\/ca-es\\\/#\\\/schema\\\/logo\\\/image\\\/\"},\"sameAs\":[\"https:\\\/\\\/es-es.facebook.com\\\/CANFALIMarinaAlta\",\"https:\\\/\\\/x.com\\\/canfalima\",\"https:\\\/\\\/www.instagram.com\\\/canfalimarinaalta\\\/\"]},{\"@type\":\"Person\",\"@id\":\"https:\\\/\\\/canfali.com\\\/ca-es\\\/#\\\/schema\\\/person\\\/d834d2d4df17cac754d3c314d4c404ef\",\"name\":\"JJ Mas\",\"image\":{\"@type\":\"ImageObject\",\"inLanguage\":\"va-ES\",\"@id\":\"https:\\\/\\\/secure.gravatar.com\\\/avatar\\\/65a5191f5438bf88c2394f6d1a625a6ff903c8785268e603c623a83bc15ba1ee?s=96&d=mm&r=g\",\"url\":\"https:\\\/\\\/secure.gravatar.com\\\/avatar\\\/65a5191f5438bf88c2394f6d1a625a6ff903c8785268e603c623a83bc15ba1ee?s=96&d=mm&r=g\",\"contentUrl\":\"https:\\\/\\\/secure.gravatar.com\\\/avatar\\\/65a5191f5438bf88c2394f6d1a625a6ff903c8785268e603c623a83bc15ba1ee?s=96&d=mm&r=g\",\"caption\":\"JJ Mas\"},\"url\":\"https:\\\/\\\/canfali.com\\\/ca-es\\\/author\\\/jj\\\/\"}]}<\/script>\n<!-- \/ Yoast SEO Premium plugin. -->","yoast_head_json":{"title":"La germanor de les quintades a les festes de Sanet i Els Negrals - Canfali","robots":{"index":"index","follow":"follow","max-snippet":"max-snippet:-1","max-image-preview":"max-image-preview:large","max-video-preview":"max-video-preview:-1"},"canonical":"https:\/\/canfali.com\/ca-es\/la-germanor-de-les-quintades-a-les-festes-de-sanet-i-els-negrals\/","og_locale":"en_US","og_type":"article","og_title":"La germanor de les quintades a les festes de Sanet i Els Negrals","og_description":"Els brusons i camises de les diferents quntades posen el color a l'inici de les festes","og_url":"https:\/\/canfali.com\/ca-es\/la-germanor-de-les-quintades-a-les-festes-de-sanet-i-els-negrals\/","og_site_name":"Canfali","article_publisher":"https:\/\/es-es.facebook.com\/CANFALIMarinaAlta","article_published_time":"2025-09-04T16:20:00+00:00","article_modified_time":"2025-09-05T09:13:37+00:00","og_image":[{"width":2048,"height":2048,"url":"https:\/\/canfali.com\/app\/uploads\/2025\/09\/quintaessanet5.jpg","type":"image\/jpeg"}],"author":"JJ Mas","twitter_card":"summary_large_image","twitter_creator":"@canfalima","twitter_site":"@canfalima","twitter_misc":{"Written by":"JJ Mas","Est. reading time":"1 minute"},"schema":{"@context":"https:\/\/schema.org","@graph":[{"@type":"NewsArticle","@id":"https:\/\/canfali.com\/ca-es\/la-germanor-de-les-quintades-a-les-festes-de-sanet-i-els-negrals\/#article","isPartOf":{"@id":"https:\/\/canfali.com\/ca-es\/la-germanor-de-les-quintades-a-les-festes-de-sanet-i-els-negrals\/"},"author":{"name":"JJ Mas","@id":"https:\/\/canfali.com\/ca-es\/#\/schema\/person\/d834d2d4df17cac754d3c314d4c404ef"},"headline":"La germanor de les quintades a les festes de Sanet i Els Negrals","datePublished":"2025-09-04T16:20:00+00:00","dateModified":"2025-09-05T09:13:37+00:00","mainEntityOfPage":{"@id":"https:\/\/canfali.com\/ca-es\/la-germanor-de-les-quintades-a-les-festes-de-sanet-i-els-negrals\/"},"wordCount":217,"publisher":{"@id":"https:\/\/canfali.com\/ca-es\/#organization"},"image":{"@id":"https:\/\/canfali.com\/ca-es\/la-germanor-de-les-quintades-a-les-festes-de-sanet-i-els-negrals\/#primaryimage"},"thumbnailUrl":"https:\/\/canfali.com\/app\/uploads\/2025\/09\/quintaessanet5.jpg","keywords":["festes","Inici","Sanet i Els Negrals"],"articleSection":["Festes"],"inLanguage":"va-ES","copyrightYear":"2025","copyrightHolder":{"@id":"https:\/\/canfali.com\/#organization"}},{"@type":"WebPage","@id":"https:\/\/canfali.com\/ca-es\/la-germanor-de-les-quintades-a-les-festes-de-sanet-i-els-negrals\/","url":"https:\/\/canfali.com\/ca-es\/la-germanor-de-les-quintades-a-les-festes-de-sanet-i-els-negrals\/","name":"La germanor de les quintades a les festes de Sanet i Els Negrals - Canfali","isPartOf":{"@id":"https:\/\/canfali.com\/ca-es\/#website"},"primaryImageOfPage":{"@id":"https:\/\/canfali.com\/ca-es\/la-germanor-de-les-quintades-a-les-festes-de-sanet-i-els-negrals\/#primaryimage"},"image":{"@id":"https:\/\/canfali.com\/ca-es\/la-germanor-de-les-quintades-a-les-festes-de-sanet-i-els-negrals\/#primaryimage"},"thumbnailUrl":"https:\/\/canfali.com\/app\/uploads\/2025\/09\/quintaessanet5.jpg","datePublished":"2025-09-04T16:20:00+00:00","dateModified":"2025-09-05T09:13:37+00:00","breadcrumb":{"@id":"https:\/\/canfali.com\/ca-es\/la-germanor-de-les-quintades-a-les-festes-de-sanet-i-els-negrals\/#breadcrumb"},"inLanguage":"va-ES","potentialAction":[{"@type":"ReadAction","target":["https:\/\/canfali.com\/ca-es\/la-germanor-de-les-quintades-a-les-festes-de-sanet-i-els-negrals\/"]}]},{"@type":"ImageObject","inLanguage":"va-ES","@id":"https:\/\/canfali.com\/ca-es\/la-germanor-de-les-quintades-a-les-festes-de-sanet-i-els-negrals\/#primaryimage","url":"https:\/\/canfali.com\/app\/uploads\/2025\/09\/quintaessanet5.jpg","contentUrl":"https:\/\/canfali.com\/app\/uploads\/2025\/09\/quintaessanet5.jpg","width":2048,"height":2048},{"@type":"BreadcrumbList","@id":"https:\/\/canfali.com\/ca-es\/la-germanor-de-les-quintades-a-les-festes-de-sanet-i-els-negrals\/#breadcrumb","itemListElement":[{"@type":"ListItem","position":1,"name":"Portada","item":"https:\/\/canfali.com\/ca-es\/"},{"@type":"ListItem","position":2,"name":"La germanor de les quintades a les festes de Sanet i Els Negrals"}]},{"@type":"WebSite","@id":"https:\/\/canfali.com\/ca-es\/#website","url":"https:\/\/canfali.com\/ca-es\/","name":"Canfali","description":"","publisher":{"@id":"https:\/\/canfali.com\/ca-es\/#organization"},"potentialAction":[{"@type":"SearchAction","target":{"@type":"EntryPoint","urlTemplate":"https:\/\/canfali.com\/ca-es\/?s={search_term_string}"},"query-input":{"@type":"PropertyValueSpecification","valueRequired":true,"valueName":"search_term_string"}}],"inLanguage":"va-ES"},{"@type":"Organization","@id":"https:\/\/canfali.com\/ca-es\/#organization","name":"Canfali","url":"https:\/\/canfali.com\/ca-es\/","logo":{"@type":"ImageObject","inLanguage":"va-ES","@id":"https:\/\/canfali.com\/ca-es\/#\/schema\/logo\/image\/","url":"https:\/\/canfali.com\/app\/uploads\/2025\/12\/canfali_marina_alta_logo.png","contentUrl":"https:\/\/canfali.com\/app\/uploads\/2025\/12\/canfali_marina_alta_logo.png","width":225,"height":225,"caption":"Canfali"},"image":{"@id":"https:\/\/canfali.com\/ca-es\/#\/schema\/logo\/image\/"},"sameAs":["https:\/\/es-es.facebook.com\/CANFALIMarinaAlta","https:\/\/x.com\/canfalima","https:\/\/www.instagram.com\/canfalimarinaalta\/"]},{"@type":"Person","@id":"https:\/\/canfali.com\/ca-es\/#\/schema\/person\/d834d2d4df17cac754d3c314d4c404ef","name":"JJ Mas","image":{"@type":"ImageObject","inLanguage":"va-ES","@id":"https:\/\/secure.gravatar.com\/avatar\/65a5191f5438bf88c2394f6d1a625a6ff903c8785268e603c623a83bc15ba1ee?s=96&d=mm&r=g","url":"https:\/\/secure.gravatar.com\/avatar\/65a5191f5438bf88c2394f6d1a625a6ff903c8785268e603c623a83bc15ba1ee?s=96&d=mm&r=g","contentUrl":"https:\/\/secure.gravatar.com\/avatar\/65a5191f5438bf88c2394f6d1a625a6ff903c8785268e603c623a83bc15ba1ee?s=96&d=mm&r=g","caption":"JJ Mas"},"url":"https:\/\/canfali.com\/ca-es\/author\/jj\/"}]}},"_links":{"self":[{"href":"https:\/\/canfali.com\/ca-es\/wp-json\/wp\/v2\/posts\/75383","targetHints":{"allow":["GET"]}}],"collection":[{"href":"https:\/\/canfali.com\/ca-es\/wp-json\/wp\/v2\/posts"}],"about":[{"href":"https:\/\/canfali.com\/ca-es\/wp-json\/wp\/v2\/types\/post"}],"author":[{"embeddable":true,"href":"https:\/\/canfali.com\/ca-es\/wp-json\/wp\/v2\/users\/4"}],"replies":[{"embeddable":true,"href":"https:\/\/canfali.com\/ca-es\/wp-json\/wp\/v2\/comments?post=75383"}],"version-history":[{"count":3,"href":"https:\/\/canfali.com\/ca-es\/wp-json\/wp\/v2\/posts\/75383\/revisions"}],"predecessor-version":[{"id":75455,"href":"https:\/\/canfali.com\/ca-es\/wp-json\/wp\/v2\/posts\/75383\/revisions\/75455"}],"wp:featuredmedia":[{"embeddable":true,"href":"https:\/\/canfali.com\/ca-es\/wp-json\/wp\/v2\/media\/75384"}],"wp:attachment":[{"href":"https:\/\/canfali.com\/ca-es\/wp-json\/wp\/v2\/media?parent=75383"}],"wp:term":[{"taxonomy":"category","embeddable":true,"href":"https:\/\/canfali.com\/ca-es\/wp-json\/wp\/v2\/categories?post=75383"},{"taxonomy":"post_tag","embeddable":true,"href":"https:\/\/canfali.com\/ca-es\/wp-json\/wp\/v2\/tags?post=75383"}],"curies":[{"name":"wp","href":"https:\/\/api.w.org\/{rel}","templated":true}]}}