{"id":75375,"date":"2025-09-05T11:32:00","date_gmt":"2025-09-05T09:32:00","guid":{"rendered":"https:\/\/canfali.com\/?p=75375"},"modified":"2025-09-05T11:28:48","modified_gmt":"2025-09-05T09:28:48","slug":"cursa-solidaria-amb-el-sindrome-ifap-al-rafol","status":"publish","type":"post","link":"https:\/\/canfali.com\/ca-es\/cursa-solidaria-amb-el-sindrome-ifap-al-rafol\/","title":{"rendered":"Cursa solid\u00e0ria amb el s\u00edndrome IFAP al R\u00e0fol"},"content":{"rendered":"\n<p><strong>Organitzada per l\u2019Ajuntament tindr\u00e0 lloc el 20 de setembre i ser\u00e0 destinada a donar suport al xiquet Luca S\u00e1nchez afectat per la malaltia<\/strong><\/p>\n\n\n\n<p>El R\u00e0fol d\u2019Alm\u00fania es vestir\u00e0 d\u2019esport solidari amb la Cursa Solid\u00e0ria a favor del xiquet Luca S\u00e1nchez Forn\u00e9s afectat per l\u2019anomenat S\u00edndrome IFAP i la investigaci\u00f3 sobre aquesta &nbsp;malaltia minorit\u00e0ria.<\/p>\n\n\n\n<p>&nbsp;&nbsp;&nbsp;&nbsp;&nbsp;&nbsp; La prova, que t\u00e9 a l\u2019Ajuntament com a organitzador, s\u2019ha presentat aquesta setmana per part dels responsables municipals amb l\u2019alcaldessa Estefania Rovira al cap junt als representants del Club d\u2019Atletisme La Rectoria com a col\u00b7laborador a l`hora de configurar de 7,8 quil\u00f2metres per a corredors i 5 per als caminants amb eixida comuna des del cam\u00ed Fondo. &nbsp;&nbsp;<\/p>\n\n\n\n<figure class=\"wp-block-image size-large\"><img fetchpriority=\"high\" decoding=\"async\" width=\"724\" height=\"1024\" src=\"https:\/\/canfali.com\/app\/uploads\/2025\/09\/cursarafol-dig2-724x1024.jpg\" alt=\"\" class=\"wp-image-75376\" srcset=\"https:\/\/canfali.com\/app\/uploads\/2025\/09\/cursarafol-dig2-724x1024.jpg 724w, https:\/\/canfali.com\/app\/uploads\/2025\/09\/cursarafol-dig2-212x300.jpg 212w, https:\/\/canfali.com\/app\/uploads\/2025\/09\/cursarafol-dig2-768x1086.jpg 768w, https:\/\/canfali.com\/app\/uploads\/2025\/09\/cursarafol-dig2.jpg 830w\" sizes=\"(max-width: 724px) 100vw, 724px\" \/><\/figure>\n\n\n\n<p>&nbsp;&nbsp;&nbsp;&nbsp;&nbsp;&nbsp; \u201cAmb aquesta cursa volem demostrar que l\u2019esport \u00e9s una eina poderosa per unir persones i donar esperan\u00e7a, ja que cada pas que fem junts \u00e9s un pas m\u00e9s cap a la investigaci\u00f3 i cap a un futur millor per a Luca i per a tots els infants amb S\u00edndrome IFAB\u201d, han resumit els compareixents per a convidar a tota la ciutadania de la Marina Alta a participar en una jornada destinada a donar visibilitat a una patologia poc coneguda que necessita recursos per avan\u00e7ar en el seu estudi i tractament que intentaran pal\u00b7liar amb la donaci\u00f3 de 5 euros per part de xiquets i de 8 per a adults.<\/p>\n\n\n\n<p>&nbsp;&nbsp;&nbsp;&nbsp;&nbsp;&nbsp; L\u2019esdeveniment, previst per a les 19 hores del dissabte 20 de setembre, tindr\u00e0 el cam\u00ed Fondo com a eixida, amb la pr\u00e8via arreplegada de dorsals a la pla\u00e7a Sant Francesc de Paula.<\/p>\n","protected":false},"excerpt":{"rendered":"Organitzada per l\u2019Ajuntament tindr\u00e0 lloc el 20 de setembre i ser\u00e0 destinada a donar suport al xiquet Luca&hellip;","protected":false},"author":4,"featured_media":75378,"comment_status":"closed","ping_status":"closed","sticky":false,"template":"","format":"standard","meta":{"csco_display_header_overlay":false,"csco_singular_sidebar":"","csco_page_header_type":"","csco_page_load_nextpost":"","csco_post_video_location":[],"csco_post_video_location_hash":"","csco_post_video_url":"","csco_post_video_bg_start_time":0,"csco_post_video_bg_end_time":0,"footnotes":""},"categories":[612],"tags":[1214,2352,3970,3192],"class_list":{"0":"post-75375","1":"post","2":"type-post","3":"status-publish","4":"format-standard","5":"has-post-thumbnail","7":"category-salut","8":"tag-cursa","9":"tag-el-rafol-dalmunia","10":"tag-ifap","11":"tag-solidaria","12":"cs-entry","13":"cs-video-wrap"},"yoast_head":"<!-- This site is optimized with the Yoast SEO Premium plugin v26.6 (Yoast SEO v27.3) - https:\/\/yoast.com\/product\/yoast-seo-premium-wordpress\/ -->\n<title>Cursa solid\u00e0ria amb el s\u00edndrome IFAP al R\u00e0fol - Canfali<\/title>\n<meta name=\"robots\" content=\"index, follow, max-snippet:-1, max-image-preview:large, max-video-preview:-1\" \/>\n<link rel=\"canonical\" href=\"https:\/\/canfali.com\/ca-es\/cursa-solidaria-amb-el-sindrome-ifap-al-rafol\/\" \/>\n<meta property=\"og:locale\" content=\"en_US\" \/>\n<meta property=\"og:type\" content=\"article\" \/>\n<meta property=\"og:title\" content=\"Cursa solid\u00e0ria amb el s\u00edndrome IFAP al R\u00e0fol\" \/>\n<meta property=\"og:description\" content=\"Organitzada per l\u2019Ajuntament tindr\u00e0 lloc el 20 de setembre i ser\u00e0 destinada a donar suport al xiquet Luca&hellip;\" \/>\n<meta property=\"og:url\" content=\"https:\/\/canfali.com\/ca-es\/cursa-solidaria-amb-el-sindrome-ifap-al-rafol\/\" \/>\n<meta property=\"og:site_name\" content=\"Canfali\" \/>\n<meta property=\"article:publisher\" content=\"https:\/\/es-es.facebook.com\/CANFALIMarinaAlta\" \/>\n<meta property=\"article:published_time\" content=\"2025-09-05T09:32:00+00:00\" \/>\n<meta property=\"og:image\" content=\"https:\/\/canfali.com\/app\/uploads\/2025\/09\/cursarafol-dig1-scaled.jpg\" \/>\n\t<meta property=\"og:image:width\" content=\"1920\" \/>\n\t<meta property=\"og:image:height\" content=\"2560\" \/>\n\t<meta property=\"og:image:type\" content=\"image\/jpeg\" \/>\n<meta name=\"author\" content=\"JJ Mas\" \/>\n<meta name=\"twitter:card\" content=\"summary_large_image\" \/>\n<meta name=\"twitter:creator\" content=\"@canfalima\" \/>\n<meta name=\"twitter:site\" content=\"@canfalima\" \/>\n<meta name=\"twitter:label1\" content=\"Written by\" \/>\n\t<meta name=\"twitter:data1\" content=\"JJ Mas\" \/>\n\t<meta name=\"twitter:label2\" content=\"Est. reading time\" \/>\n\t<meta name=\"twitter:data2\" content=\"1 minute\" \/>\n<script type=\"application\/ld+json\" class=\"yoast-schema-graph\">{\"@context\":\"https:\\\/\\\/schema.org\",\"@graph\":[{\"@type\":\"NewsArticle\",\"@id\":\"https:\\\/\\\/canfali.com\\\/ca-es\\\/cursa-solidaria-amb-el-sindrome-ifap-al-rafol\\\/#article\",\"isPartOf\":{\"@id\":\"https:\\\/\\\/canfali.com\\\/ca-es\\\/cursa-solidaria-amb-el-sindrome-ifap-al-rafol\\\/\"},\"author\":{\"name\":\"JJ Mas\",\"@id\":\"https:\\\/\\\/canfali.com\\\/ca-es\\\/#\\\/schema\\\/person\\\/d834d2d4df17cac754d3c314d4c404ef\"},\"headline\":\"Cursa solid\u00e0ria amb el s\u00edndrome IFAP al R\u00e0fol\",\"datePublished\":\"2025-09-05T09:32:00+00:00\",\"mainEntityOfPage\":{\"@id\":\"https:\\\/\\\/canfali.com\\\/ca-es\\\/cursa-solidaria-amb-el-sindrome-ifap-al-rafol\\\/\"},\"wordCount\":304,\"publisher\":{\"@id\":\"https:\\\/\\\/canfali.com\\\/ca-es\\\/#organization\"},\"image\":{\"@id\":\"https:\\\/\\\/canfali.com\\\/ca-es\\\/cursa-solidaria-amb-el-sindrome-ifap-al-rafol\\\/#primaryimage\"},\"thumbnailUrl\":\"https:\\\/\\\/canfali.com\\\/app\\\/uploads\\\/2025\\\/09\\\/cursarafol-dig1-scaled.jpg\",\"keywords\":[\"cursa\",\"El R\u00e0fol d'Alm\u00fania\",\"IFAP\",\"solidaria\"],\"articleSection\":[\"Salut\"],\"inLanguage\":\"va-ES\",\"copyrightYear\":\"2025\",\"copyrightHolder\":{\"@id\":\"https:\\\/\\\/canfali.com\\\/#organization\"}},{\"@type\":\"WebPage\",\"@id\":\"https:\\\/\\\/canfali.com\\\/ca-es\\\/cursa-solidaria-amb-el-sindrome-ifap-al-rafol\\\/\",\"url\":\"https:\\\/\\\/canfali.com\\\/ca-es\\\/cursa-solidaria-amb-el-sindrome-ifap-al-rafol\\\/\",\"name\":\"Cursa solid\u00e0ria amb el s\u00edndrome IFAP al R\u00e0fol - Canfali\",\"isPartOf\":{\"@id\":\"https:\\\/\\\/canfali.com\\\/ca-es\\\/#website\"},\"primaryImageOfPage\":{\"@id\":\"https:\\\/\\\/canfali.com\\\/ca-es\\\/cursa-solidaria-amb-el-sindrome-ifap-al-rafol\\\/#primaryimage\"},\"image\":{\"@id\":\"https:\\\/\\\/canfali.com\\\/ca-es\\\/cursa-solidaria-amb-el-sindrome-ifap-al-rafol\\\/#primaryimage\"},\"thumbnailUrl\":\"https:\\\/\\\/canfali.com\\\/app\\\/uploads\\\/2025\\\/09\\\/cursarafol-dig1-scaled.jpg\",\"datePublished\":\"2025-09-05T09:32:00+00:00\",\"breadcrumb\":{\"@id\":\"https:\\\/\\\/canfali.com\\\/ca-es\\\/cursa-solidaria-amb-el-sindrome-ifap-al-rafol\\\/#breadcrumb\"},\"inLanguage\":\"va-ES\",\"potentialAction\":[{\"@type\":\"ReadAction\",\"target\":[\"https:\\\/\\\/canfali.com\\\/ca-es\\\/cursa-solidaria-amb-el-sindrome-ifap-al-rafol\\\/\"]}]},{\"@type\":\"ImageObject\",\"inLanguage\":\"va-ES\",\"@id\":\"https:\\\/\\\/canfali.com\\\/ca-es\\\/cursa-solidaria-amb-el-sindrome-ifap-al-rafol\\\/#primaryimage\",\"url\":\"https:\\\/\\\/canfali.com\\\/app\\\/uploads\\\/2025\\\/09\\\/cursarafol-dig1-scaled.jpg\",\"contentUrl\":\"https:\\\/\\\/canfali.com\\\/app\\\/uploads\\\/2025\\\/09\\\/cursarafol-dig1-scaled.jpg\",\"width\":1920,\"height\":2560},{\"@type\":\"BreadcrumbList\",\"@id\":\"https:\\\/\\\/canfali.com\\\/ca-es\\\/cursa-solidaria-amb-el-sindrome-ifap-al-rafol\\\/#breadcrumb\",\"itemListElement\":[{\"@type\":\"ListItem\",\"position\":1,\"name\":\"Portada\",\"item\":\"https:\\\/\\\/canfali.com\\\/ca-es\\\/\"},{\"@type\":\"ListItem\",\"position\":2,\"name\":\"Cursa solid\u00e0ria amb el s\u00edndrome IFAP al R\u00e0fol\"}]},{\"@type\":\"WebSite\",\"@id\":\"https:\\\/\\\/canfali.com\\\/ca-es\\\/#website\",\"url\":\"https:\\\/\\\/canfali.com\\\/ca-es\\\/\",\"name\":\"Canfali\",\"description\":\"\",\"publisher\":{\"@id\":\"https:\\\/\\\/canfali.com\\\/ca-es\\\/#organization\"},\"potentialAction\":[{\"@type\":\"SearchAction\",\"target\":{\"@type\":\"EntryPoint\",\"urlTemplate\":\"https:\\\/\\\/canfali.com\\\/ca-es\\\/?s={search_term_string}\"},\"query-input\":{\"@type\":\"PropertyValueSpecification\",\"valueRequired\":true,\"valueName\":\"search_term_string\"}}],\"inLanguage\":\"va-ES\"},{\"@type\":\"Organization\",\"@id\":\"https:\\\/\\\/canfali.com\\\/ca-es\\\/#organization\",\"name\":\"Canfali\",\"url\":\"https:\\\/\\\/canfali.com\\\/ca-es\\\/\",\"logo\":{\"@type\":\"ImageObject\",\"inLanguage\":\"va-ES\",\"@id\":\"https:\\\/\\\/canfali.com\\\/ca-es\\\/#\\\/schema\\\/logo\\\/image\\\/\",\"url\":\"https:\\\/\\\/canfali.com\\\/app\\\/uploads\\\/2025\\\/12\\\/canfali_marina_alta_logo.png\",\"contentUrl\":\"https:\\\/\\\/canfali.com\\\/app\\\/uploads\\\/2025\\\/12\\\/canfali_marina_alta_logo.png\",\"width\":225,\"height\":225,\"caption\":\"Canfali\"},\"image\":{\"@id\":\"https:\\\/\\\/canfali.com\\\/ca-es\\\/#\\\/schema\\\/logo\\\/image\\\/\"},\"sameAs\":[\"https:\\\/\\\/es-es.facebook.com\\\/CANFALIMarinaAlta\",\"https:\\\/\\\/x.com\\\/canfalima\",\"https:\\\/\\\/www.instagram.com\\\/canfalimarinaalta\\\/\"]},{\"@type\":\"Person\",\"@id\":\"https:\\\/\\\/canfali.com\\\/ca-es\\\/#\\\/schema\\\/person\\\/d834d2d4df17cac754d3c314d4c404ef\",\"name\":\"JJ Mas\",\"image\":{\"@type\":\"ImageObject\",\"inLanguage\":\"va-ES\",\"@id\":\"https:\\\/\\\/secure.gravatar.com\\\/avatar\\\/65a5191f5438bf88c2394f6d1a625a6ff903c8785268e603c623a83bc15ba1ee?s=96&d=mm&r=g\",\"url\":\"https:\\\/\\\/secure.gravatar.com\\\/avatar\\\/65a5191f5438bf88c2394f6d1a625a6ff903c8785268e603c623a83bc15ba1ee?s=96&d=mm&r=g\",\"contentUrl\":\"https:\\\/\\\/secure.gravatar.com\\\/avatar\\\/65a5191f5438bf88c2394f6d1a625a6ff903c8785268e603c623a83bc15ba1ee?s=96&d=mm&r=g\",\"caption\":\"JJ Mas\"},\"url\":\"https:\\\/\\\/canfali.com\\\/ca-es\\\/author\\\/jj\\\/\"}]}<\/script>\n<!-- \/ Yoast SEO Premium plugin. -->","yoast_head_json":{"title":"Cursa solid\u00e0ria amb el s\u00edndrome IFAP al R\u00e0fol - Canfali","robots":{"index":"index","follow":"follow","max-snippet":"max-snippet:-1","max-image-preview":"max-image-preview:large","max-video-preview":"max-video-preview:-1"},"canonical":"https:\/\/canfali.com\/ca-es\/cursa-solidaria-amb-el-sindrome-ifap-al-rafol\/","og_locale":"en_US","og_type":"article","og_title":"Cursa solid\u00e0ria amb el s\u00edndrome IFAP al R\u00e0fol","og_description":"Organitzada per l\u2019Ajuntament tindr\u00e0 lloc el 20 de setembre i ser\u00e0 destinada a donar suport al xiquet Luca&hellip;","og_url":"https:\/\/canfali.com\/ca-es\/cursa-solidaria-amb-el-sindrome-ifap-al-rafol\/","og_site_name":"Canfali","article_publisher":"https:\/\/es-es.facebook.com\/CANFALIMarinaAlta","article_published_time":"2025-09-05T09:32:00+00:00","og_image":[{"width":1920,"height":2560,"url":"https:\/\/canfali.com\/app\/uploads\/2025\/09\/cursarafol-dig1-scaled.jpg","type":"image\/jpeg"}],"author":"JJ Mas","twitter_card":"summary_large_image","twitter_creator":"@canfalima","twitter_site":"@canfalima","twitter_misc":{"Written by":"JJ Mas","Est. reading time":"1 minute"},"schema":{"@context":"https:\/\/schema.org","@graph":[{"@type":"NewsArticle","@id":"https:\/\/canfali.com\/ca-es\/cursa-solidaria-amb-el-sindrome-ifap-al-rafol\/#article","isPartOf":{"@id":"https:\/\/canfali.com\/ca-es\/cursa-solidaria-amb-el-sindrome-ifap-al-rafol\/"},"author":{"name":"JJ Mas","@id":"https:\/\/canfali.com\/ca-es\/#\/schema\/person\/d834d2d4df17cac754d3c314d4c404ef"},"headline":"Cursa solid\u00e0ria amb el s\u00edndrome IFAP al R\u00e0fol","datePublished":"2025-09-05T09:32:00+00:00","mainEntityOfPage":{"@id":"https:\/\/canfali.com\/ca-es\/cursa-solidaria-amb-el-sindrome-ifap-al-rafol\/"},"wordCount":304,"publisher":{"@id":"https:\/\/canfali.com\/ca-es\/#organization"},"image":{"@id":"https:\/\/canfali.com\/ca-es\/cursa-solidaria-amb-el-sindrome-ifap-al-rafol\/#primaryimage"},"thumbnailUrl":"https:\/\/canfali.com\/app\/uploads\/2025\/09\/cursarafol-dig1-scaled.jpg","keywords":["cursa","El R\u00e0fol d'Alm\u00fania","IFAP","solidaria"],"articleSection":["Salut"],"inLanguage":"va-ES","copyrightYear":"2025","copyrightHolder":{"@id":"https:\/\/canfali.com\/#organization"}},{"@type":"WebPage","@id":"https:\/\/canfali.com\/ca-es\/cursa-solidaria-amb-el-sindrome-ifap-al-rafol\/","url":"https:\/\/canfali.com\/ca-es\/cursa-solidaria-amb-el-sindrome-ifap-al-rafol\/","name":"Cursa solid\u00e0ria amb el s\u00edndrome IFAP al R\u00e0fol - Canfali","isPartOf":{"@id":"https:\/\/canfali.com\/ca-es\/#website"},"primaryImageOfPage":{"@id":"https:\/\/canfali.com\/ca-es\/cursa-solidaria-amb-el-sindrome-ifap-al-rafol\/#primaryimage"},"image":{"@id":"https:\/\/canfali.com\/ca-es\/cursa-solidaria-amb-el-sindrome-ifap-al-rafol\/#primaryimage"},"thumbnailUrl":"https:\/\/canfali.com\/app\/uploads\/2025\/09\/cursarafol-dig1-scaled.jpg","datePublished":"2025-09-05T09:32:00+00:00","breadcrumb":{"@id":"https:\/\/canfali.com\/ca-es\/cursa-solidaria-amb-el-sindrome-ifap-al-rafol\/#breadcrumb"},"inLanguage":"va-ES","potentialAction":[{"@type":"ReadAction","target":["https:\/\/canfali.com\/ca-es\/cursa-solidaria-amb-el-sindrome-ifap-al-rafol\/"]}]},{"@type":"ImageObject","inLanguage":"va-ES","@id":"https:\/\/canfali.com\/ca-es\/cursa-solidaria-amb-el-sindrome-ifap-al-rafol\/#primaryimage","url":"https:\/\/canfali.com\/app\/uploads\/2025\/09\/cursarafol-dig1-scaled.jpg","contentUrl":"https:\/\/canfali.com\/app\/uploads\/2025\/09\/cursarafol-dig1-scaled.jpg","width":1920,"height":2560},{"@type":"BreadcrumbList","@id":"https:\/\/canfali.com\/ca-es\/cursa-solidaria-amb-el-sindrome-ifap-al-rafol\/#breadcrumb","itemListElement":[{"@type":"ListItem","position":1,"name":"Portada","item":"https:\/\/canfali.com\/ca-es\/"},{"@type":"ListItem","position":2,"name":"Cursa solid\u00e0ria amb el s\u00edndrome IFAP al R\u00e0fol"}]},{"@type":"WebSite","@id":"https:\/\/canfali.com\/ca-es\/#website","url":"https:\/\/canfali.com\/ca-es\/","name":"Canfali","description":"","publisher":{"@id":"https:\/\/canfali.com\/ca-es\/#organization"},"potentialAction":[{"@type":"SearchAction","target":{"@type":"EntryPoint","urlTemplate":"https:\/\/canfali.com\/ca-es\/?s={search_term_string}"},"query-input":{"@type":"PropertyValueSpecification","valueRequired":true,"valueName":"search_term_string"}}],"inLanguage":"va-ES"},{"@type":"Organization","@id":"https:\/\/canfali.com\/ca-es\/#organization","name":"Canfali","url":"https:\/\/canfali.com\/ca-es\/","logo":{"@type":"ImageObject","inLanguage":"va-ES","@id":"https:\/\/canfali.com\/ca-es\/#\/schema\/logo\/image\/","url":"https:\/\/canfali.com\/app\/uploads\/2025\/12\/canfali_marina_alta_logo.png","contentUrl":"https:\/\/canfali.com\/app\/uploads\/2025\/12\/canfali_marina_alta_logo.png","width":225,"height":225,"caption":"Canfali"},"image":{"@id":"https:\/\/canfali.com\/ca-es\/#\/schema\/logo\/image\/"},"sameAs":["https:\/\/es-es.facebook.com\/CANFALIMarinaAlta","https:\/\/x.com\/canfalima","https:\/\/www.instagram.com\/canfalimarinaalta\/"]},{"@type":"Person","@id":"https:\/\/canfali.com\/ca-es\/#\/schema\/person\/d834d2d4df17cac754d3c314d4c404ef","name":"JJ Mas","image":{"@type":"ImageObject","inLanguage":"va-ES","@id":"https:\/\/secure.gravatar.com\/avatar\/65a5191f5438bf88c2394f6d1a625a6ff903c8785268e603c623a83bc15ba1ee?s=96&d=mm&r=g","url":"https:\/\/secure.gravatar.com\/avatar\/65a5191f5438bf88c2394f6d1a625a6ff903c8785268e603c623a83bc15ba1ee?s=96&d=mm&r=g","contentUrl":"https:\/\/secure.gravatar.com\/avatar\/65a5191f5438bf88c2394f6d1a625a6ff903c8785268e603c623a83bc15ba1ee?s=96&d=mm&r=g","caption":"JJ Mas"},"url":"https:\/\/canfali.com\/ca-es\/author\/jj\/"}]}},"_links":{"self":[{"href":"https:\/\/canfali.com\/ca-es\/wp-json\/wp\/v2\/posts\/75375","targetHints":{"allow":["GET"]}}],"collection":[{"href":"https:\/\/canfali.com\/ca-es\/wp-json\/wp\/v2\/posts"}],"about":[{"href":"https:\/\/canfali.com\/ca-es\/wp-json\/wp\/v2\/types\/post"}],"author":[{"embeddable":true,"href":"https:\/\/canfali.com\/ca-es\/wp-json\/wp\/v2\/users\/4"}],"replies":[{"embeddable":true,"href":"https:\/\/canfali.com\/ca-es\/wp-json\/wp\/v2\/comments?post=75375"}],"version-history":[{"count":1,"href":"https:\/\/canfali.com\/ca-es\/wp-json\/wp\/v2\/posts\/75375\/revisions"}],"predecessor-version":[{"id":75380,"href":"https:\/\/canfali.com\/ca-es\/wp-json\/wp\/v2\/posts\/75375\/revisions\/75380"}],"wp:featuredmedia":[{"embeddable":true,"href":"https:\/\/canfali.com\/ca-es\/wp-json\/wp\/v2\/media\/75378"}],"wp:attachment":[{"href":"https:\/\/canfali.com\/ca-es\/wp-json\/wp\/v2\/media?parent=75375"}],"wp:term":[{"taxonomy":"category","embeddable":true,"href":"https:\/\/canfali.com\/ca-es\/wp-json\/wp\/v2\/categories?post=75375"},{"taxonomy":"post_tag","embeddable":true,"href":"https:\/\/canfali.com\/ca-es\/wp-json\/wp\/v2\/tags?post=75375"}],"curies":[{"name":"wp","href":"https:\/\/api.w.org\/{rel}","templated":true}]}}