{"id":75324,"date":"2025-09-03T12:03:23","date_gmt":"2025-09-03T10:03:23","guid":{"rendered":"https:\/\/canfali.com\/lampliacio-del-bosc-de-diana-es-retarda\/"},"modified":"2025-09-03T12:26:08","modified_gmt":"2025-09-03T10:26:08","slug":"lampliacio-del-bosc-de-diana-es-retarda","status":"publish","type":"post","link":"https:\/\/canfali.com\/ca-es\/lampliacio-del-bosc-de-diana-es-retarda\/","title":{"rendered":"El projecte del Bosc de Diana es retarda"},"content":{"rendered":"\n<p><\/p>\n\n<p>El Ayuntamiento de D\u00e9nia sha vist obligat a paralitzar l&#8217;adjudicaci\u00f3 i execuci\u00f3 de les obres del Bosc de Diana, despr\u00e9s del recurs d&#8217;una empresa, que va alegar que encara no s&#8217;ha aprovat el Pla Especial que deu desenrotllar lla la la zona. Segons la promotora, es tracta d&#8217;una condici\u00f3 recollida en el Pla General Estructural (PGE).<\/p>\n\n<p>D&#8217;acord a la previsions municipals, la redacci\u00f3 d&#8217;este document podria perllongar-se prop de sis mesos. La regidora de Territori, Maria Josep Ripoll, ha explicat que els terminis dels fons europeus Next Generation van portar a l&#8217;equip de govern a prioritzar la licitaci\u00f3 del projecte. No obstant aix\u00f2, una de les empreses que ja havia recorregut el PGE va interposar un nou recurs, al\u00b7legant que el Pla Especial encara no estava aprovat. Per aix\u00f2, s&#8217;ha hagut de paralitzar durant uns mesos la nova fase del Bosc de Diana. <br\/><br\/><\/p>\n\n<p>Davant esta situaci\u00f3, l&#8217;Ajuntament ha sol\u00b7licitat al Ministeri reubicar els dos milions d&#8217;euros dels fons Next Generation, inicialment destinats al Bosc de Diana, en altres actuacions de sostenibilitat. Concretament, es preveu invertir-los en l&#8217;adequaci\u00f3 de la Via Verda \u2014millora del paviment i nova il\u00b7luminaci\u00f3\u2014 i en altres projectes de millora urbana.<br\/><br\/><\/p>\n\n<p>El pressupost global ascendix a 3,7 milions d&#8217;euros, dels quals dos provenien d&#8217;estos fons europeus inclosos en el Pla de Sostenibilitat Tur\u00edstica en Dest\u00ed 2022.<br\/><br\/><\/p>\n\n<p>El govern municipal confia a tindre el Pla Especial llest entre mar\u00e7 i abril de 2026. Paral\u00b7lelament, es buscar\u00e0 nou finan\u00e7ament europeu per a reactivar el projecte i presentar-lo a la pr\u00f2xima convocat\u00f2ria dels Plans EDIL, finan\u00e7ats amb fons FEDER 21-27, als quals D\u00e9nia ja pot optar gr\u00e0cies a l&#8217;aprovaci\u00f3 de l&#8217;Agenda Urbana 2030.<br\/><br\/><\/p>\n\n<p>\u201cEvidentment, el Bosc de Diana \u00e9s un dels grans projectes que han de transformar D\u00e9nia, el gran pulm\u00f3 verd de la ciutat, i este contratemps ha sigut un pitxer d&#8217;aigua freda per a nosaltres. Per\u00f2 estic conven\u00e7uda que este projecte comen\u00e7ar\u00e0 a fer-se realitat en esta legislatura\u201d, ha assenyalat Ripoll.<br\/><br\/><\/p>\n\n<p>La regidora tamb\u00e9 ha destacat que el futur Pla Especial permetr\u00e0 ampliar la iniciativa inicial i incloure la creaci\u00f3 d&#8217;un parc urb\u00e0 inundable en terrenys adjacents, amb l&#8217;objectiu de millorar la gesti\u00f3 de les aig\u00fces pluvials.<\/p>\n\n<p><\/p>\n\n<p><\/p>\n","protected":false},"excerpt":{"rendered":"El Ayuntamiento de D\u00e9nia sha vist obligat a paralitzar l&#8217;adjudicaci\u00f3 i execuci\u00f3 de les obres del Bosc de&hellip;","protected":false},"author":7,"featured_media":75322,"comment_status":"closed","ping_status":"closed","sticky":false,"template":"","format":"standard","meta":{"csco_display_header_overlay":false,"csco_singular_sidebar":"","csco_page_header_type":"","csco_page_load_nextpost":"","csco_post_video_location":[],"csco_post_video_location_hash":"","csco_post_video_url":"","csco_post_video_bg_start_time":0,"csco_post_video_bg_end_time":0,"footnotes":""},"categories":[614],"tags":[948,3954,831],"class_list":{"0":"post-75324","1":"post","2":"type-post","3":"status-publish","4":"format-standard","5":"has-post-thumbnail","7":"category-municipal-ca-es","8":"tag-bosc-de-diana-ca-es","9":"tag-next-generation-ca-es","10":"tag-obres","11":"cs-entry","12":"cs-video-wrap"},"yoast_head":"<!-- This site is optimized with the Yoast SEO Premium plugin v26.6 (Yoast SEO v27.3) - https:\/\/yoast.com\/product\/yoast-seo-premium-wordpress\/ -->\n<title>El projecte del Bosc de Diana es retarda - Canfali<\/title>\n<meta name=\"robots\" content=\"index, follow, max-snippet:-1, max-image-preview:large, max-video-preview:-1\" \/>\n<link rel=\"canonical\" href=\"https:\/\/canfali.com\/ca-es\/lampliacio-del-bosc-de-diana-es-retarda\/\" \/>\n<meta property=\"og:locale\" content=\"en_US\" \/>\n<meta property=\"og:type\" content=\"article\" \/>\n<meta property=\"og:title\" content=\"El projecte del Bosc de Diana es retarda\" \/>\n<meta property=\"og:description\" content=\"El Ayuntamiento de D\u00e9nia sha vist obligat a paralitzar l&#8217;adjudicaci\u00f3 i execuci\u00f3 de les obres del Bosc de&hellip;\" \/>\n<meta property=\"og:url\" content=\"https:\/\/canfali.com\/ca-es\/lampliacio-del-bosc-de-diana-es-retarda\/\" \/>\n<meta property=\"og:site_name\" content=\"Canfali\" \/>\n<meta property=\"article:publisher\" content=\"https:\/\/es-es.facebook.com\/CANFALIMarinaAlta\" \/>\n<meta property=\"article:published_time\" content=\"2025-09-03T10:03:23+00:00\" \/>\n<meta property=\"article:modified_time\" content=\"2025-09-03T10:26:08+00:00\" \/>\n<meta property=\"og:image\" content=\"https:\/\/canfali.com\/app\/uploads\/2025\/09\/boscdedianaa-5-1-1024x576-1.jpg\" \/>\n\t<meta property=\"og:image:width\" content=\"1024\" \/>\n\t<meta property=\"og:image:height\" content=\"576\" \/>\n\t<meta property=\"og:image:type\" content=\"image\/jpeg\" \/>\n<meta name=\"author\" content=\"Bolta\" \/>\n<meta name=\"twitter:card\" content=\"summary_large_image\" \/>\n<meta name=\"twitter:creator\" content=\"@canfalima\" \/>\n<meta name=\"twitter:site\" content=\"@canfalima\" \/>\n<meta name=\"twitter:label1\" content=\"Written by\" \/>\n\t<meta name=\"twitter:data1\" content=\"Bolta\" \/>\n\t<meta name=\"twitter:label2\" content=\"Est. reading time\" \/>\n\t<meta name=\"twitter:data2\" content=\"2 minutes\" \/>\n<script type=\"application\/ld+json\" class=\"yoast-schema-graph\">{\"@context\":\"https:\\\/\\\/schema.org\",\"@graph\":[{\"@type\":\"NewsArticle\",\"@id\":\"https:\\\/\\\/canfali.com\\\/ca-es\\\/lampliacio-del-bosc-de-diana-es-retarda\\\/#article\",\"isPartOf\":{\"@id\":\"https:\\\/\\\/canfali.com\\\/ca-es\\\/lampliacio-del-bosc-de-diana-es-retarda\\\/\"},\"author\":{\"name\":\"Bolta\",\"@id\":\"https:\\\/\\\/canfali.com\\\/ca-es\\\/#\\\/schema\\\/person\\\/9c651adc904f3c4e0243f54407751557\"},\"headline\":\"El projecte del Bosc de Diana es retarda\",\"datePublished\":\"2025-09-03T10:03:23+00:00\",\"dateModified\":\"2025-09-03T10:26:08+00:00\",\"mainEntityOfPage\":{\"@id\":\"https:\\\/\\\/canfali.com\\\/ca-es\\\/lampliacio-del-bosc-de-diana-es-retarda\\\/\"},\"wordCount\":398,\"publisher\":{\"@id\":\"https:\\\/\\\/canfali.com\\\/ca-es\\\/#organization\"},\"image\":{\"@id\":\"https:\\\/\\\/canfali.com\\\/ca-es\\\/lampliacio-del-bosc-de-diana-es-retarda\\\/#primaryimage\"},\"thumbnailUrl\":\"https:\\\/\\\/canfali.com\\\/app\\\/uploads\\\/2025\\\/09\\\/boscdedianaa-5-1-1024x576-1.jpg\",\"keywords\":[\"bosc de Diana\",\"Next Generation\",\"obres\"],\"articleSection\":[\"Municipal\"],\"inLanguage\":\"va-ES\",\"copyrightYear\":\"2025\",\"copyrightHolder\":{\"@id\":\"https:\\\/\\\/canfali.com\\\/#organization\"}},{\"@type\":\"WebPage\",\"@id\":\"https:\\\/\\\/canfali.com\\\/ca-es\\\/lampliacio-del-bosc-de-diana-es-retarda\\\/\",\"url\":\"https:\\\/\\\/canfali.com\\\/ca-es\\\/lampliacio-del-bosc-de-diana-es-retarda\\\/\",\"name\":\"El projecte del Bosc de Diana es retarda - Canfali\",\"isPartOf\":{\"@id\":\"https:\\\/\\\/canfali.com\\\/ca-es\\\/#website\"},\"primaryImageOfPage\":{\"@id\":\"https:\\\/\\\/canfali.com\\\/ca-es\\\/lampliacio-del-bosc-de-diana-es-retarda\\\/#primaryimage\"},\"image\":{\"@id\":\"https:\\\/\\\/canfali.com\\\/ca-es\\\/lampliacio-del-bosc-de-diana-es-retarda\\\/#primaryimage\"},\"thumbnailUrl\":\"https:\\\/\\\/canfali.com\\\/app\\\/uploads\\\/2025\\\/09\\\/boscdedianaa-5-1-1024x576-1.jpg\",\"datePublished\":\"2025-09-03T10:03:23+00:00\",\"dateModified\":\"2025-09-03T10:26:08+00:00\",\"breadcrumb\":{\"@id\":\"https:\\\/\\\/canfali.com\\\/ca-es\\\/lampliacio-del-bosc-de-diana-es-retarda\\\/#breadcrumb\"},\"inLanguage\":\"va-ES\",\"potentialAction\":[{\"@type\":\"ReadAction\",\"target\":[\"https:\\\/\\\/canfali.com\\\/ca-es\\\/lampliacio-del-bosc-de-diana-es-retarda\\\/\"]}]},{\"@type\":\"ImageObject\",\"inLanguage\":\"va-ES\",\"@id\":\"https:\\\/\\\/canfali.com\\\/ca-es\\\/lampliacio-del-bosc-de-diana-es-retarda\\\/#primaryimage\",\"url\":\"https:\\\/\\\/canfali.com\\\/app\\\/uploads\\\/2025\\\/09\\\/boscdedianaa-5-1-1024x576-1.jpg\",\"contentUrl\":\"https:\\\/\\\/canfali.com\\\/app\\\/uploads\\\/2025\\\/09\\\/boscdedianaa-5-1-1024x576-1.jpg\",\"width\":1024,\"height\":576},{\"@type\":\"BreadcrumbList\",\"@id\":\"https:\\\/\\\/canfali.com\\\/ca-es\\\/lampliacio-del-bosc-de-diana-es-retarda\\\/#breadcrumb\",\"itemListElement\":[{\"@type\":\"ListItem\",\"position\":1,\"name\":\"Portada\",\"item\":\"https:\\\/\\\/canfali.com\\\/ca-es\\\/\"},{\"@type\":\"ListItem\",\"position\":2,\"name\":\"El projecte del Bosc de Diana es retarda\"}]},{\"@type\":\"WebSite\",\"@id\":\"https:\\\/\\\/canfali.com\\\/ca-es\\\/#website\",\"url\":\"https:\\\/\\\/canfali.com\\\/ca-es\\\/\",\"name\":\"Canfali\",\"description\":\"\",\"publisher\":{\"@id\":\"https:\\\/\\\/canfali.com\\\/ca-es\\\/#organization\"},\"potentialAction\":[{\"@type\":\"SearchAction\",\"target\":{\"@type\":\"EntryPoint\",\"urlTemplate\":\"https:\\\/\\\/canfali.com\\\/ca-es\\\/?s={search_term_string}\"},\"query-input\":{\"@type\":\"PropertyValueSpecification\",\"valueRequired\":true,\"valueName\":\"search_term_string\"}}],\"inLanguage\":\"va-ES\"},{\"@type\":\"Organization\",\"@id\":\"https:\\\/\\\/canfali.com\\\/ca-es\\\/#organization\",\"name\":\"Canfali\",\"url\":\"https:\\\/\\\/canfali.com\\\/ca-es\\\/\",\"logo\":{\"@type\":\"ImageObject\",\"inLanguage\":\"va-ES\",\"@id\":\"https:\\\/\\\/canfali.com\\\/ca-es\\\/#\\\/schema\\\/logo\\\/image\\\/\",\"url\":\"https:\\\/\\\/canfali.com\\\/app\\\/uploads\\\/2025\\\/12\\\/canfali_marina_alta_logo.png\",\"contentUrl\":\"https:\\\/\\\/canfali.com\\\/app\\\/uploads\\\/2025\\\/12\\\/canfali_marina_alta_logo.png\",\"width\":225,\"height\":225,\"caption\":\"Canfali\"},\"image\":{\"@id\":\"https:\\\/\\\/canfali.com\\\/ca-es\\\/#\\\/schema\\\/logo\\\/image\\\/\"},\"sameAs\":[\"https:\\\/\\\/es-es.facebook.com\\\/CANFALIMarinaAlta\",\"https:\\\/\\\/x.com\\\/canfalima\",\"https:\\\/\\\/www.instagram.com\\\/canfalimarinaalta\\\/\"]},{\"@type\":\"Person\",\"@id\":\"https:\\\/\\\/canfali.com\\\/ca-es\\\/#\\\/schema\\\/person\\\/9c651adc904f3c4e0243f54407751557\",\"name\":\"Bolta\",\"image\":{\"@type\":\"ImageObject\",\"inLanguage\":\"va-ES\",\"@id\":\"https:\\\/\\\/secure.gravatar.com\\\/avatar\\\/550a5d97fe3cfba5caf077b9600e46529e1977e9d14396836e775d6d9d895a81?s=96&d=mm&r=g\",\"url\":\"https:\\\/\\\/secure.gravatar.com\\\/avatar\\\/550a5d97fe3cfba5caf077b9600e46529e1977e9d14396836e775d6d9d895a81?s=96&d=mm&r=g\",\"contentUrl\":\"https:\\\/\\\/secure.gravatar.com\\\/avatar\\\/550a5d97fe3cfba5caf077b9600e46529e1977e9d14396836e775d6d9d895a81?s=96&d=mm&r=g\",\"caption\":\"Bolta\"},\"url\":\"https:\\\/\\\/canfali.com\\\/ca-es\\\/author\\\/bolta\\\/\"}]}<\/script>\n<!-- \/ Yoast SEO Premium plugin. -->","yoast_head_json":{"title":"El projecte del Bosc de Diana es retarda - Canfali","robots":{"index":"index","follow":"follow","max-snippet":"max-snippet:-1","max-image-preview":"max-image-preview:large","max-video-preview":"max-video-preview:-1"},"canonical":"https:\/\/canfali.com\/ca-es\/lampliacio-del-bosc-de-diana-es-retarda\/","og_locale":"en_US","og_type":"article","og_title":"El projecte del Bosc de Diana es retarda","og_description":"El Ayuntamiento de D\u00e9nia sha vist obligat a paralitzar l&#8217;adjudicaci\u00f3 i execuci\u00f3 de les obres del Bosc de&hellip;","og_url":"https:\/\/canfali.com\/ca-es\/lampliacio-del-bosc-de-diana-es-retarda\/","og_site_name":"Canfali","article_publisher":"https:\/\/es-es.facebook.com\/CANFALIMarinaAlta","article_published_time":"2025-09-03T10:03:23+00:00","article_modified_time":"2025-09-03T10:26:08+00:00","og_image":[{"width":1024,"height":576,"url":"https:\/\/canfali.com\/app\/uploads\/2025\/09\/boscdedianaa-5-1-1024x576-1.jpg","type":"image\/jpeg"}],"author":"Bolta","twitter_card":"summary_large_image","twitter_creator":"@canfalima","twitter_site":"@canfalima","twitter_misc":{"Written by":"Bolta","Est. reading time":"2 minutes"},"schema":{"@context":"https:\/\/schema.org","@graph":[{"@type":"NewsArticle","@id":"https:\/\/canfali.com\/ca-es\/lampliacio-del-bosc-de-diana-es-retarda\/#article","isPartOf":{"@id":"https:\/\/canfali.com\/ca-es\/lampliacio-del-bosc-de-diana-es-retarda\/"},"author":{"name":"Bolta","@id":"https:\/\/canfali.com\/ca-es\/#\/schema\/person\/9c651adc904f3c4e0243f54407751557"},"headline":"El projecte del Bosc de Diana es retarda","datePublished":"2025-09-03T10:03:23+00:00","dateModified":"2025-09-03T10:26:08+00:00","mainEntityOfPage":{"@id":"https:\/\/canfali.com\/ca-es\/lampliacio-del-bosc-de-diana-es-retarda\/"},"wordCount":398,"publisher":{"@id":"https:\/\/canfali.com\/ca-es\/#organization"},"image":{"@id":"https:\/\/canfali.com\/ca-es\/lampliacio-del-bosc-de-diana-es-retarda\/#primaryimage"},"thumbnailUrl":"https:\/\/canfali.com\/app\/uploads\/2025\/09\/boscdedianaa-5-1-1024x576-1.jpg","keywords":["bosc de Diana","Next Generation","obres"],"articleSection":["Municipal"],"inLanguage":"va-ES","copyrightYear":"2025","copyrightHolder":{"@id":"https:\/\/canfali.com\/#organization"}},{"@type":"WebPage","@id":"https:\/\/canfali.com\/ca-es\/lampliacio-del-bosc-de-diana-es-retarda\/","url":"https:\/\/canfali.com\/ca-es\/lampliacio-del-bosc-de-diana-es-retarda\/","name":"El projecte del Bosc de Diana es retarda - Canfali","isPartOf":{"@id":"https:\/\/canfali.com\/ca-es\/#website"},"primaryImageOfPage":{"@id":"https:\/\/canfali.com\/ca-es\/lampliacio-del-bosc-de-diana-es-retarda\/#primaryimage"},"image":{"@id":"https:\/\/canfali.com\/ca-es\/lampliacio-del-bosc-de-diana-es-retarda\/#primaryimage"},"thumbnailUrl":"https:\/\/canfali.com\/app\/uploads\/2025\/09\/boscdedianaa-5-1-1024x576-1.jpg","datePublished":"2025-09-03T10:03:23+00:00","dateModified":"2025-09-03T10:26:08+00:00","breadcrumb":{"@id":"https:\/\/canfali.com\/ca-es\/lampliacio-del-bosc-de-diana-es-retarda\/#breadcrumb"},"inLanguage":"va-ES","potentialAction":[{"@type":"ReadAction","target":["https:\/\/canfali.com\/ca-es\/lampliacio-del-bosc-de-diana-es-retarda\/"]}]},{"@type":"ImageObject","inLanguage":"va-ES","@id":"https:\/\/canfali.com\/ca-es\/lampliacio-del-bosc-de-diana-es-retarda\/#primaryimage","url":"https:\/\/canfali.com\/app\/uploads\/2025\/09\/boscdedianaa-5-1-1024x576-1.jpg","contentUrl":"https:\/\/canfali.com\/app\/uploads\/2025\/09\/boscdedianaa-5-1-1024x576-1.jpg","width":1024,"height":576},{"@type":"BreadcrumbList","@id":"https:\/\/canfali.com\/ca-es\/lampliacio-del-bosc-de-diana-es-retarda\/#breadcrumb","itemListElement":[{"@type":"ListItem","position":1,"name":"Portada","item":"https:\/\/canfali.com\/ca-es\/"},{"@type":"ListItem","position":2,"name":"El projecte del Bosc de Diana es retarda"}]},{"@type":"WebSite","@id":"https:\/\/canfali.com\/ca-es\/#website","url":"https:\/\/canfali.com\/ca-es\/","name":"Canfali","description":"","publisher":{"@id":"https:\/\/canfali.com\/ca-es\/#organization"},"potentialAction":[{"@type":"SearchAction","target":{"@type":"EntryPoint","urlTemplate":"https:\/\/canfali.com\/ca-es\/?s={search_term_string}"},"query-input":{"@type":"PropertyValueSpecification","valueRequired":true,"valueName":"search_term_string"}}],"inLanguage":"va-ES"},{"@type":"Organization","@id":"https:\/\/canfali.com\/ca-es\/#organization","name":"Canfali","url":"https:\/\/canfali.com\/ca-es\/","logo":{"@type":"ImageObject","inLanguage":"va-ES","@id":"https:\/\/canfali.com\/ca-es\/#\/schema\/logo\/image\/","url":"https:\/\/canfali.com\/app\/uploads\/2025\/12\/canfali_marina_alta_logo.png","contentUrl":"https:\/\/canfali.com\/app\/uploads\/2025\/12\/canfali_marina_alta_logo.png","width":225,"height":225,"caption":"Canfali"},"image":{"@id":"https:\/\/canfali.com\/ca-es\/#\/schema\/logo\/image\/"},"sameAs":["https:\/\/es-es.facebook.com\/CANFALIMarinaAlta","https:\/\/x.com\/canfalima","https:\/\/www.instagram.com\/canfalimarinaalta\/"]},{"@type":"Person","@id":"https:\/\/canfali.com\/ca-es\/#\/schema\/person\/9c651adc904f3c4e0243f54407751557","name":"Bolta","image":{"@type":"ImageObject","inLanguage":"va-ES","@id":"https:\/\/secure.gravatar.com\/avatar\/550a5d97fe3cfba5caf077b9600e46529e1977e9d14396836e775d6d9d895a81?s=96&d=mm&r=g","url":"https:\/\/secure.gravatar.com\/avatar\/550a5d97fe3cfba5caf077b9600e46529e1977e9d14396836e775d6d9d895a81?s=96&d=mm&r=g","contentUrl":"https:\/\/secure.gravatar.com\/avatar\/550a5d97fe3cfba5caf077b9600e46529e1977e9d14396836e775d6d9d895a81?s=96&d=mm&r=g","caption":"Bolta"},"url":"https:\/\/canfali.com\/ca-es\/author\/bolta\/"}]}},"_links":{"self":[{"href":"https:\/\/canfali.com\/ca-es\/wp-json\/wp\/v2\/posts\/75324","targetHints":{"allow":["GET"]}}],"collection":[{"href":"https:\/\/canfali.com\/ca-es\/wp-json\/wp\/v2\/posts"}],"about":[{"href":"https:\/\/canfali.com\/ca-es\/wp-json\/wp\/v2\/types\/post"}],"author":[{"embeddable":true,"href":"https:\/\/canfali.com\/ca-es\/wp-json\/wp\/v2\/users\/7"}],"replies":[{"embeddable":true,"href":"https:\/\/canfali.com\/ca-es\/wp-json\/wp\/v2\/comments?post=75324"}],"version-history":[{"count":4,"href":"https:\/\/canfali.com\/ca-es\/wp-json\/wp\/v2\/posts\/75324\/revisions"}],"predecessor-version":[{"id":75333,"href":"https:\/\/canfali.com\/ca-es\/wp-json\/wp\/v2\/posts\/75324\/revisions\/75333"}],"wp:featuredmedia":[{"embeddable":true,"href":"https:\/\/canfali.com\/ca-es\/wp-json\/wp\/v2\/media\/75322"}],"wp:attachment":[{"href":"https:\/\/canfali.com\/ca-es\/wp-json\/wp\/v2\/media?parent=75324"}],"wp:term":[{"taxonomy":"category","embeddable":true,"href":"https:\/\/canfali.com\/ca-es\/wp-json\/wp\/v2\/categories?post=75324"},{"taxonomy":"post_tag","embeddable":true,"href":"https:\/\/canfali.com\/ca-es\/wp-json\/wp\/v2\/tags?post=75324"}],"curies":[{"name":"wp","href":"https:\/\/api.w.org\/{rel}","templated":true}]}}