{"id":75135,"date":"2025-09-02T09:04:36","date_gmt":"2025-09-02T07:04:36","guid":{"rendered":"https:\/\/canfali.com\/detingut-a-denia-despres-doferir-cocaina-a-dos-policies-de-paisa\/"},"modified":"2025-09-02T09:33:36","modified_gmt":"2025-09-02T07:33:36","slug":"detingut-a-denia-despres-doferir-cocaina-a-dos-policies-de-paisa","status":"publish","type":"post","link":"https:\/\/canfali.com\/ca-es\/detingut-a-denia-despres-doferir-cocaina-a-dos-policies-de-paisa\/","title":{"rendered":"Detingut despr\u00e9s d&#8217;oferir coca\u00efna a dos policies de pais\u00e0"},"content":{"rendered":"\n<p><\/p>\n\n<p>Un home de 61 anys ha sigut detingut per oferir droga a un parell d&#8217;agents de la Policia Nacional quan es trobaven patrullant per la zona d&#8217;oci del centre de D\u00e9nia. El succ\u00e9s es va produir cap a les 5 hores del passat dissabte prop de l&#8217;eixida del t\u00fanel. <br\/>\t<\/p>\n\n<p>Els policies van observar que hi havia un home que anava apareixent i desapareixent. Quan es van acostar a ell, els va oferir vendre&#8217;ls \u201cun gramito de coca\u201d. Per aix\u00f2, van procedir a identificar-ho i registrar-ho, comprovant que portava 68 grams de coca\u00efna i una bossa amb filferros per a tancar les bossetes on s&#8217;introdu\u00efa la mercaderia. En el moment de ser detingut, l&#8217;home va explicar que estava venent droga per a pagar els seus gastos, <br\/>\t<\/p>\n\n<p>Segons fonts de la Policia Nacional, la coca\u00efna confiscada haguera aconseguit en el mercat un preu total de 4.100 euros. El detingut, que tenia antecedents, va ser posat a la disposici\u00f3 del jutjat de gu\u00e0rdia. <br\/><\/p>\n","protected":false},"excerpt":{"rendered":"Un home de 61 anys ha sigut detingut per oferir droga a un parell d&#8217;agents de la Policia&hellip;","protected":false},"author":7,"featured_media":75131,"comment_status":"closed","ping_status":"closed","sticky":false,"template":"","format":"standard","meta":{"csco_display_header_overlay":false,"csco_singular_sidebar":"","csco_page_header_type":"","csco_page_load_nextpost":"","csco_post_video_location":[],"csco_post_video_location_hash":"","csco_post_video_url":"","csco_post_video_bg_start_time":0,"csco_post_video_bg_end_time":0,"footnotes":""},"categories":[615],"tags":[1106,2491],"class_list":{"0":"post-75135","1":"post","2":"type-post","3":"status-publish","4":"format-standard","5":"has-post-thumbnail","7":"category-successos","8":"tag-droga-ca-es","9":"tag-policia-nacional-ca-es","10":"cs-entry","11":"cs-video-wrap"},"yoast_head":"<!-- This site is optimized with the Yoast SEO Premium plugin v26.6 (Yoast SEO v27.3) - https:\/\/yoast.com\/product\/yoast-seo-premium-wordpress\/ -->\n<title>Detingut despr\u00e9s d&#039;oferir coca\u00efna a dos policies de pais\u00e0 - Canfali<\/title>\n<meta name=\"robots\" content=\"index, follow, max-snippet:-1, max-image-preview:large, max-video-preview:-1\" \/>\n<link rel=\"canonical\" href=\"https:\/\/canfali.com\/ca-es\/detingut-a-denia-despres-doferir-cocaina-a-dos-policies-de-paisa\/\" \/>\n<meta property=\"og:locale\" content=\"en_US\" \/>\n<meta property=\"og:type\" content=\"article\" \/>\n<meta property=\"og:title\" content=\"Detingut despr\u00e9s d&#039;oferir coca\u00efna a dos policies de pais\u00e0\" \/>\n<meta property=\"og:description\" content=\"Un home de 61 anys ha sigut detingut per oferir droga a un parell d&#8217;agents de la Policia&hellip;\" \/>\n<meta property=\"og:url\" content=\"https:\/\/canfali.com\/ca-es\/detingut-a-denia-despres-doferir-cocaina-a-dos-policies-de-paisa\/\" \/>\n<meta property=\"og:site_name\" content=\"Canfali\" \/>\n<meta property=\"article:publisher\" content=\"https:\/\/es-es.facebook.com\/CANFALIMarinaAlta\" \/>\n<meta property=\"article:published_time\" content=\"2025-09-02T07:04:36+00:00\" \/>\n<meta property=\"article:modified_time\" content=\"2025-09-02T07:33:36+00:00\" \/>\n<meta property=\"og:image\" content=\"https:\/\/canfali.com\/app\/uploads\/2025\/09\/1742_policia-nacional-denia.jpeg\" \/>\n\t<meta property=\"og:image:width\" content=\"980\" \/>\n\t<meta property=\"og:image:height\" content=\"735\" \/>\n\t<meta property=\"og:image:type\" content=\"image\/jpeg\" \/>\n<meta name=\"author\" content=\"Bolta\" \/>\n<meta name=\"twitter:card\" content=\"summary_large_image\" \/>\n<meta name=\"twitter:creator\" content=\"@canfalima\" \/>\n<meta name=\"twitter:site\" content=\"@canfalima\" \/>\n<meta name=\"twitter:label1\" content=\"Written by\" \/>\n\t<meta name=\"twitter:data1\" content=\"Bolta\" \/>\n\t<meta name=\"twitter:label2\" content=\"Est. reading time\" \/>\n\t<meta name=\"twitter:data2\" content=\"1 minute\" \/>\n<script type=\"application\/ld+json\" class=\"yoast-schema-graph\">{\"@context\":\"https:\\\/\\\/schema.org\",\"@graph\":[{\"@type\":\"NewsArticle\",\"@id\":\"https:\\\/\\\/canfali.com\\\/ca-es\\\/detingut-a-denia-despres-doferir-cocaina-a-dos-policies-de-paisa\\\/#article\",\"isPartOf\":{\"@id\":\"https:\\\/\\\/canfali.com\\\/ca-es\\\/detingut-a-denia-despres-doferir-cocaina-a-dos-policies-de-paisa\\\/\"},\"author\":{\"name\":\"Bolta\",\"@id\":\"https:\\\/\\\/canfali.com\\\/ca-es\\\/#\\\/schema\\\/person\\\/9c651adc904f3c4e0243f54407751557\"},\"headline\":\"Detingut despr\u00e9s d&#8217;oferir coca\u00efna a dos policies de pais\u00e0\",\"datePublished\":\"2025-09-02T07:04:36+00:00\",\"dateModified\":\"2025-09-02T07:33:36+00:00\",\"mainEntityOfPage\":{\"@id\":\"https:\\\/\\\/canfali.com\\\/ca-es\\\/detingut-a-denia-despres-doferir-cocaina-a-dos-policies-de-paisa\\\/\"},\"wordCount\":181,\"publisher\":{\"@id\":\"https:\\\/\\\/canfali.com\\\/ca-es\\\/#organization\"},\"image\":{\"@id\":\"https:\\\/\\\/canfali.com\\\/ca-es\\\/detingut-a-denia-despres-doferir-cocaina-a-dos-policies-de-paisa\\\/#primaryimage\"},\"thumbnailUrl\":\"https:\\\/\\\/canfali.com\\\/app\\\/uploads\\\/2025\\\/09\\\/1742_policia-nacional-denia.jpeg\",\"keywords\":[\"droga\",\"policia nacional\"],\"articleSection\":[\"Successos\"],\"inLanguage\":\"va-ES\",\"copyrightYear\":\"2025\",\"copyrightHolder\":{\"@id\":\"https:\\\/\\\/canfali.com\\\/#organization\"}},{\"@type\":\"WebPage\",\"@id\":\"https:\\\/\\\/canfali.com\\\/ca-es\\\/detingut-a-denia-despres-doferir-cocaina-a-dos-policies-de-paisa\\\/\",\"url\":\"https:\\\/\\\/canfali.com\\\/ca-es\\\/detingut-a-denia-despres-doferir-cocaina-a-dos-policies-de-paisa\\\/\",\"name\":\"Detingut despr\u00e9s d'oferir coca\u00efna a dos policies de pais\u00e0 - Canfali\",\"isPartOf\":{\"@id\":\"https:\\\/\\\/canfali.com\\\/ca-es\\\/#website\"},\"primaryImageOfPage\":{\"@id\":\"https:\\\/\\\/canfali.com\\\/ca-es\\\/detingut-a-denia-despres-doferir-cocaina-a-dos-policies-de-paisa\\\/#primaryimage\"},\"image\":{\"@id\":\"https:\\\/\\\/canfali.com\\\/ca-es\\\/detingut-a-denia-despres-doferir-cocaina-a-dos-policies-de-paisa\\\/#primaryimage\"},\"thumbnailUrl\":\"https:\\\/\\\/canfali.com\\\/app\\\/uploads\\\/2025\\\/09\\\/1742_policia-nacional-denia.jpeg\",\"datePublished\":\"2025-09-02T07:04:36+00:00\",\"dateModified\":\"2025-09-02T07:33:36+00:00\",\"breadcrumb\":{\"@id\":\"https:\\\/\\\/canfali.com\\\/ca-es\\\/detingut-a-denia-despres-doferir-cocaina-a-dos-policies-de-paisa\\\/#breadcrumb\"},\"inLanguage\":\"va-ES\",\"potentialAction\":[{\"@type\":\"ReadAction\",\"target\":[\"https:\\\/\\\/canfali.com\\\/ca-es\\\/detingut-a-denia-despres-doferir-cocaina-a-dos-policies-de-paisa\\\/\"]}]},{\"@type\":\"ImageObject\",\"inLanguage\":\"va-ES\",\"@id\":\"https:\\\/\\\/canfali.com\\\/ca-es\\\/detingut-a-denia-despres-doferir-cocaina-a-dos-policies-de-paisa\\\/#primaryimage\",\"url\":\"https:\\\/\\\/canfali.com\\\/app\\\/uploads\\\/2025\\\/09\\\/1742_policia-nacional-denia.jpeg\",\"contentUrl\":\"https:\\\/\\\/canfali.com\\\/app\\\/uploads\\\/2025\\\/09\\\/1742_policia-nacional-denia.jpeg\",\"width\":980,\"height\":735},{\"@type\":\"BreadcrumbList\",\"@id\":\"https:\\\/\\\/canfali.com\\\/ca-es\\\/detingut-a-denia-despres-doferir-cocaina-a-dos-policies-de-paisa\\\/#breadcrumb\",\"itemListElement\":[{\"@type\":\"ListItem\",\"position\":1,\"name\":\"Portada\",\"item\":\"https:\\\/\\\/canfali.com\\\/ca-es\\\/\"},{\"@type\":\"ListItem\",\"position\":2,\"name\":\"Detingut despr\u00e9s d&#8217;oferir coca\u00efna a dos policies de pais\u00e0\"}]},{\"@type\":\"WebSite\",\"@id\":\"https:\\\/\\\/canfali.com\\\/ca-es\\\/#website\",\"url\":\"https:\\\/\\\/canfali.com\\\/ca-es\\\/\",\"name\":\"Canfali\",\"description\":\"\",\"publisher\":{\"@id\":\"https:\\\/\\\/canfali.com\\\/ca-es\\\/#organization\"},\"potentialAction\":[{\"@type\":\"SearchAction\",\"target\":{\"@type\":\"EntryPoint\",\"urlTemplate\":\"https:\\\/\\\/canfali.com\\\/ca-es\\\/?s={search_term_string}\"},\"query-input\":{\"@type\":\"PropertyValueSpecification\",\"valueRequired\":true,\"valueName\":\"search_term_string\"}}],\"inLanguage\":\"va-ES\"},{\"@type\":\"Organization\",\"@id\":\"https:\\\/\\\/canfali.com\\\/ca-es\\\/#organization\",\"name\":\"Canfali\",\"url\":\"https:\\\/\\\/canfali.com\\\/ca-es\\\/\",\"logo\":{\"@type\":\"ImageObject\",\"inLanguage\":\"va-ES\",\"@id\":\"https:\\\/\\\/canfali.com\\\/ca-es\\\/#\\\/schema\\\/logo\\\/image\\\/\",\"url\":\"https:\\\/\\\/canfali.com\\\/app\\\/uploads\\\/2025\\\/12\\\/canfali_marina_alta_logo.png\",\"contentUrl\":\"https:\\\/\\\/canfali.com\\\/app\\\/uploads\\\/2025\\\/12\\\/canfali_marina_alta_logo.png\",\"width\":225,\"height\":225,\"caption\":\"Canfali\"},\"image\":{\"@id\":\"https:\\\/\\\/canfali.com\\\/ca-es\\\/#\\\/schema\\\/logo\\\/image\\\/\"},\"sameAs\":[\"https:\\\/\\\/es-es.facebook.com\\\/CANFALIMarinaAlta\",\"https:\\\/\\\/x.com\\\/canfalima\",\"https:\\\/\\\/www.instagram.com\\\/canfalimarinaalta\\\/\"]},{\"@type\":\"Person\",\"@id\":\"https:\\\/\\\/canfali.com\\\/ca-es\\\/#\\\/schema\\\/person\\\/9c651adc904f3c4e0243f54407751557\",\"name\":\"Bolta\",\"image\":{\"@type\":\"ImageObject\",\"inLanguage\":\"va-ES\",\"@id\":\"https:\\\/\\\/secure.gravatar.com\\\/avatar\\\/550a5d97fe3cfba5caf077b9600e46529e1977e9d14396836e775d6d9d895a81?s=96&d=mm&r=g\",\"url\":\"https:\\\/\\\/secure.gravatar.com\\\/avatar\\\/550a5d97fe3cfba5caf077b9600e46529e1977e9d14396836e775d6d9d895a81?s=96&d=mm&r=g\",\"contentUrl\":\"https:\\\/\\\/secure.gravatar.com\\\/avatar\\\/550a5d97fe3cfba5caf077b9600e46529e1977e9d14396836e775d6d9d895a81?s=96&d=mm&r=g\",\"caption\":\"Bolta\"},\"url\":\"https:\\\/\\\/canfali.com\\\/ca-es\\\/author\\\/bolta\\\/\"}]}<\/script>\n<!-- \/ Yoast SEO Premium plugin. -->","yoast_head_json":{"title":"Detingut despr\u00e9s d'oferir coca\u00efna a dos policies de pais\u00e0 - Canfali","robots":{"index":"index","follow":"follow","max-snippet":"max-snippet:-1","max-image-preview":"max-image-preview:large","max-video-preview":"max-video-preview:-1"},"canonical":"https:\/\/canfali.com\/ca-es\/detingut-a-denia-despres-doferir-cocaina-a-dos-policies-de-paisa\/","og_locale":"en_US","og_type":"article","og_title":"Detingut despr\u00e9s d'oferir coca\u00efna a dos policies de pais\u00e0","og_description":"Un home de 61 anys ha sigut detingut per oferir droga a un parell d&#8217;agents de la Policia&hellip;","og_url":"https:\/\/canfali.com\/ca-es\/detingut-a-denia-despres-doferir-cocaina-a-dos-policies-de-paisa\/","og_site_name":"Canfali","article_publisher":"https:\/\/es-es.facebook.com\/CANFALIMarinaAlta","article_published_time":"2025-09-02T07:04:36+00:00","article_modified_time":"2025-09-02T07:33:36+00:00","og_image":[{"width":980,"height":735,"url":"https:\/\/canfali.com\/app\/uploads\/2025\/09\/1742_policia-nacional-denia.jpeg","type":"image\/jpeg"}],"author":"Bolta","twitter_card":"summary_large_image","twitter_creator":"@canfalima","twitter_site":"@canfalima","twitter_misc":{"Written by":"Bolta","Est. reading time":"1 minute"},"schema":{"@context":"https:\/\/schema.org","@graph":[{"@type":"NewsArticle","@id":"https:\/\/canfali.com\/ca-es\/detingut-a-denia-despres-doferir-cocaina-a-dos-policies-de-paisa\/#article","isPartOf":{"@id":"https:\/\/canfali.com\/ca-es\/detingut-a-denia-despres-doferir-cocaina-a-dos-policies-de-paisa\/"},"author":{"name":"Bolta","@id":"https:\/\/canfali.com\/ca-es\/#\/schema\/person\/9c651adc904f3c4e0243f54407751557"},"headline":"Detingut despr\u00e9s d&#8217;oferir coca\u00efna a dos policies de pais\u00e0","datePublished":"2025-09-02T07:04:36+00:00","dateModified":"2025-09-02T07:33:36+00:00","mainEntityOfPage":{"@id":"https:\/\/canfali.com\/ca-es\/detingut-a-denia-despres-doferir-cocaina-a-dos-policies-de-paisa\/"},"wordCount":181,"publisher":{"@id":"https:\/\/canfali.com\/ca-es\/#organization"},"image":{"@id":"https:\/\/canfali.com\/ca-es\/detingut-a-denia-despres-doferir-cocaina-a-dos-policies-de-paisa\/#primaryimage"},"thumbnailUrl":"https:\/\/canfali.com\/app\/uploads\/2025\/09\/1742_policia-nacional-denia.jpeg","keywords":["droga","policia nacional"],"articleSection":["Successos"],"inLanguage":"va-ES","copyrightYear":"2025","copyrightHolder":{"@id":"https:\/\/canfali.com\/#organization"}},{"@type":"WebPage","@id":"https:\/\/canfali.com\/ca-es\/detingut-a-denia-despres-doferir-cocaina-a-dos-policies-de-paisa\/","url":"https:\/\/canfali.com\/ca-es\/detingut-a-denia-despres-doferir-cocaina-a-dos-policies-de-paisa\/","name":"Detingut despr\u00e9s d'oferir coca\u00efna a dos policies de pais\u00e0 - Canfali","isPartOf":{"@id":"https:\/\/canfali.com\/ca-es\/#website"},"primaryImageOfPage":{"@id":"https:\/\/canfali.com\/ca-es\/detingut-a-denia-despres-doferir-cocaina-a-dos-policies-de-paisa\/#primaryimage"},"image":{"@id":"https:\/\/canfali.com\/ca-es\/detingut-a-denia-despres-doferir-cocaina-a-dos-policies-de-paisa\/#primaryimage"},"thumbnailUrl":"https:\/\/canfali.com\/app\/uploads\/2025\/09\/1742_policia-nacional-denia.jpeg","datePublished":"2025-09-02T07:04:36+00:00","dateModified":"2025-09-02T07:33:36+00:00","breadcrumb":{"@id":"https:\/\/canfali.com\/ca-es\/detingut-a-denia-despres-doferir-cocaina-a-dos-policies-de-paisa\/#breadcrumb"},"inLanguage":"va-ES","potentialAction":[{"@type":"ReadAction","target":["https:\/\/canfali.com\/ca-es\/detingut-a-denia-despres-doferir-cocaina-a-dos-policies-de-paisa\/"]}]},{"@type":"ImageObject","inLanguage":"va-ES","@id":"https:\/\/canfali.com\/ca-es\/detingut-a-denia-despres-doferir-cocaina-a-dos-policies-de-paisa\/#primaryimage","url":"https:\/\/canfali.com\/app\/uploads\/2025\/09\/1742_policia-nacional-denia.jpeg","contentUrl":"https:\/\/canfali.com\/app\/uploads\/2025\/09\/1742_policia-nacional-denia.jpeg","width":980,"height":735},{"@type":"BreadcrumbList","@id":"https:\/\/canfali.com\/ca-es\/detingut-a-denia-despres-doferir-cocaina-a-dos-policies-de-paisa\/#breadcrumb","itemListElement":[{"@type":"ListItem","position":1,"name":"Portada","item":"https:\/\/canfali.com\/ca-es\/"},{"@type":"ListItem","position":2,"name":"Detingut despr\u00e9s d&#8217;oferir coca\u00efna a dos policies de pais\u00e0"}]},{"@type":"WebSite","@id":"https:\/\/canfali.com\/ca-es\/#website","url":"https:\/\/canfali.com\/ca-es\/","name":"Canfali","description":"","publisher":{"@id":"https:\/\/canfali.com\/ca-es\/#organization"},"potentialAction":[{"@type":"SearchAction","target":{"@type":"EntryPoint","urlTemplate":"https:\/\/canfali.com\/ca-es\/?s={search_term_string}"},"query-input":{"@type":"PropertyValueSpecification","valueRequired":true,"valueName":"search_term_string"}}],"inLanguage":"va-ES"},{"@type":"Organization","@id":"https:\/\/canfali.com\/ca-es\/#organization","name":"Canfali","url":"https:\/\/canfali.com\/ca-es\/","logo":{"@type":"ImageObject","inLanguage":"va-ES","@id":"https:\/\/canfali.com\/ca-es\/#\/schema\/logo\/image\/","url":"https:\/\/canfali.com\/app\/uploads\/2025\/12\/canfali_marina_alta_logo.png","contentUrl":"https:\/\/canfali.com\/app\/uploads\/2025\/12\/canfali_marina_alta_logo.png","width":225,"height":225,"caption":"Canfali"},"image":{"@id":"https:\/\/canfali.com\/ca-es\/#\/schema\/logo\/image\/"},"sameAs":["https:\/\/es-es.facebook.com\/CANFALIMarinaAlta","https:\/\/x.com\/canfalima","https:\/\/www.instagram.com\/canfalimarinaalta\/"]},{"@type":"Person","@id":"https:\/\/canfali.com\/ca-es\/#\/schema\/person\/9c651adc904f3c4e0243f54407751557","name":"Bolta","image":{"@type":"ImageObject","inLanguage":"va-ES","@id":"https:\/\/secure.gravatar.com\/avatar\/550a5d97fe3cfba5caf077b9600e46529e1977e9d14396836e775d6d9d895a81?s=96&d=mm&r=g","url":"https:\/\/secure.gravatar.com\/avatar\/550a5d97fe3cfba5caf077b9600e46529e1977e9d14396836e775d6d9d895a81?s=96&d=mm&r=g","contentUrl":"https:\/\/secure.gravatar.com\/avatar\/550a5d97fe3cfba5caf077b9600e46529e1977e9d14396836e775d6d9d895a81?s=96&d=mm&r=g","caption":"Bolta"},"url":"https:\/\/canfali.com\/ca-es\/author\/bolta\/"}]}},"_links":{"self":[{"href":"https:\/\/canfali.com\/ca-es\/wp-json\/wp\/v2\/posts\/75135","targetHints":{"allow":["GET"]}}],"collection":[{"href":"https:\/\/canfali.com\/ca-es\/wp-json\/wp\/v2\/posts"}],"about":[{"href":"https:\/\/canfali.com\/ca-es\/wp-json\/wp\/v2\/types\/post"}],"author":[{"embeddable":true,"href":"https:\/\/canfali.com\/ca-es\/wp-json\/wp\/v2\/users\/7"}],"replies":[{"embeddable":true,"href":"https:\/\/canfali.com\/ca-es\/wp-json\/wp\/v2\/comments?post=75135"}],"version-history":[{"count":2,"href":"https:\/\/canfali.com\/ca-es\/wp-json\/wp\/v2\/posts\/75135\/revisions"}],"predecessor-version":[{"id":75146,"href":"https:\/\/canfali.com\/ca-es\/wp-json\/wp\/v2\/posts\/75135\/revisions\/75146"}],"wp:featuredmedia":[{"embeddable":true,"href":"https:\/\/canfali.com\/ca-es\/wp-json\/wp\/v2\/media\/75131"}],"wp:attachment":[{"href":"https:\/\/canfali.com\/ca-es\/wp-json\/wp\/v2\/media?parent=75135"}],"wp:term":[{"taxonomy":"category","embeddable":true,"href":"https:\/\/canfali.com\/ca-es\/wp-json\/wp\/v2\/categories?post=75135"},{"taxonomy":"post_tag","embeddable":true,"href":"https:\/\/canfali.com\/ca-es\/wp-json\/wp\/v2\/tags?post=75135"}],"curies":[{"name":"wp","href":"https:\/\/api.w.org\/{rel}","templated":true}]}}