{"id":74726,"date":"2025-08-30T06:08:58","date_gmt":"2025-08-30T04:08:58","guid":{"rendered":"https:\/\/canfali.com\/juan-ayuso-guanya-la-seua-primera-etapa-en-la-vuelta\/"},"modified":"2025-08-30T06:10:54","modified_gmt":"2025-08-30T04:10:54","slug":"juan-ayuso-guanya-la-seua-primera-etapa-en-la-vuelta","status":"publish","type":"post","link":"https:\/\/canfali.com\/ca-es\/juan-ayuso-guanya-la-seua-primera-etapa-en-la-vuelta\/","title":{"rendered":"Juan Ayuso guanya la seua primera etapa en La Vuelta"},"content":{"rendered":"\n<p>La setena etapa va deixar el primer triomf en La Vuelta per al ciclista de X\u00e0bia, Juan Ayuso, que es va imposar en l\u2019arribada en alt de Cerler \u2014als Pirineus\u2014 despr\u00e9s d\u2019una demostraci\u00f3 de for\u00e7a, car\u00e0cter i orgull esportiu. La jornada, disputada entre Andorra la Vella i l\u2019estaci\u00f3 de Cerler, presentava un recorregut dur\u00edssim amb dos ports de primera i altres dos de segona categoria. Despr\u00e9s de la debacle del dia anterior, en qu\u00e8 va perdre les seues opcions de lluitar pel t\u00edtol, Ayuso afrontava l\u2019etapa amb la necessitat de reivindicar-se, i ho va fer de la millor manera possible: atacant en el Port del Cant\u00f3 i mantenint-se sempre entre els homes m\u00e9s combatius.<br\/><\/p>\n\n<p>En el tram final, amb les rampes pirinenques com a jutge definitiu, Ayuso va llan\u00e7ar un atac demolidor a 12 quil\u00f2metres de meta. Ning\u00fa va poder seguir la seua roda i el ciclista de l\u2019UAE Team Emirates va arribar en solitari, celebrant a meta una vict\u00f2ria de redempci\u00f3 que el torna al primer pla de la carrera i el confirma com un dels grans protagonistes d\u2019esta edici\u00f3 de La Vuelta.<br\/><\/p>\n\n<p>\u201cHa sigut un triomf \u00e8pic, un dia que mai oblidar\u00e9. Em sent orgull\u00f3s de donar esta alegria a tota l\u2019afici\u00f3 i, especialment, a la meua gent de X\u00e0bia\u201d, va declarar un emocionat Ayuso despr\u00e9s de creuar la meta.<br\/><\/p>\n","protected":false},"excerpt":{"rendered":"La s\u00e9ptima etapa ha deixat el primer triomf en La Vuelta per al ciclista de X\u00e0bia Juan Ayuso, que s&#8217;ha imposat en l&#8217;arribada a l&#8217;alt de Cerler","protected":false},"author":8,"featured_media":74720,"comment_status":"closed","ping_status":"closed","sticky":false,"template":"","format":"standard","meta":{"csco_display_header_overlay":false,"csco_singular_sidebar":"","csco_page_header_type":"","csco_page_load_nextpost":"","csco_post_video_location":[],"csco_post_video_location_hash":"","csco_post_video_url":"","csco_post_video_bg_start_time":0,"csco_post_video_bg_end_time":0,"footnotes":""},"categories":[573,598],"tags":[],"class_list":{"0":"post-74726","1":"post","2":"type-post","3":"status-publish","4":"format-standard","5":"has-post-thumbnail","7":"category-deportes-2","8":"category-esports","9":"cs-entry","10":"cs-video-wrap"},"yoast_head":"<!-- This site is optimized with the Yoast SEO Premium plugin v26.6 (Yoast SEO v27.3) - https:\/\/yoast.com\/product\/yoast-seo-premium-wordpress\/ -->\n<title>Juan Ayuso guanya la seua primera etapa en La Vuelta - Canfali<\/title>\n<meta name=\"robots\" content=\"index, follow, max-snippet:-1, max-image-preview:large, max-video-preview:-1\" \/>\n<link rel=\"canonical\" href=\"https:\/\/canfali.com\/ca-es\/juan-ayuso-guanya-la-seua-primera-etapa-en-la-vuelta\/\" \/>\n<meta property=\"og:locale\" content=\"en_US\" \/>\n<meta property=\"og:type\" content=\"article\" \/>\n<meta property=\"og:title\" content=\"Juan Ayuso guanya la seua primera etapa en La Vuelta\" \/>\n<meta property=\"og:description\" content=\"La s\u00e9ptima etapa ha deixat el primer triomf en La Vuelta per al ciclista de X\u00e0bia Juan Ayuso, que s&#039;ha imposat en l&#039;arribada a l&#039;alt de Cerler\" \/>\n<meta property=\"og:url\" content=\"https:\/\/canfali.com\/ca-es\/juan-ayuso-guanya-la-seua-primera-etapa-en-la-vuelta\/\" \/>\n<meta property=\"og:site_name\" content=\"Canfali\" \/>\n<meta property=\"article:publisher\" content=\"https:\/\/es-es.facebook.com\/CANFALIMarinaAlta\" \/>\n<meta property=\"article:published_time\" content=\"2025-08-30T04:08:58+00:00\" \/>\n<meta property=\"article:modified_time\" content=\"2025-08-30T04:10:54+00:00\" \/>\n<meta property=\"og:image\" content=\"https:\/\/canfali.com\/app\/uploads\/2025\/08\/8ayuso.jpg\" \/>\n\t<meta property=\"og:image:width\" content=\"1206\" \/>\n\t<meta property=\"og:image:height\" content=\"704\" \/>\n\t<meta property=\"og:image:type\" content=\"image\/jpeg\" \/>\n<meta name=\"author\" content=\"Lluis\" \/>\n<meta name=\"twitter:card\" content=\"summary_large_image\" \/>\n<meta name=\"twitter:creator\" content=\"@canfalima\" \/>\n<meta name=\"twitter:site\" content=\"@canfalima\" \/>\n<meta name=\"twitter:label1\" content=\"Written by\" \/>\n\t<meta name=\"twitter:data1\" content=\"Lluis\" \/>\n\t<meta name=\"twitter:label2\" content=\"Est. reading time\" \/>\n\t<meta name=\"twitter:data2\" content=\"1 minute\" \/>\n<script type=\"application\/ld+json\" class=\"yoast-schema-graph\">{\"@context\":\"https:\\\/\\\/schema.org\",\"@graph\":[{\"@type\":\"NewsArticle\",\"@id\":\"https:\\\/\\\/canfali.com\\\/ca-es\\\/juan-ayuso-guanya-la-seua-primera-etapa-en-la-vuelta\\\/#article\",\"isPartOf\":{\"@id\":\"https:\\\/\\\/canfali.com\\\/ca-es\\\/juan-ayuso-guanya-la-seua-primera-etapa-en-la-vuelta\\\/\"},\"author\":{\"name\":\"Lluis\",\"@id\":\"https:\\\/\\\/canfali.com\\\/ca-es\\\/#\\\/schema\\\/person\\\/f540a86fb33e10daaae53c59ceaa1194\"},\"headline\":\"Juan Ayuso guanya la seua primera etapa en La Vuelta\",\"datePublished\":\"2025-08-30T04:08:58+00:00\",\"dateModified\":\"2025-08-30T04:10:54+00:00\",\"mainEntityOfPage\":{\"@id\":\"https:\\\/\\\/canfali.com\\\/ca-es\\\/juan-ayuso-guanya-la-seua-primera-etapa-en-la-vuelta\\\/\"},\"wordCount\":252,\"publisher\":{\"@id\":\"https:\\\/\\\/canfali.com\\\/ca-es\\\/#organization\"},\"image\":{\"@id\":\"https:\\\/\\\/canfali.com\\\/ca-es\\\/juan-ayuso-guanya-la-seua-primera-etapa-en-la-vuelta\\\/#primaryimage\"},\"thumbnailUrl\":\"https:\\\/\\\/canfali.com\\\/app\\\/uploads\\\/2025\\\/08\\\/8ayuso.jpg\",\"articleSection\":[\"Deportes\",\"Esports\"],\"inLanguage\":\"va-ES\",\"copyrightYear\":\"2025\",\"copyrightHolder\":{\"@id\":\"https:\\\/\\\/canfali.com\\\/#organization\"}},{\"@type\":\"WebPage\",\"@id\":\"https:\\\/\\\/canfali.com\\\/ca-es\\\/juan-ayuso-guanya-la-seua-primera-etapa-en-la-vuelta\\\/\",\"url\":\"https:\\\/\\\/canfali.com\\\/ca-es\\\/juan-ayuso-guanya-la-seua-primera-etapa-en-la-vuelta\\\/\",\"name\":\"Juan Ayuso guanya la seua primera etapa en La Vuelta - Canfali\",\"isPartOf\":{\"@id\":\"https:\\\/\\\/canfali.com\\\/ca-es\\\/#website\"},\"primaryImageOfPage\":{\"@id\":\"https:\\\/\\\/canfali.com\\\/ca-es\\\/juan-ayuso-guanya-la-seua-primera-etapa-en-la-vuelta\\\/#primaryimage\"},\"image\":{\"@id\":\"https:\\\/\\\/canfali.com\\\/ca-es\\\/juan-ayuso-guanya-la-seua-primera-etapa-en-la-vuelta\\\/#primaryimage\"},\"thumbnailUrl\":\"https:\\\/\\\/canfali.com\\\/app\\\/uploads\\\/2025\\\/08\\\/8ayuso.jpg\",\"datePublished\":\"2025-08-30T04:08:58+00:00\",\"dateModified\":\"2025-08-30T04:10:54+00:00\",\"breadcrumb\":{\"@id\":\"https:\\\/\\\/canfali.com\\\/ca-es\\\/juan-ayuso-guanya-la-seua-primera-etapa-en-la-vuelta\\\/#breadcrumb\"},\"inLanguage\":\"va-ES\",\"potentialAction\":[{\"@type\":\"ReadAction\",\"target\":[\"https:\\\/\\\/canfali.com\\\/ca-es\\\/juan-ayuso-guanya-la-seua-primera-etapa-en-la-vuelta\\\/\"]}]},{\"@type\":\"ImageObject\",\"inLanguage\":\"va-ES\",\"@id\":\"https:\\\/\\\/canfali.com\\\/ca-es\\\/juan-ayuso-guanya-la-seua-primera-etapa-en-la-vuelta\\\/#primaryimage\",\"url\":\"https:\\\/\\\/canfali.com\\\/app\\\/uploads\\\/2025\\\/08\\\/8ayuso.jpg\",\"contentUrl\":\"https:\\\/\\\/canfali.com\\\/app\\\/uploads\\\/2025\\\/08\\\/8ayuso.jpg\",\"width\":1206,\"height\":704},{\"@type\":\"BreadcrumbList\",\"@id\":\"https:\\\/\\\/canfali.com\\\/ca-es\\\/juan-ayuso-guanya-la-seua-primera-etapa-en-la-vuelta\\\/#breadcrumb\",\"itemListElement\":[{\"@type\":\"ListItem\",\"position\":1,\"name\":\"Portada\",\"item\":\"https:\\\/\\\/canfali.com\\\/ca-es\\\/\"},{\"@type\":\"ListItem\",\"position\":2,\"name\":\"Juan Ayuso guanya la seua primera etapa en La Vuelta\"}]},{\"@type\":\"WebSite\",\"@id\":\"https:\\\/\\\/canfali.com\\\/ca-es\\\/#website\",\"url\":\"https:\\\/\\\/canfali.com\\\/ca-es\\\/\",\"name\":\"Canfali\",\"description\":\"\",\"publisher\":{\"@id\":\"https:\\\/\\\/canfali.com\\\/ca-es\\\/#organization\"},\"potentialAction\":[{\"@type\":\"SearchAction\",\"target\":{\"@type\":\"EntryPoint\",\"urlTemplate\":\"https:\\\/\\\/canfali.com\\\/ca-es\\\/?s={search_term_string}\"},\"query-input\":{\"@type\":\"PropertyValueSpecification\",\"valueRequired\":true,\"valueName\":\"search_term_string\"}}],\"inLanguage\":\"va-ES\"},{\"@type\":\"Organization\",\"@id\":\"https:\\\/\\\/canfali.com\\\/ca-es\\\/#organization\",\"name\":\"Canfali\",\"url\":\"https:\\\/\\\/canfali.com\\\/ca-es\\\/\",\"logo\":{\"@type\":\"ImageObject\",\"inLanguage\":\"va-ES\",\"@id\":\"https:\\\/\\\/canfali.com\\\/ca-es\\\/#\\\/schema\\\/logo\\\/image\\\/\",\"url\":\"https:\\\/\\\/canfali.com\\\/app\\\/uploads\\\/2025\\\/12\\\/canfali_marina_alta_logo.png\",\"contentUrl\":\"https:\\\/\\\/canfali.com\\\/app\\\/uploads\\\/2025\\\/12\\\/canfali_marina_alta_logo.png\",\"width\":225,\"height\":225,\"caption\":\"Canfali\"},\"image\":{\"@id\":\"https:\\\/\\\/canfali.com\\\/ca-es\\\/#\\\/schema\\\/logo\\\/image\\\/\"},\"sameAs\":[\"https:\\\/\\\/es-es.facebook.com\\\/CANFALIMarinaAlta\",\"https:\\\/\\\/x.com\\\/canfalima\",\"https:\\\/\\\/www.instagram.com\\\/canfalimarinaalta\\\/\"]},{\"@type\":\"Person\",\"@id\":\"https:\\\/\\\/canfali.com\\\/ca-es\\\/#\\\/schema\\\/person\\\/f540a86fb33e10daaae53c59ceaa1194\",\"name\":\"Lluis\",\"image\":{\"@type\":\"ImageObject\",\"inLanguage\":\"va-ES\",\"@id\":\"https:\\\/\\\/secure.gravatar.com\\\/avatar\\\/a21ec8835290e4e02ed0886b8cb327d807d0eb6ec8ccf25d4c2a0a415f506c0d?s=96&d=mm&r=g\",\"url\":\"https:\\\/\\\/secure.gravatar.com\\\/avatar\\\/a21ec8835290e4e02ed0886b8cb327d807d0eb6ec8ccf25d4c2a0a415f506c0d?s=96&d=mm&r=g\",\"contentUrl\":\"https:\\\/\\\/secure.gravatar.com\\\/avatar\\\/a21ec8835290e4e02ed0886b8cb327d807d0eb6ec8ccf25d4c2a0a415f506c0d?s=96&d=mm&r=g\",\"caption\":\"Lluis\"},\"url\":\"https:\\\/\\\/canfali.com\\\/ca-es\\\/author\\\/lluis\\\/\"}]}<\/script>\n<!-- \/ Yoast SEO Premium plugin. -->","yoast_head_json":{"title":"Juan Ayuso guanya la seua primera etapa en La Vuelta - Canfali","robots":{"index":"index","follow":"follow","max-snippet":"max-snippet:-1","max-image-preview":"max-image-preview:large","max-video-preview":"max-video-preview:-1"},"canonical":"https:\/\/canfali.com\/ca-es\/juan-ayuso-guanya-la-seua-primera-etapa-en-la-vuelta\/","og_locale":"en_US","og_type":"article","og_title":"Juan Ayuso guanya la seua primera etapa en La Vuelta","og_description":"La s\u00e9ptima etapa ha deixat el primer triomf en La Vuelta per al ciclista de X\u00e0bia Juan Ayuso, que s'ha imposat en l'arribada a l'alt de Cerler","og_url":"https:\/\/canfali.com\/ca-es\/juan-ayuso-guanya-la-seua-primera-etapa-en-la-vuelta\/","og_site_name":"Canfali","article_publisher":"https:\/\/es-es.facebook.com\/CANFALIMarinaAlta","article_published_time":"2025-08-30T04:08:58+00:00","article_modified_time":"2025-08-30T04:10:54+00:00","og_image":[{"width":1206,"height":704,"url":"https:\/\/canfali.com\/app\/uploads\/2025\/08\/8ayuso.jpg","type":"image\/jpeg"}],"author":"Lluis","twitter_card":"summary_large_image","twitter_creator":"@canfalima","twitter_site":"@canfalima","twitter_misc":{"Written by":"Lluis","Est. reading time":"1 minute"},"schema":{"@context":"https:\/\/schema.org","@graph":[{"@type":"NewsArticle","@id":"https:\/\/canfali.com\/ca-es\/juan-ayuso-guanya-la-seua-primera-etapa-en-la-vuelta\/#article","isPartOf":{"@id":"https:\/\/canfali.com\/ca-es\/juan-ayuso-guanya-la-seua-primera-etapa-en-la-vuelta\/"},"author":{"name":"Lluis","@id":"https:\/\/canfali.com\/ca-es\/#\/schema\/person\/f540a86fb33e10daaae53c59ceaa1194"},"headline":"Juan Ayuso guanya la seua primera etapa en La Vuelta","datePublished":"2025-08-30T04:08:58+00:00","dateModified":"2025-08-30T04:10:54+00:00","mainEntityOfPage":{"@id":"https:\/\/canfali.com\/ca-es\/juan-ayuso-guanya-la-seua-primera-etapa-en-la-vuelta\/"},"wordCount":252,"publisher":{"@id":"https:\/\/canfali.com\/ca-es\/#organization"},"image":{"@id":"https:\/\/canfali.com\/ca-es\/juan-ayuso-guanya-la-seua-primera-etapa-en-la-vuelta\/#primaryimage"},"thumbnailUrl":"https:\/\/canfali.com\/app\/uploads\/2025\/08\/8ayuso.jpg","articleSection":["Deportes","Esports"],"inLanguage":"va-ES","copyrightYear":"2025","copyrightHolder":{"@id":"https:\/\/canfali.com\/#organization"}},{"@type":"WebPage","@id":"https:\/\/canfali.com\/ca-es\/juan-ayuso-guanya-la-seua-primera-etapa-en-la-vuelta\/","url":"https:\/\/canfali.com\/ca-es\/juan-ayuso-guanya-la-seua-primera-etapa-en-la-vuelta\/","name":"Juan Ayuso guanya la seua primera etapa en La Vuelta - Canfali","isPartOf":{"@id":"https:\/\/canfali.com\/ca-es\/#website"},"primaryImageOfPage":{"@id":"https:\/\/canfali.com\/ca-es\/juan-ayuso-guanya-la-seua-primera-etapa-en-la-vuelta\/#primaryimage"},"image":{"@id":"https:\/\/canfali.com\/ca-es\/juan-ayuso-guanya-la-seua-primera-etapa-en-la-vuelta\/#primaryimage"},"thumbnailUrl":"https:\/\/canfali.com\/app\/uploads\/2025\/08\/8ayuso.jpg","datePublished":"2025-08-30T04:08:58+00:00","dateModified":"2025-08-30T04:10:54+00:00","breadcrumb":{"@id":"https:\/\/canfali.com\/ca-es\/juan-ayuso-guanya-la-seua-primera-etapa-en-la-vuelta\/#breadcrumb"},"inLanguage":"va-ES","potentialAction":[{"@type":"ReadAction","target":["https:\/\/canfali.com\/ca-es\/juan-ayuso-guanya-la-seua-primera-etapa-en-la-vuelta\/"]}]},{"@type":"ImageObject","inLanguage":"va-ES","@id":"https:\/\/canfali.com\/ca-es\/juan-ayuso-guanya-la-seua-primera-etapa-en-la-vuelta\/#primaryimage","url":"https:\/\/canfali.com\/app\/uploads\/2025\/08\/8ayuso.jpg","contentUrl":"https:\/\/canfali.com\/app\/uploads\/2025\/08\/8ayuso.jpg","width":1206,"height":704},{"@type":"BreadcrumbList","@id":"https:\/\/canfali.com\/ca-es\/juan-ayuso-guanya-la-seua-primera-etapa-en-la-vuelta\/#breadcrumb","itemListElement":[{"@type":"ListItem","position":1,"name":"Portada","item":"https:\/\/canfali.com\/ca-es\/"},{"@type":"ListItem","position":2,"name":"Juan Ayuso guanya la seua primera etapa en La Vuelta"}]},{"@type":"WebSite","@id":"https:\/\/canfali.com\/ca-es\/#website","url":"https:\/\/canfali.com\/ca-es\/","name":"Canfali","description":"","publisher":{"@id":"https:\/\/canfali.com\/ca-es\/#organization"},"potentialAction":[{"@type":"SearchAction","target":{"@type":"EntryPoint","urlTemplate":"https:\/\/canfali.com\/ca-es\/?s={search_term_string}"},"query-input":{"@type":"PropertyValueSpecification","valueRequired":true,"valueName":"search_term_string"}}],"inLanguage":"va-ES"},{"@type":"Organization","@id":"https:\/\/canfali.com\/ca-es\/#organization","name":"Canfali","url":"https:\/\/canfali.com\/ca-es\/","logo":{"@type":"ImageObject","inLanguage":"va-ES","@id":"https:\/\/canfali.com\/ca-es\/#\/schema\/logo\/image\/","url":"https:\/\/canfali.com\/app\/uploads\/2025\/12\/canfali_marina_alta_logo.png","contentUrl":"https:\/\/canfali.com\/app\/uploads\/2025\/12\/canfali_marina_alta_logo.png","width":225,"height":225,"caption":"Canfali"},"image":{"@id":"https:\/\/canfali.com\/ca-es\/#\/schema\/logo\/image\/"},"sameAs":["https:\/\/es-es.facebook.com\/CANFALIMarinaAlta","https:\/\/x.com\/canfalima","https:\/\/www.instagram.com\/canfalimarinaalta\/"]},{"@type":"Person","@id":"https:\/\/canfali.com\/ca-es\/#\/schema\/person\/f540a86fb33e10daaae53c59ceaa1194","name":"Lluis","image":{"@type":"ImageObject","inLanguage":"va-ES","@id":"https:\/\/secure.gravatar.com\/avatar\/a21ec8835290e4e02ed0886b8cb327d807d0eb6ec8ccf25d4c2a0a415f506c0d?s=96&d=mm&r=g","url":"https:\/\/secure.gravatar.com\/avatar\/a21ec8835290e4e02ed0886b8cb327d807d0eb6ec8ccf25d4c2a0a415f506c0d?s=96&d=mm&r=g","contentUrl":"https:\/\/secure.gravatar.com\/avatar\/a21ec8835290e4e02ed0886b8cb327d807d0eb6ec8ccf25d4c2a0a415f506c0d?s=96&d=mm&r=g","caption":"Lluis"},"url":"https:\/\/canfali.com\/ca-es\/author\/lluis\/"}]}},"_links":{"self":[{"href":"https:\/\/canfali.com\/ca-es\/wp-json\/wp\/v2\/posts\/74726","targetHints":{"allow":["GET"]}}],"collection":[{"href":"https:\/\/canfali.com\/ca-es\/wp-json\/wp\/v2\/posts"}],"about":[{"href":"https:\/\/canfali.com\/ca-es\/wp-json\/wp\/v2\/types\/post"}],"author":[{"embeddable":true,"href":"https:\/\/canfali.com\/ca-es\/wp-json\/wp\/v2\/users\/8"}],"replies":[{"embeddable":true,"href":"https:\/\/canfali.com\/ca-es\/wp-json\/wp\/v2\/comments?post=74726"}],"version-history":[{"count":1,"href":"https:\/\/canfali.com\/ca-es\/wp-json\/wp\/v2\/posts\/74726\/revisions"}],"predecessor-version":[{"id":74727,"href":"https:\/\/canfali.com\/ca-es\/wp-json\/wp\/v2\/posts\/74726\/revisions\/74727"}],"wp:featuredmedia":[{"embeddable":true,"href":"https:\/\/canfali.com\/ca-es\/wp-json\/wp\/v2\/media\/74720"}],"wp:attachment":[{"href":"https:\/\/canfali.com\/ca-es\/wp-json\/wp\/v2\/media?parent=74726"}],"wp:term":[{"taxonomy":"category","embeddable":true,"href":"https:\/\/canfali.com\/ca-es\/wp-json\/wp\/v2\/categories?post=74726"},{"taxonomy":"post_tag","embeddable":true,"href":"https:\/\/canfali.com\/ca-es\/wp-json\/wp\/v2\/tags?post=74726"}],"curies":[{"name":"wp","href":"https:\/\/api.w.org\/{rel}","templated":true}]}}